{"id":7290,"date":"2012-09-22T22:47:59","date_gmt":"2012-09-22T20:47:59","guid":{"rendered":"http:\/\/www.alpoma.net\/tecob\/?p=7290"},"modified":"2012-09-22T22:47:59","modified_gmt":"2012-09-22T20:47:59","slug":"cazadores-de-espectros-de-las-alturas","status":"publish","type":"post","link":"https:\/\/alpoma.net\/tecob\/?p=7290","title":{"rendered":"Cazadores de espectros de las alturas"},"content":{"rendered":"<p>Habitan en los l\u00edmites <strong>entre la atm\u00f3sfera y el espacio<\/strong>. Apenas <strong>tienen una vida de fracciones de segundo<\/strong> y, sin embargo, son fascinantes. Han recibido todo tipo de nombres: rel\u00e1mpagos superatmosf\u00e9ricos, eventos luminosos transitorios, sprites o duendes de las alturas, pero c\u00f3mo se les llame es lo de menos, lo atractivo es su existencia en s\u00ed. <\/p>\n<p><img decoding=\"async\" src=\"http:\/\/www.alpoma.com\/images_tecob\/rojizo.jpg\" class=\"otros\"\/><br \/>\n<em>Sprite rojizo, imagen de <a href=\"http:\/\/eurosprite.blogspot.com.es\/\">K\u00e1roly J\u00f3n\u00e1s<\/a>.<\/em><\/p>\n<p>Durante mucho tiempo <strong>se consider\u00f3 que no exist\u00edan<\/strong>, aunque ya a principios del siglo XX se postul\u00f3 que, al menos te\u00f3ricamente, podr\u00edan ser posibles. Con la llegada de la <strong>aviaci\u00f3n<\/strong> fueron muchos los pilotos que afirmaron haber visto fantasmales figuras de bellos colores apareciendo como fantasmas fugaces en las alturas durante vuelos nocturnos. Tampoco se les crey\u00f3, y los meteor\u00f3logos siguieron considerando que aquello no exist\u00eda. Pero, diversas <strong>grabaciones <\/strong>de <strong>finales de los a\u00f1os ochenta<\/strong> y, sobre todo, las tomas realizadas por <strong>vuelos del transbordador espacial<\/strong> y, m\u00e1s tarde, desde la Estaci\u00f3n Espacial Internacional (ISS), terminaron por confirmar que en el filo del espacio suceden fen\u00f3memos singulares de los que poco o nada se conoc\u00eda. Hoy ha aparecido incluso toda una subespecie dentro de los cazadores de tormentas que tratan de filmar los esquivos <em>sprites<\/em> celestes, son los <strong>cazadores de espectros de las alturas<\/strong>. <\/p>\n<p>Ahora bien,<strong> \u00bfde qu\u00e9 va todo esto?<\/strong> Se trata de <strong>destellos luminosos localizados a gran altitud<\/strong>, muy <strong>por encima de las tormentas<\/strong>, por lo general en la <strong>mesosfera<\/strong>, entre cincuenta y cien kil\u00f3metros de altitud aproximadamente. No son muy comunes, pero las grandes tormentas pueden generarlos fugazmente en abundancia y es, precisamente, ese tipo de situaciones, la que son buscadas por los cazadores de sprites. <\/p>\n<p>Por lo general,<strong> la porci\u00f3n superior de las nubes que forman una tormenta tiene una carga positiva<\/strong> y, al contrario, <strong>tendr\u00e1 carga negativa la parte inferior<\/strong>. Por ello, lo normal es que sea en la base de las tormentas donde se generen las descargas que forman los rayos que buscan el suelo. Ahora bien, ocasionalmente, es la parte superior de las tormentas, cargada positivamente, la que descarga de forma directa hacia el suelo, creando rayos de gran intensidad. Esos impresionantes rayos generan, en contadas situaciones y dado lo energ\u00e9tico del fen\u00f3meno, los espectros en altura que son tan codiciados por los cazadores y que se consider\u00f3 que no exist\u00edan hasta la llegada de la era espacial. <\/p>\n<p><img decoding=\"async\" src=\"http:\/\/www.alpoma.com\/images_tecob\/espectro_alturas.jpg\" class=\"otros\"\/><br \/>\n<em>Espectro de las alturas. Fuente: <a href=\"http:\/\/elf.gi.alaska.edu\/\">Matt Heavner<\/a>.<\/em><\/p>\n<p>Desde luego, no se trata de nada muy com\u00fan pues las condiciones para que se produzcan son excepcionales, pero no por ello son tan raros como pudiera pensarse. Aunque la mayor parte de los rayos que caen a tierra son \u00abnormales\u00bb, esto es, parten de la base con carga negativa de las nubes, <strong>ocasionalmente las potentes descargas directas al suelo desde lo alto de las nubes, cargadas positivamente, crean una situaci\u00f3n particular en la atm\u00f3sfera<\/strong>. Por unos instantes la carga positiva de la cima de las nubes desaparece en grandes \u00e1reas de la tormenta pasando a descargar con un potente rayo hacia el suelo, mientras <strong>la perturbaci\u00f3n en el campo el\u00e9ctrico entre la cima nubosa y la ionosfera arrastra electrones hacia las alturas<\/strong>. All\u00ed, esos electrones chocan a gran velocidad con los \u00e1tomos, por ejemplo de nitr\u00f3geno, de la enrarecida atm\u00f3sfera superior, excit\u00e1ndolos y haciendo que emitan luz en forma de rapid\u00edsimos fogonazos. Se crean as\u00ed los esquivos espectros de las alturas.  <\/p>\n<p>No son todos iguales, es m\u00e1s, <strong>existen diversas familias en este grupo de fantasmas luminosos<\/strong>. Ah\u00ed est\u00e1n, por ejemplo, los duendes o <strong>elfos<\/strong> (de ELVES, el acr\u00f3nimo en ingl\u00e9s referido a \u00abEmissions of Light and Very Low Frequency Perturbations from Electromagnetic Pulse Sources\u00bb). En este caso los impulsos electromagn\u00e9ticos procedentes de los potentes rayos que he comentado antes crean una especie de corazas semiesf\u00e9ricas que toman forma luminosa como anillos al chocar los electrones acelerados con los \u00e1tomos de la atm\u00f3sfera superior. Apenas duran fracciones de segundo, pero cuando son observados presentan un inconfundible aspecto de \u00abplatillo volante\u00bb de incluso varios cientos de kil\u00f3metros de di\u00e1metro. \ud83d\ude09<\/p>\n<p><img decoding=\"async\" src=\"http:\/\/www.alpoma.com\/images_tecob\/fauna_sprites.jpg\" class=\"otros\"\/><br \/>\n<em>La \u00abfauna\u00bb de los sprites. Fuente: <a href=\"http:\/\/www.nssl.noaa.gov\/primer\/lightning\/ltg_tle.html\">NASA<\/a>.<\/em><\/p>\n<p>En \u00e1reas m\u00e1s cercanas a la superficie, hasta los cuarenta kil\u00f3metros de altitud, suelen aparecen sobre las tormentas los chorros o <strong>surtidores azules<\/strong>. Se trata de fen\u00f3menos esquivos muy codiciados por los cazadores de sprites. <\/p>\n<p><strong>M\u00e1s informaci\u00f3n<\/strong>: <\/p>\n<ul>\n<li><strong><a href=\"http:\/\/www.fma-research.com\/Images\/spr-look.gif\">\u00bfC\u00f3mo cazar sprites?<\/a><\/strong> (Imagen de <a href=\"http:\/\/www.fma-research.com\/\">FMA Research<\/a> v\u00eda <a href=\"http:\/\/www.tiempo.com\/ram\/26104\/sprites-rojos-daneses\/\">RAM<\/a>)<\/li>\n<li><a href=\"http:\/\/www.sky-fire.tv\/index.cgi\/spritegallery.html\">Galer\u00eda de sprites<\/a><\/li>\n<li><a href=\"http:\/\/es.wikipedia.org\/wiki\/Descarga_s%C3%BAper-atmosf%C3%A9rica\">Descarga s\u00faper-atmosf\u00e9rica<\/a> (Wikipedia)<\/li>\n<li><a href=\"http:\/\/elf.gi.alaska.edu\/\">Red Sprites and Blue Jets<\/a><\/li>\n<li><a href=\"http:\/\/eurosprite.blogspot.com.es\/\">EuroSprite<\/a><\/li>\n<\/ul>\n","protected":false},"excerpt":{"rendered":"<div class=\"mh-excerpt\"><p>Habitan en los l\u00edmites entre la atm\u00f3sfera y el espacio. Apenas tienen una vida de fracciones de segundo y, sin embargo, son fascinantes. Han recibido todo tipo de nombres: rel\u00e1mpagos <a class=\"mh-excerpt-more\" href=\"https:\/\/alpoma.net\/tecob\/?p=7290\" title=\"Cazadores de espectros de las alturas\">[&#8230;]<\/a><\/p>\n<\/div>","protected":false},"author":1,"featured_media":10806,"comment_status":"open","ping_status":"open","sticky":false,"template":"","format":"standard","meta":{"jetpack_post_was_ever_published":false,"_jetpack_newsletter_access":"","_jetpack_dont_email_post_to_subs":false,"_jetpack_newsletter_tier_id":0,"_jetpack_memberships_contains_paywalled_content":false,"_jetpack_memberships_contains_paid_content":false,"footnotes":""},"categories":[8,5],"tags":[],"class_list":["post-7290","post","type-post","status-publish","format-standard","has-post-thumbnail","hentry","category-clima","category-geo"],"jetpack_featured_media_url":"https:\/\/alpoma.net\/tecob\/wp-content\/uploads\/2012\/09\/rojizo.jpg","jetpack_shortlink":"https:\/\/wp.me\/p93Dc1-1TA","jetpack-related-posts":[{"id":7064,"url":"https:\/\/alpoma.net\/tecob\/?p=7064","url_meta":{"origin":7290,"position":0},"title":"El ascensor de Hammetschwand","author":"alpoma","date":"16 agosto 2012","format":false,"excerpt":"Me atraen las alturas, pero tambi\u00e9n me dan un miedo terrible. Se trata de una mezcla curiosa de sensaciones. Por eso, de vez en cuando, voy anotando algunos de esos lugares emblem\u00e1ticos de todo el planeta en los que el atractivo fundamental consiste en asomarse a precipicios que te dejan\u2026","rel":"","context":"En \u00abGeo\u00bb","block_context":{"text":"Geo","link":"https:\/\/alpoma.net\/tecob\/?cat=5"},"img":{"alt_text":"","src":"https:\/\/i0.wp.com\/alpoma.net\/tecob\/wp-content\/uploads\/2012\/08\/7796449112_2a5222cac1_o.jpg?resize=350%2C200&ssl=1","width":350,"height":200,"srcset":"https:\/\/i0.wp.com\/alpoma.net\/tecob\/wp-content\/uploads\/2012\/08\/7796449112_2a5222cac1_o.jpg?resize=350%2C200&ssl=1 1x, https:\/\/i0.wp.com\/alpoma.net\/tecob\/wp-content\/uploads\/2012\/08\/7796449112_2a5222cac1_o.jpg?resize=525%2C300&ssl=1 1.5x"},"classes":[]},{"id":40,"url":"https:\/\/alpoma.net\/tecob\/?p=40","url_meta":{"origin":7290,"position":1},"title":"El eclipse y el p\u00e9ndulo","author":"alpoma","date":"2 octubre 2005","format":false,"excerpt":"A estas alturas quien m\u00e1s quien menos en Espa\u00f1a se ha enterado que este lunes habr\u00e1 un eclipse anular de Sol que crear\u00e1 una brev\u00edsima \"noche\" cruzando velozmente parte de la geograf\u00eda ib\u00e9rica. La cosa, aparte de su vertiente espectacular, me recuerda cierto asunto intrigante relacionado con los eclipses de\u2026","rel":"","context":"En \u00abGeo\u00bb","block_context":{"text":"Geo","link":"https:\/\/alpoma.net\/tecob\/?cat=5"},"img":{"alt_text":"","src":"https:\/\/i0.wp.com\/alpoma.net\/tecob\/wp-content\/uploads\/2005\/10\/b65w34q.jpg?resize=350%2C200&ssl=1","width":350,"height":200},"classes":[]},{"id":363,"url":"https:\/\/alpoma.net\/tecob\/?p=363","url_meta":{"origin":7290,"position":2},"title":"Las primeras fotograf\u00edas a\u00e9reas","author":"alpoma","date":"20 febrero 2006","format":false,"excerpt":"En realidad no se tiene la seguridad de conocer al primero, porque posiblemente otro lo intent\u00f3 antes, pero al menos el recuerdo hist\u00f3rico se\u00f1ala a Nadar, seud\u00f3nimo de Gaspard-F\u00e9lix Tournachon, un periodista y fot\u00f3grafo franc\u00e9s como la primera persona que realiz\u00f3 una fotograf\u00eda a\u00e9rea. Resulta que el tal Nadar era\u2026","rel":"","context":"En \u00abGeo\u00bb","block_context":{"text":"Geo","link":"https:\/\/alpoma.net\/tecob\/?cat=5"},"img":{"alt_text":"","src":"","width":0,"height":0},"classes":[]},{"id":3815,"url":"https:\/\/alpoma.net\/tecob\/?p=3815","url_meta":{"origin":7290,"position":3},"title":"La torre infernal","author":"alpoma","date":"11 diciembre 2010","format":false,"excerpt":"La imagen que ilustra este post nos muestra una antena, muy alta, pero un simple \"palo\" a fin de cuentas. \u00bfNada m\u00e1s? La fotograf\u00eda es anodina porque, aunque se ve muy alta, poco m\u00e1s nos va a decir esa estructura sin conocer su historia. Adem\u00e1s, los edificios que rodean la\u2026","rel":"","context":"En \u00abObsolescencia\u00bb","block_context":{"text":"Obsolescencia","link":"https:\/\/alpoma.net\/tecob\/?cat=3"},"img":{"alt_text":"BREN_Tower_nevada","src":"https:\/\/i0.wp.com\/farm6.static.flickr.com\/5007\/5251763790_a3607d24ec.jpg?resize=350%2C200","width":350,"height":200},"classes":[]},{"id":5692,"url":"https:\/\/alpoma.net\/tecob\/?p=5692","url_meta":{"origin":7290,"position":4},"title":"El Mar de pl\u00e1stico","author":"alpoma","date":"23 noviembre 2011","format":false,"excerpt":"La animaci\u00f3n que acompa\u00f1a a esta peque\u00f1a nota es un GIF animado (pesa un poco, asi que puede tardar un poco en cargar) en el que se comparan dos im\u00e1genes tomadas por sat\u00e9lites Landsat en dos \u00e9pocas muy diferentes. La primera data de 1984, la \u00faltima es de octubre de\u2026","rel":"","context":"En \u00abGeo\u00bb","block_context":{"text":"Geo","link":"https:\/\/alpoma.net\/tecob\/?cat=5"},"img":{"alt_text":"","src":"https:\/\/i0.wp.com\/alpoma.net\/tecob\/wp-content\/uploads\/2011\/11\/6391016711_88d90f5a17_o.gif?resize=350%2C200&ssl=1","width":350,"height":200,"srcset":"https:\/\/i0.wp.com\/alpoma.net\/tecob\/wp-content\/uploads\/2011\/11\/6391016711_88d90f5a17_o.gif?resize=350%2C200&ssl=1 1x, https:\/\/i0.wp.com\/alpoma.net\/tecob\/wp-content\/uploads\/2011\/11\/6391016711_88d90f5a17_o.gif?resize=525%2C300&ssl=1 1.5x, https:\/\/i0.wp.com\/alpoma.net\/tecob\/wp-content\/uploads\/2011\/11\/6391016711_88d90f5a17_o.gif?resize=700%2C400&ssl=1 2x"},"classes":[]},{"id":883,"url":"https:\/\/alpoma.net\/tecob\/?p=883","url_meta":{"origin":7290,"position":5},"title":"La escalera de Jacob","author":"alpoma","date":"8 abril 2008","format":false,"excerpt":"No me referir\u00e9 aqu\u00ed a la b\u00edblica escalera del G\u00e9nesis, por la que se dec\u00eda que circulaban los \u00e1ngeles en su trasiego entre los cielos y la Tierra, so\u00f1ada por Jacob. Nada de eso, la escalera que visita hoy TecOb, aunque lleve el mismo nombre, no es celestial, pero tiene\u2026","rel":"","context":"En \u00abGeo\u00bb","block_context":{"text":"Geo","link":"https:\/\/alpoma.net\/tecob\/?cat=5"},"img":{"alt_text":"","src":"https:\/\/i0.wp.com\/alpoma.net\/tecob\/wp-content\/uploads\/2008\/04\/2397842275_45d435ff75_o.jpg?resize=350%2C200&ssl=1","width":350,"height":200,"srcset":"https:\/\/i0.wp.com\/alpoma.net\/tecob\/wp-content\/uploads\/2008\/04\/2397842275_45d435ff75_o.jpg?resize=350%2C200&ssl=1 1x, https:\/\/i0.wp.com\/alpoma.net\/tecob\/wp-content\/uploads\/2008\/04\/2397842275_45d435ff75_o.jpg?resize=525%2C300&ssl=1 1.5x"},"classes":[]}],"jetpack_sharing_enabled":true,"_links":{"self":[{"href":"https:\/\/alpoma.net\/tecob\/index.php?rest_route=\/wp\/v2\/posts\/7290","targetHints":{"allow":["GET"]}}],"collection":[{"href":"https:\/\/alpoma.net\/tecob\/index.php?rest_route=\/wp\/v2\/posts"}],"about":[{"href":"https:\/\/alpoma.net\/tecob\/index.php?rest_route=\/wp\/v2\/types\/post"}],"author":[{"embeddable":true,"href":"https:\/\/alpoma.net\/tecob\/index.php?rest_route=\/wp\/v2\/users\/1"}],"replies":[{"embeddable":true,"href":"https:\/\/alpoma.net\/tecob\/index.php?rest_route=%2Fwp%2Fv2%2Fcomments&post=7290"}],"version-history":[{"count":0,"href":"https:\/\/alpoma.net\/tecob\/index.php?rest_route=\/wp\/v2\/posts\/7290\/revisions"}],"wp:featuredmedia":[{"embeddable":true,"href":"https:\/\/alpoma.net\/tecob\/index.php?rest_route=\/wp\/v2\/media\/10806"}],"wp:attachment":[{"href":"https:\/\/alpoma.net\/tecob\/index.php?rest_route=%2Fwp%2Fv2%2Fmedia&parent=7290"}],"wp:term":[{"taxonomy":"category","embeddable":true,"href":"https:\/\/alpoma.net\/tecob\/index.php?rest_route=%2Fwp%2Fv2%2Fcategories&post=7290"},{"taxonomy":"post_tag","embeddable":true,"href":"https:\/\/alpoma.net\/tecob\/index.php?rest_route=%2Fwp%2Fv2%2Ftags&post=7290"}],"curies":[{"name":"wp","href":"https:\/\/api.w.org\/{rel}","templated":true}]}}