{"id":7274,"date":"2012-09-19T15:30:58","date_gmt":"2012-09-19T13:30:58","guid":{"rendered":"http:\/\/www.alpoma.net\/tecob\/?p=7274"},"modified":"2012-09-19T15:30:58","modified_gmt":"2012-09-19T13:30:58","slug":"el-viaducto-de-guardo","status":"publish","type":"post","link":"https:\/\/alpoma.net\/tecob\/?p=7274","title":{"rendered":"El viaducto de Guardo"},"content":{"rendered":"<p>Cualquier gran obra de ingenier\u00eda me atrae, y mucho m\u00e1s si est\u00e1 cerca de casa, pero hasta esta ma\u00f1ana no he tenido tiempo de pasarme por las <strong>obras del viaducto de Guardo<\/strong> un rato y poder as\u00ed tomar unas fotograf\u00edas como merece, no s\u00f3lo desde la carretera como en otras ocasiones.<\/p>\n<p><strong>Aprovecho la ocasi\u00f3n para compartir algunas de las im\u00e1genes realizadas hoy junto con alguna otra del mes de agosto<\/strong>. El <strong><a href=\"http:\/\/es.wikipedia.org\/wiki\/Viaducto_de_Guardo\">viaducto de Guardo<\/a><\/strong> enlaza dos puntos de la carretera CL-626 salvando el valle del Carri\u00f3n y pasando sobre la CL-615 formando parte de la conocida como \u00abvariante de Guardo\u00bb. Se localiza a un kil\u00f3metro y medio al sur del n\u00facleo urbano y contar\u00e1, cuando est\u00e9 completo dentro de poco m\u00e1s de un a\u00f1o, con un una <strong>longitud de 840 metros y una altura de 75 metros<\/strong>.<\/p>\n<p><em>Localizaci\u00f3n del viaducto de Guardo<\/em><br \/>\n<iframe loading=\"lazy\" width=\"620\" height=\"500\" frameborder=\"0\" scrolling=\"no\" marginheight=\"0\" marginwidth=\"0\" src=\"http:\/\/www.openstreetmap.org\/export\/embed.html?bbox=-4.86747,42.7722,-4.83035,42.79456&amp;layer=mapnik&amp;marker=42.77730,-4.84888\" style=\"border: 1px solid black\"><\/iframe><br \/><small><a href=\"http:\/\/www.openstreetmap.org\/?lat=42.78338&amp;lon=-4.84891&amp;zoom=15&amp;layers=M&amp;mlat=42.77730&amp;mlon=-4.84888\">Ver mapa m&#225;s grande<\/a><\/small><\/p>\n<p><a href=\"http:\/\/www.flickr.com\/photos\/alpoma\/8002955704\/\" title=\"Viaducto de Guardo (obras, septiembre 2012) by alpoma, on Flickr\"><img decoding=\"async\" src=\"http:\/\/farm9.staticflickr.com\/8311\/8002955704_5990bcf192_b.jpg\" width=\"620\" alt=\"Viaducto de Guardo (obras, septiembre 2012)\" class=\"otros\"\/><\/a><\/p>\n<p><a href=\"http:\/\/www.flickr.com\/photos\/alpoma\/8002740085\/\" title=\"Viaducto en construcci\u00f3n by alpoma, on Flickr\"><img decoding=\"async\" src=\"http:\/\/farm9.staticflickr.com\/8296\/8002740085_da074ae659_z.jpg\" width=\"620\" alt=\"Viaducto en construcci\u00f3n\" class=\"otros\"\/><\/a><\/p>\n<p><a href=\"http:\/\/www.flickr.com\/photos\/alpoma\/7976803527\/\" title=\"Viaducto de Guardo by alpoma, on Flickr\"><img decoding=\"async\" src=\"http:\/\/farm9.staticflickr.com\/8310\/7976803527_8bfb3d96e4_z.jpg\" width=\"620\" alt=\"Viaducto de Guardo\" class=\"otros\"\/><\/a><\/p>\n<p><a href=\"http:\/\/www.flickr.com\/photos\/alpoma\/8002958226\/\" title=\"Viaducto de Guardo (obras, septiembre 2012) by alpoma, on Flickr\"><img decoding=\"async\" src=\"http:\/\/farm9.staticflickr.com\/8179\/8002958226_566442648a_c.jpg\" width=\"620\" alt=\"Viaducto de Guardo (obras, septiembre 2012)\" class=\"otros\"\/><\/a><\/p>\n<p><a href=\"http:\/\/www.flickr.com\/photos\/alpoma\/8002961794\/\" title=\"Viaducto de Guardo (obras, septiembre 2012) by alpoma, on Flickr\"><img decoding=\"async\" src=\"http:\/\/farm9.staticflickr.com\/8319\/8002961794_f920013204_b.jpg\" width=\"620\" alt=\"Viaducto de Guardo (obras, septiembre 2012)\" class=\"otros\"\/><\/a><\/p>\n","protected":false},"excerpt":{"rendered":"<div class=\"mh-excerpt\"><p>Cualquier gran obra de ingenier\u00eda me atrae, y mucho m\u00e1s si est\u00e1 cerca de casa, pero hasta esta ma\u00f1ana no he tenido tiempo de pasarme por las obras del viaducto <a class=\"mh-excerpt-more\" href=\"https:\/\/alpoma.net\/tecob\/?p=7274\" title=\"El viaducto de Guardo\">[&#8230;]<\/a><\/p>\n<\/div>","protected":false},"author":1,"featured_media":11163,"comment_status":"open","ping_status":"open","sticky":false,"template":"","format":"standard","meta":{"jetpack_post_was_ever_published":false,"_jetpack_newsletter_access":"","_jetpack_dont_email_post_to_subs":false,"_jetpack_newsletter_tier_id":0,"_jetpack_memberships_contains_paywalled_content":false,"_jetpack_memberships_contains_paid_content":false,"footnotes":""},"categories":[5,2],"tags":[],"class_list":["post-7274","post","type-post","status-publish","format-standard","has-post-thumbnail","hentry","category-geo","category-personal"],"jetpack_featured_media_url":"https:\/\/alpoma.net\/tecob\/wp-content\/uploads\/2012\/09\/8002955704_5990bcf192_b.jpg","jetpack_shortlink":"https:\/\/wp.me\/p93Dc1-1Tk","jetpack-related-posts":[{"id":6826,"url":"https:\/\/alpoma.net\/tecob\/?p=6826","url_meta":{"origin":7274,"position":0},"title":"Turismo y lectura para este verano con \u00abEl viaje de Argos\u00bb","author":"alpoma","date":"1 julio 2012","format":false,"excerpt":"Aunque en el website de mi novela El viaje de Argos ya hay material adicional, fotos y mapas, creo que faltaba algo para completar el c\u00edrculo. Por ello, adem\u00e1s de recomendar de nuevo la lectura del libro, como no pod\u00eda ser de otro modo, he creado un mapa que re\u00fane\u2026","rel":"","context":"En \u00abPersonal\u00bb","block_context":{"text":"Personal","link":"https:\/\/alpoma.net\/tecob\/?cat=2"},"img":{"alt_text":"La Reana (Fuentes Tam\u00e1ricas) Velilla del R\u00edo Carri\u00f3n - Palencia","src":"https:\/\/i0.wp.com\/farm3.staticflickr.com\/2672\/4178339781_d76a6a4b8c_m.jpg?resize=350%2C200","width":350,"height":200},"classes":[]},{"id":5486,"url":"https:\/\/alpoma.net\/tecob\/?p=5486","url_meta":{"origin":7274,"position":1},"title":"Un gigante de la carretera para transportar material radiactivo","author":"alpoma","date":"18 octubre 2011","format":false,"excerpt":"Si te gusta TecOb, puedes votar por este blog en la categor\u00eda de ciencia en los Premios Bit\u00e1coras 2011. :-) El transporte de grandes piezas de maquinaria industrial o de elementos para obras p\u00fablicas por carretera siempre ha sido algo muy problem\u00e1tico. Recuerdo haber visto fotograf\u00edas de los grandes esfuerzos\u2026","rel":"","context":"En \u00abInnovaci\u00f3n\u00bb","block_context":{"text":"Innovaci\u00f3n","link":"https:\/\/alpoma.net\/tecob\/?cat=4"},"img":{"alt_text":"","src":"","width":0,"height":0},"classes":[]},{"id":15536,"url":"https:\/\/alpoma.net\/tecob\/?p=15536","url_meta":{"origin":7274,"position":2},"title":"A vueltas con el carb\u00f3n de \u00abSchlamm\u00bb","author":"alpoma","date":"17 marzo 2026","format":false,"excerpt":"Desde comienzos del siglo XX se extendi\u00f3 por las cuencas mineras del noroeste espa\u00f1ol un t\u00e9rmino curioso para referirse a cierto tipo de carb\u00f3n pulverulento o, m\u00e1s precisamente, residuo del lavado del carb\u00f3n, sobre todo de la antracita. Hace poco me consultaron en Guardo (norte de Palencia) sobre cierto t\u00e9rmino\u2026","rel":"","context":"En \u00abObsolescencia\u00bb","block_context":{"text":"Obsolescencia","link":"https:\/\/alpoma.net\/tecob\/?cat=3"},"img":{"alt_text":"","src":"https:\/\/i0.wp.com\/alpoma.net\/tecob\/wp-content\/uploads\/2026\/03\/Ant-232.png?resize=350%2C200&ssl=1","width":350,"height":200,"srcset":"https:\/\/i0.wp.com\/alpoma.net\/tecob\/wp-content\/uploads\/2026\/03\/Ant-232.png?resize=350%2C200&ssl=1 1x, https:\/\/i0.wp.com\/alpoma.net\/tecob\/wp-content\/uploads\/2026\/03\/Ant-232.png?resize=525%2C300&ssl=1 1.5x, https:\/\/i0.wp.com\/alpoma.net\/tecob\/wp-content\/uploads\/2026\/03\/Ant-232.png?resize=700%2C400&ssl=1 2x, https:\/\/i0.wp.com\/alpoma.net\/tecob\/wp-content\/uploads\/2026\/03\/Ant-232.png?resize=1050%2C600&ssl=1 3x, https:\/\/i0.wp.com\/alpoma.net\/tecob\/wp-content\/uploads\/2026\/03\/Ant-232.png?resize=1400%2C800&ssl=1 4x"},"classes":[]},{"id":827,"url":"https:\/\/alpoma.net\/tecob\/?p=827","url_meta":{"origin":7274,"position":3},"title":"La F\u00e1brica","author":"alpoma","date":"2 febrero 2008","format":false,"excerpt":"La magia de convertir carb\u00f3n en una carpeta de pl\u00e1stico o en un chicle era tan sencilla como misteriosa. He aqu\u00ed la f\u00f3rmula maravillosa: CaO + 3C \u2192 CaC2 + CO Que, m\u00e1s tarde, nos tra\u00eda muchas sopresas simplemente con un poco de agua: CaC2 + 2 H2O \u2192 C2H2\u2026","rel":"","context":"En \u00abGeo\u00bb","block_context":{"text":"Geo","link":"https:\/\/alpoma.net\/tecob\/?cat=5"},"img":{"alt_text":"","src":"","width":0,"height":0},"classes":[]},{"id":98,"url":"https:\/\/alpoma.net\/tecob\/?p=98","url_meta":{"origin":7274,"position":4},"title":"La era del carburo","author":"alpoma","date":"25 febrero 2005","format":false,"excerpt":"Tambi\u00e9n sobre este tema: Factor\u00eda de carburo c\u00e1lcico (infograf\u00eda). L\u00e1mparas de carburo. Las minas de petr\u00f3leo y el sue\u00f1o de la gasolina sint\u00e9tica. La F\u00e1brica. Antes de nuestro tiempo de petr\u00f3leo y gas natural se vivi\u00f3 una aut\u00e9ntica era del carburo. hay olvidada. Todav\u00eda recuerdo el olor a polvo de\u2026","rel":"","context":"En \u00abObsolescencia\u00bb","block_context":{"text":"Obsolescencia","link":"https:\/\/alpoma.net\/tecob\/?cat=3"},"img":{"alt_text":"","src":"https:\/\/i0.wp.com\/alpoma.net\/tecob\/wp-content\/uploads\/2005\/02\/carburo_de_calcio.png?resize=350%2C200&ssl=1","width":350,"height":200,"srcset":"https:\/\/i0.wp.com\/alpoma.net\/tecob\/wp-content\/uploads\/2005\/02\/carburo_de_calcio.png?resize=350%2C200&ssl=1 1x, https:\/\/i0.wp.com\/alpoma.net\/tecob\/wp-content\/uploads\/2005\/02\/carburo_de_calcio.png?resize=525%2C300&ssl=1 1.5x, https:\/\/i0.wp.com\/alpoma.net\/tecob\/wp-content\/uploads\/2005\/02\/carburo_de_calcio.png?resize=700%2C400&ssl=1 2x"},"classes":[]},{"id":6987,"url":"https:\/\/alpoma.net\/tecob\/?p=6987","url_meta":{"origin":7274,"position":5},"title":"Monumentos al minero","author":"alpoma","date":"4 agosto 2012","format":false,"excerpt":"La miner\u00eda en Espa\u00f1a ha vuelto a ser tema de conversaci\u00f3n com\u00fan en las \u00faltimas semanas, como casi siempre por motivos poco agradables y con un futuro bastante oscuro. Pero no quiero comentar nada sobre el complejo mundo de las pol\u00edticas energ\u00e9ticas y mineras espa\u00f1olas sino acordarme de algo m\u00e1s\u2026","rel":"","context":"En \u00abMade in Spain\u00bb","block_context":{"text":"Made in Spain","link":"https:\/\/alpoma.net\/tecob\/?cat=10"},"img":{"alt_text":"","src":"https:\/\/i0.wp.com\/alpoma.net\/tecob\/wp-content\/uploads\/2012\/08\/3433932557_aa2235d4b1_b.jpg?resize=350%2C200&ssl=1","width":350,"height":200,"srcset":"https:\/\/i0.wp.com\/alpoma.net\/tecob\/wp-content\/uploads\/2012\/08\/3433932557_aa2235d4b1_b.jpg?resize=350%2C200&ssl=1 1x, https:\/\/i0.wp.com\/alpoma.net\/tecob\/wp-content\/uploads\/2012\/08\/3433932557_aa2235d4b1_b.jpg?resize=525%2C300&ssl=1 1.5x, https:\/\/i0.wp.com\/alpoma.net\/tecob\/wp-content\/uploads\/2012\/08\/3433932557_aa2235d4b1_b.jpg?resize=700%2C400&ssl=1 2x"},"classes":[]}],"jetpack_sharing_enabled":true,"_links":{"self":[{"href":"https:\/\/alpoma.net\/tecob\/index.php?rest_route=\/wp\/v2\/posts\/7274","targetHints":{"allow":["GET"]}}],"collection":[{"href":"https:\/\/alpoma.net\/tecob\/index.php?rest_route=\/wp\/v2\/posts"}],"about":[{"href":"https:\/\/alpoma.net\/tecob\/index.php?rest_route=\/wp\/v2\/types\/post"}],"author":[{"embeddable":true,"href":"https:\/\/alpoma.net\/tecob\/index.php?rest_route=\/wp\/v2\/users\/1"}],"replies":[{"embeddable":true,"href":"https:\/\/alpoma.net\/tecob\/index.php?rest_route=%2Fwp%2Fv2%2Fcomments&post=7274"}],"version-history":[{"count":0,"href":"https:\/\/alpoma.net\/tecob\/index.php?rest_route=\/wp\/v2\/posts\/7274\/revisions"}],"wp:featuredmedia":[{"embeddable":true,"href":"https:\/\/alpoma.net\/tecob\/index.php?rest_route=\/wp\/v2\/media\/11163"}],"wp:attachment":[{"href":"https:\/\/alpoma.net\/tecob\/index.php?rest_route=%2Fwp%2Fv2%2Fmedia&parent=7274"}],"wp:term":[{"taxonomy":"category","embeddable":true,"href":"https:\/\/alpoma.net\/tecob\/index.php?rest_route=%2Fwp%2Fv2%2Fcategories&post=7274"},{"taxonomy":"post_tag","embeddable":true,"href":"https:\/\/alpoma.net\/tecob\/index.php?rest_route=%2Fwp%2Fv2%2Ftags&post=7274"}],"curies":[{"name":"wp","href":"https:\/\/api.w.org\/{rel}","templated":true}]}}