{"id":7253,"date":"2012-09-17T11:08:11","date_gmt":"2012-09-17T09:08:11","guid":{"rendered":"http:\/\/www.alpoma.net\/tecob\/?p=7253"},"modified":"2012-09-17T11:08:28","modified_gmt":"2012-09-17T09:08:28","slug":"eintein-pequeno-rebelde","status":"publish","type":"post","link":"https:\/\/alpoma.net\/tecob\/?p=7253","title":{"rendered":"Einstein, peque\u00f1o rebelde"},"content":{"rendered":"<p>S\u00f3lo es una<strong> foto de colegio<\/strong>, nada m\u00e1s, pero en ella hay algo especial. Puede que sea mi <strong>punto de vista excesivamente subjetivo<\/strong>, pero hay<strong> alguien en esta imagen que destaca por su postura torcida, su gesto travieso, casi desafiante, sobre todo comparado con sus compa\u00f1eros<\/strong>. Todos aparecen serios, como si se tratara de un funeral y m\u00e1s tiesos que un palo o con posturas forzadas. Sin embargo, ah\u00ed abajo, <strong>un chaval\u00edn de apenas diez a\u00f1os<\/strong> pone la nota discordante, haciendo el \u00abpayaso\u00bb como dir\u00edan alguno de sus profesores. No destaca mucho, no, pero s\u00ed lo suficiente como para adivinar el c\u00e9lebre toque so\u00f1ador, rebelde, inconformista y de disgusto con la autoridad que demostr\u00f3 toda su vida (aparece el tercero por la derecha en la fila de abajo). Ah, y de mal estudante nada de nada por mucho que repita el mito, demasiado \u00abpregunt\u00f3n\u00bb, nada m\u00e1s. El peque\u00f1o es <strong>Albert Einstein <\/strong>y la foto pertenece a su \u00e9poca en el <em>Luitpold Gymnasium <\/em>de Munich en 1889.<\/p>\n<p><img decoding=\"async\" src=\"http:\/\/www.alpoma.com\/images_tecob\/einstein1.jpg\" class=\"otros\"\/><\/p>\n<p><img decoding=\"async\" src=\"http:\/\/www.alpoma.com\/images_tecob\/einstein2.jpg\" class=\"otros\"\/><\/p>\n<p><strong>Fuente de la imagen<\/strong>: <a href=\"http:\/\/longstreet.typepad.com\/thesciencebookstore\/2012\/09\/einstein-at-10-school-photograph.html\">Ptak Science Books<\/a>.<\/p>\n","protected":false},"excerpt":{"rendered":"<div class=\"mh-excerpt\"><p>S\u00f3lo es una foto de colegio, nada m\u00e1s, pero en ella hay algo especial. Puede que sea mi punto de vista excesivamente subjetivo, pero hay alguien en esta imagen que <a class=\"mh-excerpt-more\" href=\"https:\/\/alpoma.net\/tecob\/?p=7253\" title=\"Einstein, peque\u00f1o rebelde\">[&#8230;]<\/a><\/p>\n<\/div>","protected":false},"author":1,"featured_media":10480,"comment_status":"open","ping_status":"open","sticky":false,"template":"","format":"standard","meta":{"jetpack_post_was_ever_published":false,"_jetpack_newsletter_access":"","_jetpack_dont_email_post_to_subs":false,"_jetpack_newsletter_tier_id":0,"_jetpack_memberships_contains_paywalled_content":false,"_jetpack_memberships_contains_paid_content":false,"footnotes":""},"categories":[3],"tags":[],"class_list":["post-7253","post","type-post","status-publish","format-standard","has-post-thumbnail","hentry","category-obsolescencia"],"jetpack_featured_media_url":"https:\/\/alpoma.net\/tecob\/wp-content\/uploads\/2012\/09\/einstein1.jpg","jetpack_shortlink":"https:\/\/wp.me\/p93Dc1-1SZ","jetpack-related-posts":[{"id":2343,"url":"https:\/\/alpoma.net\/tecob\/?p=2343","url_meta":{"origin":7253,"position":0},"title":"La d\u00e9cima de Beethoven","author":"alpoma","date":"10 marzo 2010","format":false,"excerpt":"Ludwig van Beethoven \u00fanicamente compuso nueve sinfon\u00edas y no hay m\u00e1s que a\u00f1adir, pero perm\u00edtaseme hoy ser un tanto heterodoxo y hasta poco respetuoso con mi admirado genio de Bonn, porque me referir\u00e9 a la d\u00e9cima de sus sinfon\u00edas. La d\u00e9cima sinfon\u00eda de Beethoven no existe, sobre todo porque antes\u2026","rel":"","context":"En \u00abM\u00fasica\u00bb","block_context":{"text":"M\u00fasica","link":"https:\/\/alpoma.net\/tecob\/?cat=42"},"img":{"alt_text":"Beethoven","src":"https:\/\/i0.wp.com\/www.alpoma.net\/tecob\/wp-content\/uploads\/2010\/03\/beethoven2-273x300.jpg?resize=350%2C200","width":350,"height":200},"classes":[]},{"id":3383,"url":"https:\/\/alpoma.net\/tecob\/?p=3383","url_meta":{"origin":7253,"position":1},"title":"Zip, el cabeza picuda","author":"alpoma","date":"19 agosto 2010","format":false,"excerpt":"C\u00e9lebre fue P.T. Barnum, de quien se dice que \"invento\" el circo moderno. Su idea de entretener consist\u00eda, por lo general, en cl\u00e1sicos n\u00fameros de habilidad mezclados con fen\u00f3menos de todo tipo. Los freaks eran su especialidad y, durante d\u00e9cadas, asombr\u00f3 a quienes asist\u00edan a sus gigantescas representaciones con todo\u2026","rel":"","context":"En \u00abObsolescencia\u00bb","block_context":{"text":"Obsolescencia","link":"https:\/\/alpoma.net\/tecob\/?cat=3"},"img":{"alt_text":"","src":"https:\/\/i0.wp.com\/www.alpoma.net\/tecob\/wp-content\/uploads\/2010\/08\/zip.jpg?resize=350%2C200","width":350,"height":200},"classes":[]},{"id":2219,"url":"https:\/\/alpoma.net\/tecob\/?p=2219","url_meta":{"origin":7253,"position":2},"title":"Cardano en el taller","author":"alpoma","date":"24 febrero 2010","format":false,"excerpt":"Desconozco si lograr\u00e9 entretener a alg\u00fan lector con este experimento, s\u00f3lo he de consignar aqu\u00ed que me he divertido ideando esta ficci\u00f3n, destinada para la Cuarta Edici\u00f3n del Carnaval de F\u00edsica. Por supuesto, el objetivo bajo todo este largo escrito es mostrar lo que siempre he deseado en TecOb, a\u2026","rel":"","context":"En \u00abPersonal\u00bb","block_context":{"text":"Personal","link":"https:\/\/alpoma.net\/tecob\/?cat=2"},"img":{"alt_text":"","src":"","width":0,"height":0},"classes":[]},{"id":883,"url":"https:\/\/alpoma.net\/tecob\/?p=883","url_meta":{"origin":7253,"position":3},"title":"La escalera de Jacob","author":"alpoma","date":"8 abril 2008","format":false,"excerpt":"No me referir\u00e9 aqu\u00ed a la b\u00edblica escalera del G\u00e9nesis, por la que se dec\u00eda que circulaban los \u00e1ngeles en su trasiego entre los cielos y la Tierra, so\u00f1ada por Jacob. Nada de eso, la escalera que visita hoy TecOb, aunque lleve el mismo nombre, no es celestial, pero tiene\u2026","rel":"","context":"En \u00abGeo\u00bb","block_context":{"text":"Geo","link":"https:\/\/alpoma.net\/tecob\/?cat=5"},"img":{"alt_text":"","src":"https:\/\/i0.wp.com\/alpoma.net\/tecob\/wp-content\/uploads\/2008\/04\/2397842275_45d435ff75_o.jpg?resize=350%2C200&ssl=1","width":350,"height":200,"srcset":"https:\/\/i0.wp.com\/alpoma.net\/tecob\/wp-content\/uploads\/2008\/04\/2397842275_45d435ff75_o.jpg?resize=350%2C200&ssl=1 1x, https:\/\/i0.wp.com\/alpoma.net\/tecob\/wp-content\/uploads\/2008\/04\/2397842275_45d435ff75_o.jpg?resize=525%2C300&ssl=1 1.5x"},"classes":[]},{"id":864,"url":"https:\/\/alpoma.net\/tecob\/?p=864","url_meta":{"origin":7253,"position":4},"title":"Clarke, m\u00e1s all\u00e1 del monolito","author":"alpoma","date":"19 marzo 2008","format":false,"excerpt":"Me enter\u00e9 ayer por la noche, no ten\u00eda pensado escribir nada hoy, pero el personaje merece un recuerdo, aunque sea breve. Hoy glosan sus obras medios de todo el mundo, as\u00ed que no aburrir\u00e9 con esbozos biogr\u00e1ficos ni listados de obras ni nada parecido. Prefiero rendir homenaje al padre de\u2026","rel":"","context":"En \u00abPersonal\u00bb","block_context":{"text":"Personal","link":"https:\/\/alpoma.net\/tecob\/?cat=2"},"img":{"alt_text":"","src":"https:\/\/i0.wp.com\/alpoma.net\/tecob\/wp-content\/uploads\/2008\/03\/2345706690_400b6698fb_o.jpg?resize=350%2C200&ssl=1","width":350,"height":200,"srcset":"https:\/\/i0.wp.com\/alpoma.net\/tecob\/wp-content\/uploads\/2008\/03\/2345706690_400b6698fb_o.jpg?resize=350%2C200&ssl=1 1x, https:\/\/i0.wp.com\/alpoma.net\/tecob\/wp-content\/uploads\/2008\/03\/2345706690_400b6698fb_o.jpg?resize=525%2C300&ssl=1 1.5x"},"classes":[]},{"id":1047,"url":"https:\/\/alpoma.net\/tecob\/?p=1047","url_meta":{"origin":7253,"position":5},"title":"Ultim\u00e1tums","author":"alpoma","date":"14 diciembre 2008","format":false,"excerpt":"Puede que s\u00f3lo sea cosa m\u00eda, pero \u00faltimamente nada me sorprende del cine actual. Quede constancia que esto lo escribe un fan\u00e1tico de la ciencia ficci\u00f3n, un friki en toda regla, para lo bueno y para lo malo, que se entretiene con cualquier cosa que remotamente tenga argumento de ambiente\u2026","rel":"","context":"En \u00abPersonal\u00bb","block_context":{"text":"Personal","link":"https:\/\/alpoma.net\/tecob\/?cat=2"},"img":{"alt_text":"","src":"https:\/\/i0.wp.com\/alpoma.net\/tecob\/wp-content\/uploads\/2008\/12\/3107932054_4e8d01fe8e.jpg?resize=350%2C200&ssl=1","width":350,"height":200},"classes":[]}],"jetpack_sharing_enabled":true,"_links":{"self":[{"href":"https:\/\/alpoma.net\/tecob\/index.php?rest_route=\/wp\/v2\/posts\/7253","targetHints":{"allow":["GET"]}}],"collection":[{"href":"https:\/\/alpoma.net\/tecob\/index.php?rest_route=\/wp\/v2\/posts"}],"about":[{"href":"https:\/\/alpoma.net\/tecob\/index.php?rest_route=\/wp\/v2\/types\/post"}],"author":[{"embeddable":true,"href":"https:\/\/alpoma.net\/tecob\/index.php?rest_route=\/wp\/v2\/users\/1"}],"replies":[{"embeddable":true,"href":"https:\/\/alpoma.net\/tecob\/index.php?rest_route=%2Fwp%2Fv2%2Fcomments&post=7253"}],"version-history":[{"count":0,"href":"https:\/\/alpoma.net\/tecob\/index.php?rest_route=\/wp\/v2\/posts\/7253\/revisions"}],"wp:featuredmedia":[{"embeddable":true,"href":"https:\/\/alpoma.net\/tecob\/index.php?rest_route=\/wp\/v2\/media\/10480"}],"wp:attachment":[{"href":"https:\/\/alpoma.net\/tecob\/index.php?rest_route=%2Fwp%2Fv2%2Fmedia&parent=7253"}],"wp:term":[{"taxonomy":"category","embeddable":true,"href":"https:\/\/alpoma.net\/tecob\/index.php?rest_route=%2Fwp%2Fv2%2Fcategories&post=7253"},{"taxonomy":"post_tag","embeddable":true,"href":"https:\/\/alpoma.net\/tecob\/index.php?rest_route=%2Fwp%2Fv2%2Ftags&post=7253"}],"curies":[{"name":"wp","href":"https:\/\/api.w.org\/{rel}","templated":true}]}}