{"id":72,"date":"2005-10-18T17:13:47","date_gmt":"2005-10-18T15:13:47","guid":{"rendered":"http:\/\/www.alpoma.net\/tecob\/?p=72"},"modified":"2019-10-05T11:04:33","modified_gmt":"2019-10-05T09:04:33","slug":"muerte-al-amanecer","status":"publish","type":"post","link":"https:\/\/alpoma.net\/tecob\/?p=72","title":{"rendered":"Muerte al amanecer"},"content":{"rendered":"<p>Las matem\u00e1ticas han sido, y son, temidas a la vez que admiradas por muchas personas, no hay m\u00e1s que recordar la famosa sentencia de San Agust\u00edn:  <\/p>\n<blockquote><p>El buen cristiano deber\u00e1 guardarse de los matem\u00e1ticos  y de todos aquellos que practican la predicci\u00f3n sacr\u00edlega, particularmente cuando proclaman la verdad. Porque existe  el peligro de que esta gente aliada con el diablo, pueda cegar las almas de los hombres y atraparlos en las redes del infierno. <\/p><\/blockquote>\n<p>Las vidas de los matem\u00e1ticos han sido, muchas veces, m\u00e1s apasionantes de lo que pueda sugerir la imagen que, por lo general, se tiene del mundo de los n\u00fameros. Muchos de los fundadores de las bases matem\u00e1ticas en las que se funda la ciencia inform\u00e1tica que permite vivir a este blog, vivieron apesadumbrados en un mar de dilemas y patolog\u00edas mentales a causa,  probablemente, de las dificultades de su propia b\u00fasqueda. Como ejemplo cl\u00e1sico de esto se puede tomar a <a href=\"http:\/\/es.wikipedia.org\/wiki\/Georg_Cantor\">Georg Cantor<\/a>, el genio matem\u00e1tico que ide\u00f3 la aritm\u00e9tica de los n\u00fameros transfinitos a finales  del siglo XIX. Tras muchos a\u00f1os de incansable actividad mental, intentando dome\u00f1ar al esquivo concepto de infinito, las psicosis man\u00edaco-depresivas, eso que hoy llaman trastorno bipolar, pusieron fin a su labor creativa.<\/p>\n<p>Ya entrados en el siglo XX no hay que olvidar a <a href=\"http:\/\/es.wikipedia.org\/wiki\/Kurt_G%C3%B6del\">Kurt G\u00f6del<\/a>, gran matem\u00e1tico que revolucion\u00f3, y sigue revolucionando a trav\u00e9s de su obra,  los conceptos de la l\u00f3gica. G\u00f6del demostr\u00f3 que los m\u00e9todos matem\u00e1ticos aceptados desde la \u00e9poca de la Grecia cl\u00e1sica no eran  adecuados para descubrir las verdades referentes a los n\u00fameros naturales. Este descubrimiento destruy\u00f3 los fundamentos sobre los que se hab\u00eda construido toda la matem\u00e1tica hasta entonces. As\u00ed, su trabajo hizo que la matem\u00e1tica renaciera y que la computaci\u00f3n se asentara sobre bases s\u00f3lidas a partir de las cuales se han desarrollado los ordenadores y todas sus aplicaciones. Pero su triunfo sobre el mundo de la l\u00f3gica se basaba en una vida interior que se hallaba sumida en las tinieblas. Durante toda su existencia luch\u00f3 contra una hipocondr\u00eda extrema. Parece que, aparte de en las \u00e9pocas de ataques agudos, \u00e9ste mal no entorpeci\u00f3 mucho su labor creativa. Pero, no deja de ser curioso que el padre de la nueva l\u00f3gica estuviera obsesionado durante toda su existencia con asuntos poco racionales, como su alimentaci\u00f3n, pues tem\u00eda sufrir un envenenamiento, llev\u00e1ndole incluso a la desnutrici\u00f3n por su negativa a querer tomar alimentos, y a la ingesti\u00f3n de m\u00faltiples p\u00edldoras para un mal card\u00edaco imaginario.<\/p>\n<p><img loading=\"lazy\" decoding=\"async\" data-attachment-id=\"14708\" data-permalink=\"https:\/\/alpoma.net\/tecob\/?attachment_id=14708\" data-orig-file=\"https:\/\/alpoma.net\/tecob\/wp-content\/uploads\/2005\/10\/Galois.jpg\" data-orig-size=\"534,737\" data-comments-opened=\"0\" data-image-meta=\"{&quot;aperture&quot;:&quot;0&quot;,&quot;credit&quot;:&quot;&quot;,&quot;camera&quot;:&quot;&quot;,&quot;caption&quot;:&quot;&quot;,&quot;created_timestamp&quot;:&quot;0&quot;,&quot;copyright&quot;:&quot;&quot;,&quot;focal_length&quot;:&quot;0&quot;,&quot;iso&quot;:&quot;0&quot;,&quot;shutter_speed&quot;:&quot;0&quot;,&quot;title&quot;:&quot;&quot;,&quot;orientation&quot;:&quot;1&quot;}\" data-image-title=\"Galois\" data-image-description=\"\" data-image-caption=\"\" data-large-file=\"https:\/\/alpoma.net\/tecob\/wp-content\/uploads\/2005\/10\/Galois.jpg\" src=\"https:\/\/alpoma.net\/tecob\/wp-content\/uploads\/2005\/10\/Galois-300x300.jpg\" alt=\"\" width=\"300\" height=\"300\" class=\"alignright size-thumbnail wp-image-14708\" \/>Otras veces son asuntos m\u00e1s terrenales los que terminan el trabajo del cient\u00edfico creador. Algo as\u00ed le ocurri\u00f3 a <a href=\"http:\/\/es.wikipedia.org\/wiki\/Evariste_Galois\">\u00c9variste Galois<\/a>, joven genio de las matem\u00e1ticas, que muri\u00f3 a la temprana edad de 20 a\u00f1os, el 30 de mayo de 1832. Y no fue por cuestiones de enfermedad o de conflictos inevitables. El triste final de Galois vino como consecuencia de un duelo a pistola.<\/p>\n<p>A los diecisiete a\u00f1os, tras haber estudiado matem\u00e1ticas durante s\u00f3lo dos,  ya hab\u00eda publicado art\u00edculos de gran calado t\u00e9cnico sobre fracciones continuas y hab\u00eda iniciado sus investigaciones sobre la teor\u00eda de ecuaciones que, finalmente, le llevar\u00edan a formular su novedosa teor\u00eda de grupos.<\/p>\n<p>La noche anterior al duelo, el joven matem\u00e1tico escribi\u00f3 una apasionada carta a su amigo  Auguste Chevalier, en la que describ\u00eda algunos de sus nuevos descubrimientos, pidi\u00e9ndole que difundiera los resultados por si eran de alguna utilidad. El estado emocional del joven era, cuando menos, penoso. Al amanecer, Galois dej\u00f3 su habitaci\u00f3n en una pensi\u00f3n de Par\u00eds, y se enfrent\u00f3 en un duelo de honor al activista pol\u00edtico Pescheux d\u00b4Herbinville, cerca de un estanque.  Como resultado del tr\u00e1gico encuentro, el joven matem\u00e1tico recibi\u00f3 un balazo en el abdomen y fue abandonado a su suerte. Tras ser encontrado por un viandante, muri\u00f3 un d\u00eda despu\u00e9s en el H\u00f4spital Cochin.<\/p>\n<p>Pasados catorce a\u00f1os, el matem\u00e1tico Joseph Liouville public\u00f3 los manuscritos que Galois hab\u00eda dejado a Chevalier. De esta tr\u00e1gica forma naci\u00f3 una de las ramas de las ciencias matem\u00e1ticas que m\u00e1s r\u00e9ditos ha generado para el mundo de la ciencia, un campo de investigaci\u00f3n que todav\u00eda sigue siendo explorado, la teor\u00eda de grupos.<\/p>\n<p>A sus diecisiete a\u00f1os, Galois hab\u00eda  suspendido por segunda vez el examen de matem\u00e1ticas para ingresar en la \u00c9cole Polytechnique de Par\u00eds. Por este motivo continu\u00f3 estudiando en la \u00c9cole Normale, de la que fue expulsado a los diecinueve a\u00f1os por causa de sus actividades pol\u00edticas, que tambi\u00e9n le llevaron a la c\u00e1rcel en dos ocasiones. Entre todos sus apasionados juegos pol\u00edticos, sac\u00f3 tiempo para revolucionar las matem\u00e1ticas, pero finalmente, un asunto, posiblemente amoroso, mezclado con discusiones pol\u00edticas sacadas de toda mesura, llevaron a la muerte al joven Galois. <\/p>\n","protected":false},"excerpt":{"rendered":"<div class=\"mh-excerpt\"><p>Las matem\u00e1ticas han sido, y son, temidas a la vez que admiradas por muchas personas, no hay m\u00e1s que recordar la famosa sentencia de San Agust\u00edn: El buen cristiano deber\u00e1 <a class=\"mh-excerpt-more\" href=\"https:\/\/alpoma.net\/tecob\/?p=72\" title=\"Muerte al amanecer\">[&#8230;]<\/a><\/p>\n<\/div>","protected":false},"author":1,"featured_media":14708,"comment_status":"closed","ping_status":"closed","sticky":false,"template":"","format":"standard","meta":{"jetpack_post_was_ever_published":false,"_jetpack_newsletter_access":"","_jetpack_dont_email_post_to_subs":false,"_jetpack_newsletter_tier_id":0,"_jetpack_memberships_contains_paywalled_content":false,"_jetpack_memberships_contains_paid_content":false,"footnotes":""},"categories":[1],"tags":[],"class_list":["post-72","post","type-post","status-publish","format-standard","has-post-thumbnail","hentry","category-general"],"jetpack_featured_media_url":"https:\/\/alpoma.net\/tecob\/wp-content\/uploads\/2005\/10\/Galois.jpg","jetpack_shortlink":"https:\/\/wp.me\/p93Dc1-1a","jetpack-related-posts":[{"id":7898,"url":"https:\/\/alpoma.net\/tecob\/?p=7898","url_meta":{"origin":72,"position":0},"title":"[Libro+DVD] M\u00e1s por menos, entiende las matem\u00e1ticas","author":"alpoma","date":"2 marzo 2013","format":false,"excerpt":"Cay\u00f3 recientemente en mis manos este libro que no dudo en recomendar a toda persona que le tenga temor a las matem\u00e1ticas. Su formato podr\u00eda considerarse anticuado, m\u00e1s que nada porque el DVD que incluye me ha hecho acudir a un lector adecuado, \u00a1hac\u00eda meses que no tocaba un disco\u2026","rel":"","context":"En \u00abPersonal\u00bb","block_context":{"text":"Personal","link":"https:\/\/alpoma.net\/tecob\/?cat=2"},"img":{"alt_text":"portada_mas_por_menos","src":"https:\/\/i0.wp.com\/www.alpoma.net\/tecob\/wp-content\/uploads\/2013\/03\/portada_mas_por_menos.jpg?resize=350%2C200","width":350,"height":200},"classes":[]},{"id":574,"url":"https:\/\/alpoma.net\/tecob\/?p=574","url_meta":{"origin":72,"position":1},"title":"Sobre la comprensi\u00f3n matem\u00e1tica","author":"alpoma","date":"23 agosto 2006","format":false,"excerpt":"En cierta ocasi\u00f3n, a comienzos del siglo XX, el gran Henri Poincar\u00e9 pronunci\u00f3 una conferencia acerca del proceso mental de la creaci\u00f3n matem\u00e1tica, en la Sociedad Psicol\u00f3gia de Par\u00eds. Es muy interesante la descripci\u00f3n que daba sobre el complejo proceso de crear matem\u00e1ticas, en el que, tras muchos esfuerzos y\u2026","rel":"","context":"En \u00abGeneral\u00bb","block_context":{"text":"General","link":"https:\/\/alpoma.net\/tecob\/?cat=1"},"img":{"alt_text":"","src":"","width":0,"height":0},"classes":[]},{"id":3807,"url":"https:\/\/alpoma.net\/tecob\/?p=3807","url_meta":{"origin":72,"position":2},"title":"D&#8217;Arcy Thompson y la geometr\u00eda de la vida","author":"alpoma","date":"8 diciembre 2010","format":false,"excerpt":"D'Arcy Wentworth Thompson vivi\u00f3 entre 1860 y 1948, as\u00ed que este a\u00f1o se ha celebrado el 150 aniversario de su nacimiento. Pero no quiero glosar aqu\u00ed sus muchos logros acad\u00e9micos, porque mi intenci\u00f3n es centrarme brevemente en una de sus obras, un libro muy especial. D\u00b4Arcy Thomson trabaj\u00f3 duramente a\u2026","rel":"","context":"En \u00abObsolescencia\u00bb","block_context":{"text":"Obsolescencia","link":"https:\/\/alpoma.net\/tecob\/?cat=3"},"img":{"alt_text":"darcy_thomson","src":"https:\/\/i0.wp.com\/farm6.static.flickr.com\/5287\/5244321729_67beec55f3.jpg?resize=350%2C200","width":350,"height":200},"classes":[]},{"id":962,"url":"https:\/\/alpoma.net\/tecob\/?p=962","url_meta":{"origin":72,"position":3},"title":"V\u00eddeos para aprender matem\u00e1ticas","author":"alpoma","date":"18 agosto 2008","format":false,"excerpt":"Pens\u00e9 que este recurso era muy conocido, pero en los \u00faltimos d\u00edas dos personas me han preguntado d\u00f3nde se pueden encontrar v\u00eddeos o \"tutoriales\" que explicaran ciertos asuntos matem\u00e1ticos. Por una parte existen blogs matem\u00e1ticos geniales, como Gaussianos, pero claro, en el caso de gente que necesite aprender paso a\u2026","rel":"","context":"En \u00abGeneral\u00bb","block_context":{"text":"General","link":"https:\/\/alpoma.net\/tecob\/?cat=1"},"img":{"alt_text":"","src":"","width":0,"height":0},"classes":[]},{"id":1096,"url":"https:\/\/alpoma.net\/tecob\/?p=1096","url_meta":{"origin":72,"position":4},"title":"El d\u00eda de Ada","author":"alpoma","date":"24 marzo 2009","format":false,"excerpt":"Despistado que es uno, acabo de enterarme por La Petite Claudine que hoy se celebra el D\u00eda Internacional de Ada Lovelace, una de mis referencias hist\u00f3ricas preferidas y a la que he dedicado algunos art\u00edculos. Con tal excusa, creo conveniente recuperar aqu\u00ed uno de ellos, en memoria de la apasionada\u2026","rel":"","context":"En \u00abPersonal\u00bb","block_context":{"text":"Personal","link":"https:\/\/alpoma.net\/tecob\/?cat=2"},"img":{"alt_text":"","src":"https:\/\/i0.wp.com\/alpoma.net\/tecob\/wp-content\/uploads\/2009\/03\/185023460_64a2520686_o.jpg?resize=350%2C200&ssl=1","width":350,"height":200},"classes":[]},{"id":7399,"url":"https:\/\/alpoma.net\/tecob\/?p=7399","url_meta":{"origin":72,"position":5},"title":"Ramanujan y el n\u00famero 1.729","author":"alpoma","date":"15 octubre 2012","format":false,"excerpt":"Srinivasa Ramanujan fue uno de esos genios tan sobresalientes y asombrosos que se cuentan muy pocos as\u00ed a lo largo de la historia. Siempre me ha llamado la atenci\u00f3n su vida, llena de aparentes contradicciones y tristemente corta. Ramanujan naci\u00f3 en la India a finales de 1887 y falleci\u00f3 en\u2026","rel":"","context":"En \u00abObsolescencia\u00bb","block_context":{"text":"Obsolescencia","link":"https:\/\/alpoma.net\/tecob\/?cat=3"},"img":{"alt_text":"","src":"https:\/\/i0.wp.com\/alpoma.net\/tecob\/wp-content\/uploads\/2012\/10\/ramanujan.jpg?resize=350%2C200&ssl=1","width":350,"height":200},"classes":[]}],"jetpack_sharing_enabled":true,"_links":{"self":[{"href":"https:\/\/alpoma.net\/tecob\/index.php?rest_route=\/wp\/v2\/posts\/72","targetHints":{"allow":["GET"]}}],"collection":[{"href":"https:\/\/alpoma.net\/tecob\/index.php?rest_route=\/wp\/v2\/posts"}],"about":[{"href":"https:\/\/alpoma.net\/tecob\/index.php?rest_route=\/wp\/v2\/types\/post"}],"author":[{"embeddable":true,"href":"https:\/\/alpoma.net\/tecob\/index.php?rest_route=\/wp\/v2\/users\/1"}],"replies":[{"embeddable":true,"href":"https:\/\/alpoma.net\/tecob\/index.php?rest_route=%2Fwp%2Fv2%2Fcomments&post=72"}],"version-history":[{"count":0,"href":"https:\/\/alpoma.net\/tecob\/index.php?rest_route=\/wp\/v2\/posts\/72\/revisions"}],"wp:featuredmedia":[{"embeddable":true,"href":"https:\/\/alpoma.net\/tecob\/index.php?rest_route=\/wp\/v2\/media\/14708"}],"wp:attachment":[{"href":"https:\/\/alpoma.net\/tecob\/index.php?rest_route=%2Fwp%2Fv2%2Fmedia&parent=72"}],"wp:term":[{"taxonomy":"category","embeddable":true,"href":"https:\/\/alpoma.net\/tecob\/index.php?rest_route=%2Fwp%2Fv2%2Fcategories&post=72"},{"taxonomy":"post_tag","embeddable":true,"href":"https:\/\/alpoma.net\/tecob\/index.php?rest_route=%2Fwp%2Fv2%2Ftags&post=72"}],"curies":[{"name":"wp","href":"https:\/\/api.w.org\/{rel}","templated":true}]}}