{"id":719,"date":"2007-05-08T13:21:16","date_gmt":"2007-05-08T11:21:16","guid":{"rendered":"http:\/\/www.alpoma.net\/tecob\/?p=719"},"modified":"2007-05-08T13:22:18","modified_gmt":"2007-05-08T11:22:18","slug":"paisajes-sonoros","status":"publish","type":"post","link":"https:\/\/alpoma.net\/tecob\/?p=719","title":{"rendered":"Paisajes sonoros"},"content":{"rendered":"<p>A diario, nuestros<strong> cinco sentidos<\/strong> nos proporcionan todo tipo de est\u00edmulos. Ser\u00e1 el cerebro quien discrimine, analice y considere dignos de atenci\u00f3n unos sobre otros. Caminando por las calles de una ciudad o, sencillamente, escribiendo ante un ordenador, nos llegan de manera continua sonidos que son mayoritariamente \u00abdescartados\u00bb por el cerebro y no somos conscientes de su presencia. Ahora mismo, al utilizar el teclado del port\u00e1til, cada pulsaci\u00f3n genera su caracter\u00edstico sonido. En condiciones normales, sin prestar atenci\u00f3n, se convierten en <strong>sonidos que pasan desapercibidos<\/strong>, sobre todo por su cotidianidad.<\/p>\n<p>Para registrar y creear un mapa sonoro del mundo, un ej\u00e9rcito de personas apasionadas por los sonidos de todo tipo, armados con grabadoras, <strong>registran el paisaje sonoro que nos rodea<\/strong> y que, casi siempre, ignoramos. He aqu\u00ed un lugar excepcional para comenzar a explorar ese \u00abnuevo\u00bb mundo:<br \/>\n<strong><br \/>\n<a href=\"http:\/\/soundtransit.nl\/search\/about.html\" class=\"enlaces\">SoundTransit, a collaborative online community dedicated to field recording and phonography<\/a><\/strong><\/p>\n","protected":false},"excerpt":{"rendered":"<div class=\"mh-excerpt\"><p>A diario, nuestros cinco sentidos nos proporcionan todo tipo de est\u00edmulos. Ser\u00e1 el cerebro quien discrimine, analice y considere dignos de atenci\u00f3n unos sobre otros. Caminando por las calles de <a class=\"mh-excerpt-more\" href=\"https:\/\/alpoma.net\/tecob\/?p=719\" title=\"Paisajes sonoros\">[&#8230;]<\/a><\/p>\n<\/div>","protected":false},"author":1,"featured_media":0,"comment_status":"open","ping_status":"open","sticky":false,"template":"","format":"standard","meta":{"jetpack_post_was_ever_published":false,"_jetpack_newsletter_access":"","_jetpack_dont_email_post_to_subs":false,"_jetpack_newsletter_tier_id":0,"_jetpack_memberships_contains_paywalled_content":false,"_jetpack_memberships_contains_paid_content":false,"footnotes":""},"categories":[5,2],"tags":[],"class_list":["post-719","post","type-post","status-publish","format-standard","hentry","category-geo","category-personal"],"jetpack_featured_media_url":"","jetpack_shortlink":"https:\/\/wp.me\/p93Dc1-bB","jetpack-related-posts":[{"id":11706,"url":"https:\/\/alpoma.net\/tecob\/?p=11706","url_meta":{"origin":719,"position":0},"title":"La primera grabadora de sonidos de la historia","author":"alpoma","date":"18 octubre 2015","format":false,"excerpt":"A lo largo de las \u00faltimas d\u00e9cadas del siglo XIX los fon\u00f3grafos y otras m\u00e1quinas reproductoras de sonidos, as\u00ed como grabadoras, vivieron una r\u00e1pida evoluci\u00f3n, sobre todo en manos de Edison y sus colaboradores. Pero el fon\u00f3grafo de Thomas Alva Edison creado en 1877, aunque pionero en lo que a\u2026","rel":"","context":"En \u00abObsolescencia\u00bb","block_context":{"text":"Obsolescencia","link":"https:\/\/alpoma.net\/tecob\/?cat=3"},"img":{"alt_text":"","src":"https:\/\/i0.wp.com\/alpoma.net\/tecob\/wp-content\/uploads\/2015\/10\/fonoautografo_scott.jpg?resize=350%2C200&ssl=1","width":350,"height":200},"classes":[]},{"id":496,"url":"https:\/\/alpoma.net\/tecob\/?p=496","url_meta":{"origin":719,"position":1},"title":"Sabios idiotas","author":"alpoma","date":"9 junio 2006","format":false,"excerpt":"Aunque el t\u00e9rmino idiot savant ya casi no se utiliza, pues se ha substituido por diversas expresiones m\u00e9dicas relacionadas, muchas veces, con subtipos de autismo, sigue siendo un t\u00e9rmino muy conocido que viene a describir casos de personas en las que, aunque padeciendo retraso mental o autismo en diversos grados,\u2026","rel":"","context":"En \u00abGeneral\u00bb","block_context":{"text":"General","link":"https:\/\/alpoma.net\/tecob\/?cat=1"},"img":{"alt_text":"","src":"https:\/\/i0.wp.com\/alpoma.net\/tecob\/wp-content\/uploads\/2006\/06\/163714819_a7827148c7_o.jpg?resize=350%2C200&ssl=1","width":350,"height":200},"classes":[]},{"id":12572,"url":"https:\/\/alpoma.net\/tecob\/?p=12572","url_meta":{"origin":719,"position":2},"title":"El fotolipt\u00f3fono, o c\u00f3mo imprimir y reproducir sonidos sobre papel","author":"alpoma","date":"24 marzo 2017","format":false,"excerpt":"Desde finales del siglo XIX y hasta bien entrada la siguiente centuria, cuando diversos formatos lograron hacerse con el mercado de las grabaciones sonoras, se patentaron y probaron centenares de variantes para llevar a cabo esa idea: grabar y reproducir sonidos, sobre todo m\u00fasica. Hoy, cuando todo es digital y\u2026","rel":"","context":"En \u00abObsolescencia\u00bb","block_context":{"text":"Obsolescencia","link":"https:\/\/alpoma.net\/tecob\/?cat=3"},"img":{"alt_text":"","src":"https:\/\/i0.wp.com\/alpoma.net\/tecob\/wp-content\/uploads\/2017\/03\/fotoliptofono_alpoma.png?resize=350%2C200&ssl=1","width":350,"height":200,"srcset":"https:\/\/i0.wp.com\/alpoma.net\/tecob\/wp-content\/uploads\/2017\/03\/fotoliptofono_alpoma.png?resize=350%2C200&ssl=1 1x, https:\/\/i0.wp.com\/alpoma.net\/tecob\/wp-content\/uploads\/2017\/03\/fotoliptofono_alpoma.png?resize=525%2C300&ssl=1 1.5x"},"classes":[]},{"id":14951,"url":"https:\/\/alpoma.net\/tecob\/?p=14951","url_meta":{"origin":719,"position":3},"title":"Maelzel, el inventor de cabecera de Beethoven","author":"alpoma","date":"12 marzo 2020","format":false,"excerpt":"Con obediente confianza se aplic\u00f3 Beethoven a seguir las varias prescripciones de los m\u00e9dicos que iba consultando [sin mejor\u00eda alguna] (\u2026) Desilusionado, descorazonado, tuvo que llegar a interponer entre \u00e9l y el mundo aquellas trompetillas ac\u00fasticas de diferentes formas que le constru\u00eda Maelzel, el inventor del metr\u00f3nomo. Y, al fin,\u2026","rel":"","context":"En \u00abM\u00fasica\u00bb","block_context":{"text":"M\u00fasica","link":"https:\/\/alpoma.net\/tecob\/?cat=42"},"img":{"alt_text":"","src":"https:\/\/i0.wp.com\/alpoma.net\/tecob\/wp-content\/uploads\/2020\/03\/Orquestri%C3%B3n.jpg?resize=350%2C200&ssl=1","width":350,"height":200,"srcset":"https:\/\/i0.wp.com\/alpoma.net\/tecob\/wp-content\/uploads\/2020\/03\/Orquestri%C3%B3n.jpg?resize=350%2C200&ssl=1 1x, https:\/\/i0.wp.com\/alpoma.net\/tecob\/wp-content\/uploads\/2020\/03\/Orquestri%C3%B3n.jpg?resize=525%2C300&ssl=1 1.5x, https:\/\/i0.wp.com\/alpoma.net\/tecob\/wp-content\/uploads\/2020\/03\/Orquestri%C3%B3n.jpg?resize=700%2C400&ssl=1 2x, https:\/\/i0.wp.com\/alpoma.net\/tecob\/wp-content\/uploads\/2020\/03\/Orquestri%C3%B3n.jpg?resize=1050%2C600&ssl=1 3x, https:\/\/i0.wp.com\/alpoma.net\/tecob\/wp-content\/uploads\/2020\/03\/Orquestri%C3%B3n.jpg?resize=1400%2C800&ssl=1 4x"},"classes":[]},{"id":8446,"url":"https:\/\/alpoma.net\/tecob\/?p=8446","url_meta":{"origin":719,"position":4},"title":"Las paredes oyen","author":"alpoma","date":"27 agosto 2013","format":false,"excerpt":"Oyen... o m\u00e1s bien graban lo que suena en el ambiente. Eso es, al menos, lo que creyeron dos singulares aventureros a quienes se les ocurri\u00f3 realizar cierto experimento. Mencion\u00e9 el caso en mi segundo libro, Crononautas, como ejemplo de experimento guiado m\u00e1s por el deseo que por la posesi\u00f3n\u2026","rel":"","context":"En \u00abObsolescencia\u00bb","block_context":{"text":"Obsolescencia","link":"https:\/\/alpoma.net\/tecob\/?cat=3"},"img":{"alt_text":"kenfig","src":"https:\/\/i0.wp.com\/www.alpoma.net\/tecob\/wp-content\/uploads\/2013\/08\/kenfig-182x300.jpg?resize=350%2C200","width":350,"height":200},"classes":[]},{"id":12503,"url":"https:\/\/alpoma.net\/tecob\/?p=12503","url_meta":{"origin":719,"position":5},"title":"El \u00abcine en relieve\u00bb en la Espa\u00f1a de principios del siglo XX","author":"alpoma","date":"28 diciembre 2016","format":false,"excerpt":"Versi\u00f3n para TecOb del art\u00edculo que publiqu\u00e9 en la revista Historia de Iberia Vieja en diciembre de 2016. El martes tuvo lugar en el sal\u00f3n de actos del Palacio de Comunicaciones la tercera conferencia del ciclo organizado por el Standard Club. (\u2026) Estuvo a cargo del ingeniero de telecomunicaci\u00f3n D.\u2026","rel":"","context":"En \u00abMade in Spain\u00bb","block_context":{"text":"Made in Spain","link":"https:\/\/alpoma.net\/tecob\/?cat=10"},"img":{"alt_text":"","src":"https:\/\/i0.wp.com\/alpoma.net\/tecob\/wp-content\/uploads\/2016\/12\/patente_de_carlos_perez_de_siles-scaled.jpg?resize=350%2C200&ssl=1","width":350,"height":200,"srcset":"https:\/\/i0.wp.com\/alpoma.net\/tecob\/wp-content\/uploads\/2016\/12\/patente_de_carlos_perez_de_siles-scaled.jpg?resize=350%2C200&ssl=1 1x, https:\/\/i0.wp.com\/alpoma.net\/tecob\/wp-content\/uploads\/2016\/12\/patente_de_carlos_perez_de_siles-scaled.jpg?resize=525%2C300&ssl=1 1.5x, https:\/\/i0.wp.com\/alpoma.net\/tecob\/wp-content\/uploads\/2016\/12\/patente_de_carlos_perez_de_siles-scaled.jpg?resize=700%2C400&ssl=1 2x, https:\/\/i0.wp.com\/alpoma.net\/tecob\/wp-content\/uploads\/2016\/12\/patente_de_carlos_perez_de_siles-scaled.jpg?resize=1050%2C600&ssl=1 3x, https:\/\/i0.wp.com\/alpoma.net\/tecob\/wp-content\/uploads\/2016\/12\/patente_de_carlos_perez_de_siles-scaled.jpg?resize=1400%2C800&ssl=1 4x"},"classes":[]}],"jetpack_sharing_enabled":true,"_links":{"self":[{"href":"https:\/\/alpoma.net\/tecob\/index.php?rest_route=\/wp\/v2\/posts\/719","targetHints":{"allow":["GET"]}}],"collection":[{"href":"https:\/\/alpoma.net\/tecob\/index.php?rest_route=\/wp\/v2\/posts"}],"about":[{"href":"https:\/\/alpoma.net\/tecob\/index.php?rest_route=\/wp\/v2\/types\/post"}],"author":[{"embeddable":true,"href":"https:\/\/alpoma.net\/tecob\/index.php?rest_route=\/wp\/v2\/users\/1"}],"replies":[{"embeddable":true,"href":"https:\/\/alpoma.net\/tecob\/index.php?rest_route=%2Fwp%2Fv2%2Fcomments&post=719"}],"version-history":[{"count":0,"href":"https:\/\/alpoma.net\/tecob\/index.php?rest_route=\/wp\/v2\/posts\/719\/revisions"}],"wp:attachment":[{"href":"https:\/\/alpoma.net\/tecob\/index.php?rest_route=%2Fwp%2Fv2%2Fmedia&parent=719"}],"wp:term":[{"taxonomy":"category","embeddable":true,"href":"https:\/\/alpoma.net\/tecob\/index.php?rest_route=%2Fwp%2Fv2%2Fcategories&post=719"},{"taxonomy":"post_tag","embeddable":true,"href":"https:\/\/alpoma.net\/tecob\/index.php?rest_route=%2Fwp%2Fv2%2Ftags&post=719"}],"curies":[{"name":"wp","href":"https:\/\/api.w.org\/{rel}","templated":true}]}}