{"id":710,"date":"2007-04-21T22:00:32","date_gmt":"2007-04-21T20:00:32","guid":{"rendered":"http:\/\/www.alpoma.net\/tecob\/?p=710"},"modified":"2007-04-21T22:02:49","modified_gmt":"2007-04-21T20:02:49","slug":"el-final-de-diesel","status":"publish","type":"post","link":"https:\/\/alpoma.net\/tecob\/?p=710","title":{"rendered":"El final de Diesel"},"content":{"rendered":"<p><img decoding=\"async\" src=\"http:\/\/farm1.static.flickr.com\/206\/467356462_90913235b6.jpg\" alt=\"Diesel\" class=\"dch\"\/>Las <strong>aguas del Canal de la Mancha <\/strong>se mostraban intranquilas <strong>aquella noche del 29 de septiembre de 1913<\/strong>. Surc\u00e1ndolas, un vapor que hab\u00eda partido de Amberes, avanzaba con premura hacia Inglaterra. En cubierta, contemplando el paisaje mar\u00edtimo y el oscuro cielo oto\u00f1al, <strong>un hombre so\u00f1ador y aventurero ignoraba que su vida estaba llegando a su fin<\/strong>. \u00bfO s\u00ed lo sab\u00eda? He ah\u00ed el misterio.<\/p>\n<p><strong>Aquel personaje cambi\u00f3 el mundo<\/strong> y, todav\u00eda hoy, diariamente muchas personas utilizan veh\u00edculos o m\u00e1quinas que son animadas por ingenios nacidos de su mente. En la noche, mirando al horizonte, <strong><a href=\"http:\/\/inventors.about.com\/library\/inventors\/bldiesel.htm\">Rudolf Diesel<\/a><\/strong> posiblemente dedic\u00f3 unos momentos a recordar algunos momentos de su existencia<sup>1<\/sup>. Aquel alem\u00e1n, que hab\u00eda nacido en Par\u00eds en 1858, hab\u00eda recorrido un largo camino hasta dar forma a su obra maestra, el motor que lleva, como nombre, el suyo propio. Tras huir de Par\u00eds en los d\u00edas de la <a href=\"http:\/\/es.wikipedia.org\/wiki\/Guerra_Franco-prusiana\">Guerra Franco-prusiana<\/a>, el jovencito Diesel lleg\u00f3 a Alemania, donde sus primeros pasos como ingeniero fueron alimentados por un maestro de excepci\u00f3n, <strong><a href=\"http:\/\/www.linde-gastherapeutics.com\/International\/Web\/LG\/CO\/likelgalhco.nsf\/docbyalias\/hp_linde\">Carl von Linde<\/a><\/strong>, el \u00abmago\u00bb del fr\u00edo, padre de la industria frigor\u00edfica, el primero en licuar el aire y lograr obtener, de esa forma, ox\u00edgeno y nitr\u00f3geno l\u00edquidos. Pero, para eso, todav\u00eda quedaba alg\u00fan tiempo. Cuando Diesel estaba aprendiendo los entresijos del arte ingenieril junto a Linde, quedaba bastante para que las voluminosas m\u00e1quinas frigor\u00edficas de Carl lograran convertir el aire gaseoso en g\u00e9lido l\u00edquido, origen de millonarias industrias, desde las dedicadas a gases terap\u00e9uticos, a la de soldadura. <\/p>\n<p>Con los a\u00f1os, Rudolf trabaj\u00f3 como representante de varias industrias alemanas en Par\u00eds y, adem\u00e1s, <strong>se empe\u00f1\u00f3 en lograr un motor completamente nuevo<\/strong>. Empez\u00f3 pensando en el combustible, \u00bfqu\u00e9 utilizar? Pens\u00f3 en aceites vegetales, como el de palma, pero pronto se fij\u00f3 en los derivados del petr\u00f3leo. Por otra parte, encontr\u00f3 tiempo para crear toda una <strong>filosof\u00eda social propia<\/strong> que pretendi\u00f3 extender a los cuatro vientos por medio de sus escritos, claro que, en ese aspecto, y en su lucha a favor del <strong>esperanto<\/strong> como lengua internacional de amplio uso, no le hac\u00eda caso casi nadie. <\/p>\n<p>Por fortuna, s\u00ed se fijaron en sus m\u00e1quinas. <strong>Rudolf se volv\u00eda loco con los motores<\/strong>, dise\u00f1\u00f3 todo tipo de ingenios motrices, desde los propulsadas con aire comprimido o calor solar, a su c\u00e9lebre <strong><a href=\"http:\/\/www.k-wz.de\/vmotor\/dieselms.html\">motor de combusti\u00f3n interna<\/a><\/strong>, tal y como aparece descrito en sus patentes. Su primer motor \u00abdi\u00e9sel\u00bb fue puesto en marcha entre 1892 y 93. Se trataba de una m\u00e1quina de raro aspecto, con un gran cilindro \u00fanico. Podr\u00eda ser feo, pero era la mar de efectivo. Poco a poco lo perfeccion\u00f3 y, en el umbral del siglo XX, ya hab\u00eda logrado motores fiables y potentes, adem\u00e1s de <strong>una gran fortuna<\/strong>. S\u00ed, Rudolf era millonario, sus largos a\u00f1os en la industria alemana hab\u00edan dado sus frutos, pod\u00eda estar satisfecho, pero aquella noche, en cubierta, sucedi\u00f3 algo inesperado. <\/p>\n<p><strong>\u00bfPor qu\u00e9 el motor di\u00e9sel ha sobrevivido con tanto \u00e9xito?<\/strong> En aquellos a\u00f1os se dise\u00f1aron decenas de motores de todo tipo, pero con el tiempo s\u00f3lo han sobrevivido unos pocos. El di\u00e9sel surgi\u00f3 como un motor capaz de \u00abtragarse\u00bb cualquier cosa. Originalmente pensado para ser alimentado con aceites o, incluso, polvo de carb\u00f3n, encontr\u00f3 en el gas\u00f3leo su m\u00e1s firme aliado. Era necesario contar con un combustible m\u00e1s pesado que la gasolina para poder lograr el \u00abmilagro\u00bb de la <strong>autoinflamaci\u00f3n sin necesidad de chipas el\u00e9ctricas<\/strong>. Para esa misi\u00f3n, el <strong>gas\u00f3leo <\/strong>se mostr\u00f3 ideal. El motor di\u00e9sel consume menos combustible, un alimento que, adem\u00e1s, es m\u00e1s barato que la gasolina o, al menos, hasta hace no mucho tiempo lo era con bastante diferencia. Hoy, con la electr\u00f3nica y las tecnolog\u00edas de inyecci\u00f3n aplicadas a los motores de gasolina, la competici\u00f3n cl\u00e1sica entre robusto y \u00abbarato\u00bb di\u00e9sel contra potente pero caro motor de gasolina, est\u00e1 perdiendo parte de su sentido, pero a pesar de ello los motores di\u00e9sel parece que tienen vida para bastante tiempo.<\/p>\n<p>El \u00e9xito de la m\u00e1quina no pudo ser contemplado por Rudolf. Al amanecer, acerc\u00e1ndose a las costas brit\u00e1nicas, la inquietud invadi\u00f3 al nav\u00edo. El sol asomaba la ma\u00f1ana del 30 de septiembre de 1913 y, con la luz del d\u00eda, se pudo comprobar que <strong>una persona hab\u00eda desaparecido del barco durante la noche<\/strong>. Diesel se hab\u00eda esfumado. Su cuerpo sin vida apareci\u00f3 al poco tiempo, flotando en las fr\u00edas aguas del Canal, pero aquello no solucion\u00f3 el misterio. \u00bfDecidi\u00f3 Diesel acabar con su vida? \u00bfSufri\u00f3 un accidente? \u00bfFue asesinado? <strong>Con el paso de las d\u00e9cadas se ha especulado de todo<\/strong>, desde conspiraciones y espionaje en el tenso ambiente que precedi\u00f3 a la Gran Guerra, hasta historias fant\u00e1sticas sin base alguna. <strong>Lo \u00fanico seguro es que, aquella noche, el genio que ide\u00f3 una m\u00e1quina maravillosa, dej\u00f3 nuestro mundo de forma s\u00fabita y enigm\u00e1tica. <\/strong><br \/>\n__________<br \/>\n<sup>1<\/sup> Aviso <a href=\"http:\/\/buscon.rae.es\/draeI\/SrvltGUIBusUsual?TIPO_HTML=2&#038;TIPO_BUS=3&#038;LEMA=di%C3%A9sel\">ortogr\u00e1fico<\/a>: He optado por utilizar el apellido en su graf\u00eda sin tilde, Diesel y, al referirme al motor, he empleado la variante con tilde, di\u00e9sel. Creo que se trata de la opci\u00f3n correcta, aunque sobre la cuesti\u00f3n hay opiniones de todo tipo. <\/p>\n","protected":false},"excerpt":{"rendered":"<div class=\"mh-excerpt\"><p>Las aguas del Canal de la Mancha se mostraban intranquilas aquella noche del 29 de septiembre de 1913. Surc\u00e1ndolas, un vapor que hab\u00eda partido de Amberes, avanzaba con premura hacia <a class=\"mh-excerpt-more\" href=\"https:\/\/alpoma.net\/tecob\/?p=710\" title=\"El final de Diesel\">[&#8230;]<\/a><\/p>\n<\/div>","protected":false},"author":1,"featured_media":11016,"comment_status":"open","ping_status":"open","sticky":false,"template":"","format":"standard","meta":{"jetpack_post_was_ever_published":false,"_jetpack_newsletter_access":"","_jetpack_dont_email_post_to_subs":false,"_jetpack_newsletter_tier_id":0,"_jetpack_memberships_contains_paywalled_content":false,"_jetpack_memberships_contains_paid_content":false,"footnotes":""},"categories":[3],"tags":[],"class_list":["post-710","post","type-post","status-publish","format-standard","has-post-thumbnail","hentry","category-obsolescencia"],"jetpack_featured_media_url":"https:\/\/alpoma.net\/tecob\/wp-content\/uploads\/2007\/04\/467356462_90913235b6.jpg","jetpack_shortlink":"https:\/\/wp.me\/p93Dc1-bs","jetpack-related-posts":[{"id":12465,"url":"https:\/\/alpoma.net\/tecob\/?p=12465","url_meta":{"origin":710,"position":0},"title":"El d\u00eda que Charles Lindbergh ameriz\u00f3 en Santo\u00f1a","author":"alpoma","date":"19 noviembre 2016","format":false,"excerpt":"Que una de las mayores figuras de la historia de la aviaci\u00f3n llegue con su hidroavi\u00f3n a la costa c\u00e1ntabra, tiene su punto de atractivo. Este es el tipo de historia sencilla con el que te cruzas en la prensa de \u00e9poca y que acaba pic\u00e1ndote la curiosidad porque, si\u2026","rel":"","context":"En \u00abMade in Spain\u00bb","block_context":{"text":"Made in Spain","link":"https:\/\/alpoma.net\/tecob\/?cat=10"},"img":{"alt_text":"","src":"https:\/\/i0.wp.com\/alpoma.net\/tecob\/wp-content\/uploads\/2016\/11\/albatros_santona2.png?resize=350%2C200&ssl=1","width":350,"height":200,"srcset":"https:\/\/i0.wp.com\/alpoma.net\/tecob\/wp-content\/uploads\/2016\/11\/albatros_santona2.png?resize=350%2C200&ssl=1 1x, https:\/\/i0.wp.com\/alpoma.net\/tecob\/wp-content\/uploads\/2016\/11\/albatros_santona2.png?resize=525%2C300&ssl=1 1.5x"},"classes":[]},{"id":748,"url":"https:\/\/alpoma.net\/tecob\/?p=748","url_meta":{"origin":710,"position":1},"title":"Michael Ventris","author":"alpoma","date":"29 julio 2007","format":false,"excerpt":"El 6 de septiembre de 1956, falleci\u00f3 un hombre v\u00edctima de una accidente de tr\u00e1fico. Era una persona m\u00e1s, normal y corriente, a quien la fortuna hab\u00eda abandonado de repente a merced de un tr\u00e1gico error, como le sucede a tantos otros que mueren en la carretera. Solo ten\u00eda 34\u2026","rel":"","context":"En \u00abObsolescencia\u00bb","block_context":{"text":"Obsolescencia","link":"https:\/\/alpoma.net\/tecob\/?cat=3"},"img":{"alt_text":"","src":"https:\/\/i0.wp.com\/alpoma.net\/tecob\/wp-content\/uploads\/2007\/07\/942689466_f8e7fd7513_m.jpg?resize=350%2C200&ssl=1","width":350,"height":200},"classes":[]},{"id":752,"url":"https:\/\/alpoma.net\/tecob\/?p=752","url_meta":{"origin":710,"position":2},"title":"La desconocida del Sena","author":"alpoma","date":"3 agosto 2007","format":false,"excerpt":"Par\u00eds, a\u00f1o 1900, en las aguas del Sena aparece el cad\u00e1ver de una jovencita. Aparentemente, se ha suicidado, ahog\u00e1ndose en el r\u00edo que cruza la capital francesa. El cuerpo es trasladado a la morgue, donde pasa el tiempo sin que nadie lo reclame. Un empleado del dep\u00f3sito de cad\u00e1veres, fascinado\u2026","rel":"","context":"En \u00abObsolescencia\u00bb","block_context":{"text":"Obsolescencia","link":"https:\/\/alpoma.net\/tecob\/?cat=3"},"img":{"alt_text":"","src":"","width":0,"height":0},"classes":[]},{"id":12136,"url":"https:\/\/alpoma.net\/tecob\/?p=12136","url_meta":{"origin":710,"position":3},"title":"Andrew Crosse, \u00bfel verdadero Frankenstein?","author":"alpoma","date":"17 junio 2016","format":false,"excerpt":"La figura de Andrew Crosse me intriga desde hace a\u00f1os. Escrib\u00ed sobre su vida en 2009 en este mismo blog y fue uno de los personajes fugaces que aparecen en mi novela El viaje de Argos. Ahora, en el verano de 2016, se cumplen 200 a\u00f1os de una noche m\u00e1gica.\u2026","rel":"","context":"En \u00abObsolescencia\u00bb","block_context":{"text":"Obsolescencia","link":"https:\/\/alpoma.net\/tecob\/?cat=3"},"img":{"alt_text":"","src":"https:\/\/i0.wp.com\/alpoma.net\/tecob\/wp-content\/uploads\/2016\/06\/andrew-crosse-scaled.jpg?resize=350%2C200&ssl=1","width":350,"height":200,"srcset":"https:\/\/i0.wp.com\/alpoma.net\/tecob\/wp-content\/uploads\/2016\/06\/andrew-crosse-scaled.jpg?resize=350%2C200&ssl=1 1x, https:\/\/i0.wp.com\/alpoma.net\/tecob\/wp-content\/uploads\/2016\/06\/andrew-crosse-scaled.jpg?resize=525%2C300&ssl=1 1.5x, https:\/\/i0.wp.com\/alpoma.net\/tecob\/wp-content\/uploads\/2016\/06\/andrew-crosse-scaled.jpg?resize=700%2C400&ssl=1 2x, https:\/\/i0.wp.com\/alpoma.net\/tecob\/wp-content\/uploads\/2016\/06\/andrew-crosse-scaled.jpg?resize=1050%2C600&ssl=1 3x, https:\/\/i0.wp.com\/alpoma.net\/tecob\/wp-content\/uploads\/2016\/06\/andrew-crosse-scaled.jpg?resize=1400%2C800&ssl=1 4x"},"classes":[]},{"id":12868,"url":"https:\/\/alpoma.net\/tecob\/?p=12868","url_meta":{"origin":710,"position":4},"title":"La aventura del \u00abP\u00e1jaro amarillo\u00bb y el primer poliz\u00f3n a\u00e9reo","author":"alpoma","date":"16 septiembre 2017","format":false,"excerpt":"En plena \u00e9poca de grandes gestas aeron\u00e1uticas, tres aviadores franceses deciden volar en su \"P\u00e1jaro amarillo\" desde Estados Unidos hasta Francia. Tras muchas aventuras, se convertir\u00e1n en la cuarta tripulaci\u00f3n que logre cruzar el \"charco\" del Atl\u00e1ntico, adem\u00e1s de ser los primeros europeos en hacerlo (y, tambi\u00e9n, fueron los primeros\u2026","rel":"","context":"En \u00abObsolescencia\u00bb","block_context":{"text":"Obsolescencia","link":"https:\/\/alpoma.net\/tecob\/?cat=3"},"img":{"alt_text":"","src":"https:\/\/i0.wp.com\/alpoma.net\/tecob\/wp-content\/uploads\/2017\/09\/arthur-schreiber.png?resize=350%2C200&ssl=1","width":350,"height":200,"srcset":"https:\/\/i0.wp.com\/alpoma.net\/tecob\/wp-content\/uploads\/2017\/09\/arthur-schreiber.png?resize=350%2C200&ssl=1 1x, https:\/\/i0.wp.com\/alpoma.net\/tecob\/wp-content\/uploads\/2017\/09\/arthur-schreiber.png?resize=525%2C300&ssl=1 1.5x"},"classes":[]},{"id":8973,"url":"https:\/\/alpoma.net\/tecob\/?p=8973","url_meta":{"origin":710,"position":5},"title":"El aeronauta temerario y una escena de amor a bordo de un globo (1785)","author":"alpoma","date":"15 abril 2014","format":false,"excerpt":"En un mundo que acababa de descubrir c\u00f3mo volar en globos de aire caliente o, tambi\u00e9n, de hidr\u00f3geno, la pasi\u00f3n por el vuelo no tard\u00f3 en llegar a todas partes. Por doquier aparec\u00edan los imitadores de los hermanos Montgolfier1, queriendo emular los c\u00e9lebres vuelos con aerostatos en Francia, aunque pocos\u2026","rel":"","context":"En \u00abObsolescencia\u00bb","block_context":{"text":"Obsolescencia","link":"https:\/\/alpoma.net\/tecob\/?cat=3"},"img":{"alt_text":"","src":"https:\/\/i0.wp.com\/alpoma.net\/tecob\/wp-content\/uploads\/2014\/04\/Letitia_Ann_Sage.jpg?resize=350%2C200&ssl=1","width":350,"height":200,"srcset":"https:\/\/i0.wp.com\/alpoma.net\/tecob\/wp-content\/uploads\/2014\/04\/Letitia_Ann_Sage.jpg?resize=350%2C200&ssl=1 1x, https:\/\/i0.wp.com\/alpoma.net\/tecob\/wp-content\/uploads\/2014\/04\/Letitia_Ann_Sage.jpg?resize=525%2C300&ssl=1 1.5x"},"classes":[]}],"jetpack_sharing_enabled":true,"_links":{"self":[{"href":"https:\/\/alpoma.net\/tecob\/index.php?rest_route=\/wp\/v2\/posts\/710","targetHints":{"allow":["GET"]}}],"collection":[{"href":"https:\/\/alpoma.net\/tecob\/index.php?rest_route=\/wp\/v2\/posts"}],"about":[{"href":"https:\/\/alpoma.net\/tecob\/index.php?rest_route=\/wp\/v2\/types\/post"}],"author":[{"embeddable":true,"href":"https:\/\/alpoma.net\/tecob\/index.php?rest_route=\/wp\/v2\/users\/1"}],"replies":[{"embeddable":true,"href":"https:\/\/alpoma.net\/tecob\/index.php?rest_route=%2Fwp%2Fv2%2Fcomments&post=710"}],"version-history":[{"count":0,"href":"https:\/\/alpoma.net\/tecob\/index.php?rest_route=\/wp\/v2\/posts\/710\/revisions"}],"wp:featuredmedia":[{"embeddable":true,"href":"https:\/\/alpoma.net\/tecob\/index.php?rest_route=\/wp\/v2\/media\/11016"}],"wp:attachment":[{"href":"https:\/\/alpoma.net\/tecob\/index.php?rest_route=%2Fwp%2Fv2%2Fmedia&parent=710"}],"wp:term":[{"taxonomy":"category","embeddable":true,"href":"https:\/\/alpoma.net\/tecob\/index.php?rest_route=%2Fwp%2Fv2%2Fcategories&post=710"},{"taxonomy":"post_tag","embeddable":true,"href":"https:\/\/alpoma.net\/tecob\/index.php?rest_route=%2Fwp%2Fv2%2Ftags&post=710"}],"curies":[{"name":"wp","href":"https:\/\/api.w.org\/{rel}","templated":true}]}}