{"id":7097,"date":"2012-08-26T23:53:03","date_gmt":"2012-08-26T21:53:03","guid":{"rendered":"http:\/\/www.alpoma.net\/tecob\/?p=7097"},"modified":"2012-08-26T23:54:44","modified_gmt":"2012-08-26T21:54:44","slug":"neil-armstrong-y-el-vuelo-del-gemini-8","status":"publish","type":"post","link":"https:\/\/alpoma.net\/tecob\/?p=7097","title":{"rendered":"Neil Armstrong y el vuelo del Gemini 8"},"content":{"rendered":"<p><a href=\"http:\/\/www.flickr.com\/photos\/alpoma\/7867403172\/\" title=\"Camino de la historia, on Flickr\"><img loading=\"lazy\" decoding=\"async\" src=\"http:\/\/farm9.staticflickr.com\/8438\/7867403172_32e1b06c98_n.jpg\" width=\"222\" height=\"320\" alt=\"camino\" class=\"dch\"\/><\/a>A estas horas ya ha sido comentado por todas partes, ha fallecido<strong> Neil Armstrong<\/strong>, el primer ser humano en poner el pie no s\u00f3lo en nuestra Luna, sino el primero en hacerlo en un cuerpo celeste que no fuera nuestro mundo. No repetir\u00e9 nada de lo dicho por doquier, si acaso he de recomendar vivamente el recuerdo a Neil que ha escrito Daniel Mar\u00edn en <strong><a href=\"http:\/\/danielmarin.blogspot.com.es\/2012\/08\/neil-armstrong-1930-2012.html\">Eureka<\/a><\/strong>. Pero, por el contrario, s\u00ed quiero recordar brevemente la otra aventura espacial de Armstrong, casi olvidada por el brillo del Apolo 11, me refiero a la <strong>misi\u00f3n Gemini 8 <\/strong>(o Gemini VIII como se conoci\u00f3 oficialmente).<\/p>\n<p><strong>Al futuro h\u00e9roe lunar le esperaba un viaje nada tranquilo<\/strong>. El Gemini 8, la sexta c\u00e1psula tripulada del programa estadounidense Gemini, <strong>ten\u00eda como misi\u00f3n encontrarse en el espacio con un Agena<\/strong>, b\u00e1sicamente una secci\u00f3n de cohete automatizada, <strong>para ejecutar el primer acoplamiento de dos naves espaciales de la historia<\/strong>. El reto fue conseguido, pero todo se torci\u00f3 dando lugar al <strong>primer fallo cr\u00edtico de una nave estadounidense en el espacio<\/strong>, el \u00fanico sucedido hasta que el <strong>Apolo 13<\/strong> sufri\u00f3 su famoso problemilla camino de la Luna. <\/p>\n<p>La mec\u00e1nica de la misi\u00f3n era, simplemente, como el juego del rat\u00f3n y el gato. Luego, en realidad, de sencillo no ten\u00eda. Por una parte sal\u00eda al espacio el Agena, por otra el Gemini y ajustando sus velocidades y trayectorias con sumo cuidado, los dos veh\u00edculos tendr\u00edan que acoplarse en el espacio en \u00f3rbita baja. Sucedi\u00f3 <strong>entre el 16 y el 17 de marzo de 1966<\/strong>, todo se desarroll\u00f3 con perfecci\u00f3n: funcion\u00f3 bien el sistema de localizaci\u00f3n por radar, el automatismo de aproximaci\u00f3n, la inspecci\u00f3n visual del exterior del Agena y, finalmente, el<strong> acoplamiento de las dos naves<\/strong>. A bordo del Gemini 8, felices y contentos con su haza\u00f1a, nada menos que el primer acoplamiento de ese tipo en la historia, volaban el <strong>Neil A. Armstrong y David R. Scott<\/strong>. Era el primer vuelo espacial para los dos y a punto estuvo de ser el \u00faltimo. <\/p>\n<p>Con las dos naves volando juntas, todo parec\u00eda marchar bien, pero <strong>pronto empezaron los problemas<\/strong>. El Agena parec\u00eda \u00abtirar\u00bb de todo el conjunto de forma extra\u00f1a, haciendo giros inesperados. Aunque Armstrong era un piloto magn\u00edfico, el control manual de las dos naves era poco menos que algo rudimentario y no pudo hacer mucho por controlar el vuelo. Las maniobras de correcci\u00f3n de rumbo estaban acabando con el combustible de la Gemini, por lo que se decidi\u00f3 que era mejor dejarse de aventuras y regresar a casa aunque aquello supusiera abortar el resto de la misi\u00f3n. Sin embargo, incluso despu\u00e9s de desacoplarse del Agena, continuaron los problemas. Parec\u00eda que <strong>la culpa de todo aquello se encontraba en el propio veh\u00edculo Gemini<\/strong>, que comenz\u00f3 a girar sobre s\u00ed mismo a una velocidad muy molesta para los astronautas, que perd\u00edan continuamente toda referencia visual exterior. Se hallaban en un grave aprieto. S\u00f3lo cab\u00eda una soluci\u00f3n, reentrar en la atm\u00f3sfera terrestre, pero hab\u00eda un peque\u00f1o problema. Seg\u00fan los planes originales esa maniobra no deb\u00eda suceder hasta pasados unos d\u00edas y, adem\u00e1s, ser\u00eda sobre el Atl\u00e1ntico. Pero, en la cr\u00edtica situaci\u00f3 en la que se encontraban, <strong>no cab\u00eda otra cosa que descender sobre Asia, cayendo al Pac\u00edfico.<\/strong> Con rapidez, se puso rumbo a la zona de amerizaje un nav\u00edo, con la esperanza de llegar a tiempo&#8230; \u00a1si es que alguno de los atronautas segu\u00eda vivo! No hab\u00eda comunicaci\u00f3n con la nave pues comenz\u00f3 la reentrada lejos del alcance de los sistema de escucha estadounidenses. Por suerte, todo sali\u00f3 bien, la c\u00e1psula ameriz\u00f3 correctamente y fue localizada y rescatada con sus dos tripulantes en perfecto estado. <\/p>\n<p>A pesar de los estudios de la comisi\u00f3n encargada de revisar el caso,<strong> nunca se encontr\u00f3 el origen final del fallo<\/strong>, aunque se supuso que deb\u00eda encontrarse en los propulsores de maniobra del Gemini, por lo que a partir de ese momento se mejor\u00f3 todo el sistema que, presuntamente, hab\u00eda estado implicado en el fallo cr\u00edtico. <strong>Las siguiente im\u00e1genes corresponden a aquella primera experiencia espacial de Armstrong, toda una aventura que a punto estuvo de terminar muy mal.<\/strong><\/p>\n<p><a href=\"http:\/\/www.flickr.com\/photos\/alpoma\/7867438378\/\" title=\"Cuenta atr\u00e1s, on Flickr\"><img loading=\"lazy\" decoding=\"async\" src=\"http:\/\/farm8.staticflickr.com\/7116\/7867438378_e33677df92_o.jpg\" width=\"620\" height=\"430\" alt=\"espera\" class=\"otros\"\/><\/a><br \/>\nNeil Armstrong a bordo de la Gemini 8, durante la cuentra atr\u00e1s. <\/p>\n<p><a href=\"http:\/\/www.flickr.com\/photos\/alpoma\/7867279332\/\" title=\"Lanzamiento Gemini 8, on Flickr\"><img loading=\"lazy\" decoding=\"async\" src=\"http:\/\/farm9.staticflickr.com\/8289\/7867279332_74430ceda1_o.jpg\" width=\"620\" height=\"870\" alt=\"Lanzamiento\" class=\"otros\"\/><\/a><br \/>\nLanzamiento del cohete Titan II con la c\u00e1psula Gemini 8, 16 de marzo de 1966.<\/p>\n<p><a href=\"http:\/\/www.flickr.com\/photos\/alpoma\/7867166334\/\" title=\"Aproximaci\u00f3n al Agena, on Flickr\"><img loading=\"lazy\" decoding=\"async\" src=\"http:\/\/farm8.staticflickr.com\/7126\/7867166334_8cf269a347_o.jpg\" width=\"620\" height=\"585\" alt=\"aproximacion\" class=\"otros\"\/><\/a><br \/>\nLa c\u00e1psula <em>Gemini 8<\/em> aproxim\u00e1ndose al veh\u00edculo <em>Agena<\/em>.<\/p>\n<p><a href=\"http:\/\/www.flickr.com\/photos\/alpoma\/7867190604\/\" title=\"A salvo, on Flickr\"><img loading=\"lazy\" decoding=\"async\" src=\"http:\/\/farm8.staticflickr.com\/7271\/7867190604_433fb266ee_o.jpg\" width=\"620\" height=\"620\" alt=\"a_salvo\" class=\"otros\"\/><\/a><br \/>\nArmstrong y Scott esperan tranquilamente su rescate por parte del equipo del destructor <em>U.S.S. Leonard F. Mason<\/em>.<\/p>\n<p><a href=\"http:\/\/www.flickr.com\/photos\/alpoma\/7867302742\/\" title=\"Regreso, on Flickr\"><img loading=\"lazy\" decoding=\"async\" src=\"http:\/\/farm8.staticflickr.com\/7136\/7867302742_90064d5f79_o.jpg\" width=\"620\" height=\"605\" alt=\"regreso\" class=\"otros\"\/><\/a><br \/>\nScott y Armstrong a bordo del destructor que les llev\u00f3 a Okinawa tras ser recuperada la c\u00e1psula Gemini 8 de aguas del Pac\u00edfico.<\/p>\n<p><a href=\"http:\/\/www.flickr.com\/photos\/alpoma\/7867367962\/\" title=\"Recuperaci\u00f3n, on Flickr\"><img loading=\"lazy\" decoding=\"async\" src=\"http:\/\/farm8.staticflickr.com\/7247\/7867367962_b28079f54d_o.jpg\" width=\"620\" height=\"471\" alt=\"recogida\" class=\"otros\"\/><\/a><br \/>\nLa Gemini 8, subida a bordo del <em>U.S.S. Leonard F. Mason.<\/em><\/p>\n<p><strong>Imagen de cabecera del art\u00edculo<\/strong>: Scott y Armstrong camino de la historia. &#8211; <strong>Fuente de las im\u00e1genes<\/strong>: <a href=\"http:\/\/archive.org\/details\/nasa\">NASA Images \/ Archive.org<\/a> y <a href=\"http:\/\/grin.hq.nasa.gov\">NASA Great Images<\/a>.<\/p>\n","protected":false},"excerpt":{"rendered":"<div class=\"mh-excerpt\"><p>A estas horas ya ha sido comentado por todas partes, ha fallecido Neil Armstrong, el primer ser humano en poner el pie no s\u00f3lo en nuestra Luna, sino el primero <a class=\"mh-excerpt-more\" href=\"https:\/\/alpoma.net\/tecob\/?p=7097\" title=\"Neil Armstrong y el vuelo del Gemini 8\">[&#8230;]<\/a><\/p>\n<\/div>","protected":false},"author":1,"featured_media":10923,"comment_status":"open","ping_status":"open","sticky":false,"template":"","format":"standard","meta":{"jetpack_post_was_ever_published":false,"_jetpack_newsletter_access":"","_jetpack_dont_email_post_to_subs":false,"_jetpack_newsletter_tier_id":0,"_jetpack_memberships_contains_paywalled_content":false,"_jetpack_memberships_contains_paid_content":false,"footnotes":""},"categories":[3],"tags":[],"class_list":["post-7097","post","type-post","status-publish","format-standard","has-post-thumbnail","hentry","category-obsolescencia"],"jetpack_featured_media_url":"https:\/\/alpoma.net\/tecob\/wp-content\/uploads\/2012\/08\/7867403172_32e1b06c98_n.jpg","jetpack_shortlink":"https:\/\/wp.me\/p93Dc1-1Qt","jetpack-related-posts":[{"id":6016,"url":"https:\/\/alpoma.net\/tecob\/?p=6016","url_meta":{"origin":7097,"position":0},"title":"Camino a la Luna, los archivos fotogr\u00e1ficos de las misiones Gemini y Mercury","author":"alpoma","date":"10 enero 2012","format":false,"excerpt":"Aunque no son tan citadas como el Proyecto Apolo, todo tiene un comienzo, y la carrera espacial de los Estados Unidos o, lo que es igual, el camino hacia la Luna, parti\u00f3 de los pioneros vuelos de c\u00e1psulas como las de los programas Mercury o Gemini. La NASA, con el\u2026","rel":"","context":"En \u00abObsolescencia\u00bb","block_context":{"text":"Obsolescencia","link":"https:\/\/alpoma.net\/tecob\/?cat=3"},"img":{"alt_text":"","src":"https:\/\/i0.wp.com\/alpoma.net\/tecob\/wp-content\/uploads\/2012\/01\/6674139233_465dea84c7_z.jpg?resize=350%2C200&ssl=1","width":350,"height":200,"srcset":"https:\/\/i0.wp.com\/alpoma.net\/tecob\/wp-content\/uploads\/2012\/01\/6674139233_465dea84c7_z.jpg?resize=350%2C200&ssl=1 1x, https:\/\/i0.wp.com\/alpoma.net\/tecob\/wp-content\/uploads\/2012\/01\/6674139233_465dea84c7_z.jpg?resize=525%2C300&ssl=1 1.5x"},"classes":[]},{"id":8087,"url":"https:\/\/alpoma.net\/tecob\/?p=8087","url_meta":{"origin":7097,"position":1},"title":"Y se hizo la luz (el\u00e9ctrica)","author":"alpoma","date":"10 abril 2013","format":false,"excerpt":"La bella mansi\u00f3n que aparece en la fotograf\u00eda que acompa\u00f1a estas letras es la propiedad Cragside, situada en el norte de Inglaterra, en Northumberland, entre bosques y monta\u00f1as. Este lugar atrajo la atenci\u00f3n de William Armstrong, uno de los m\u00e1s c\u00e9lebres ingenieros e industriales brit\u00e1nicos del siglo XIX. Hace ahora\u2026","rel":"","context":"En \u00abObsolescencia\u00bb","block_context":{"text":"Obsolescencia","link":"https:\/\/alpoma.net\/tecob\/?cat=3"},"img":{"alt_text":"Cragside","src":"https:\/\/i0.wp.com\/farm9.staticflickr.com\/8392\/8636562841_4f7fc9e2cd_n.jpg?resize=350%2C200","width":350,"height":200},"classes":[]},{"id":5023,"url":"https:\/\/alpoma.net\/tecob\/?p=5023","url_meta":{"origin":7097,"position":2},"title":"Nikola Tesla: Yo y la energ\u00eda","author":"alpoma","date":"1 julio 2011","format":false,"excerpt":"La figura de Nikola Tesla, uno de los padres de la tecnolog\u00eda el\u00e9ctrica actual, ha visto c\u00f3mo en los \u00faltimos tiempos ha renacido de las formas m\u00e1s extra\u00f1as imaginables el inter\u00e9s por su obra y vida. El problema de ver a Tesla mencionado en pel\u00edculas, c\u00f3mics, libros de todo tipo,\u2026","rel":"","context":"En \u00abPersonal\u00bb","block_context":{"text":"Personal","link":"https:\/\/alpoma.net\/tecob\/?cat=2"},"img":{"alt_text":"Yo y la energ\u00eda","src":"https:\/\/i0.wp.com\/farm6.static.flickr.com\/5309\/5891072563_1c11a97300_m.jpg?resize=350%2C200","width":350,"height":200},"classes":[]},{"id":5081,"url":"https:\/\/alpoma.net\/tecob\/?p=5081","url_meta":{"origin":7097,"position":3},"title":"Hotel Ryugyong reloaded","author":"alpoma","date":"14 julio 2011","format":false,"excerpt":"Como si esto fuera Matrix, poco m\u00e1s o menos. Es conocida la situaci\u00f3n de la poblaci\u00f3n de Corea del Norte y no creo que sea necesario comentar nada sobre las terribles condiciones en las que viven pero claro, el 15 de abril de 2012 la dictadura norcoreana celebrar\u00e1 por todo\u2026","rel":"","context":"En \u00abObsolescencia\u00bb","block_context":{"text":"Obsolescencia","link":"https:\/\/alpoma.net\/tecob\/?cat=3"},"img":{"alt_text":"","src":"https:\/\/i0.wp.com\/alpoma.net\/tecob\/wp-content\/uploads\/2011\/07\/5937359969_8b7bdd3cab_o.jpg?resize=350%2C200&ssl=1","width":350,"height":200,"srcset":"https:\/\/i0.wp.com\/alpoma.net\/tecob\/wp-content\/uploads\/2011\/07\/5937359969_8b7bdd3cab_o.jpg?resize=350%2C200&ssl=1 1x, https:\/\/i0.wp.com\/alpoma.net\/tecob\/wp-content\/uploads\/2011\/07\/5937359969_8b7bdd3cab_o.jpg?resize=525%2C300&ssl=1 1.5x"},"classes":[]},{"id":7173,"url":"https:\/\/alpoma.net\/tecob\/?p=7173","url_meta":{"origin":7097,"position":4},"title":"Mapa del ciberuniverso (vamos, de Internet)","author":"alpoma","date":"7 septiembre 2012","format":false,"excerpt":"Mapas de la red hay, ha habido y habr\u00e1, muchos, pero \u00e9ste que me lleg\u00f3 hace poco v\u00eda swissmiss me resulta particulamente atractivo. M\u00e1s que nada, es por lo sencillo de su uso, pues emplea el interface cl\u00e1sico de Google Maps y marcha muy fino. El proyecto en s\u00ed es\u2026","rel":"","context":"En \u00abExperimentos\u00bb","block_context":{"text":"Experimentos","link":"https:\/\/alpoma.net\/tecob\/?cat=9"},"img":{"alt_text":"","src":"https:\/\/i0.wp.com\/alpoma.net\/tecob\/wp-content\/uploads\/2012\/09\/7950070616_f1a31c7f5e_o.jpg?resize=350%2C200&ssl=1","width":350,"height":200,"srcset":"https:\/\/i0.wp.com\/alpoma.net\/tecob\/wp-content\/uploads\/2012\/09\/7950070616_f1a31c7f5e_o.jpg?resize=350%2C200&ssl=1 1x, https:\/\/i0.wp.com\/alpoma.net\/tecob\/wp-content\/uploads\/2012\/09\/7950070616_f1a31c7f5e_o.jpg?resize=525%2C300&ssl=1 1.5x"},"classes":[]},{"id":7802,"url":"https:\/\/alpoma.net\/tecob\/?p=7802","url_meta":{"origin":7097,"position":5},"title":"[Libro] El calamar gigante","author":"alpoma","date":"14 febrero 2013","format":false,"excerpt":"Har\u00e1 unos veinte d\u00edas visit\u00e9 la librer\u00eda del CSIC en Madrid. Tengo ese lugar marcado en rojo en un mapa mental para intentar no entrar, si me acerco a la zona del Congreso de los Diputados, porque no puedo salir de all\u00ed sin comprar algo... o mucho. Bromas aparte, en\u2026","rel":"","context":"En \u00abGeo\u00bb","block_context":{"text":"Geo","link":"https:\/\/alpoma.net\/tecob\/?cat=5"},"img":{"alt_text":"calamar_gigante","src":"https:\/\/i0.wp.com\/www.alpoma.net\/tecob\/wp-content\/uploads\/2013\/02\/calamar_gigante.png?resize=350%2C200","width":350,"height":200},"classes":[]}],"jetpack_sharing_enabled":true,"_links":{"self":[{"href":"https:\/\/alpoma.net\/tecob\/index.php?rest_route=\/wp\/v2\/posts\/7097","targetHints":{"allow":["GET"]}}],"collection":[{"href":"https:\/\/alpoma.net\/tecob\/index.php?rest_route=\/wp\/v2\/posts"}],"about":[{"href":"https:\/\/alpoma.net\/tecob\/index.php?rest_route=\/wp\/v2\/types\/post"}],"author":[{"embeddable":true,"href":"https:\/\/alpoma.net\/tecob\/index.php?rest_route=\/wp\/v2\/users\/1"}],"replies":[{"embeddable":true,"href":"https:\/\/alpoma.net\/tecob\/index.php?rest_route=%2Fwp%2Fv2%2Fcomments&post=7097"}],"version-history":[{"count":0,"href":"https:\/\/alpoma.net\/tecob\/index.php?rest_route=\/wp\/v2\/posts\/7097\/revisions"}],"wp:featuredmedia":[{"embeddable":true,"href":"https:\/\/alpoma.net\/tecob\/index.php?rest_route=\/wp\/v2\/media\/10923"}],"wp:attachment":[{"href":"https:\/\/alpoma.net\/tecob\/index.php?rest_route=%2Fwp%2Fv2%2Fmedia&parent=7097"}],"wp:term":[{"taxonomy":"category","embeddable":true,"href":"https:\/\/alpoma.net\/tecob\/index.php?rest_route=%2Fwp%2Fv2%2Fcategories&post=7097"},{"taxonomy":"post_tag","embeddable":true,"href":"https:\/\/alpoma.net\/tecob\/index.php?rest_route=%2Fwp%2Fv2%2Ftags&post=7097"}],"curies":[{"name":"wp","href":"https:\/\/api.w.org\/{rel}","templated":true}]}}