{"id":709,"date":"2007-04-19T14:48:07","date_gmt":"2007-04-19T12:48:07","guid":{"rendered":"http:\/\/www.alpoma.net\/tecob\/?p=709"},"modified":"2009-12-12T12:26:31","modified_gmt":"2009-12-12T10:26:31","slug":"el-sonido-de-la-guillotina","status":"publish","type":"post","link":"https:\/\/alpoma.net\/tecob\/?p=709","title":{"rendered":"El sonido de la guillotina"},"content":{"rendered":"<p>Nunca he escuchado el sonido de una guillotina \u00abtrabajando\u00bb y espero no tener que hacerlo nunca. No obstante, se trata de un recurso muy efectivo en algunos casos, como el que voy a referir brevemente. He de reconocer que, <strong>en cuanto a la \u00f3pera, soy bastante mani\u00e1tico<\/strong>. Muy pocas \u00f3peras me gustan pero, cuando lo hacen, me atraen apasionadamente. Es el caso de <strong>Lul\u00fa<\/strong>, de Alban Berg, que <a href=\"http:\/\/www.alpoma.net\/tecob\/?p=457\">ya visit\u00f3 <em>TecOb<\/em><\/a> hace bastante tiempo, o Wozzeck, del mismo compositor. Lo mismo puedo decir de otras obras que, sin ser \u00f3peras, s\u00ed comparten cierto esp\u00edritu oper\u00edstico, como Juana de Arco en la hoguera<sup>1<\/sup> de Honegger. Eso s\u00ed, este grupo de \u00f3peras que me dejan sin aliento no superan la media docena, puede que sea por un exceso de dureza de o\u00eddo, o de coraz\u00f3n, pero el resto del oc\u00e9ano oper\u00edstico no suele decirme casi nada.<\/p>\n<p>El caso de <strong><a href=\"http:\/\/es.wikipedia.org\/wiki\/Di%C3%A1logos_de_carmelitas_%28%C3%B3pera%29\">Di\u00e1logos de Carmelitas<\/a><\/strong> es especial. Me sobrecoge, me sumerge en una \u00e9poca tr\u00e1gica de la historia europea de una forma casi enfermiza. Se trata de una obra maestra del compositor franc\u00e9s <strong>Francis Poulenc<\/strong>, un magn\u00edfico trabajo que crea un complejo juego con la psicolog\u00eda de los personajes a trav\u00e9s de una intrincada trama de melod\u00edas sobresalientes. Ahora bien, lo que me gustar\u00eda destacar, y por eso he decidido escribir este peque\u00f1o texto, es <strong>c\u00f3mo termina la obra<\/strong>.<\/p>\n<p>Hay finales apote\u00f3sicos, tr\u00e1gicos, alegres, olvidables, aburridos, ext\u00e1ticos&#8230; pero s\u00f3lo algunos se convierten en memorables juegos de sentimientos y emociones porque sobresalen por encima de todos los dem\u00e1s. Ya sea una novela o una pel\u00edcula, algunas obras se estropean con su terminaci\u00f3n o, lo que era una obra m\u00e1s o menos pasable, se troca en algo a recordar, precisamente por un final sorprendente. En Di\u00e1logos de Carmelitas, en mi <strong>subjetiv\u00edsima<\/strong> opini\u00f3n, uno se encuentra con <strong>el m\u00e1s sobrecogedor final de la historia de la \u00f3pera<\/strong>. No importa el n\u00famero de veces que lo escuche, siempre me causa el mismo efecto.<\/p>\n<p><strong>\u00bfD\u00f3nde est\u00e1 lo especial de este finale?<\/strong> Sencillamente en el \u00absonido\u00bb de la guillotina. Las monjas, que han sido las protagonistas de la obra, tras ser condenadas a morir guillotinadas por orden del Terror, en plena Revoluci\u00f3n Francesa, suben al cadalso cantando el <em>Salve Regina<\/em> y, una a una, las voces enmudecen cuando la met\u00e1lica hoja siega sus vidas, hasta que, al final, desaparecen.<\/p>\n<p>En verdad, <strong>hay que escucharlo para darse cuenta de la maestr\u00eda con que Poulenc trata tan tr\u00e1gico momento<\/strong>. Como estas torpes palabras escritas no pueden hacer justicia a la m\u00fasica recomiendo, para quien lo desee, disfrutar de la obra, sobre todo en la edici\u00f3n grabada en 1958, considerada la mejor hasta la fecha<sup>2<\/sup>.<\/p>\n<p>___________<br \/>\n<sup>1<\/sup> <em>Jeanne d&#8217;Arc au B\u00fbcher<\/em>, oratorio de Arthur Honegger, 1935.<br \/>\n<sup>2<\/sup>Bajo la direcci\u00f3n de Pierre Dervaux, con D. Duval, D. Charley, R. Crespin, R. Gorr, L. Berton, P. Finel, X. Depraz y la Orquesta y Coro de la \u00d3pera de Par\u00eds (1958, <strong><a href=\"http:\/\/www.emiclassics.com\/releasedetails.php?rid=20759\">EMI Classics<\/a><\/strong>). Hab\u00eda pensado originalmente subir un MP3 con el fragmento correspondiente al final del tercer acto, pero ya se sabe, con el l\u00edo de los derechos y esas cosas, mejor no tentar la suerte. \ud83d\ude41<\/p>\n","protected":false},"excerpt":{"rendered":"<div class=\"mh-excerpt\"><p>Nunca he escuchado el sonido de una guillotina \u00abtrabajando\u00bb y espero no tener que hacerlo nunca. No obstante, se trata de un recurso muy efectivo en algunos casos, como el <a class=\"mh-excerpt-more\" href=\"https:\/\/alpoma.net\/tecob\/?p=709\" title=\"El sonido de la guillotina\">[&#8230;]<\/a><\/p>\n<\/div>","protected":false},"author":1,"featured_media":0,"comment_status":"open","ping_status":"open","sticky":false,"template":"","format":"standard","meta":{"jetpack_post_was_ever_published":false,"_jetpack_newsletter_access":"","_jetpack_dont_email_post_to_subs":false,"_jetpack_newsletter_tier_id":0,"_jetpack_memberships_contains_paywalled_content":false,"_jetpack_memberships_contains_paid_content":false,"footnotes":""},"categories":[42,2],"tags":[],"class_list":["post-709","post","type-post","status-publish","format-standard","hentry","category-musica","category-personal"],"jetpack_featured_media_url":"","jetpack_shortlink":"https:\/\/wp.me\/p93Dc1-br","jetpack-related-posts":[{"id":1015,"url":"https:\/\/alpoma.net\/tecob\/?p=1015","url_meta":{"origin":709,"position":0},"title":"\u00d3pera y ciencia","author":"alpoma","date":"15 octubre 2008","format":false,"excerpt":"Si alguien nos comenta que va a disfrutar con Doctor Atomic, podemos pensar en que nuestro amigo ir\u00e1 al cine, posiblemente a ver una pel\u00edcula de ciencia ficci\u00f3n, o bien se ha comprado un juego de ordenador un tanto friki o, incluso, que se trata de un c\u00f3mic. Poca gente\u2026","rel":"","context":"En \u00abM\u00fasica\u00bb","block_context":{"text":"M\u00fasica","link":"https:\/\/alpoma.net\/tecob\/?cat=42"},"img":{"alt_text":"","src":"https:\/\/i0.wp.com\/alpoma.net\/tecob\/wp-content\/uploads\/2008\/10\/2944654199_72dc78cff3_m.jpg?resize=350%2C200&ssl=1","width":350,"height":200},"classes":[]},{"id":9066,"url":"https:\/\/alpoma.net\/tecob\/?p=9066","url_meta":{"origin":709,"position":1},"title":"Conciertos extra\u00f1os","author":"alpoma","date":"1 junio 2014","format":false,"excerpt":"Al hilo del art\u00edculo de ayer sobre Juan Garc\u00eda Castillejo y su electrocompositor de los a\u00f1os cuarenta, y mientras estaba escuchando de fondo una sinfon\u00eda de Alfred Schnittke (me encanta, sus texturas ca\u00f3ticas son deliciosas), me he puesto a divagar sobre conciertos extra\u00f1os. Por alguna raz\u00f3n vino a mi cabeza\u2026","rel":"","context":"En \u00abM\u00fasica\u00bb","block_context":{"text":"M\u00fasica","link":"https:\/\/alpoma.net\/tecob\/?cat=42"},"img":{"alt_text":"","src":"","width":0,"height":0},"classes":[]},{"id":4767,"url":"https:\/\/alpoma.net\/tecob\/?p=4767","url_meta":{"origin":709,"position":2},"title":"Los pretendientes del primer estampido s\u00f3nico","author":"alpoma","date":"16 mayo 2011","format":false,"excerpt":"En la historia de la tecnolog\u00eda se repiten muy a menudo esos emocionantes momentos en los que, precisamente por el avance de una t\u00e9cnica determinada, aparecen muchos afortunados capaces de lograr algo excepcional, aunque s\u00f3lo uno de ellos puede llevarse la gloria. Con el primer avi\u00f3n que super\u00f3 la barrera\u2026","rel":"","context":"En \u00abObsolescencia\u00bb","block_context":{"text":"Obsolescencia","link":"https:\/\/alpoma.net\/tecob\/?cat=3"},"img":{"alt_text":"","src":"https:\/\/i0.wp.com\/alpoma.net\/tecob\/wp-content\/uploads\/2011\/05\/5726606905_b85c20bc33_o.jpg?resize=350%2C200&ssl=1","width":350,"height":200,"srcset":"https:\/\/i0.wp.com\/alpoma.net\/tecob\/wp-content\/uploads\/2011\/05\/5726606905_b85c20bc33_o.jpg?resize=350%2C200&ssl=1 1x, https:\/\/i0.wp.com\/alpoma.net\/tecob\/wp-content\/uploads\/2011\/05\/5726606905_b85c20bc33_o.jpg?resize=525%2C300&ssl=1 1.5x"},"classes":[]},{"id":6442,"url":"https:\/\/alpoma.net\/tecob\/?p=6442","url_meta":{"origin":709,"position":3},"title":"Brinicle, estalactita mortal","author":"alpoma","date":"20 marzo 2012","format":false,"excerpt":"No ten\u00eda ni idea de que algo as\u00ed se hubiera grabado. Conoc\u00eda la teor\u00eda, pero siempre pens\u00e9 que era algo demasiado esquivo como para poder ser contemplado en v\u00eddeo. Hoy una anotaci\u00f3n de la RAM ha mencionado un v\u00eddeo sobre el fen\u00f3meno, no es que trate de una toma reciente,\u2026","rel":"","context":"En \u00abGeo\u00bb","block_context":{"text":"Geo","link":"https:\/\/alpoma.net\/tecob\/?cat=5"},"img":{"alt_text":"","src":"","width":0,"height":0},"classes":[]},{"id":3789,"url":"https:\/\/alpoma.net\/tecob\/?p=3789","url_meta":{"origin":709,"position":4},"title":"Val del Omar, el hombre que so\u00f1\u00f3 el futuro del cine","author":"alpoma","date":"3 diciembre 2010","format":false,"excerpt":"Este art\u00edculo corresponde a una versi\u00f3n reducida del que publiqu\u00e9 en la revista Historia de Iberia Vieja, n\u00famero 66, edici\u00f3n de diciembre de 2010. Un correo electr\u00f3nico del director de esta revista me previno sobre cierta muestra que el Museo Nacional Centro de Arte Reina Sof\u00eda est\u00e1 celebrando, y as\u00ed\u2026","rel":"","context":"En \u00abMade in Spain\u00bb","block_context":{"text":"Made in Spain","link":"https:\/\/alpoma.net\/tecob\/?cat=10"},"img":{"alt_text":"Val del Omar","src":"https:\/\/i0.wp.com\/farm6.static.flickr.com\/5289\/5228991343_b20ce13354_m.jpg?resize=350%2C200","width":350,"height":200},"classes":[]},{"id":12393,"url":"https:\/\/alpoma.net\/tecob\/?p=12393","url_meta":{"origin":709,"position":5},"title":"Peque\u00f1a selecci\u00f3n de \u00abAviones bizarros\u00bb","author":"alpoma","date":"7 noviembre 2016","format":false,"excerpt":"Como he comentado por aqu\u00ed en los \u00faltimos d\u00edas, ya se puede reservar mi nuevo libro, escrito en esta ocasi\u00f3n junto al ingeniero y piloto Jos\u00e9 Manuel Gil. El t\u00edtulo, Aviones bizarros, ha sido elegido a conciencia y no, por mucho que me lo repitan, lo de \"bizarro\" est\u00e1 bien\u2026","rel":"","context":"En \u00abPersonal\u00bb","block_context":{"text":"Personal","link":"https:\/\/alpoma.net\/tecob\/?cat=2"},"img":{"alt_text":"","src":"https:\/\/i0.wp.com\/alpoma.net\/tecob\/wp-content\/uploads\/2016\/10\/bizarros_pq.png?resize=350%2C200&ssl=1","width":350,"height":200,"srcset":"https:\/\/i0.wp.com\/alpoma.net\/tecob\/wp-content\/uploads\/2016\/10\/bizarros_pq.png?resize=350%2C200&ssl=1 1x, https:\/\/i0.wp.com\/alpoma.net\/tecob\/wp-content\/uploads\/2016\/10\/bizarros_pq.png?resize=525%2C300&ssl=1 1.5x"},"classes":[]}],"jetpack_sharing_enabled":true,"_links":{"self":[{"href":"https:\/\/alpoma.net\/tecob\/index.php?rest_route=\/wp\/v2\/posts\/709","targetHints":{"allow":["GET"]}}],"collection":[{"href":"https:\/\/alpoma.net\/tecob\/index.php?rest_route=\/wp\/v2\/posts"}],"about":[{"href":"https:\/\/alpoma.net\/tecob\/index.php?rest_route=\/wp\/v2\/types\/post"}],"author":[{"embeddable":true,"href":"https:\/\/alpoma.net\/tecob\/index.php?rest_route=\/wp\/v2\/users\/1"}],"replies":[{"embeddable":true,"href":"https:\/\/alpoma.net\/tecob\/index.php?rest_route=%2Fwp%2Fv2%2Fcomments&post=709"}],"version-history":[{"count":0,"href":"https:\/\/alpoma.net\/tecob\/index.php?rest_route=\/wp\/v2\/posts\/709\/revisions"}],"wp:attachment":[{"href":"https:\/\/alpoma.net\/tecob\/index.php?rest_route=%2Fwp%2Fv2%2Fmedia&parent=709"}],"wp:term":[{"taxonomy":"category","embeddable":true,"href":"https:\/\/alpoma.net\/tecob\/index.php?rest_route=%2Fwp%2Fv2%2Fcategories&post=709"},{"taxonomy":"post_tag","embeddable":true,"href":"https:\/\/alpoma.net\/tecob\/index.php?rest_route=%2Fwp%2Fv2%2Ftags&post=709"}],"curies":[{"name":"wp","href":"https:\/\/api.w.org\/{rel}","templated":true}]}}