{"id":7081,"date":"2012-08-22T20:57:11","date_gmt":"2012-08-22T18:57:11","guid":{"rendered":"http:\/\/www.alpoma.net\/tecob\/?p=7081"},"modified":"2012-08-22T20:57:11","modified_gmt":"2012-08-22T18:57:11","slug":"spitfire-preludio-y-fuga","status":"publish","type":"post","link":"https:\/\/alpoma.net\/tecob\/?p=7081","title":{"rendered":"Spitfire, preludio y fuga"},"content":{"rendered":"<p>Pocas veces en la historia una m\u00e1quina ha levantado tantas pasiones como en el caso del <em><strong><em>Supermarine Spitfire<\/em><\/strong><\/em>, el avi\u00f3n de combate que fren\u00f3 a los alemanes en la <strong>Batalla de Inglaterra<\/strong>. Claro que, como suele suceder cuando se buscan s\u00edmbolos, la realidad era algo m\u00e1s compleja pues los brit\u00e1nicos lucharon contra la <em>Luftwaffe<\/em> mayormente equipados con aviones <em><strong>Hawker Hurrican<\/strong>e<\/em>. Pero la \u00e1gil estampa del <em>Spitfire<\/em> y su velocidad de v\u00e9rtigo convirtieron al aparato en el icono de la lucha inglesa contra los nazis. <strong>Para algunos es el avi\u00f3n m\u00e1s bello jam\u00e1s construido. <\/strong><\/p>\n<p><a href=\"http:\/\/www.flickr.com\/photos\/alpoma\/7839754576\/\" title=\"Spitfire, on Flickr\"><img decoding=\"async\" src=\"http:\/\/farm8.staticflickr.com\/7249\/7839754576_ca62bfd676_z.jpg\" width=\"620\" alt=\"Spitfire\"\/><\/a><\/p>\n<p>En 1942, con la <strong>Segunda Guerra Mundial<\/strong> en pleno desarrollo, eran comunes las pel\u00edculas patri\u00f3ticas en todos los bandos en conflicto. Ese a\u00f1o, inspirada por una <strong>c\u00e9lebre frase de Winston Churchill<\/strong> pronunciada en un discurso el  20 de agosto de 1940 acerca de la Batalla de Inglaterra<sup>1<\/sup>, vio la luz una pel\u00edcula que ten\u00eda al Spitfire, a su dise\u00f1ador y a sus pilotos como protagonistas. Se trataba de <em>The First of the Few<\/em>, con Leslie Howard y David Niven. El dise\u00f1ador el avi\u00f3n, <strong>Reginald Joseph Mitchell<\/strong>, hab\u00eda fallecido en 1937 y, por lo tanto, no lleg\u00f3 a conocer la gloria que alcanz\u00f3 su criatura en los cielos de medio mundo. La pel\u00edcula contaba con una <strong>banda sonora <\/strong>creada por uno de los compositores brit\u00e1nicos m\u00e1s importantes de todos los tiempos,<strong> <a href=\"http:\/\/es.wikipedia.org\/wiki\/William_Walton\">Sir William Walton<\/a><\/strong>, quien tiempo despu\u00e9s compuso con ese material su imponente preludio y fuga que es una de mis composiciones cl\u00e1sicas favoritas y que, c\u00f3mo no, me resulta irresistible tanto por el estilo de Walton como por el recuerdo de la m\u00e1quina a la que est\u00e1 dedicada. He aqu\u00ed <strong><a href=\"http:\/\/youtu.be\/GVSm_f7bO8s\">un v\u00eddeo<\/a><\/strong> con la m\u00fasica del preludio y fuga Spitfire de William Walton. <\/p>\n<p><iframe loading=\"lazy\" width=\"620\" height=\"465\" src=\"http:\/\/www.youtube.com\/embed\/GVSm_f7bO8s\" frameborder=\"0\" allowfullscreen><\/iframe><\/p>\n<p>[ <a href=\"http:\/\/open.spotify.com\/album\/0rDex8MlrspS0anUexHnqw\"><strong>Escucha la obra en <em>Spotify<\/em><\/strong><\/a> ]<\/p>\n<p>____________<br \/>\n<sup>1<\/sup> <em>Nunca en la historia de los conflictos humanos, tantos le debieron tanto a tan pocos.<\/em> Traducci\u00f3n personal de la frase<em> Never in the field of human conflict was so much owed by so many to so few.<\/em><\/p>\n<p>La <a href=\"http:\/\/commons.wikimedia.org\/wiki\/File:Spitfire.gif\"><strong>Imagen del Spitfire<\/strong><\/a> que aparece en cabecera del art\u00edculo pertenece al Dominio P\u00fablico.<\/p>\n","protected":false},"excerpt":{"rendered":"<div class=\"mh-excerpt\"><p>Pocas veces en la historia una m\u00e1quina ha levantado tantas pasiones como en el caso del Supermarine Spitfire, el avi\u00f3n de combate que fren\u00f3 a los alemanes en la Batalla <a class=\"mh-excerpt-more\" href=\"https:\/\/alpoma.net\/tecob\/?p=7081\" title=\"Spitfire, preludio y fuga\">[&#8230;]<\/a><\/p>\n<\/div>","protected":false},"author":1,"featured_media":10819,"comment_status":"open","ping_status":"open","sticky":false,"template":"","format":"standard","meta":{"jetpack_post_was_ever_published":false,"_jetpack_newsletter_access":"","_jetpack_dont_email_post_to_subs":false,"_jetpack_newsletter_tier_id":0,"_jetpack_memberships_contains_paywalled_content":false,"_jetpack_memberships_contains_paid_content":false,"footnotes":""},"categories":[42,3],"tags":[],"class_list":["post-7081","post","type-post","status-publish","format-standard","has-post-thumbnail","hentry","category-musica","category-obsolescencia"],"jetpack_featured_media_url":"https:\/\/alpoma.net\/tecob\/wp-content\/uploads\/2012\/08\/7839754576_ca62bfd676_z.jpg","jetpack_shortlink":"https:\/\/wp.me\/p93Dc1-1Qd","jetpack-related-posts":[{"id":509,"url":"https:\/\/alpoma.net\/tecob\/?p=509","url_meta":{"origin":7081,"position":0},"title":"Los Fuertes de Maunsell","author":"alpoma","date":"20 junio 2006","format":false,"excerpt":"Causaba terror, con raz\u00f3n, la posibilidad de una invasi\u00f3n de Gran Breta\u00f1a por parte del ej\u00e9rcito nazi. Pod\u00eda ser por aire o por mar, eso era lo de menos, se trataba de una posibilidad tan real que el gobierno brit\u00e1nico decidi\u00f3 blindar su territorio. Todos conocemos la historia, la aviaci\u00f3n\u2026","rel":"","context":"En \u00abGeo\u00bb","block_context":{"text":"Geo","link":"https:\/\/alpoma.net\/tecob\/?cat=5"},"img":{"alt_text":"","src":"https:\/\/i0.wp.com\/alpoma.net\/tecob\/wp-content\/uploads\/2006\/06\/171487764_03342ed860_o.jpg?resize=350%2C200&ssl=1","width":350,"height":200,"srcset":"https:\/\/i0.wp.com\/alpoma.net\/tecob\/wp-content\/uploads\/2006\/06\/171487764_03342ed860_o.jpg?resize=350%2C200&ssl=1 1x, https:\/\/i0.wp.com\/alpoma.net\/tecob\/wp-content\/uploads\/2006\/06\/171487764_03342ed860_o.jpg?resize=525%2C300&ssl=1 1.5x"},"classes":[]},{"id":4578,"url":"https:\/\/alpoma.net\/tecob\/?p=4578","url_meta":{"origin":7081,"position":1},"title":"El primer derribo a\u00e9reo","author":"alpoma","date":"15 abril 2011","format":false,"excerpt":"No me atrevo a afirmar que se trat\u00f3 del primer combate a\u00e9reo entre aeroplanos porque, seg\u00fan algunos indicios, posiblemente se produjo con anterioridad alguna escaramuza similar. Eso s\u00ed, de lo que parece no haber duda, es sobre que el combate que voy a mencionar brevemente termin\u00f3 con el primer avi\u00f3n\u2026","rel":"","context":"En \u00abObsolescencia\u00bb","block_context":{"text":"Obsolescencia","link":"https:\/\/alpoma.net\/tecob\/?cat=3"},"img":{"alt_text":"","src":"https:\/\/i0.wp.com\/alpoma.net\/tecob\/wp-content\/uploads\/2011\/04\/5622299092_c60c1a0a6f_o.jpg?resize=350%2C200&ssl=1","width":350,"height":200},"classes":[]},{"id":12393,"url":"https:\/\/alpoma.net\/tecob\/?p=12393","url_meta":{"origin":7081,"position":2},"title":"Peque\u00f1a selecci\u00f3n de \u00abAviones bizarros\u00bb","author":"alpoma","date":"7 noviembre 2016","format":false,"excerpt":"Como he comentado por aqu\u00ed en los \u00faltimos d\u00edas, ya se puede reservar mi nuevo libro, escrito en esta ocasi\u00f3n junto al ingeniero y piloto Jos\u00e9 Manuel Gil. El t\u00edtulo, Aviones bizarros, ha sido elegido a conciencia y no, por mucho que me lo repitan, lo de \"bizarro\" est\u00e1 bien\u2026","rel":"","context":"En \u00abPersonal\u00bb","block_context":{"text":"Personal","link":"https:\/\/alpoma.net\/tecob\/?cat=2"},"img":{"alt_text":"","src":"https:\/\/i0.wp.com\/alpoma.net\/tecob\/wp-content\/uploads\/2016\/10\/bizarros_pq.png?resize=350%2C200&ssl=1","width":350,"height":200,"srcset":"https:\/\/i0.wp.com\/alpoma.net\/tecob\/wp-content\/uploads\/2016\/10\/bizarros_pq.png?resize=350%2C200&ssl=1 1x, https:\/\/i0.wp.com\/alpoma.net\/tecob\/wp-content\/uploads\/2016\/10\/bizarros_pq.png?resize=525%2C300&ssl=1 1.5x"},"classes":[]},{"id":969,"url":"https:\/\/alpoma.net\/tecob\/?p=969","url_meta":{"origin":7081,"position":3},"title":"El avi\u00f3n inflable y el skyhook de Batman","author":"alpoma","date":"22 agosto 2008","format":false,"excerpt":"Hay veces que el cine va por detr\u00e1s del mundo real, en cuanto a invenciones tecnol\u00f3gicas se refiere. Esto pensaba al contemplar una entrada de Core77 dedicada a dos cacharros sorprendentes o, m\u00e1s bien, una aeronave y un procedimiento un tanto arriesgado. Por una parte, tenemos el avi\u00f3n inflable -Goodyear\u2026","rel":"","context":"En \u00abObsolescencia\u00bb","block_context":{"text":"Obsolescencia","link":"https:\/\/alpoma.net\/tecob\/?cat=3"},"img":{"alt_text":"","src":"https:\/\/i0.wp.com\/alpoma.net\/tecob\/wp-content\/uploads\/2008\/08\/2786740805_d5987201ce_o.jpg?resize=350%2C200&ssl=1","width":350,"height":200,"srcset":"https:\/\/i0.wp.com\/alpoma.net\/tecob\/wp-content\/uploads\/2008\/08\/2786740805_d5987201ce_o.jpg?resize=350%2C200&ssl=1 1x, https:\/\/i0.wp.com\/alpoma.net\/tecob\/wp-content\/uploads\/2008\/08\/2786740805_d5987201ce_o.jpg?resize=525%2C300&ssl=1 1.5x"},"classes":[]},{"id":4051,"url":"https:\/\/alpoma.net\/tecob\/?p=4051","url_meta":{"origin":7081,"position":4},"title":"Un siglo del primer aterrizaje en un portaaviones","author":"alpoma","date":"18 enero 2011","format":false,"excerpt":"Posiblemente sea un poco exagerado, porque no era un portaaviones como tal, pero no creo que ese detalle importe mucho porque la aventura en s\u00ed fue lo suficientemente osada como para haber pasado a la historia como el punto de partida de la aviaci\u00f3n naval. Eugene Burton Ely, junto a\u2026","rel":"","context":"En \u00abObsolescencia\u00bb","block_context":{"text":"Obsolescencia","link":"https:\/\/alpoma.net\/tecob\/?cat=3"},"img":{"alt_text":"","src":"https:\/\/i0.wp.com\/alpoma.net\/tecob\/wp-content\/uploads\/2011\/01\/5367204035_94b11cb33c_o.jpg?resize=350%2C200&ssl=1","width":350,"height":200,"srcset":"https:\/\/i0.wp.com\/alpoma.net\/tecob\/wp-content\/uploads\/2011\/01\/5367204035_94b11cb33c_o.jpg?resize=350%2C200&ssl=1 1x, https:\/\/i0.wp.com\/alpoma.net\/tecob\/wp-content\/uploads\/2011\/01\/5367204035_94b11cb33c_o.jpg?resize=525%2C300&ssl=1 1.5x"},"classes":[]},{"id":1170,"url":"https:\/\/alpoma.net\/tecob\/?p=1170","url_meta":{"origin":7081,"position":5},"title":"Edgley Optica, mi avi\u00f3n favorito","author":"alpoma","date":"10 julio 2009","format":false,"excerpt":"Fruto de una banal conversaci\u00f3n de mantel, sobre historia de la aeron\u00e1utica, ca\u00ed en la cuenta de que mi avi\u00f3n favorito de todos los tiempos no es un caza, ni un gran avi\u00f3n de pasajeros, ni tan siquiera uno de los pioneros de principios del siglo XX. Reconozco que \u00fanicamente\u2026","rel":"","context":"En \u00abObsolescencia\u00bb","block_context":{"text":"Obsolescencia","link":"https:\/\/alpoma.net\/tecob\/?cat=3"},"img":{"alt_text":"","src":"https:\/\/i0.wp.com\/alpoma.net\/tecob\/wp-content\/uploads\/2009\/07\/3706993300_a1bb6e8cb0_o.jpg?resize=350%2C200&ssl=1","width":350,"height":200,"srcset":"https:\/\/i0.wp.com\/alpoma.net\/tecob\/wp-content\/uploads\/2009\/07\/3706993300_a1bb6e8cb0_o.jpg?resize=350%2C200&ssl=1 1x, https:\/\/i0.wp.com\/alpoma.net\/tecob\/wp-content\/uploads\/2009\/07\/3706993300_a1bb6e8cb0_o.jpg?resize=525%2C300&ssl=1 1.5x"},"classes":[]}],"jetpack_sharing_enabled":true,"_links":{"self":[{"href":"https:\/\/alpoma.net\/tecob\/index.php?rest_route=\/wp\/v2\/posts\/7081","targetHints":{"allow":["GET"]}}],"collection":[{"href":"https:\/\/alpoma.net\/tecob\/index.php?rest_route=\/wp\/v2\/posts"}],"about":[{"href":"https:\/\/alpoma.net\/tecob\/index.php?rest_route=\/wp\/v2\/types\/post"}],"author":[{"embeddable":true,"href":"https:\/\/alpoma.net\/tecob\/index.php?rest_route=\/wp\/v2\/users\/1"}],"replies":[{"embeddable":true,"href":"https:\/\/alpoma.net\/tecob\/index.php?rest_route=%2Fwp%2Fv2%2Fcomments&post=7081"}],"version-history":[{"count":0,"href":"https:\/\/alpoma.net\/tecob\/index.php?rest_route=\/wp\/v2\/posts\/7081\/revisions"}],"wp:featuredmedia":[{"embeddable":true,"href":"https:\/\/alpoma.net\/tecob\/index.php?rest_route=\/wp\/v2\/media\/10819"}],"wp:attachment":[{"href":"https:\/\/alpoma.net\/tecob\/index.php?rest_route=%2Fwp%2Fv2%2Fmedia&parent=7081"}],"wp:term":[{"taxonomy":"category","embeddable":true,"href":"https:\/\/alpoma.net\/tecob\/index.php?rest_route=%2Fwp%2Fv2%2Fcategories&post=7081"},{"taxonomy":"post_tag","embeddable":true,"href":"https:\/\/alpoma.net\/tecob\/index.php?rest_route=%2Fwp%2Fv2%2Ftags&post=7081"}],"curies":[{"name":"wp","href":"https:\/\/api.w.org\/{rel}","templated":true}]}}