{"id":7049,"date":"2012-08-15T21:05:41","date_gmt":"2012-08-15T19:05:41","guid":{"rendered":"http:\/\/www.alpoma.net\/tecob\/?p=7049"},"modified":"2012-08-15T21:05:41","modified_gmt":"2012-08-15T19:05:41","slug":"la-isla-sin-colores","status":"publish","type":"post","link":"https:\/\/alpoma.net\/tecob\/?p=7049","title":{"rendered":"La isla sin colores"},"content":{"rendered":"<p>El tema surgi\u00f3 de repente a principios del verano, en una sobremesa vallisoletana de boca de <strong>Carlos Canales<\/strong>, frente a una t\u00f3nica azulada y con el sol amenazando con comerse la sombra en la que nos encontr\u00e1bamos. Se trata de algo <strong><a href=\"http:\/\/www.ncbi.nlm.nih.gov\/pmc\/articles\/PMC1762260\/?tool=pmcentrez\">bastante conocido entre los genetistas<\/a><\/strong> y muy utilizado en todo tipo de recopilaciones de<strong> curiosidades m\u00e9dicas<\/strong>. La <strong>acromatopsia<\/strong>, que es de lo que estuvimos hablando, es una enfermedad gen\u00e9tica que, a grandes rasgos,<strong> impide ver los colores a quienes padecen dicho mal<\/strong>. Vamos, que esas personas lo ven todo como en las viejas televisiones, en blanco y negro o, mejor, en tonos de gris y blanco. El origen de la enfermedad se halla en una<strong> alteraci\u00f3n de las c\u00e9lulas fotorreceptoras del color en la retina<\/strong> (tambi\u00e9n puede ser adquirida por lesi\u00f3n o similar, pero no viene al caso). <\/p>\n<p>Ahora viene el dato curioso. Es una <strong><a href=\"http:\/\/en.wikipedia.org\/wiki\/Achromatopsia\">enfermedad relativamente rara<\/a><\/strong>, afectando por ejemplo en los Estados Unidos a una persona de cada 33.000, pero <strong>existe un lugar en el que no se trata de algo escaso sino que es com\u00fan<\/strong>. Se trata de un atol\u00f3n perdido en medio del inmenso oc\u00e9ano Pac\u00edfico llamado <strong><a href=\"http:\/\/es.wikipedia.org\/wiki\/Pingelap\">Pingelap<\/a><\/strong> (estado de Pohnpei).<\/p>\n<p><iframe loading=\"lazy\" width=\"620\" height=\"350\" frameborder=\"0\" scrolling=\"no\" marginheight=\"0\" marginwidth=\"0\" src=\"https:\/\/maps.google.es\/maps?oe=utf-8&amp;client=firefox-a&amp;q=pingelap&amp;ie=UTF8&amp;hq=&amp;hnear=Pingelap&amp;gl=es&amp;t=m&amp;ll=26.588527,166.113281&amp;spn=53.451795,108.984375&amp;z=3&amp;iwloc=A&amp;output=embed\"><\/iframe><br \/><small><a href=\"https:\/\/maps.google.es\/maps?oe=utf-8&amp;client=firefox-a&amp;q=pingelap&amp;ie=UTF8&amp;hq=&amp;hnear=Pingelap&amp;gl=es&amp;t=m&amp;ll=26.588527,166.113281&amp;spn=53.451795,108.984375&amp;z=3&amp;iwloc=A&amp;source=embed\" style=\"color:#0000FF;text-align:left\">Ver mapa m\u00e1s grande<\/a><\/small><\/p>\n<p>Esta peque\u00f1a isla, que forma parte de los <strong>Estados Federados de Micronesia<\/strong>, apenas cuenta con 250 habitantes pero <strong>posee el mayor n\u00famero de afectados por acromatopsia del mundo<\/strong>, de hecho, puede decirse que <strong>gran parte de los lugare\u00f1os desconocen lo que son los colores<\/strong>. Este lugar ha visto pasar a todo tipo de invasores, desde los japoneses a principios del siglo XX, hasta la llegada de los estadounidenses despu\u00e9s de la Segunda Guerra Mundial, que mantienen hoy d\u00eda all\u00ed una base militar. Tambi\u00e9n fue terreno de disputas coloniales, como la mantenida por Espa\u00f1a y Alemania a finales del XIX. <\/p>\n<p>Bien, pero lo que nos interesa es la ceguera a los colores. Al parecer, aunque es algo que todav\u00eda no ha quedado claro del todo, <strong>el origen del problema se remonta a finales del siglo XVIII<\/strong>, cuando un gran tif\u00f3n aniquil\u00f3 pr\u00e1cticamente a toda la poblaci\u00f3n de Pingelap. Con el paso de los a\u00f1os, los descendientes de los escasos supervivientes fueron transmitiendo el problema gen\u00e9tico que origina la ceguera a los colores que uno de aquellos afortunados padec\u00eda, muy posiblemente el gobernante del lugar. Y, as\u00ed, llegamos a la actualidad, cuando los descendientes de aquella persona afectada por acromatopsia, gracias sobre todo al peque\u00f1o tama\u00f1o de la poblaci\u00f3n y la <strong>endogamia<\/strong>, son muy numerosos, llegando a ser hasta el 30% portadores y con <strong>alrededor de un 10% de la poblaci\u00f3n afectada por la enfermedad<\/strong>. <strong>Todo un \u00ablaboratorio\u00bb natural para el estudio de los genetistas<\/strong>. <\/p>\n<p><strong>Lectura recomendada<\/strong>: Oliver Sacks. <em>La isla de los ciegos al color y la isla de las cicas<\/em>. Editorial Anagrama, 1999. ISBN 978-84-339-0583-3.<\/p>\n<p><strong>Relacionados en <em>TecOb<\/em><\/strong>:<\/p>\n<ul>\n<li><a href=\"http:\/\/www.alpoma.net\/tecob\/?p=3700\">La Venecia del Pac\u00edfico<\/a>.<\/li>\n<li><a href=\"http:\/\/www.alpoma.net\/tecob\/?p=5975\">Las piedras-moneda de Yap<\/a>.<\/li>\n<li><a href=\"http:\/\/www.alpoma.net\/tecob\/?p=1167\">Los fascinantes mapas de palo micronesios<\/a>.<\/li>\n<\/ul>\n","protected":false},"excerpt":{"rendered":"<div class=\"mh-excerpt\"><p>El tema surgi\u00f3 de repente a principios del verano, en una sobremesa vallisoletana de boca de Carlos Canales, frente a una t\u00f3nica azulada y con el sol amenazando con comerse <a class=\"mh-excerpt-more\" href=\"https:\/\/alpoma.net\/tecob\/?p=7049\" title=\"La isla sin colores\">[&#8230;]<\/a><\/p>\n<\/div>","protected":false},"author":1,"featured_media":0,"comment_status":"open","ping_status":"open","sticky":false,"template":"","format":"standard","meta":{"jetpack_post_was_ever_published":false,"_jetpack_newsletter_access":"","_jetpack_dont_email_post_to_subs":false,"_jetpack_newsletter_tier_id":0,"_jetpack_memberships_contains_paywalled_content":false,"_jetpack_memberships_contains_paid_content":false,"footnotes":""},"categories":[5],"tags":[],"class_list":["post-7049","post","type-post","status-publish","format-standard","hentry","category-geo"],"jetpack_featured_media_url":"","jetpack_shortlink":"https:\/\/wp.me\/p93Dc1-1PH","jetpack-related-posts":[{"id":6442,"url":"https:\/\/alpoma.net\/tecob\/?p=6442","url_meta":{"origin":7049,"position":0},"title":"Brinicle, estalactita mortal","author":"alpoma","date":"20 marzo 2012","format":false,"excerpt":"No ten\u00eda ni idea de que algo as\u00ed se hubiera grabado. Conoc\u00eda la teor\u00eda, pero siempre pens\u00e9 que era algo demasiado esquivo como para poder ser contemplado en v\u00eddeo. Hoy una anotaci\u00f3n de la RAM ha mencionado un v\u00eddeo sobre el fen\u00f3meno, no es que trate de una toma reciente,\u2026","rel":"","context":"En \u00abGeo\u00bb","block_context":{"text":"Geo","link":"https:\/\/alpoma.net\/tecob\/?cat=5"},"img":{"alt_text":"","src":"","width":0,"height":0},"classes":[]},{"id":13217,"url":"https:\/\/alpoma.net\/tecob\/?p=13217","url_meta":{"origin":7049,"position":1},"title":"Algunas consideraciones acerca de la \u00abgripe espa\u00f1ola\u00bb","author":"alpoma","date":"16 abril 2018","format":false,"excerpt":"Hace ahora un siglo que la mayor pandemia de la historia estaba a punto de dar la cara. Fue en 1918, el a\u00f1o del final de la Gran Guerra y de la c\u00e9lebre \"gripe espa\u00f1ola\". Dependiendo de la fuente que se consulte, se podr\u00e1 leer que murieron a consecuencia de\u2026","rel":"","context":"En \u00abGeneral\u00bb","block_context":{"text":"General","link":"https:\/\/alpoma.net\/tecob\/?cat=1"},"img":{"alt_text":"","src":"https:\/\/i0.wp.com\/alpoma.net\/tecob\/wp-content\/uploads\/2018\/04\/gripe-esp-1918-1.jpg?resize=350%2C200&ssl=1","width":350,"height":200,"srcset":"https:\/\/i0.wp.com\/alpoma.net\/tecob\/wp-content\/uploads\/2018\/04\/gripe-esp-1918-1.jpg?resize=350%2C200&ssl=1 1x, https:\/\/i0.wp.com\/alpoma.net\/tecob\/wp-content\/uploads\/2018\/04\/gripe-esp-1918-1.jpg?resize=525%2C300&ssl=1 1.5x"},"classes":[]},{"id":1113,"url":"https:\/\/alpoma.net\/tecob\/?p=1113","url_meta":{"origin":7049,"position":2},"title":"Cronolog\u00edas visuales","author":"alpoma","date":"13 abril 2009","format":false,"excerpt":"Ser\u00e1 obsesi\u00f3n, o incluso todo un arte, pero a lo largo del tiempo han surgido todo tipo de inquietos personajes que han querido plasmar de manera visual la historia humana. Con el paso de los siglos se suceden hechos que algunos consideran importantes y, con ese material, se va escribiendo\u2026","rel":"","context":"En \u00abObsolescencia\u00bb","block_context":{"text":"Obsolescencia","link":"https:\/\/alpoma.net\/tecob\/?cat=3"},"img":{"alt_text":"","src":"https:\/\/i0.wp.com\/alpoma.net\/tecob\/wp-content\/uploads\/2009\/04\/3439022208_6da4d7e97c_o.jpg?resize=350%2C200&ssl=1","width":350,"height":200,"srcset":"https:\/\/i0.wp.com\/alpoma.net\/tecob\/wp-content\/uploads\/2009\/04\/3439022208_6da4d7e97c_o.jpg?resize=350%2C200&ssl=1 1x, https:\/\/i0.wp.com\/alpoma.net\/tecob\/wp-content\/uploads\/2009\/04\/3439022208_6da4d7e97c_o.jpg?resize=525%2C300&ssl=1 1.5x"},"classes":[]},{"id":638,"url":"https:\/\/alpoma.net\/tecob\/?p=638","url_meta":{"origin":7049,"position":3},"title":"Bajo el mu\u00e9rdago","author":"alpoma","date":"6 diciembre 2006","format":false,"excerpt":"Cada vez me asombra m\u00e1s esto de la Navidad o, mejor dicho, la vertiente comercial navide\u00f1a porque, seguramente, dentro de pocos a\u00f1os van a comenzar a colocar en las estanter\u00edas de los comercios y grandes almacenes los productos tipicamente navide\u00f1os desde el mes de julio, es m\u00e1s... \u00bfpor qu\u00e9 no\u2026","rel":"","context":"En \u00abGeneral\u00bb","block_context":{"text":"General","link":"https:\/\/alpoma.net\/tecob\/?cat=1"},"img":{"alt_text":"viscum","src":"https:\/\/i0.wp.com\/static.flickr.com\/99\/315831559_a6471bcaba.jpg?resize=350%2C200","width":350,"height":200},"classes":[]},{"id":6672,"url":"https:\/\/alpoma.net\/tecob\/?p=6672","url_meta":{"origin":7049,"position":4},"title":"La \u00faltima v\u00edctima de la viruela","author":"alpoma","date":"22 mayo 2012","format":false,"excerpt":"Aunque actualmente su negro recuerdo va desapareciendo poco a poco de la lista de terrores del mundo, hubo un espectro que rein\u00f3 sobre la humanidad durante siglos. La viruela era temida, y con raz\u00f3n. Se llev\u00f3 por delante la vida de millones de personas pero, por fortuna, hace tiempo que\u2026","rel":"","context":"En \u00abObsolescencia\u00bb","block_context":{"text":"Obsolescencia","link":"https:\/\/alpoma.net\/tecob\/?cat=3"},"img":{"alt_text":"","src":"https:\/\/i0.wp.com\/alpoma.net\/tecob\/wp-content\/uploads\/2012\/05\/7248322012_37016f4b38_z.jpg?resize=350%2C200&ssl=1","width":350,"height":200,"srcset":"https:\/\/i0.wp.com\/alpoma.net\/tecob\/wp-content\/uploads\/2012\/05\/7248322012_37016f4b38_z.jpg?resize=350%2C200&ssl=1 1x, https:\/\/i0.wp.com\/alpoma.net\/tecob\/wp-content\/uploads\/2012\/05\/7248322012_37016f4b38_z.jpg?resize=525%2C300&ssl=1 1.5x"},"classes":[]},{"id":10303,"url":"https:\/\/alpoma.net\/tecob\/?p=10303","url_meta":{"origin":7049,"position":5},"title":"Iglesias Blanco, el \u201cTesla de Pozuelo\u201d","author":"alpoma","date":"19 enero 2015","format":false,"excerpt":"Versi\u00f3n reducida del art\u00edculo que publiqu\u00e9 en la revista Historia de Iberia Vieja, edici\u00f3n de enero de 2015. El inventor de las explosiones a distancia, Don Jos\u00e9 Juli\u00e1n Iglesias Blanco, hizo ayer en las cercan\u00edas del inmediato pueblo de Pozuelo de Alarc\u00f3n, con \u00e9xito absolutamente satisfactorio, las pruebas de otro\u2026","rel":"","context":"En \u00abMade in Spain\u00bb","block_context":{"text":"Made in Spain","link":"https:\/\/alpoma.net\/tecob\/?cat=10"},"img":{"alt_text":"iglesias_blanco_1","src":"https:\/\/i0.wp.com\/www.alpoma.net\/tecob\/wp-content\/uploads\/2015\/01\/iglesias_blanco_1-288x300.jpg?resize=350%2C200","width":350,"height":200},"classes":[]}],"jetpack_sharing_enabled":true,"_links":{"self":[{"href":"https:\/\/alpoma.net\/tecob\/index.php?rest_route=\/wp\/v2\/posts\/7049","targetHints":{"allow":["GET"]}}],"collection":[{"href":"https:\/\/alpoma.net\/tecob\/index.php?rest_route=\/wp\/v2\/posts"}],"about":[{"href":"https:\/\/alpoma.net\/tecob\/index.php?rest_route=\/wp\/v2\/types\/post"}],"author":[{"embeddable":true,"href":"https:\/\/alpoma.net\/tecob\/index.php?rest_route=\/wp\/v2\/users\/1"}],"replies":[{"embeddable":true,"href":"https:\/\/alpoma.net\/tecob\/index.php?rest_route=%2Fwp%2Fv2%2Fcomments&post=7049"}],"version-history":[{"count":0,"href":"https:\/\/alpoma.net\/tecob\/index.php?rest_route=\/wp\/v2\/posts\/7049\/revisions"}],"wp:attachment":[{"href":"https:\/\/alpoma.net\/tecob\/index.php?rest_route=%2Fwp%2Fv2%2Fmedia&parent=7049"}],"wp:term":[{"taxonomy":"category","embeddable":true,"href":"https:\/\/alpoma.net\/tecob\/index.php?rest_route=%2Fwp%2Fv2%2Fcategories&post=7049"},{"taxonomy":"post_tag","embeddable":true,"href":"https:\/\/alpoma.net\/tecob\/index.php?rest_route=%2Fwp%2Fv2%2Ftags&post=7049"}],"curies":[{"name":"wp","href":"https:\/\/api.w.org\/{rel}","templated":true}]}}