{"id":7043,"date":"2012-08-14T14:35:30","date_gmt":"2012-08-14T12:35:30","guid":{"rendered":"http:\/\/www.alpoma.net\/tecob\/?p=7043"},"modified":"2012-08-14T14:35:30","modified_gmt":"2012-08-14T12:35:30","slug":"%c2%a1invasores-de-la-tierra","status":"publish","type":"post","link":"https:\/\/alpoma.net\/tecob\/?p=7043","title":{"rendered":"\u00a1Invasores de la Tierra!"},"content":{"rendered":"<p>S\u00ed, al final somos nosotros los que invadimos Marte. He aqu\u00ed los primeros pasos de la humanidad en el planeta rojo, o al menos los de nuestras m\u00e1quinas, en una <strong><a href=\"http:\/\/visual.ly\/invaders-earth\">completa infograf\u00eda<\/a><\/strong> creada por Mike Faille para el <em>National Post<\/em>. (Pincha en la imagen para ampliar).<\/p>\n<div class='visually_embed' data-category='Science' rel='infographic'>\n\t\t\t<img class='visually_embed_infographic' src='http:\/\/thumbnails.visually.netdna-cdn.com\/invaders-from-earth_502977b213bca_w587.gif' rel='http:\/\/thumbnails.visually.netdna-cdn.com\/invaders-from-earth_502977b213bca.gif' alt='Invaders from Earth' \/><\/p>\n<div class='visually_embed_bar'>\n\t\t\t\t<span class='visually_embed_cycle'>Descubre m\u00e1s <a href='http:\/\/visual.ly'>infograf\u00edas<\/a>.<\/span>\n\t\t\t<\/div>\n<p>\t\t\t<a id='visually_embed_view_more' target='_blank' href='http:\/\/visual.ly\/invaders-earth'><\/a>\n\t\t\t<link rel='stylesheet' type='text\/css' href='http:\/\/visual.ly\/embeder\/style.css' \/>\n\t\t\t<script type='text\/javascript' src='http:\/\/visual.ly\/embeder\/embed.js'><\/script>\n\t\t<\/div>\n","protected":false},"excerpt":{"rendered":"<div class=\"mh-excerpt\"><p>S\u00ed, al final somos nosotros los que invadimos Marte. He aqu\u00ed los primeros pasos de la humanidad en el planeta rojo, o al menos los de nuestras m\u00e1quinas, en una <a class=\"mh-excerpt-more\" href=\"https:\/\/alpoma.net\/tecob\/?p=7043\" title=\"\u00a1Invasores de la Tierra!\">[&#8230;]<\/a><\/p>\n<\/div>","protected":false},"author":1,"featured_media":10782,"comment_status":"open","ping_status":"open","sticky":false,"template":"","format":"standard","meta":{"jetpack_post_was_ever_published":false,"_jetpack_newsletter_access":"","_jetpack_dont_email_post_to_subs":false,"_jetpack_newsletter_tier_id":0,"_jetpack_memberships_contains_paywalled_content":false,"_jetpack_memberships_contains_paid_content":false,"footnotes":""},"categories":[5],"tags":[],"class_list":["post-7043","post","type-post","status-publish","format-standard","has-post-thumbnail","hentry","category-geo"],"jetpack_featured_media_url":"https:\/\/alpoma.net\/tecob\/wp-content\/uploads\/2012\/08\/invaders-from-earth_502977b213bca_w587.jpg","jetpack_shortlink":"https:\/\/wp.me\/p93Dc1-1PB","jetpack-related-posts":[{"id":15343,"url":"https:\/\/alpoma.net\/tecob\/?p=15343","url_meta":{"origin":7043,"position":0},"title":"La vuelta al mundo en un tonel (1909)","author":"alpoma","date":"5 octubre 2024","format":false,"excerpt":"Hay quien lo llamaba barrica1, pero prefiero el t\u00e9rmino tonel. Poco importa el detalle, el caso es que dos tipos de lo m\u00e1s osado decidieron dar la vuelta al mundo con un tonel en 1909 (comenzaron el viaje en la veneciana Plaza de San Marcos). En la edici\u00f3n del 11\u2026","rel":"","context":"En \u00abObsolescencia\u00bb","block_context":{"text":"Obsolescencia","link":"https:\/\/alpoma.net\/tecob\/?cat=3"},"img":{"alt_text":"","src":"https:\/\/i0.wp.com\/alpoma.net\/tecob\/wp-content\/uploads\/2024\/10\/tonel-1912.png?resize=350%2C200&ssl=1","width":350,"height":200,"srcset":"https:\/\/i0.wp.com\/alpoma.net\/tecob\/wp-content\/uploads\/2024\/10\/tonel-1912.png?resize=350%2C200&ssl=1 1x, https:\/\/i0.wp.com\/alpoma.net\/tecob\/wp-content\/uploads\/2024\/10\/tonel-1912.png?resize=525%2C300&ssl=1 1.5x, https:\/\/i0.wp.com\/alpoma.net\/tecob\/wp-content\/uploads\/2024\/10\/tonel-1912.png?resize=700%2C400&ssl=1 2x"},"classes":[]},{"id":978,"url":"https:\/\/alpoma.net\/tecob\/?p=978","url_meta":{"origin":7043,"position":1},"title":"L\u00e1mparas de carburo","author":"alpoma","date":"28 agosto 2008","format":false,"excerpt":"Donde menos se espere, y en el momento m\u00e1s insospechado, pueden aparecer tesoros olvidados. En este caso no era m\u00e1s que un mont\u00f3n de chatarra oxidada, pero para m\u00ed era un tesoro. Sucedi\u00f3 hace bastantes a\u00f1os, haciendo obras en casa, golpeando una pared que siempre hab\u00eda estado tapada por un\u2026","rel":"","context":"En \u00abObsolescencia\u00bb","block_context":{"text":"Obsolescencia","link":"https:\/\/alpoma.net\/tecob\/?cat=3"},"img":{"alt_text":"","src":"https:\/\/i0.wp.com\/alpoma.net\/tecob\/wp-content\/uploads\/2008\/08\/2803612879_57b05beea9_m.jpg?resize=350%2C200&ssl=1","width":350,"height":200},"classes":[]},{"id":860,"url":"https:\/\/alpoma.net\/tecob\/?p=860","url_meta":{"origin":7043,"position":2},"title":"Manivela de arranque","author":"alpoma","date":"16 marzo 2008","format":false,"excerpt":"Har\u00e1 unos d\u00edas, no me arrancaba el coche por problemas con la bater\u00eda. Record\u00e9 entonces que, hace bastantes a\u00f1os, los autom\u00f3viles incorporaban una manivela en el frente del veh\u00edculo, unida al cig\u00fce\u00f1al del motor, para ser arrancados a mano. Pens\u00e9 que, en momentos como aquellos, una manivela no vendr\u00eda mal.\u2026","rel":"","context":"En \u00abObsolescencia\u00bb","block_context":{"text":"Obsolescencia","link":"https:\/\/alpoma.net\/tecob\/?cat=3"},"img":{"alt_text":"","src":"https:\/\/i0.wp.com\/alpoma.net\/tecob\/wp-content\/uploads\/2008\/03\/2337862365_fbf7175579_o.jpg?resize=350%2C200&ssl=1","width":350,"height":200,"srcset":"https:\/\/i0.wp.com\/alpoma.net\/tecob\/wp-content\/uploads\/2008\/03\/2337862365_fbf7175579_o.jpg?resize=350%2C200&ssl=1 1x, https:\/\/i0.wp.com\/alpoma.net\/tecob\/wp-content\/uploads\/2008\/03\/2337862365_fbf7175579_o.jpg?resize=525%2C300&ssl=1 1.5x"},"classes":[]},{"id":1043,"url":"https:\/\/alpoma.net\/tecob\/?p=1043","url_meta":{"origin":7043,"position":3},"title":"El ping\u00fcino de metal","author":"alpoma","date":"9 diciembre 2008","format":false,"excerpt":"Me cruc\u00e9 ayer con este sorprendente bicho en meine kleine fabrik y me enamor\u00e9 al instante. No ten\u00eda conocimiento hasta ahora de su existencia y he de decir, sin temor a exagerar, que se trata de uno de los veh\u00edculos sobre ruedas m\u00e1s sorprendentes de toda la historia. Apodado como\u2026","rel":"","context":"En \u00abObsolescencia\u00bb","block_context":{"text":"Obsolescencia","link":"https:\/\/alpoma.net\/tecob\/?cat=3"},"img":{"alt_text":"","src":"https:\/\/i0.wp.com\/alpoma.net\/tecob\/wp-content\/uploads\/2008\/12\/3096063120_0dca310d72_o.jpg?resize=350%2C200&ssl=1","width":350,"height":200,"srcset":"https:\/\/i0.wp.com\/alpoma.net\/tecob\/wp-content\/uploads\/2008\/12\/3096063120_0dca310d72_o.jpg?resize=350%2C200&ssl=1 1x, https:\/\/i0.wp.com\/alpoma.net\/tecob\/wp-content\/uploads\/2008\/12\/3096063120_0dca310d72_o.jpg?resize=525%2C300&ssl=1 1.5x"},"classes":[]},{"id":13099,"url":"https:\/\/alpoma.net\/tecob\/?p=13099","url_meta":{"origin":7043,"position":4},"title":"Gafas-esp\u00eda para polic\u00edas (1908)","author":"alpoma","date":"4 febrero 2018","format":false,"excerpt":"He aqu\u00ed una nota ligera, ideal para esta tarde de domingo, que nos hace viajar al Par\u00eds de 1908... Con satisfactorio resultado est\u00e1 ensay\u00e1ndose para servicio de los agentes de la polic\u00eda de Par\u00eds, el nuevo modelo de anteojos ideado por el comandante Mr. Souie. El objeto de este instrumento\u2026","rel":"","context":"En \u00abObsolescencia\u00bb","block_context":{"text":"Obsolescencia","link":"https:\/\/alpoma.net\/tecob\/?cat=3"},"img":{"alt_text":"","src":"https:\/\/i0.wp.com\/alpoma.net\/tecob\/wp-content\/uploads\/2018\/02\/gafas-espia-1908.jpg?resize=350%2C200","width":350,"height":200,"srcset":"https:\/\/i0.wp.com\/alpoma.net\/tecob\/wp-content\/uploads\/2018\/02\/gafas-espia-1908.jpg?resize=350%2C200 1x, https:\/\/i0.wp.com\/alpoma.net\/tecob\/wp-content\/uploads\/2018\/02\/gafas-espia-1908.jpg?resize=525%2C300 1.5x"},"classes":[]},{"id":740,"url":"https:\/\/alpoma.net\/tecob\/?p=740","url_meta":{"origin":7043,"position":5},"title":"Ballena volante","author":"alpoma","date":"25 junio 2007","format":false,"excerpt":"Todo tiene un principio. Las actuales aeronaves \"invisibles\" dise\u00f1adas con la tecnolog\u00eda stealth capaces de eludir el escrutinio de radares y otros sensores que intentan cazarlas al vuelo, no nacieron como ahora las conocemos. Los famosos B-2 o el F-117A tuvieron un olvidado predecesor que sirvi\u00f3 como veh\u00edculo para demostrar\u2026","rel":"","context":"En \u00abObsolescencia\u00bb","block_context":{"text":"Obsolescencia","link":"https:\/\/alpoma.net\/tecob\/?cat=3"},"img":{"alt_text":"","src":"https:\/\/i0.wp.com\/alpoma.net\/tecob\/wp-content\/uploads\/2007\/06\/622895387_3c20d4bb58.jpg?resize=350%2C200&ssl=1","width":350,"height":200},"classes":[]}],"jetpack_sharing_enabled":true,"_links":{"self":[{"href":"https:\/\/alpoma.net\/tecob\/index.php?rest_route=\/wp\/v2\/posts\/7043","targetHints":{"allow":["GET"]}}],"collection":[{"href":"https:\/\/alpoma.net\/tecob\/index.php?rest_route=\/wp\/v2\/posts"}],"about":[{"href":"https:\/\/alpoma.net\/tecob\/index.php?rest_route=\/wp\/v2\/types\/post"}],"author":[{"embeddable":true,"href":"https:\/\/alpoma.net\/tecob\/index.php?rest_route=\/wp\/v2\/users\/1"}],"replies":[{"embeddable":true,"href":"https:\/\/alpoma.net\/tecob\/index.php?rest_route=%2Fwp%2Fv2%2Fcomments&post=7043"}],"version-history":[{"count":0,"href":"https:\/\/alpoma.net\/tecob\/index.php?rest_route=\/wp\/v2\/posts\/7043\/revisions"}],"wp:featuredmedia":[{"embeddable":true,"href":"https:\/\/alpoma.net\/tecob\/index.php?rest_route=\/wp\/v2\/media\/10782"}],"wp:attachment":[{"href":"https:\/\/alpoma.net\/tecob\/index.php?rest_route=%2Fwp%2Fv2%2Fmedia&parent=7043"}],"wp:term":[{"taxonomy":"category","embeddable":true,"href":"https:\/\/alpoma.net\/tecob\/index.php?rest_route=%2Fwp%2Fv2%2Fcategories&post=7043"},{"taxonomy":"post_tag","embeddable":true,"href":"https:\/\/alpoma.net\/tecob\/index.php?rest_route=%2Fwp%2Fv2%2Ftags&post=7043"}],"curies":[{"name":"wp","href":"https:\/\/api.w.org\/{rel}","templated":true}]}}