{"id":7020,"date":"2012-08-11T19:29:38","date_gmt":"2012-08-11T17:29:38","guid":{"rendered":"http:\/\/www.alpoma.net\/tecob\/?p=7020"},"modified":"2012-08-11T19:29:38","modified_gmt":"2012-08-11T17:29:38","slug":"el-meridiano-de-el-hierro","status":"publish","type":"post","link":"https:\/\/alpoma.net\/tecob\/?p=7020","title":{"rendered":"El Meridiano de El Hierro"},"content":{"rendered":"<p>Cuando mencion\u00e9 el <strong>meridiano de Finisterre<\/strong>, en el art\u00edculo <em><strong><a href=\"http:\/\/www.alpoma.net\/tecob\/?p=6863\">Mart\u00edn Sarmiento y un misterio geogr\u00e1fico en el Palacio Real de Madrid<\/a><\/strong><\/em>, coment\u00e9 la batalla que mantuvieron franceses y brit\u00e1nicos durante mucho tiempo para imponer sus respectivos meridianos de referencia en la cartograf\u00eda mundial. El triunfador fue el <strong>Meridiano de Greenwich<\/strong>, como todos sabemos. Sin embargo, se me pas\u00f3 recordar, aunque fuera como simple menci\u00f3n, otra propuesta que durante mucho tiempo fue bastante empleada. Se trata del <strong><a href=\"http:\/\/en.wikipedia.org\/wiki\/Ferro_Meridian\">Meridiano de El Hierro<\/a><\/strong>, que desde tiempos lejanos se consider\u00f3 como ideal y que divide el mundo en dos hemisferios, occidental y oriental, con las tierras del Viejo mundo hacia el este y el nuevo mundo al oeste. <\/p>\n<p><iframe loading=\"lazy\" width=\"620\" height=\"350\" frameborder=\"0\" scrolling=\"no\" marginheight=\"0\" marginwidth=\"0\" src=\"https:\/\/maps.google.com\/maps\/ms?msid=217121051165840314765.0004c6bcdde2ad7ca8401&amp;msa=0&amp;ie=UTF8&amp;t=m&amp;source=embed&amp;ll=0,-17.929687&amp;spn=104.536315,217.96875&amp;z=2&amp;output=embed\"><\/iframe><br \/><small>Ver <a href=\"https:\/\/maps.google.com\/maps\/ms?msid=217121051165840314765.0004c6bcdde2ad7ca8401&amp;msa=0&amp;ie=UTF8&amp;t=m&amp;source=embed&amp;ll=0,-17.929687&amp;spn=104.536315,217.96875&amp;z=2\" style=\"color:#0000FF;text-align:left\">Ferro Meridian<\/a> en un mapa m\u00e1s grande | v\u00eda <em><a href=\"http:\/\/www.geographictravels.com\/2012\/08\/ferro-meridian-alternative-prime.html\">Geographic Travels<\/a><\/em> |<\/small><\/p>\n<p>Tal y como se mencionaba en <em>La Am\u00e9rica<\/em>, en su edici\u00f3n del d\u00eda 8 de febrero de 1883:<\/p>\n<blockquote><p>Cada nacio\u0301n tiene hoy un observatorio, y por consiguiente su meridiano que pasa por este observatorio. Greenwich, Pari\u0301s y Berl\u00edn son otros tantos puntos, a partir de los cuales las cartas publicadas en Inglaterra, Francia y Alemania, cuentan las divisiones en grados de longitud. De aqui\u0301 resultan complicaciones extraordinarias en los ca\u0301lculos que se hacen, ya en marina, ya en astronomi\u0301a. Un marino, por ejemplo, se encuentra, a consecuencia de un accidente cualquiera, con que no tiene a su disposicio\u0301n sino cartas diferentes de las que emplea por lo general, y esta\u0301 en seguida obligado a introducir en cada observacio\u0301n que hace una correccio\u0301n, que puede ser causa de error, y que produce en todo caso una pe\u0301rdida de tiempo. La extensio\u0301n de las comunicaciones entre los diversos pueblos, el uso indiferente de cartas y anuncios na\u0301uticos publicados en todas las lenguas, y que contienen por tanto diferentes indicaciones meridianas, hacen desear que se llegue a un arreglo sobre este punto. (&#8230;) El primer meridiano que se uso\u0301 fue el de Ptolomeo; el ma\u0301s ce\u0301lebre el de la isla del Hierro (&#8230;) que ha sido aceptado mucho tiempo por los navegantes de Europa.<\/p><\/blockquote>\n<p>Y, en efecto, a propuesta de Francia se plantearon en la <strong>Conferencia Internacional del Meridiano<\/strong>, patrocinada por los Estados Unidos y celebrada en Washington, diversos meridianos \u00abde compromiso\u00bb, como el de Ptolomeo o el del Hierro, pero finalmente al concluir la conferencia en 1884 fue <strong><a href=\"http:\/\/es.wikipedia.org\/wiki\/Meridiano_de_Greenwich\">Greenwich <\/a><\/strong>el vencedor de este juego a medio camino entre lo cartogr\u00e1fico y lo colonial. <\/p>\n","protected":false},"excerpt":{"rendered":"<div class=\"mh-excerpt\"><p>Cuando mencion\u00e9 el meridiano de Finisterre, en el art\u00edculo Mart\u00edn Sarmiento y un misterio geogr\u00e1fico en el Palacio Real de Madrid, coment\u00e9 la batalla que mantuvieron franceses y brit\u00e1nicos durante <a class=\"mh-excerpt-more\" href=\"https:\/\/alpoma.net\/tecob\/?p=7020\" title=\"El Meridiano de El Hierro\">[&#8230;]<\/a><\/p>\n<\/div>","protected":false},"author":1,"featured_media":0,"comment_status":"open","ping_status":"open","sticky":false,"template":"","format":"standard","meta":{"jetpack_post_was_ever_published":false,"_jetpack_newsletter_access":"","_jetpack_dont_email_post_to_subs":false,"_jetpack_newsletter_tier_id":0,"_jetpack_memberships_contains_paywalled_content":false,"_jetpack_memberships_contains_paid_content":false,"footnotes":""},"categories":[5],"tags":[],"class_list":["post-7020","post","type-post","status-publish","format-standard","hentry","category-geo"],"jetpack_featured_media_url":"","jetpack_shortlink":"https:\/\/wp.me\/p93Dc1-1Pe","jetpack-related-posts":[{"id":6863,"url":"https:\/\/alpoma.net\/tecob\/?p=6863","url_meta":{"origin":7020,"position":0},"title":"Mart\u00edn Sarmiento y un misterio geogr\u00e1fico en el Palacio Real de Madrid","author":"alpoma","date":"5 julio 2012","format":false,"excerpt":"AVISO: Este art\u00edculo es una versi\u00f3n reducida del que publiqu\u00e9 en la revista Historia de Iberia Vieja en su edici\u00f3n del mes de julio de 2012 y, adem\u00e1s, puede considerarse como complemento de un post anterior en TecOb sobre el mismo tema. ...deben escoger los espa\u00f1oles por primer meridiano para\u2026","rel":"","context":"En \u00abMade in Spain\u00bb","block_context":{"text":"Made in Spain","link":"https:\/\/alpoma.net\/tecob\/?cat=10"},"img":{"alt_text":"","src":"https:\/\/i0.wp.com\/alpoma.net\/tecob\/wp-content\/uploads\/2012\/07\/6956970921_848b4c711a_o.jpg?resize=350%2C200&ssl=1","width":350,"height":200,"srcset":"https:\/\/i0.wp.com\/alpoma.net\/tecob\/wp-content\/uploads\/2012\/07\/6956970921_848b4c711a_o.jpg?resize=350%2C200&ssl=1 1x, https:\/\/i0.wp.com\/alpoma.net\/tecob\/wp-content\/uploads\/2012\/07\/6956970921_848b4c711a_o.jpg?resize=525%2C300&ssl=1 1.5x"},"classes":[]},{"id":6349,"url":"https:\/\/alpoma.net\/tecob\/?p=6349","url_meta":{"origin":7020,"position":1},"title":"El Palacio Real de Madrid y un misterio cartogr\u00e1fico","author":"alpoma","date":"5 marzo 2012","format":false,"excerpt":"AVISO IMPORTANTE: La soluci\u00f3n definitiva a este enigma parece encontrarse en este comentario, que identifica el meridiano de referencia como el de Finisterre. Por ello, la idea inicial de buscar un meridiano de referencia diferente al de Greenwich sigue siendo v\u00e1lida, pero la identificaci\u00f3n con el meridiano de Par\u00eds ha\u2026","rel":"","context":"En \u00abGeo\u00bb","block_context":{"text":"Geo","link":"https:\/\/alpoma.net\/tecob\/?cat=5"},"img":{"alt_text":"palacio_real_coord","src":"https:\/\/i0.wp.com\/farm8.staticflickr.com\/7040\/6956970921_848b4c711a_o.jpg?resize=350%2C200","width":350,"height":200,"srcset":"https:\/\/i0.wp.com\/farm8.staticflickr.com\/7040\/6956970921_848b4c711a_o.jpg?resize=350%2C200 1x, https:\/\/i0.wp.com\/farm8.staticflickr.com\/7040\/6956970921_848b4c711a_o.jpg?resize=525%2C300 1.5x"},"classes":[]},{"id":594,"url":"https:\/\/alpoma.net\/tecob\/?p=594","url_meta":{"origin":7020,"position":2},"title":"La paradoja del circunnavegador","author":"alpoma","date":"17 septiembre 2006","format":false,"excerpt":"El 20 de septiembre de 1519, partieron cinco naves desde Sanl\u00facar de Barrameda con el objetivo de circunnavegar el planeta. Muchos meses despu\u00e9s, en 1522, regres\u00f3 a Espa\u00f1a la expedici\u00f3n de aventureros, eso s\u00ed, dir\u00edase que regresaron de milagro, al mando de Juan Sebasti\u00e1n Elcano, pues tanto el capit\u00e1n, Fernando\u2026","rel":"","context":"En \u00abGeo\u00bb","block_context":{"text":"Geo","link":"https:\/\/alpoma.net\/tecob\/?cat=5"},"img":{"alt_text":"","src":"","width":0,"height":0},"classes":[]},{"id":12549,"url":"https:\/\/alpoma.net\/tecob\/?p=12549","url_meta":{"origin":7020,"position":3},"title":"La pensadora del cielo","author":"alpoma","date":"31 enero 2017","format":false,"excerpt":"Fragmento del art\u00edculo que publiqu\u00e9 en la revista Historia de Iberia Vieja, edici\u00f3n de enero de 2017. El estado del cielo para el a\u00f1o de 1778 En la Biblioteca Nacional de Espa\u00f1a duerme desde finales del siglo XVIII cierto volumen con llamativo t\u00edtulo: El estado del cielo para el a\u00f1o\u2026","rel":"","context":"En \u00abMade in Spain\u00bb","block_context":{"text":"Made in Spain","link":"https:\/\/alpoma.net\/tecob\/?cat=10"},"img":{"alt_text":"","src":"https:\/\/i0.wp.com\/alpoma.net\/tecob\/wp-content\/uploads\/2017\/01\/portada_obra.jpg?resize=350%2C200&ssl=1","width":350,"height":200,"srcset":"https:\/\/i0.wp.com\/alpoma.net\/tecob\/wp-content\/uploads\/2017\/01\/portada_obra.jpg?resize=350%2C200&ssl=1 1x, https:\/\/i0.wp.com\/alpoma.net\/tecob\/wp-content\/uploads\/2017\/01\/portada_obra.jpg?resize=525%2C300&ssl=1 1.5x"},"classes":[]},{"id":7197,"url":"https:\/\/alpoma.net\/tecob\/?p=7197","url_meta":{"origin":7020,"position":4},"title":"La aventura fallida del mapa a la millon\u00e9sima","author":"alpoma","date":"11 septiembre 2012","format":false,"excerpt":"Oficialmente era conocido como proyecto del Mapa Internacional del Mundo, pero fue popularmente nombrado como Mapa del Mundo a la millon\u00e9sima por ser la escala 1:1.000.000 la elegida para ser llevado a cabo. Por desgracia, no lleg\u00f3 muy lejos. Veamos cierto recorte de prensa del peri\u00f3dico El Heraldo Militar, publicado\u2026","rel":"","context":"En \u00abGeo\u00bb","block_context":{"text":"Geo","link":"https:\/\/alpoma.net\/tecob\/?cat=5"},"img":{"alt_text":"","src":"https:\/\/i0.wp.com\/alpoma.net\/tecob\/wp-content\/uploads\/2012\/09\/mapa_internacional.jpg?resize=350%2C200&ssl=1","width":350,"height":200},"classes":[]},{"id":5034,"url":"https:\/\/alpoma.net\/tecob\/?p=5034","url_meta":{"origin":7020,"position":5},"title":"Jorge Juan, Antonio de Ulloa y la medici\u00f3n del mundo (I)","author":"alpoma","date":"3 julio 2011","format":false,"excerpt":"Este art\u00edculo corresponde a una versi\u00f3n abreviada del que publiqu\u00e9 en la revista Historia de Iberia Vieja, en su edici\u00f3n n\u00famero 73 del mes de julio de 2011. AVISO: La segunda parte del art\u00edculo aparecer\u00e1 publicada en la misma revista en el mes de agosto. Estos dos apasionantes personajes hist\u00f3ricos\u2026","rel":"","context":"En \u00abMade in Spain\u00bb","block_context":{"text":"Made in Spain","link":"https:\/\/alpoma.net\/tecob\/?cat=10"},"img":{"alt_text":"jorge_juan","src":"https:\/\/i0.wp.com\/farm7.static.flickr.com\/6027\/5896917926_9445f24d52.jpg?resize=350%2C200","width":350,"height":200},"classes":[]}],"jetpack_sharing_enabled":true,"_links":{"self":[{"href":"https:\/\/alpoma.net\/tecob\/index.php?rest_route=\/wp\/v2\/posts\/7020","targetHints":{"allow":["GET"]}}],"collection":[{"href":"https:\/\/alpoma.net\/tecob\/index.php?rest_route=\/wp\/v2\/posts"}],"about":[{"href":"https:\/\/alpoma.net\/tecob\/index.php?rest_route=\/wp\/v2\/types\/post"}],"author":[{"embeddable":true,"href":"https:\/\/alpoma.net\/tecob\/index.php?rest_route=\/wp\/v2\/users\/1"}],"replies":[{"embeddable":true,"href":"https:\/\/alpoma.net\/tecob\/index.php?rest_route=%2Fwp%2Fv2%2Fcomments&post=7020"}],"version-history":[{"count":0,"href":"https:\/\/alpoma.net\/tecob\/index.php?rest_route=\/wp\/v2\/posts\/7020\/revisions"}],"wp:attachment":[{"href":"https:\/\/alpoma.net\/tecob\/index.php?rest_route=%2Fwp%2Fv2%2Fmedia&parent=7020"}],"wp:term":[{"taxonomy":"category","embeddable":true,"href":"https:\/\/alpoma.net\/tecob\/index.php?rest_route=%2Fwp%2Fv2%2Fcategories&post=7020"},{"taxonomy":"post_tag","embeddable":true,"href":"https:\/\/alpoma.net\/tecob\/index.php?rest_route=%2Fwp%2Fv2%2Ftags&post=7020"}],"curies":[{"name":"wp","href":"https:\/\/api.w.org\/{rel}","templated":true}]}}