{"id":701,"date":"2007-04-03T23:44:49","date_gmt":"2007-04-03T21:44:49","guid":{"rendered":"http:\/\/www.alpoma.net\/tecob\/?p=701"},"modified":"2007-04-03T23:46:01","modified_gmt":"2007-04-03T21:46:01","slug":"el-libro-universal","status":"publish","type":"post","link":"https:\/\/alpoma.net\/tecob\/?p=701","title":{"rendered":"El Libro Universal"},"content":{"rendered":"<p><img decoding=\"async\" src=\"http:\/\/farm1.static.flickr.com\/252\/445362803_add9201cbc_m.jpg\" alt=\"Mundaneum\" class=\"dch\"\/>No sabr\u00eda decir si eran <strong>ratones de biblioteca<\/strong>, pero probablemente algo de eso ten\u00edan. Conste que lo escribo con sentimiento de admiraci\u00f3n, a fin de cuentas uno tambi\u00e9n se considera un poco ratoncillo de biblioteca y archivo. Volvamos la mirada a principios del siglo XX y fijemos la vista en dos inquietos personajes. Por una parte, veamos qu\u00e9 est\u00e1 haciendo <strong><a href=\"http:\/\/www.ischool.berkeley.edu\/~buckland\/otletbib.html\">Paul Otlet<\/a><\/strong>. S\u00ed, ah\u00ed est\u00e1, escrutando un mont\u00f3n de anotaciones, fichas y libros. Este belga inquieto y apasionado del papel impreso es considerado hoy d\u00eda como el <strong>fundador de la Bibliograf\u00eda y la Documentaci\u00f3n cient\u00edficas<\/strong>. Era abogado, pero su mayor logro no tiene nada que ver con el derecho, aunque de \u00e9l tambi\u00e9n se ha valido. Fund\u00f3 el Instituto Internacional de Bibliograf\u00eda, el Repertorio Bibliogr\u00e1fico Universal y, por supuesto, dio vida a su obra maestra, la <strong><a href=\"http:\/\/www.udcc.org\/\">Clasificaci\u00f3n Decimal Universal<\/a><\/strong>, la conocid\u00edsima CDU (UDC en siglas inglesas).  <\/p>\n<p>La CDU, que nada tiene que ver con la<em> Uni\u00f3n Dem\u00f3crata Cristiana de Alemania<\/em>, aunque compartan siglas, era un intento de poner orden en el secular caos de las clasificaciones bibliogr\u00e1ficas y tuvo tanto \u00e9xito que todav\u00eda es utilizado en gran n\u00famero de bibliotecas. En el nacimiento de tan excelsa clasificaci\u00f3n Otlet cont\u00f3 con un socio singular, <strong><a href=\"http:\/\/nobelprize.org\/nobel_prizes\/peace\/laureates\/1913\/index.html\">Henri La Fontaine<\/a><\/strong>. Se trataba de un tipo que tambi\u00e9n estaba metido en asuntos jur\u00eddicos y, adem\u00e1s, ten\u00eda querencia por la pol\u00edtica. Tambi\u00e9n era belga y lleg\u00f3 a ser uno de los expertos en derecho internacional m\u00e1s afamados de su \u00e9poca. Por sus esfuerzos a la hora de que alemanes y franceses se llevaran bien, como ni\u00f1os buenos, logr\u00f3 el <strong>Premio Nobel de la Paz de 1913<\/strong>. L\u00e1stima que al a\u00f1o siguiente los dos \u00abni\u00f1os\u00bb empezaran a darse de tortas, con el consiguiente drama al que m\u00e1s tarde llamaron Gran Guerra. Pacifista, pol\u00edtico, letrado y, claro, tambi\u00e9n rat\u00f3n de biblioteca que deseaba tener al alcance de la mano una compilaci\u00f3n ordenada de todo el saber humano.<\/p>\n<p><strong>\u00bfC\u00f3mo lograr tal fin?<\/strong> La cosa no era nada sencilla. No ten\u00edan ordenadores ni nada parecido, pero Otlet y La Fontaine idearon una especie de primitiva red de vinculaci\u00f3n de documentos que, salvando las distancias, se parec\u00eda a la <em>World Wide Web <\/em>y sus hiperv\u00ednculos, salvo que en vez de movilizarse electrones aqu\u00ed lo que se mov\u00edan eran fichas de papel. As\u00ed naci\u00f3, en 1910, el<strong> <a href=\"http:\/\/www.mundaneum.be\/index.asp?ID=240\">Instituto de Documentaci\u00f3n Mundaneum, inicialmente localizado en Bruselas<\/a><\/strong>. \u00bfQu\u00e9 se pod\u00eda encontrar un visitante que recorriera tal lugar? Se encontrar\u00eda, nada m\u00e1s y nada menos, que con aquello que Otlet llamaba el <strong>Libro Universal<\/strong>, una numerosa serie de estancias en las que, ordenadamente y con gran minuciosidad, en estanter\u00edas y archivadores, eran colocadas gran cantidad de tarjetas que recog\u00edan informaci\u00f3n bibliogr\u00e1fica de todo el planeta siguiendo la CDU. En total, las cr\u00f3nicas cuentan que aquella red de conocimiento lleg\u00f3 a compilar m\u00e1s de doce millones de tarjetas. Un esfuerzo brutal que, como suele suceder, no sirvi\u00f3 de mucho porque los nazis se encargaron destruir tan monumental recopilaci\u00f3n, aunque ya los pol\u00edticos locales se hab\u00edan encargado de ir minando poco a poco la iniciativa durante a\u00f1os. <\/p>\n<p><strong>M\u00e1s info<\/strong>: <a href=\"http:\/\/www.kirchersociety.org\/blog\/2007\/04\/02\/mundaneum-the-index-card-internet\/\" class=\"enlaces\">Mundaneum, the Index Card Internet<\/a> (C\u00f3mo no, en anotaci\u00f3n de los amigos <em>Kircherianos<\/em>).<\/p>\n","protected":false},"excerpt":{"rendered":"<div class=\"mh-excerpt\"><p>No sabr\u00eda decir si eran ratones de biblioteca, pero probablemente algo de eso ten\u00edan. Conste que lo escribo con sentimiento de admiraci\u00f3n, a fin de cuentas uno tambi\u00e9n se considera <a class=\"mh-excerpt-more\" href=\"https:\/\/alpoma.net\/tecob\/?p=701\" title=\"El Libro Universal\">[&#8230;]<\/a><\/p>\n<\/div>","protected":false},"author":1,"featured_media":11052,"comment_status":"open","ping_status":"open","sticky":false,"template":"","format":"standard","meta":{"jetpack_post_was_ever_published":false,"_jetpack_newsletter_access":"","_jetpack_dont_email_post_to_subs":false,"_jetpack_newsletter_tier_id":0,"_jetpack_memberships_contains_paywalled_content":false,"_jetpack_memberships_contains_paid_content":false,"footnotes":""},"categories":[3],"tags":[],"class_list":["post-701","post","type-post","status-publish","format-standard","has-post-thumbnail","hentry","category-obsolescencia"],"jetpack_featured_media_url":"https:\/\/alpoma.net\/tecob\/wp-content\/uploads\/2007\/04\/445362803_add9201cbc_m.jpg","jetpack_shortlink":"https:\/\/wp.me\/p93Dc1-bj","jetpack-related-posts":[{"id":567,"url":"https:\/\/alpoma.net\/tecob\/?p=567","url_meta":{"origin":701,"position":0},"title":"Resultados irreproducibles","author":"alpoma","date":"15 agosto 2006","format":false,"excerpt":"No todo iba a ser investigaci\u00f3n y trabajo en la vida de los cient\u00edficos. En algunos casos, para dar rienda suelta a su imaginaci\u00f3n, saldar alguna cuenta pendiente con un experimento especialmente dif\u00edcil o, simplemente, por mala leche, algunos cient\u00edficos han redactado imaginarios art\u00edculos de investigaci\u00f3n que son verdaderas obras\u2026","rel":"","context":"En \u00abGeneral\u00bb","block_context":{"text":"General","link":"https:\/\/alpoma.net\/tecob\/?cat=1"},"img":{"alt_text":"","src":"https:\/\/i0.wp.com\/alpoma.net\/tecob\/wp-content\/uploads\/2006\/08\/216129689_0d6b849090.jpg?resize=350%2C200&ssl=1","width":350,"height":200},"classes":[]},{"id":1086,"url":"https:\/\/alpoma.net\/tecob\/?p=1086","url_meta":{"origin":701,"position":1},"title":"Los Archivos Prelinger","author":"alpoma","date":"27 febrero 2009","format":false,"excerpt":"Rick Prelinger es un tipo raro, siguiendo el significado con que suelo emplear el t\u00e9rmino por aqu\u00ed, esto es, una persona que hace cosas nada normales pero fascinantes y sorprendentes. En este caso, Prelinger es un archivero, en pleno sentido, pues lleva d\u00e9cadas dedicado a recoger y ordenar, de una\u2026","rel":"","context":"En \u00abObsolescencia\u00bb","block_context":{"text":"Obsolescencia","link":"https:\/\/alpoma.net\/tecob\/?cat=3"},"img":{"alt_text":"","src":"https:\/\/i0.wp.com\/alpoma.net\/tecob\/wp-content\/uploads\/2009\/02\/3313576793_7836f03ebf_o.jpg?resize=350%2C200&ssl=1","width":350,"height":200,"srcset":"https:\/\/i0.wp.com\/alpoma.net\/tecob\/wp-content\/uploads\/2009\/02\/3313576793_7836f03ebf_o.jpg?resize=350%2C200&ssl=1 1x, https:\/\/i0.wp.com\/alpoma.net\/tecob\/wp-content\/uploads\/2009\/02\/3313576793_7836f03ebf_o.jpg?resize=525%2C300&ssl=1 1.5x"},"classes":[]},{"id":2009,"url":"https:\/\/alpoma.net\/tecob\/?p=2009","url_meta":{"origin":701,"position":2},"title":"El fin de la biblioteca flotante","author":"alpoma","date":"13 enero 2010","format":false,"excerpt":"Un sue\u00f1o m\u00e1s que llega a su fin. Hace m\u00e1s de un a\u00f1o record\u00e9 en TecOb la historia del Doulos, el barco biblioteca. Rescatemos algunos fragmentos de lo que escrib\u00ed por entonces: Sobrevive hoy en activo un barco que naci\u00f3 poco despu\u00e9s de la desaparici\u00f3n del famoso transatl\u00e1ntico [Titanic]. (...)\u2026","rel":"","context":"En \u00abObsolescencia\u00bb","block_context":{"text":"Obsolescencia","link":"https:\/\/alpoma.net\/tecob\/?cat=3"},"img":{"alt_text":"","src":"","width":0,"height":0},"classes":[]},{"id":5422,"url":"https:\/\/alpoma.net\/tecob\/?p=5422","url_meta":{"origin":701,"position":3},"title":"Sotos Ochando y la lengua universal","author":"alpoma","date":"3 octubre 2011","format":false,"excerpt":"Si te gusta TecOb, puedes votar por este blog en los Premios Bit\u00e1coras 2011. :-) El presente art\u00edculo corresponde a una versi\u00f3n abreviada del que publiqu\u00e9 en la revista Historia de Iberia Vieja en su edici\u00f3n del mes de octubre de 2011. La cuesti\u00f3n del idioma es muy interesante en\u2026","rel":"","context":"En \u00abMade in Spain\u00bb","block_context":{"text":"Made in Spain","link":"https:\/\/alpoma.net\/tecob\/?cat=10"},"img":{"alt_text":"","src":"https:\/\/i0.wp.com\/alpoma.net\/tecob\/wp-content\/uploads\/2011\/10\/6208267260_d7547293d1_b.jpg?resize=350%2C200&ssl=1","width":350,"height":200,"srcset":"https:\/\/i0.wp.com\/alpoma.net\/tecob\/wp-content\/uploads\/2011\/10\/6208267260_d7547293d1_b.jpg?resize=350%2C200&ssl=1 1x, https:\/\/i0.wp.com\/alpoma.net\/tecob\/wp-content\/uploads\/2011\/10\/6208267260_d7547293d1_b.jpg?resize=525%2C300&ssl=1 1.5x"},"classes":[]},{"id":9033,"url":"https:\/\/alpoma.net\/tecob\/?p=9033","url_meta":{"origin":701,"position":4},"title":"La m\u00e1quina de Martinus van Marum","author":"alpoma","date":"13 mayo 2014","format":false,"excerpt":"Antes de nada, \u00a1gracias Emanuel por la ayuda sobre este asunto! Pasemos a la acci\u00f3n, \u00bfqui\u00e9n Martinus van Marum y qu\u00e9 tiene de interesante su m\u00e1quina? La electricidad ha fascinado a los humanos incluso desde antes de que se tuviera una idea, siquiera aproximada, de qu\u00e9 se esconde tras ese\u2026","rel":"","context":"En \u00abObsolescencia\u00bb","block_context":{"text":"Obsolescencia","link":"https:\/\/alpoma.net\/tecob\/?cat=3"},"img":{"alt_text":"","src":"https:\/\/i0.wp.com\/alpoma.net\/tecob\/wp-content\/uploads\/2014\/05\/van_marum_3.jpg?resize=350%2C200&ssl=1","width":350,"height":200,"srcset":"https:\/\/i0.wp.com\/alpoma.net\/tecob\/wp-content\/uploads\/2014\/05\/van_marum_3.jpg?resize=350%2C200&ssl=1 1x, https:\/\/i0.wp.com\/alpoma.net\/tecob\/wp-content\/uploads\/2014\/05\/van_marum_3.jpg?resize=525%2C300&ssl=1 1.5x, https:\/\/i0.wp.com\/alpoma.net\/tecob\/wp-content\/uploads\/2014\/05\/van_marum_3.jpg?resize=700%2C400&ssl=1 2x"},"classes":[]},{"id":744,"url":"https:\/\/alpoma.net\/tecob\/?p=744","url_meta":{"origin":701,"position":5},"title":"\u00a1Dragones!","author":"alpoma","date":"8 julio 2007","format":false,"excerpt":"Esta noche, buscando un papel en la biblioteca, he vuelto a encontrarme con un libro que me ha tra\u00eddo muy buenos recuerdos. Hac\u00eda much\u00edsimos a\u00f1os que no lo ten\u00eda en mis manos. Se trata de un librillo con atractivos dibujos, centrado en narrar leyendas europeas sobre dragones. A m\u00ed, lo\u2026","rel":"","context":"En \u00abPersonal\u00bb","block_context":{"text":"Personal","link":"https:\/\/alpoma.net\/tecob\/?cat=2"},"img":{"alt_text":"","src":"https:\/\/i0.wp.com\/alpoma.net\/tecob\/wp-content\/uploads\/2007\/07\/750400496_7dc8b9b9f6_o.jpg?resize=350%2C200&ssl=1","width":350,"height":200,"srcset":"https:\/\/i0.wp.com\/alpoma.net\/tecob\/wp-content\/uploads\/2007\/07\/750400496_7dc8b9b9f6_o.jpg?resize=350%2C200&ssl=1 1x, https:\/\/i0.wp.com\/alpoma.net\/tecob\/wp-content\/uploads\/2007\/07\/750400496_7dc8b9b9f6_o.jpg?resize=525%2C300&ssl=1 1.5x"},"classes":[]}],"jetpack_sharing_enabled":true,"_links":{"self":[{"href":"https:\/\/alpoma.net\/tecob\/index.php?rest_route=\/wp\/v2\/posts\/701","targetHints":{"allow":["GET"]}}],"collection":[{"href":"https:\/\/alpoma.net\/tecob\/index.php?rest_route=\/wp\/v2\/posts"}],"about":[{"href":"https:\/\/alpoma.net\/tecob\/index.php?rest_route=\/wp\/v2\/types\/post"}],"author":[{"embeddable":true,"href":"https:\/\/alpoma.net\/tecob\/index.php?rest_route=\/wp\/v2\/users\/1"}],"replies":[{"embeddable":true,"href":"https:\/\/alpoma.net\/tecob\/index.php?rest_route=%2Fwp%2Fv2%2Fcomments&post=701"}],"version-history":[{"count":0,"href":"https:\/\/alpoma.net\/tecob\/index.php?rest_route=\/wp\/v2\/posts\/701\/revisions"}],"wp:featuredmedia":[{"embeddable":true,"href":"https:\/\/alpoma.net\/tecob\/index.php?rest_route=\/wp\/v2\/media\/11052"}],"wp:attachment":[{"href":"https:\/\/alpoma.net\/tecob\/index.php?rest_route=%2Fwp%2Fv2%2Fmedia&parent=701"}],"wp:term":[{"taxonomy":"category","embeddable":true,"href":"https:\/\/alpoma.net\/tecob\/index.php?rest_route=%2Fwp%2Fv2%2Fcategories&post=701"},{"taxonomy":"post_tag","embeddable":true,"href":"https:\/\/alpoma.net\/tecob\/index.php?rest_route=%2Fwp%2Fv2%2Ftags&post=701"}],"curies":[{"name":"wp","href":"https:\/\/api.w.org\/{rel}","templated":true}]}}