{"id":6987,"date":"2012-08-04T12:17:30","date_gmt":"2012-08-04T10:17:30","guid":{"rendered":"http:\/\/www.alpoma.net\/tecob\/?p=6987"},"modified":"2012-08-04T12:17:30","modified_gmt":"2012-08-04T10:17:30","slug":"monumentos-al-minero","status":"publish","type":"post","link":"https:\/\/alpoma.net\/tecob\/?p=6987","title":{"rendered":"Monumentos al minero"},"content":{"rendered":"<p>La <strong>miner\u00eda en Espa\u00f1a<\/strong> ha vuelto a ser tema de conversaci\u00f3n com\u00fan en las \u00faltimas semanas, como casi siempre por motivos poco agradables y con un futuro bastante oscuro. Pero no quiero comentar nada sobre el complejo mundo de las pol\u00edticas energ\u00e9ticas y mineras espa\u00f1olas sino acordarme de algo m\u00e1s amable. En una reciente conversaci\u00f3n ca\u00ed en la cuenta de que<strong> a lo largo de la geograf\u00eda espa\u00f1ola se han levantado diversos monumentos que recuerdan y sirven de homenaje a los mineros<\/strong>, por lo que he pensado hacer un peque\u00f1o repaso de cuatro <strong><em>monumentos al minero<\/em><\/strong> que conozco. <strong>Seguro que hay m\u00e1s, por lo que nunca mejor uso tendr\u00e1 el sistema de comentarios del blog, si conoces alg\u00fan monumento al minero m\u00e1s en Espa\u00f1a, te animo a dejar un mensaje<\/strong>. He distribuido los monumentos en forma de fotograf\u00edas y un sencillo pie con datos sobre cada uno de ellos. Comienzo, c\u00f3mo no, por el de mi pueblo, Guardo. <\/p>\n<p><a href=\"http:\/\/www.flickr.com\/photos\/alpoma\/3433932557\/\" title=\"Monumento al Minero (II) by alpoma, on Flickr\"><img decoding=\"async\" src=\"http:\/\/farm4.staticflickr.com\/3626\/3433932557_aa2235d4b1_b.jpg\" width=\"620\" alt=\"Monumento al Minero (II)\" class=\"otros\"\/><\/a><br \/>\n<strong>Fuente imagen<\/strong>: alpoma.<br \/>\n<strong>Localizaci\u00f3n<\/strong>: Guardo (Palencia).<br \/>\n<strong>Tipo de miner\u00eda<\/strong>: Carb\u00f3n de antracita.<br \/>\n<strong>Escultor<\/strong>: Jacinto Higueras C\u00e1tedra.<br \/>\n<strong>A\u00f1o de realizaci\u00f3n<\/strong>: 1975.<\/p>\n<p><a href=\"http:\/\/www.flickr.com\/photos\/alpoma\/7709266532\/\" title=\"almaden by alpoma, on Flickr\"><img loading=\"lazy\" decoding=\"async\" src=\"http:\/\/farm8.staticflickr.com\/7130\/7709266532_c30612c141_o.jpg\" width=\"620\" height=\"513\" alt=\"almaden\" class=\"otros\"\/><\/a><br \/>\n<strong>Fuente imagen<\/strong>: alpoma.<br \/>\n<strong>Localizaci\u00f3n<\/strong>: Almad\u00e9n (Ciudad Real).<br \/>\n<strong>Tipo de miner\u00eda<\/strong>: Cinabrio para la extracci\u00f3n de mercurio.<br \/>\n<strong>Escultor<\/strong>: Leovigildo Gallardo Blanco.<br \/>\n<strong>A\u00f1o de realizaci\u00f3n<\/strong>: 1996.<\/p>\n<p><a href=\"http:\/\/www.flickr.com\/photos\/10278754@N07\/2128310233\/\" title=\"El minero de Puertollano by Ra\u00fal R\u00e1ez, on Flickr\"><img decoding=\"async\" src=\"http:\/\/farm3.staticflickr.com\/2347\/2128310233_bc90eb7dc3_z.jpg?zz=1\" width=\"620\" alt=\"El minero de Puertollano\" class=\"otros\"\/><\/a><br \/>\n<strong>Fuente imagen<\/strong>: \u00a9 <a href=\"http:\/\/www.flickr.com\/photos\/10278754@N07\/2128310233\/\">Ra\u00fal R\u00e1ez<\/a>.<br \/>\n<strong>Localizaci\u00f3n<\/strong>: Puertollano (Ciudad Real).<br \/>\n<strong>Tipo de miner\u00eda<\/strong>: Carb\u00f3n y pizarras bituminosas.<br \/>\n<strong>Escultor<\/strong>: Jos\u00e9 Noja.<br \/>\n<strong>A\u00f1o de realizaci\u00f3n<\/strong>: 1983.<br \/>\n<strong>Nota<\/strong>: En Puertollano tambi\u00e9n hay <strong><a href=\"http:\/\/www.lacomarcadepuertollano.com\/diario\/noticia.php?dia=2008_11_30&#038;noticia=2008_11_30_No_01.xml\">otro monumento<\/a><\/strong> homenaje a los mineros.<\/p>\n<p><a href=\"http:\/\/www.flickr.com\/photos\/alpoma\/7709457212\/\" title=\"monumento_mieres, on Flickr\"><img loading=\"lazy\" decoding=\"async\" src=\"http:\/\/farm8.staticflickr.com\/7256\/7709457212_e0e126927c_o.jpg\" width=\"620\" height=\"829\" alt=\"monumento_mieres\" class=\"otros\"\/><\/a><br \/>\n<strong>Fuente imagen<\/strong>: \u00a9 <a href=\"http:\/\/turismo.ayto-mieres.es\/presentacio2_1\/_5G1ICS7tAW6VsJzs--qo_rDHz1aW-dqXFUWgYdKuGP6BpIqnYMiS61S7-2hSp4Pl\">Ayuntamiento de Mieres<\/a>.<br \/>\n<strong>Localizaci\u00f3n<\/strong>: Mieres (Asturias).<br \/>\n<strong>Tipo de miner\u00eda<\/strong>: Hulla.<br \/>\n<strong>Escultor<\/strong>: Miguel \u00c1ngel Lombard\u00eda.<br \/>\n<strong>A\u00f1o de realizaci\u00f3n<\/strong>: 1996.<br \/>\n<strong>Nota<\/strong>: En Mieres y \u00e1reas cercanas hay otros monumentos al minero, como el dedicado al <strong><a href=\"http:\/\/www.archivohistoricominero.org\/index.php?showimage=1941\">minero jubilado<\/a><\/strong> o el que se localiza en lo alto del <strong> <a href=\"http:\/\/www.rutadelaplata.com\/es\/5115\">Alto Colladiella<\/a><\/strong>.<\/p>\n","protected":false},"excerpt":{"rendered":"<div class=\"mh-excerpt\"><p>La miner\u00eda en Espa\u00f1a ha vuelto a ser tema de conversaci\u00f3n com\u00fan en las \u00faltimas semanas, como casi siempre por motivos poco agradables y con un futuro bastante oscuro. Pero <a class=\"mh-excerpt-more\" href=\"https:\/\/alpoma.net\/tecob\/?p=6987\" title=\"Monumentos al minero\">[&#8230;]<\/a><\/p>\n<\/div>","protected":false},"author":1,"featured_media":10795,"comment_status":"open","ping_status":"open","sticky":false,"template":"","format":"standard","meta":{"jetpack_post_was_ever_published":false,"_jetpack_newsletter_access":"","_jetpack_dont_email_post_to_subs":false,"_jetpack_newsletter_tier_id":0,"_jetpack_memberships_contains_paywalled_content":false,"_jetpack_memberships_contains_paid_content":false,"footnotes":""},"categories":[10,2],"tags":[],"class_list":["post-6987","post","type-post","status-publish","format-standard","has-post-thumbnail","hentry","category-made_in_spain","category-personal"],"jetpack_featured_media_url":"https:\/\/alpoma.net\/tecob\/wp-content\/uploads\/2012\/08\/3433932557_aa2235d4b1_b.jpg","jetpack_shortlink":"https:\/\/wp.me\/p93Dc1-1OH","jetpack-related-posts":[{"id":563,"url":"https:\/\/alpoma.net\/tecob\/?p=563","url_meta":{"origin":6987,"position":0},"title":"El ROM de Aguilar de Campoo","author":"alpoma","date":"10 agosto 2006","format":false,"excerpt":"No se trata del famoso tipo de memoria para ordenadores, ni siquiera tiene que ver con ellos. Esta ma\u00f1ana he pasado un rato muy agradable en el ROM, Museo del Rom\u00e1nico y el Territorio, de Aguilar de Campoo al norte de la provincia de Palencia. El d\u00eda no empezaba muy\u2026","rel":"","context":"En \u00abGeo\u00bb","block_context":{"text":"Geo","link":"https:\/\/alpoma.net\/tecob\/?cat=5"},"img":{"alt_text":"ROM2","src":"https:\/\/i0.wp.com\/static.flickr.com\/62\/211858516_7dacb46762_m.jpg?resize=350%2C200","width":350,"height":200},"classes":[]},{"id":15536,"url":"https:\/\/alpoma.net\/tecob\/?p=15536","url_meta":{"origin":6987,"position":1},"title":"A vueltas con el carb\u00f3n de \u00abSchlamm\u00bb","author":"alpoma","date":"17 marzo 2026","format":false,"excerpt":"Desde comienzos del siglo XX se extendi\u00f3 por las cuencas mineras del noroeste espa\u00f1ol un t\u00e9rmino curioso para referirse a cierto tipo de carb\u00f3n pulverulento o, m\u00e1s precisamente, residuo del lavado del carb\u00f3n, sobre todo de la antracita. Hace poco me consultaron en Guardo (norte de Palencia) sobre cierto t\u00e9rmino\u2026","rel":"","context":"En \u00abObsolescencia\u00bb","block_context":{"text":"Obsolescencia","link":"https:\/\/alpoma.net\/tecob\/?cat=3"},"img":{"alt_text":"","src":"https:\/\/i0.wp.com\/alpoma.net\/tecob\/wp-content\/uploads\/2026\/03\/Ant-232.png?resize=350%2C200&ssl=1","width":350,"height":200,"srcset":"https:\/\/i0.wp.com\/alpoma.net\/tecob\/wp-content\/uploads\/2026\/03\/Ant-232.png?resize=350%2C200&ssl=1 1x, https:\/\/i0.wp.com\/alpoma.net\/tecob\/wp-content\/uploads\/2026\/03\/Ant-232.png?resize=525%2C300&ssl=1 1.5x, https:\/\/i0.wp.com\/alpoma.net\/tecob\/wp-content\/uploads\/2026\/03\/Ant-232.png?resize=700%2C400&ssl=1 2x, https:\/\/i0.wp.com\/alpoma.net\/tecob\/wp-content\/uploads\/2026\/03\/Ant-232.png?resize=1050%2C600&ssl=1 3x, https:\/\/i0.wp.com\/alpoma.net\/tecob\/wp-content\/uploads\/2026\/03\/Ant-232.png?resize=1400%2C800&ssl=1 4x"},"classes":[]},{"id":5050,"url":"https:\/\/alpoma.net\/tecob\/?p=5050","url_meta":{"origin":6987,"position":2},"title":"Un vistazo a la Espa\u00f1a del siglo XIX","author":"alpoma","date":"8 julio 2011","format":false,"excerpt":"Este tipo de fotograf\u00edas, que nos hacen viajar en el tiempo, son dignas de ser contempladas con calma porque nos descubren estampas reales de \u00e9pocas ya muy lejanas. Es m\u00e1s, conociendo los lugares retratados, resulta sorprendente el ejercio de comparar el estado actual de esas ciudades con el de hace\u2026","rel":"","context":"En \u00abMade in Spain\u00bb","block_context":{"text":"Made in Spain","link":"https:\/\/alpoma.net\/tecob\/?cat=10"},"img":{"alt_text":"","src":"","width":0,"height":0},"classes":[]},{"id":15376,"url":"https:\/\/alpoma.net\/tecob\/?p=15376","url_meta":{"origin":6987,"position":3},"title":"Uranio en Espa\u00f1a","author":"alpoma","date":"9 mayo 2025","format":false,"excerpt":"En los \u00faltimos d\u00edas se viene afirmado en algunas tribunas pol\u00edticas que \"no hay uranio en Espa\u00f1a\". \u00bfEs cierto esto? Resulta que Espa\u00f1a tiene yacimientos de uranio de los grandes y es uno de los pa\u00edses con mayores reservas en la Uni\u00f3n Europea, cosa que no parece compatible con la\u2026","rel":"","context":"En \u00abMade in Spain\u00bb","block_context":{"text":"Made in Spain","link":"https:\/\/alpoma.net\/tecob\/?cat=10"},"img":{"alt_text":"","src":"https:\/\/i0.wp.com\/alpoma.net\/tecob\/wp-content\/uploads\/2025\/05\/5.png?resize=350%2C200&ssl=1","width":350,"height":200,"srcset":"https:\/\/i0.wp.com\/alpoma.net\/tecob\/wp-content\/uploads\/2025\/05\/5.png?resize=350%2C200&ssl=1 1x, https:\/\/i0.wp.com\/alpoma.net\/tecob\/wp-content\/uploads\/2025\/05\/5.png?resize=525%2C300&ssl=1 1.5x, https:\/\/i0.wp.com\/alpoma.net\/tecob\/wp-content\/uploads\/2025\/05\/5.png?resize=700%2C400&ssl=1 2x, https:\/\/i0.wp.com\/alpoma.net\/tecob\/wp-content\/uploads\/2025\/05\/5.png?resize=1050%2C600&ssl=1 3x, https:\/\/i0.wp.com\/alpoma.net\/tecob\/wp-content\/uploads\/2025\/05\/5.png?resize=1400%2C800&ssl=1 4x"},"classes":[]},{"id":2650,"url":"https:\/\/alpoma.net\/tecob\/?p=2650","url_meta":{"origin":6987,"position":4},"title":"Almad\u00e9n, el imperio de azogue","author":"alpoma","date":"5 mayo 2010","format":false,"excerpt":"Este art\u00edculo es una versi\u00f3n reducida del que publiqu\u00e9 en Historia de Iberia Vieja en su edici\u00f3n correspondiente al mes de mayo de 2010. La Espa\u00f1a no tiene ya el privilegio de surtir de mercurio a los mineros del Nuevo Mundo. La California contiene minas de cinabrio muy abundantes que\u2026","rel":"","context":"En \u00abMade in Spain\u00bb","block_context":{"text":"Made in Spain","link":"https:\/\/alpoma.net\/tecob\/?cat=10"},"img":{"alt_text":"","src":"https:\/\/i0.wp.com\/alpoma.net\/tecob\/wp-content\/uploads\/2010\/05\/4581326493_8bd66f2892_o.jpg?resize=350%2C200&ssl=1","width":350,"height":200,"srcset":"https:\/\/i0.wp.com\/alpoma.net\/tecob\/wp-content\/uploads\/2010\/05\/4581326493_8bd66f2892_o.jpg?resize=350%2C200&ssl=1 1x, https:\/\/i0.wp.com\/alpoma.net\/tecob\/wp-content\/uploads\/2010\/05\/4581326493_8bd66f2892_o.jpg?resize=525%2C300&ssl=1 1.5x"},"classes":[]},{"id":6561,"url":"https:\/\/alpoma.net\/tecob\/?p=6561","url_meta":{"origin":6987,"position":5},"title":"De las entra\u00f1as de la tierra al tel\u00e9fono m\u00f3vil","author":"alpoma","date":"22 abril 2012","format":false,"excerpt":"Esta imagen de sat\u00e9lite pertenece al distrito minero de Bayan Obo, situado en el norte de China, cerca de la frontera con Mongolia. La vegetaci\u00f3n aparece en tonos rojizos, las praderas en marr\u00f3n claro y el agua es verdoso. Los dos grandes agujeros oscuros en la tierra son unas minas\u2026","rel":"","context":"En \u00abGeo\u00bb","block_context":{"text":"Geo","link":"https:\/\/alpoma.net\/tecob\/?cat=5"},"img":{"alt_text":"","src":"https:\/\/i0.wp.com\/alpoma.net\/tecob\/wp-content\/uploads\/2012\/04\/7103522827_786c314dfc_o.jpg?resize=350%2C200&ssl=1","width":350,"height":200,"srcset":"https:\/\/i0.wp.com\/alpoma.net\/tecob\/wp-content\/uploads\/2012\/04\/7103522827_786c314dfc_o.jpg?resize=350%2C200&ssl=1 1x, https:\/\/i0.wp.com\/alpoma.net\/tecob\/wp-content\/uploads\/2012\/04\/7103522827_786c314dfc_o.jpg?resize=525%2C300&ssl=1 1.5x"},"classes":[]}],"jetpack_sharing_enabled":true,"_links":{"self":[{"href":"https:\/\/alpoma.net\/tecob\/index.php?rest_route=\/wp\/v2\/posts\/6987","targetHints":{"allow":["GET"]}}],"collection":[{"href":"https:\/\/alpoma.net\/tecob\/index.php?rest_route=\/wp\/v2\/posts"}],"about":[{"href":"https:\/\/alpoma.net\/tecob\/index.php?rest_route=\/wp\/v2\/types\/post"}],"author":[{"embeddable":true,"href":"https:\/\/alpoma.net\/tecob\/index.php?rest_route=\/wp\/v2\/users\/1"}],"replies":[{"embeddable":true,"href":"https:\/\/alpoma.net\/tecob\/index.php?rest_route=%2Fwp%2Fv2%2Fcomments&post=6987"}],"version-history":[{"count":0,"href":"https:\/\/alpoma.net\/tecob\/index.php?rest_route=\/wp\/v2\/posts\/6987\/revisions"}],"wp:featuredmedia":[{"embeddable":true,"href":"https:\/\/alpoma.net\/tecob\/index.php?rest_route=\/wp\/v2\/media\/10795"}],"wp:attachment":[{"href":"https:\/\/alpoma.net\/tecob\/index.php?rest_route=%2Fwp%2Fv2%2Fmedia&parent=6987"}],"wp:term":[{"taxonomy":"category","embeddable":true,"href":"https:\/\/alpoma.net\/tecob\/index.php?rest_route=%2Fwp%2Fv2%2Fcategories&post=6987"},{"taxonomy":"post_tag","embeddable":true,"href":"https:\/\/alpoma.net\/tecob\/index.php?rest_route=%2Fwp%2Fv2%2Ftags&post=6987"}],"curies":[{"name":"wp","href":"https:\/\/api.w.org\/{rel}","templated":true}]}}