{"id":6863,"date":"2012-07-05T18:38:30","date_gmt":"2012-07-05T16:38:30","guid":{"rendered":"http:\/\/www.alpoma.net\/tecob\/?p=6863"},"modified":"2012-07-05T18:38:30","modified_gmt":"2012-07-05T16:38:30","slug":"martin-sarmiento-y-un-misterio-geografico-en-el-palacio-real-de-madrid","status":"publish","type":"post","link":"https:\/\/alpoma.net\/tecob\/?p=6863","title":{"rendered":"Mart\u00edn Sarmiento y un misterio geogr\u00e1fico en el Palacio Real de Madrid"},"content":{"rendered":"<p class=\"otros3\"><strong>AVISO<\/strong>: Este art\u00edculo es una versi\u00f3n reducida del que publiqu\u00e9 en la revista <strong><a href=\"http:\/\/www.historiadeiberiavieja.com\/\">Historia de Iberia Vieja<\/a><\/strong> en su edici\u00f3n del mes de julio de 2012 y, adem\u00e1s, puede considerarse como complemento de <strong><a href=\"http:\/\/www.alpoma.net\/tecob\/?p=6349\">un post anterior<\/a><\/strong> en <em>TecOb<\/em> sobre el mismo tema.<\/p>\n<blockquote><p>&#8230;deben escoger los espa\u00f1oles por primer meridiano para los mapas el meridiano que pasa por el mismo cabo de Finisterre, que es t\u00e9rmino y fin del mundo viejo, y de modo que sea el medio de los dos globos del planisferio geogr\u00e1fico, con 180 grados de longitud al poniente y 180 al oriente. (&#8230;) Y para saber la longitud es pura materialidad que el primer meridiano general, pero ad libitum, de los mapas se coloque aqu\u00ed o all\u00ed. Con a\u00f1adir o restar grados, todos los mapas antiguos y modernos pertenecientes a Espa\u00f1a se podr\u00e1n reducir y rectificar acomod\u00e1ndolos al meridiano del cabo de Finisterre, que debe ser el primer meridiano de los espa\u00f1oles. He estado en lo m\u00e1s alto de ese famoso cabo y tiene la singularidad de que le ba\u00f1a la espaciosa bah\u00eda de Finisterre, capaz de mil naves de l\u00ednea, y en cuya orilla est\u00e1 la villa y puerto de Finisterre. A\u00fan hay m\u00e1s: esa bah\u00eda se va estrechando a formar la r\u00eda de Cee y Corcubi\u00f3n, que tambi\u00e9n admite nav\u00edos de l\u00ednea por las muchas brazas que tiene de profundo.<\/p>\n<p><em>De historia natural y de todo g\u00e9nero de erudici\u00f3n<\/em>. <strong>Mart\u00edn Sarmiento<\/strong>.<\/p><\/blockquote>\n<p><a href=\"http:\/\/www.flickr.com\/photos\/alpoma\/6956970921\/\" title=\"palacio_real_coord by alpoma, on Flickr\"><img loading=\"lazy\" decoding=\"async\" src=\"http:\/\/farm8.staticflickr.com\/7040\/6956970921_848b4c711a_o.jpg\" width=\"620\" height=\"450\" alt=\"palacio_real_coord\" class=\"otros\"\/><\/a><br \/>\n<small>La placa con informaci\u00f3n geogr\u00e1fica protagonista de este art\u00edculo.<\/small><\/p>\n<p>Caminando recientemente por el <strong>Paseo del Espol\u00f3n en Burgos <\/strong>, ca\u00ed en la cuenta de que varias <strong>estatuas de vetustos reyes de Espa\u00f1a<\/strong> proced\u00edan originalmente del <strong>Palacio Real de Madrid<\/strong>, y eso me trajo a la memoria cierto misterio geogr\u00e1fico muy poco conocido o comentado que tiene la ventaja de ser accesible y hasta de poder pisarse sobre \u00e9l si as\u00ed se desea. Todo lo que sigue no ha sido sino fruto de una de esas casualidades que sirven para ir tirando de un fino hilo para tramar una historia realmente curiosa y casi olvidada.<\/p>\n<p><strong>Mart\u00edn Sarmiento y las estatuas errantes<\/strong><\/p>\n<p>Fray <strong>Mart\u00edn Sarmiento<\/strong> es una de esas figuras que aparecen de vez en cuando en la historia como ejemplo de energ\u00eda sin l\u00edmites y pasi\u00f3n infinita. El Padre Sarmiento fue un escritor y erudito benedictino que vino al mundo en Galicia, aunque algunos autores afirman que lo hizo en Le\u00f3n, cosa que no importa mucho realmente, all\u00e1 por 1695. Vivi\u00f3 con plenitud hasta finales de 1772 y, en todo ese tiempo, tuvo \u00e1nimo para dedicarse a gran n\u00famero de actividades sin que por ello cayera en la mediocridad. Pas\u00f3 su juventud en Pontevedra y, con 15 a\u00f1os de edad, pas\u00f3 a estudiar en Madrid, donde <strong>ingres\u00f3 en la Orden Benedictina<\/strong>. M\u00e1s adelante estudi\u00f3 en otros lugares de Espa\u00f1a, como Salamanca, para formarse como te\u00f3logo y fil\u00f3sofo. Siendo ya todo un erudito, estuvo siempre cerca de lo m\u00e1s alto de la intelectualidad del pa\u00eds, como el Padre Feijoo. Fue profesor en Madrid, estudi\u00f3 con ah\u00ednco ling\u00fc\u00edstica, defendi\u00f3 el uso del gallego y public\u00f3 centenares de obras de todo tipo, desde las de tema filos\u00f3fico hasta las m\u00e1s pol\u00edticas o pr\u00e1cticas con asuntos geogr\u00e1ficos y de comercio, bot\u00e1nica, tecnolog\u00eda y, en general, cualquier tema que pudiera ver algo provechoso para el pa\u00eds. Durante toda su vida emple\u00f3 sus conocimientos para luchar contra la superstici\u00f3n y llevar all\u00e1 donde pudiera aquellos saberes, <strong>fomentando la creaci\u00f3n de bibliotecas populares<\/strong> y estudiando tradiciones locales, sobre todo las gallegas. Realmente, aunque era un hombre ilustrado con mentalidad propia de su \u00e9poca, fue mucho m\u00e1s all\u00e1 de lo usual por entonces. Puede decirse que <strong>iba m\u00e1s de un siglo adelantado a sus contempor\u00e1neos<\/strong>, luch\u00f3 por la difusi\u00f3n libre de la cultura y por la creaci\u00f3n de instituciones cient\u00edficas fuertes, as\u00ed como de jardines bot\u00e1nicos como el de Madrid. Y, de toda esa actividad y conocimiento enciclop\u00e9dico naci\u00f3 el <strong>misterio geogr\u00e1fico<\/strong> al que quiero referirme. <\/p>\n<p>Dado el prestigio de Mart\u00edn Sarmiento en todas las ramas del saber, <strong>considerado como un erudito sin igual<\/strong>, recibi\u00f3<strong> un encargo muy singular<\/strong>, a saber, dise\u00f1ar el <strong>plan para decorar el Palacio Real de Madrid<\/strong>, que se encontraba en construcci\u00f3n. \u00bfY c\u00f3mo respondi\u00f3 Mart\u00edn a semejante reto? Pues ni m\u00e1s ni menos que con un<strong> proyecto para reflejar la historia de la monarqu\u00eda en Espa\u00f1a en todo su detalle<\/strong>. Quede claro que la palabra m\u00e1gica es \u201cdetalle\u201d, porque al bueno de Mart\u00edn se le ocurri\u00f3 ir donde nadie hab\u00eda llegado antes. En primer lugar realiz\u00f3 una lista minuciosa de todos los reyes hisp\u00e1nicos y, con ella, dise\u00f1\u00f3 un plan para decorar la balaustrada del palacio gracias a <strong>grandes estatuas<\/strong> representando dichos monarcas. En total, m\u00e1s de cien monumentales estatuas elevadas en lo alto del palacio que supon\u00edan un recorrido hist\u00f3rico por la historia de Espa\u00f1a nunca antes visto. El plan no se complet\u00f3 del todo, pero no import\u00f3 mucho porque a finales del siglo XVIII el arquitecto encargado de finalizar las obras del palacio, <strong>Sabatini<\/strong>, solicit\u00f3 que se retiraran porque no le parec\u00edan muy adecuadas para el estilo del edificio. Y, as\u00ed, <strong>comenz\u00f3 el viaje de las estatuas ideadas por Mart\u00edn Sarmiento de ac\u00e1 para all\u00e1<\/strong>. Algunas se perdieron para siempre, otras fueron duplicadas, el caso es que hoy d\u00eda hay estatuas de la colecci\u00f3n del Palacio Real en Burgos, como ya coment\u00e9, y en Vitoria o Pamplona, as\u00ed como en diversos lugares de Madrid, destacando la Plaza de Oriente, los Jardines de Sabatini o el Retiro. En el Palacio Real finalmente fueron colocadas de nuevo en lo alto algunas de las estatuas, incluyendo curiosamente las que se refieren a personajes de la conquista americana, como Moctezuma o Atahualpa. <!--more--><\/p>\n<p><strong>Mirando a la Plaza de Oriente<\/strong><\/p>\n<p>Aunque hab\u00eda pisado anteriormente por all\u00ed, nunca me hab\u00eda fijado en aquel detalle. De hecho, pasan por el lugar miles de personas al cabo del a\u00f1o y pocos parecen atender a <strong>cierta marca cartogr\u00e1fica que<\/strong>, a la vista de todo el mundo, <strong>duerme con su secreto frente al Palacio Real de Madrid<\/strong>, como gui\u00f1o hist\u00f3rico dejado ah\u00ed posiblemente por el propio Mart\u00edn Sarmiento. <\/p>\n<p>A principios del mes de marzo de 2012, recorriendo el Madrid de los Austrias, me lanz\u00f3 <strong>Jes\u00fas Callejo<\/strong> todo un reto. Sin darme ning\u00fan detalle, me condujo hasta la Plaza de Oriente, justo al enlosado que se extiende frente a la entrada principal del Palacio Real que mira hacia la plaza, vigilados por algunas de las estatuas errantes de la colecci\u00f3n de Mart\u00edn Sarmiento. <\/p>\n<p>All\u00ed, frente a un guardia de serio aspecto, aparec\u00eda en medio del suelo una losa muy especial. Jes\u00fas me lanz\u00f3 entonces el desaf\u00edo. Deb\u00eda averiguar qu\u00e9 indicaba la numeraci\u00f3n que aparec\u00eda en la losa. A primera vista est\u00e1 claro que es una indicaci\u00f3n geogr\u00e1fica de longitud, y puede que por eso casi nadie haga caso de ella. Pero si se toma un mapa, o se sit\u00faa un GPS en el lugar, se ver\u00e1 que <strong>la coordenada all\u00ed marcada no tiene nada que ver con la \u201creal\u201d<\/strong>. \u00bfA qu\u00e9 se deb\u00eda el supuesto error? Por supuesto, atend\u00ed al reto con la confianza de que pod\u00eda resolverlo, no tard\u00e9 en darme cuenta de que el problema era m\u00e1s complicado de lo que parec\u00eda a primera vista.<\/p>\n<p>Como todos sabemos, para localizar un punto cualquiera sobre la superficie terrestre basta con conocer su longitud, por ejemplo con respecto al meridiano de referencia, o de Greenwich, y la latitud en relaci\u00f3n al ecuador, si adem\u00e1s se cuenta con el dato de la altitud sobre el nivel del mar, ya tendremos m\u00e1s que suficiente para llegar al lugar marcado con una \u201cX\u201d en el mapa. Ahora bien, <strong>los marcos de referencia empleados actualmente no han sido siempre los mismos<\/strong>, he ah\u00ed el origen del misterio porque las cosas cambian con el paso del tiempo, aunque parezcan inmutables en el d\u00eda a d\u00eda. La losa blanquecina circular que se sit\u00faa frente a la entrada principal del Palacio Real en la fachada que mira a la Plaza de Oriente reza de esta manera: <strong>5\u00ba34\u00b452\u2033<\/strong>. Adem\u00e1s, una cu\u00f1a oscura parte del centro del c\u00edrculo abri\u00e9ndose hacia el oeste. \u00bfQu\u00e9 nos indica semejante numeraci\u00f3n? Lo que sigue no es m\u00e1s que un intento por desentra\u00f1ar el misterio, con un error de bulto por mi parte incluido.<\/p>\n<p><strong>Desvelando un viejo misterio geogr\u00e1fico<\/strong><\/p>\n<p>En un principio cre\u00ed tener la soluci\u00f3n, es m\u00e1s, en un destello de orgullo pens\u00e9 haber resuelto el problema pr\u00e1cticamente sin pensar. Como suele suceder en casos as\u00ed, comet\u00ed un error de esos que merecen ser recordados para escarnio de quien los comete. El proceso de pensamiento era completamente l\u00f3gico, pero el resultado pecaba de mal uso de la memoria y, por supuesto, de falta de los debidos c\u00e1lculos. Estaba claro que la cifra marcada en la losa, que cualquiera que visite la plaza puede localizar y disfrutar, no era correcta si se tomaba el meridiano de Greenwich como referencia de longitud. Ahora bien, <strong>\u00bfqu\u00e9 otros meridianos eran los empleados como referencia cartogr\u00e1fica en la \u00e9poca en que se levant\u00f3 el palacio?<\/strong> De forma autom\u00e1tica me content\u00e9 con pensar que se trataba del Meridiano de Par\u00eds, muy utilizado sobre todo a principios del siglo XIX. En Espa\u00f1a se us\u00f3 bastante el de C\u00e1diz, pero la cifra no me encajaba bien. El<strong> Meridiano de Par\u00eds<\/strong>, es la l\u00ednea imaginaria tomada como referencia de longitud terrestre que pasa por el Observatorio de Par\u00eds. Fue en 1884 cuando durante la Conferencia Internacional del Meridiano se fij\u00f3 en el brit\u00e1nico  Meridiano de Greenwich la l\u00ednea de referencia de la longitud a tener en cuenta por toda la cartograf\u00eda a partir de entonces. As\u00ed, el \u201cmeridiano cero\u201d pas\u00f3 de Par\u00eds a Londres y asunto resuelto. En conclusi\u00f3n, la curiosa placa que descansa frente al Palacio Real tomaba como referencia el Meridiano de Par\u00eds. Parec\u00eda l\u00f3gico, pero nada m\u00e1s lejos de la realidad, estaba completamente equivocado.<\/p>\n<p>Al poco de llegar yo a esa conclusi\u00f3n, y con la arrogancia de no haber realizado siquiera un c\u00e1lculo aproximado, atribuyendo al meridiano equivocado la soluci\u00f3n al misterio, recib\u00ed la inestimable ayuda de <strong>Mario Velasco<\/strong>, a su vez asistido por <strong>Guillermo Mart\u00edn<\/strong>, a quienes estoy muy agradecido por sacarme del error. La soluci\u00f3n final fue realmente sorprendente y deja constancia de que la placa es un todo un gui\u00f1o singular del propio Mart\u00edn Sarmiento. Veamos qu\u00e9 sucede si calculamos un poco.<\/p>\n<p>El principal problema estaba en que <strong>el Meridiano de Par\u00eds no encajaba nada bien en la cifra<\/strong>. Incluso suponiendo que se hubiera cometido un error de medida relativamente grande, la discrepancia era enorme. Tomando el Meridiano de Par\u00eds, sumando 2\u00b020\u203214\u2033 E, que es la posici\u00f3n de ese meridiano con respecto a Greenwich, a la posici\u00f3n del Palacio Real de Madrid, 3\u00b042\u203250\u2033 W, se obtienen 6\u00b003\u203204\u2033 W, algo muy diferente a los 5\u00b034\u203252\u2033 cincelados en el suelo. La diferencia es de 28\u203212\u2033. Teniendo en cuenta que un grado de meridiano mide 111,325 kil\u00f3metros en el Ecuador y 0 en el polo, a 40\u00ba N, que es la latitud de Madrid, un grado viene a medir 85,275 kil\u00f3metros. En conclusi\u00f3n, si se toma como referencia el Meridiano de Par\u00eds, se comete un error de 28\u203212\u2033, que son 0,47\u00b0, esto es, una distancia de 40 kil\u00f3metros.<\/p>\n<p>De acuerdo, mi primera impresi\u00f3n estaba completamente equivocada pero, <strong>\u00bfqu\u00e9 meridiano se pudo tomar como referencia? <\/strong>Ah\u00ed entra en juego el detalle de la flecha oscura que aparece en la losa, hab\u00eda que mirar hacia el oeste. \u00bfPod\u00eda ser Lisboa? No era mala idea, pero no terminaba de encajar. La soluci\u00f3n propuesta por Mario Velasco, en cambio, s\u00ed daba soluci\u00f3n al enigma. Dibujando dos meridianos, a este y oeste de la longitud del Palacio Real, 3\u00b042\u203250\u2033 W, aparecen dos posibles meridianos de referencia, uno a 9\u00b017\u203242\u2033 W y otro a 1\u00b052\u203202\u2033 E, siempre respecto a Greenwich. El meridiano dibujado hacia el este no tiene ning\u00fan inter\u00e9s. En cambio, el dibujado en el oeste cruza de lleno un lugar conocido por todos:<strong> Finisterre<\/strong>. Ahora bien, \u00bfexisti\u00f3 alguna vez un Meridiano de Finisterre? Pues s\u00ed, en la mente de Mart\u00edn Sarmiento, quien propuso su uso para la cartograf\u00eda espa\u00f1ola, sin que le hicieran mucho caso todo hay que decirlo. As\u00ed, en la obra citada al comienzo de estas letras,<strong> nos comenta el propio Mart\u00edn<\/strong>:<\/p>\n<blockquote><p>El cabo de Finisterre es un punto fijo, conocido y reconocido de todo el mundo desde que hay navegaci\u00f3n. Est\u00e1 entre dos puertos capaces de nav\u00edos de l\u00ednea en las dos r\u00edas de Muros y de Camari\u00f1as, y tiene a sus pies otros dos puertos tan capaces en la villa de Finisterre y en la de Corcubi\u00f3n. El cargar yo tanto la mano para que en el dicho cabo se coloque el primer meridiano de los espa\u00f1oles es porque, si se informa al rey que eso conviene y su majestad consiente, se le pueda informar tambi\u00e9n de las muchas utilidades que se podr\u00e1n seguir si se quiere utilizar la proporci\u00f3n que aquel terreno, con sus cuatro puertos mayores, tiene para la pesquer\u00eda, comercio en tiempo de paz y de guerra, contra enemigos, corsarios y piratas&#8230;<\/p><\/blockquote>\n<p>Ah\u00ed est\u00e1 la soluci\u00f3n. Muy posiblemente el Padre Mart\u00edn Sarmiento dej\u00f3 para la posteridad, en el suelo frente al Palacio Real, esta peque\u00f1a placa que muestra <strong>su empe\u00f1o en convertir el Meridiano de Finisterre en la referencia cartogr\u00e1fica espa\u00f1ola<\/strong>. Hoy, la placa duerme olvidada frente a la cercana sombra de varias de las estatuas que el propio Mart\u00edn so\u00f1\u00f3 que poblaran las alturas del Palacio, en un tiempo en que el meridiano cero se sit\u00faa en plena ciudad de Londres.<\/p>\n","protected":false},"excerpt":{"rendered":"<div class=\"mh-excerpt\"><p>AVISO: Este art\u00edculo es una versi\u00f3n reducida del que publiqu\u00e9 en la revista Historia de Iberia Vieja en su edici\u00f3n del mes de julio de 2012 y, adem\u00e1s, puede considerarse <a class=\"mh-excerpt-more\" href=\"https:\/\/alpoma.net\/tecob\/?p=6863\" title=\"Mart\u00edn Sarmiento y un misterio geogr\u00e1fico en el Palacio Real de Madrid\">[&#8230;]<\/a><\/p>\n<\/div>","protected":false},"author":1,"featured_media":10441,"comment_status":"open","ping_status":"open","sticky":false,"template":"","format":"standard","meta":{"jetpack_post_was_ever_published":false,"_jetpack_newsletter_access":"","_jetpack_dont_email_post_to_subs":false,"_jetpack_newsletter_tier_id":0,"_jetpack_memberships_contains_paywalled_content":false,"_jetpack_memberships_contains_paid_content":false,"footnotes":""},"categories":[10],"tags":[],"class_list":["post-6863","post","type-post","status-publish","format-standard","has-post-thumbnail","hentry","category-made_in_spain"],"jetpack_featured_media_url":"https:\/\/alpoma.net\/tecob\/wp-content\/uploads\/2012\/07\/6956970921_848b4c711a_o.jpg","jetpack_shortlink":"https:\/\/wp.me\/p93Dc1-1MH","jetpack-related-posts":[{"id":7020,"url":"https:\/\/alpoma.net\/tecob\/?p=7020","url_meta":{"origin":6863,"position":0},"title":"El Meridiano de El Hierro","author":"alpoma","date":"11 agosto 2012","format":false,"excerpt":"Cuando mencion\u00e9 el meridiano de Finisterre, en el art\u00edculo Mart\u00edn Sarmiento y un misterio geogr\u00e1fico en el Palacio Real de Madrid, coment\u00e9 la batalla que mantuvieron franceses y brit\u00e1nicos durante mucho tiempo para imponer sus respectivos meridianos de referencia en la cartograf\u00eda mundial. El triunfador fue el Meridiano de Greenwich,\u2026","rel":"","context":"En \u00abGeo\u00bb","block_context":{"text":"Geo","link":"https:\/\/alpoma.net\/tecob\/?cat=5"},"img":{"alt_text":"","src":"","width":0,"height":0},"classes":[]},{"id":6349,"url":"https:\/\/alpoma.net\/tecob\/?p=6349","url_meta":{"origin":6863,"position":1},"title":"El Palacio Real de Madrid y un misterio cartogr\u00e1fico","author":"alpoma","date":"5 marzo 2012","format":false,"excerpt":"AVISO IMPORTANTE: La soluci\u00f3n definitiva a este enigma parece encontrarse en este comentario, que identifica el meridiano de referencia como el de Finisterre. Por ello, la idea inicial de buscar un meridiano de referencia diferente al de Greenwich sigue siendo v\u00e1lida, pero la identificaci\u00f3n con el meridiano de Par\u00eds ha\u2026","rel":"","context":"En \u00abGeo\u00bb","block_context":{"text":"Geo","link":"https:\/\/alpoma.net\/tecob\/?cat=5"},"img":{"alt_text":"palacio_real_coord","src":"https:\/\/i0.wp.com\/farm8.staticflickr.com\/7040\/6956970921_848b4c711a_o.jpg?resize=350%2C200","width":350,"height":200,"srcset":"https:\/\/i0.wp.com\/farm8.staticflickr.com\/7040\/6956970921_848b4c711a_o.jpg?resize=350%2C200 1x, https:\/\/i0.wp.com\/farm8.staticflickr.com\/7040\/6956970921_848b4c711a_o.jpg?resize=525%2C300 1.5x"},"classes":[]},{"id":594,"url":"https:\/\/alpoma.net\/tecob\/?p=594","url_meta":{"origin":6863,"position":2},"title":"La paradoja del circunnavegador","author":"alpoma","date":"17 septiembre 2006","format":false,"excerpt":"El 20 de septiembre de 1519, partieron cinco naves desde Sanl\u00facar de Barrameda con el objetivo de circunnavegar el planeta. Muchos meses despu\u00e9s, en 1522, regres\u00f3 a Espa\u00f1a la expedici\u00f3n de aventureros, eso s\u00ed, dir\u00edase que regresaron de milagro, al mando de Juan Sebasti\u00e1n Elcano, pues tanto el capit\u00e1n, Fernando\u2026","rel":"","context":"En \u00abGeo\u00bb","block_context":{"text":"Geo","link":"https:\/\/alpoma.net\/tecob\/?cat=5"},"img":{"alt_text":"","src":"","width":0,"height":0},"classes":[]},{"id":7197,"url":"https:\/\/alpoma.net\/tecob\/?p=7197","url_meta":{"origin":6863,"position":3},"title":"La aventura fallida del mapa a la millon\u00e9sima","author":"alpoma","date":"11 septiembre 2012","format":false,"excerpt":"Oficialmente era conocido como proyecto del Mapa Internacional del Mundo, pero fue popularmente nombrado como Mapa del Mundo a la millon\u00e9sima por ser la escala 1:1.000.000 la elegida para ser llevado a cabo. Por desgracia, no lleg\u00f3 muy lejos. Veamos cierto recorte de prensa del peri\u00f3dico El Heraldo Militar, publicado\u2026","rel":"","context":"En \u00abGeo\u00bb","block_context":{"text":"Geo","link":"https:\/\/alpoma.net\/tecob\/?cat=5"},"img":{"alt_text":"","src":"https:\/\/i0.wp.com\/alpoma.net\/tecob\/wp-content\/uploads\/2012\/09\/mapa_internacional.jpg?resize=350%2C200&ssl=1","width":350,"height":200},"classes":[]},{"id":12627,"url":"https:\/\/alpoma.net\/tecob\/?p=12627","url_meta":{"origin":6863,"position":4},"title":"Tom\u00e1s L\u00f3pez, el cart\u00f3grafo incansable","author":"alpoma","date":"28 abril 2017","format":false,"excerpt":"Versi\u00f3n para TecOb del art\u00edculo que publiqu\u00e9 en la revista Historia de Iberia Vieja, edici\u00f3n de abril de 2017. No cabe duda que Tom\u00e1s L\u00f3pez se hubiera sentido fascinado de haber conocido nuestra \u00e9poca. Para alguien que dedic\u00f3 su vida a plasmar el conocimiento geogr\u00e1fico sobre laboriosos mapas hechos a\u2026","rel":"","context":"En \u00abMade in Spain\u00bb","block_context":{"text":"Made in Spain","link":"https:\/\/alpoma.net\/tecob\/?cat=10"},"img":{"alt_text":"","src":"https:\/\/i0.wp.com\/alpoma.net\/tecob\/wp-content\/uploads\/2017\/04\/Castilla-la-Nueva.jpg?resize=350%2C200&ssl=1","width":350,"height":200,"srcset":"https:\/\/i0.wp.com\/alpoma.net\/tecob\/wp-content\/uploads\/2017\/04\/Castilla-la-Nueva.jpg?resize=350%2C200&ssl=1 1x, https:\/\/i0.wp.com\/alpoma.net\/tecob\/wp-content\/uploads\/2017\/04\/Castilla-la-Nueva.jpg?resize=525%2C300&ssl=1 1.5x, https:\/\/i0.wp.com\/alpoma.net\/tecob\/wp-content\/uploads\/2017\/04\/Castilla-la-Nueva.jpg?resize=700%2C400&ssl=1 2x, https:\/\/i0.wp.com\/alpoma.net\/tecob\/wp-content\/uploads\/2017\/04\/Castilla-la-Nueva.jpg?resize=1050%2C600&ssl=1 3x"},"classes":[]},{"id":12549,"url":"https:\/\/alpoma.net\/tecob\/?p=12549","url_meta":{"origin":6863,"position":5},"title":"La pensadora del cielo","author":"alpoma","date":"31 enero 2017","format":false,"excerpt":"Fragmento del art\u00edculo que publiqu\u00e9 en la revista Historia de Iberia Vieja, edici\u00f3n de enero de 2017. El estado del cielo para el a\u00f1o de 1778 En la Biblioteca Nacional de Espa\u00f1a duerme desde finales del siglo XVIII cierto volumen con llamativo t\u00edtulo: El estado del cielo para el a\u00f1o\u2026","rel":"","context":"En \u00abMade in Spain\u00bb","block_context":{"text":"Made in Spain","link":"https:\/\/alpoma.net\/tecob\/?cat=10"},"img":{"alt_text":"","src":"https:\/\/i0.wp.com\/alpoma.net\/tecob\/wp-content\/uploads\/2017\/01\/portada_obra.jpg?resize=350%2C200&ssl=1","width":350,"height":200,"srcset":"https:\/\/i0.wp.com\/alpoma.net\/tecob\/wp-content\/uploads\/2017\/01\/portada_obra.jpg?resize=350%2C200&ssl=1 1x, https:\/\/i0.wp.com\/alpoma.net\/tecob\/wp-content\/uploads\/2017\/01\/portada_obra.jpg?resize=525%2C300&ssl=1 1.5x"},"classes":[]}],"jetpack_sharing_enabled":true,"_links":{"self":[{"href":"https:\/\/alpoma.net\/tecob\/index.php?rest_route=\/wp\/v2\/posts\/6863","targetHints":{"allow":["GET"]}}],"collection":[{"href":"https:\/\/alpoma.net\/tecob\/index.php?rest_route=\/wp\/v2\/posts"}],"about":[{"href":"https:\/\/alpoma.net\/tecob\/index.php?rest_route=\/wp\/v2\/types\/post"}],"author":[{"embeddable":true,"href":"https:\/\/alpoma.net\/tecob\/index.php?rest_route=\/wp\/v2\/users\/1"}],"replies":[{"embeddable":true,"href":"https:\/\/alpoma.net\/tecob\/index.php?rest_route=%2Fwp%2Fv2%2Fcomments&post=6863"}],"version-history":[{"count":0,"href":"https:\/\/alpoma.net\/tecob\/index.php?rest_route=\/wp\/v2\/posts\/6863\/revisions"}],"wp:featuredmedia":[{"embeddable":true,"href":"https:\/\/alpoma.net\/tecob\/index.php?rest_route=\/wp\/v2\/media\/10441"}],"wp:attachment":[{"href":"https:\/\/alpoma.net\/tecob\/index.php?rest_route=%2Fwp%2Fv2%2Fmedia&parent=6863"}],"wp:term":[{"taxonomy":"category","embeddable":true,"href":"https:\/\/alpoma.net\/tecob\/index.php?rest_route=%2Fwp%2Fv2%2Fcategories&post=6863"},{"taxonomy":"post_tag","embeddable":true,"href":"https:\/\/alpoma.net\/tecob\/index.php?rest_route=%2Fwp%2Fv2%2Ftags&post=6863"}],"curies":[{"name":"wp","href":"https:\/\/api.w.org\/{rel}","templated":true}]}}