{"id":6826,"date":"2012-07-01T20:11:28","date_gmt":"2012-07-01T18:11:28","guid":{"rendered":"http:\/\/www.alpoma.net\/tecob\/?p=6826"},"modified":"2012-07-01T20:11:28","modified_gmt":"2012-07-01T18:11:28","slug":"turismo-y-lectura-para-este-verano-con-el-viaje-de-argos","status":"publish","type":"post","link":"https:\/\/alpoma.net\/tecob\/?p=6826","title":{"rendered":"Turismo y lectura para este verano con \u00abEl viaje de Argos\u00bb"},"content":{"rendered":"<p>Aunque en el <em>website <\/em>de mi novela <em><strong><a href=\"http:\/\/www.elviajedeargos.com\">El viaje de Argos<\/a><\/strong><\/em> ya hay material adicional, fotos y mapas, creo que faltaba algo para completar el c\u00edrculo. Por ello, <strong>adem\u00e1s de recomendar de nuevo la lectura del libro<\/strong>, como no pod\u00eda ser de otro modo, <strong>he creado un mapa que re\u00fane los puntos m\u00e1s destacados de entre los citados en la novela y que tienen su espacio en la Monta\u00f1a Palentina<\/strong>. B\u00e1sicamente puede aprovecharse lo que se conoce como <strong><a href=\"http:\/\/es.wikipedia.org\/wiki\/Ruta_de_los_Pantanos\">Ruta de los pantanos<\/a><\/strong> (m\u00e1s bien habr\u00eda que decir <em>embalses<\/em>), tomando como punto de partida la <strong>villa de Guardo<\/strong>. Armados con el libro, este mapa y alguna gu\u00eda del norte de Palencia que describa la ruta mencionada, el lector podr\u00e1 descubrir los paisajes que tanto Irene Abad como los hijos de Argos pudieron contemplar a lo largo de sus aventuras.<\/p>\n<p><a href=\"http:\/\/www.flickr.com\/photos\/alpoma\/4178339781\/\" title=\"La Reana (Fuentes Tam\u00e1ricas) Velilla del R\u00edo Carri\u00f3n - Palencia by alpoma, on Flickr\"><img loading=\"lazy\" decoding=\"async\" src=\"http:\/\/farm3.staticflickr.com\/2672\/4178339781_d76a6a4b8c_m.jpg\" width=\"240\" height=\"180\" alt=\"La Reana (Fuentes Tam\u00e1ricas) Velilla del R\u00edo Carri\u00f3n - Palencia\" class=\"dch\"\/><\/a><strong>Informaci\u00f3n adicional<\/strong>:<\/p>\n<ul>\n<li><a href=\"http:\/\/es.wikipedia.org\/wiki\/Ruta_de_los_Pantanos\">La ruta de los pantanos<\/a>. (Informaci\u00f3n de la Wikipedia).<\/li>\n<li><a href=\"http:\/\/rutasgps.dip-palencia.es\/\">Rutas GPS por la provincia de Palencia<\/a>. (DipPal).<\/li>\n<li><a href=\"http:\/\/www.verguardo.com\/imagenes\/turismo\/plano-guardo-2010-a.jpg\">Plano de Guardo<\/a>. (Imagen jpeg).<\/li>\n<li><a href=\"http:\/\/www.guardo.org\/info\/index.php?option=com_content&#038;view=article&#038;id=45&#038;Itemid=4\">Turismo en Guardo<\/a>. (Web oficial Ayto. Guardo).<\/li>\n<li><a href=\"http:\/\/www.booking.com\/destination\/city\/es\/guardo.es.html\">Hoteles en Guardo<\/a>. (Lista en Booking).<\/li>\n<\/ul>\n<p><strong>La ruta de <em>El viaje de Argos<\/em><\/strong>. (Archivo<strong><a href=\"https:\/\/maps.google.es\/maps\/ms?authuser=0&#038;vps=2&#038;ie=UTF8&#038;msa=0&#038;output=kml&#038;msid=201753365780599633166.0004c3c6d4b616676ed3a\"> KML<\/a><\/strong>).<br \/>\n<iframe loading=\"lazy\" width=\"620\" height=\"350\" frameborder=\"0\" scrolling=\"no\" marginheight=\"0\" marginwidth=\"0\" src=\"https:\/\/maps.google.es\/maps\/ms?msa=0&amp;msid=201753365780599633166.0004c3c6d4b616676ed3a&amp;ie=UTF8&amp;t=m&amp;ll=42.892064,-4.685669&amp;spn=0.352143,0.85144&amp;z=10&amp;output=embed\"><\/iframe><br \/><small>Ver <a href=\"https:\/\/maps.google.es\/maps\/ms?msa=0&amp;msid=201753365780599633166.0004c3c6d4b616676ed3a&amp;ie=UTF8&amp;t=m&amp;ll=42.892064,-4.685669&amp;spn=0.352143,0.85144&amp;z=10&amp;source=embed\" style=\"color:#0000FF;text-align:left\">Ruta de \u00abEl viaje de Argos\u00bb<\/a> en un mapa m\u00e1s grande<\/small><\/p>\n","protected":false},"excerpt":{"rendered":"<div class=\"mh-excerpt\"><p>Aunque en el website de mi novela El viaje de Argos ya hay material adicional, fotos y mapas, creo que faltaba algo para completar el c\u00edrculo. Por ello, adem\u00e1s de <a class=\"mh-excerpt-more\" href=\"https:\/\/alpoma.net\/tecob\/?p=6826\" title=\"Turismo y lectura para este verano con \u00abEl viaje de Argos\u00bb\">[&#8230;]<\/a><\/p>\n<\/div>","protected":false},"author":1,"featured_media":11148,"comment_status":"open","ping_status":"open","sticky":false,"template":"","format":"standard","meta":{"jetpack_post_was_ever_published":false,"_jetpack_newsletter_access":"","_jetpack_dont_email_post_to_subs":false,"_jetpack_newsletter_tier_id":0,"_jetpack_memberships_contains_paywalled_content":false,"_jetpack_memberships_contains_paid_content":false,"footnotes":""},"categories":[2],"tags":[],"class_list":["post-6826","post","type-post","status-publish","format-standard","has-post-thumbnail","hentry","category-personal"],"jetpack_featured_media_url":"https:\/\/alpoma.net\/tecob\/wp-content\/uploads\/2012\/07\/4178339781_d76a6a4b8c_m.jpg","jetpack_shortlink":"https:\/\/wp.me\/p93Dc1-1M6","jetpack-related-posts":[{"id":6371,"url":"https:\/\/alpoma.net\/tecob\/?p=6371","url_meta":{"origin":6826,"position":0},"title":"Ya est\u00e1 a la venta mi novela &#8216;El viaje de Argos&#8217;","author":"alpoma","date":"10 marzo 2012","format":false,"excerpt":"Hace unos d\u00edas os present\u00e9 mi novela El viaje de Argos. Hoy, por fin ha salido a la venta, as\u00ed que si quieres hacerte con ella (de momento s\u00f3lo en eBook, la opci\u00f3n de papel est\u00e1 en el aire y puede que nunca llegue a ser algo real si la\u2026","rel":"","context":"En \u00abPersonal\u00bb","block_context":{"text":"Personal","link":"https:\/\/alpoma.net\/tecob\/?cat=2"},"img":{"alt_text":"","src":"","width":0,"height":0},"classes":[]},{"id":7866,"url":"https:\/\/alpoma.net\/tecob\/?p=7866","url_meta":{"origin":6826,"position":1},"title":"El viaje de Argos cumple un a\u00f1o","author":"alpoma","date":"25 febrero 2013","format":false,"excerpt":"Se cumple ahora un a\u00f1o desde que Planeta editara mi primera novela, El viaje de Argos. En estos meses han sido muchos quienes se han acercado a sus p\u00e1ginas, muchos m\u00e1s de los que imagin\u00e9 en principio y, tambi\u00e9n, han sido muchos los que han escrito sobre esta aventura, sorprendentemente\u2026","rel":"","context":"En \u00abPersonal\u00bb","block_context":{"text":"Personal","link":"https:\/\/alpoma.net\/tecob\/?cat=2"},"img":{"alt_text":"","src":"","width":0,"height":0},"classes":[]},{"id":6199,"url":"https:\/\/alpoma.net\/tecob\/?p=6199","url_meta":{"origin":6826,"position":2},"title":"Os presento mi primera novela: El viaje de Argos.","author":"alpoma","date":"8 febrero 2012","format":false,"excerpt":"Habr\u00e1 a quien le suene el t\u00edtulo, porque es el mismo que utilic\u00e9 para un proyecto de revista hace tiempo, pero no tiene nada que ver con lo que hoy os quiero comentar. S\u00ed, aunque lleva terminada desde principios de 2009, ser\u00e1 a comienzos del pr\u00f3ximo mes de marzo cuando\u2026","rel":"","context":"En \u00abPersonal\u00bb","block_context":{"text":"Personal","link":"https:\/\/alpoma.net\/tecob\/?cat=2"},"img":{"alt_text":"Portada de El viaje de Argos","src":"https:\/\/i0.wp.com\/farm8.staticflickr.com\/7024\/6842079725_f69a0c041d_m.jpg?resize=350%2C200","width":350,"height":200},"classes":[]},{"id":10190,"url":"https:\/\/alpoma.net\/tecob\/?p=10190","url_meta":{"origin":6826,"position":3},"title":"Mi novela, \u00abEl viaje de Argos\u00bb, disponible en papel","author":"alpoma","date":"31 octubre 2014","format":false,"excerpt":"Hoy ha salido a la venta la edici\u00f3n en papel de mi novela \"El viaje de Argos\", que vio la luz hace dos a\u00f1os en forma de e-book. Editada por Glyphos Publicaciones, nace en papel con una portada muy especial que ha realizado el gran Alfonso Azpiri. Tiempo habr\u00e1 m\u00e1s\u2026","rel":"","context":"En \u00abPersonal\u00bb","block_context":{"text":"Personal","link":"https:\/\/alpoma.net\/tecob\/?cat=2"},"img":{"alt_text":"el_viaje_de_argos_alejandro_polanco_ilustracion_de_azpiri","src":"https:\/\/i0.wp.com\/www.alpoma.net\/tecob\/wp-content\/uploads\/2014\/10\/el_viaje_de_argos_alejandro_polanco_ilustracion_de_azpiri-218x300.png?resize=350%2C200","width":350,"height":200},"classes":[]},{"id":6517,"url":"https:\/\/alpoma.net\/tecob\/?p=6517","url_meta":{"origin":6826,"position":4},"title":"Contenidos adicionales para `El viaje de Argos\u00b4","author":"alpoma","date":"7 abril 2012","format":false,"excerpt":"Desde que termin\u00e9 de escribir El viaje de Argos, all\u00e1 por le mes de marzo de 2009 siempre imagin\u00e9, en caso de que alguna vez fuera editada la novela, que ser\u00eda muy buena idea contar con un website propio para ella. Al final, una vez editado el libro este mes\u2026","rel":"","context":"En \u00abPersonal\u00bb","block_context":{"text":"Personal","link":"https:\/\/alpoma.net\/tecob\/?cat=2"},"img":{"alt_text":"","src":"","width":0,"height":0},"classes":[]},{"id":9122,"url":"https:\/\/alpoma.net\/tecob\/?p=9122","url_meta":{"origin":6826,"position":5},"title":"El viaje de Argos en papel contar\u00e1 con portada de&#8230; \u00a1Alfonso Azpiri!","author":"alpoma","date":"27 junio 2014","format":false,"excerpt":"Sumergido en plena ebullici\u00f3n de proyectos, entre los propios de Arbotante, empresa de la que soy cofundador y la publicaci\u00f3n de varios libros, la segunda mitad de 2014 se aventura emocionante. En oto\u00f1o ver\u00e1 la luz Made in Spain, un libro sobre inventores de estas tierras ib\u00e9ricas y, m\u00e1s o\u2026","rel":"","context":"En \u00abPersonal\u00bb","block_context":{"text":"Personal","link":"https:\/\/alpoma.net\/tecob\/?cat=2"},"img":{"alt_text":"libros_alpoma","src":"https:\/\/i0.wp.com\/www.alpoma.net\/tecob\/wp-content\/uploads\/2014\/06\/libros_alpoma.jpg?resize=350%2C200","width":350,"height":200},"classes":[]}],"jetpack_sharing_enabled":true,"_links":{"self":[{"href":"https:\/\/alpoma.net\/tecob\/index.php?rest_route=\/wp\/v2\/posts\/6826","targetHints":{"allow":["GET"]}}],"collection":[{"href":"https:\/\/alpoma.net\/tecob\/index.php?rest_route=\/wp\/v2\/posts"}],"about":[{"href":"https:\/\/alpoma.net\/tecob\/index.php?rest_route=\/wp\/v2\/types\/post"}],"author":[{"embeddable":true,"href":"https:\/\/alpoma.net\/tecob\/index.php?rest_route=\/wp\/v2\/users\/1"}],"replies":[{"embeddable":true,"href":"https:\/\/alpoma.net\/tecob\/index.php?rest_route=%2Fwp%2Fv2%2Fcomments&post=6826"}],"version-history":[{"count":0,"href":"https:\/\/alpoma.net\/tecob\/index.php?rest_route=\/wp\/v2\/posts\/6826\/revisions"}],"wp:featuredmedia":[{"embeddable":true,"href":"https:\/\/alpoma.net\/tecob\/index.php?rest_route=\/wp\/v2\/media\/11148"}],"wp:attachment":[{"href":"https:\/\/alpoma.net\/tecob\/index.php?rest_route=%2Fwp%2Fv2%2Fmedia&parent=6826"}],"wp:term":[{"taxonomy":"category","embeddable":true,"href":"https:\/\/alpoma.net\/tecob\/index.php?rest_route=%2Fwp%2Fv2%2Fcategories&post=6826"},{"taxonomy":"post_tag","embeddable":true,"href":"https:\/\/alpoma.net\/tecob\/index.php?rest_route=%2Fwp%2Fv2%2Ftags&post=6826"}],"curies":[{"name":"wp","href":"https:\/\/api.w.org\/{rel}","templated":true}]}}