{"id":682,"date":"2007-02-25T20:13:12","date_gmt":"2007-02-25T18:13:12","guid":{"rendered":"http:\/\/www.alpoma.net\/tecob\/?p=682"},"modified":"2007-02-25T20:15:27","modified_gmt":"2007-02-25T18:15:27","slug":"la-imagen-de-la-muerte","status":"publish","type":"post","link":"https:\/\/alpoma.net\/tecob\/?p=682","title":{"rendered":"La imagen de la muerte"},"content":{"rendered":"<p><em>En ocasiones veo muertos<\/em>&#8230; Esta frasecita, que procediendo de cierta pel\u00edcula ha terminado por formar parte de mil y un chistes, a veces puede aplicarse a la vida real sin ning\u00fan problema. No me refiero a ver fantasmas o esp\u00edritus, nada de eso, aludo simplemente al <strong>hecho de contemplar un cad\u00e1ver<\/strong>. Tarde o temprano, todo el mundo se encuentra ante un cuerpo muerto, da igual c\u00f3mo se intente esquivar la situaci\u00f3n, el caso es que ya sea en un tanatorio, un velatorio \u00abcl\u00e1sico\u00bb o un funeral de lo m\u00e1s \u00abas\u00e9ptico\u00bb, raro es el ser humano que no se encuentra, frente a frente, con la carcasa vac\u00eda de lo que, anteriormente, era un ser humano vivo. Naturalmente, no es lo mismo contemplar los restos de un cualquiera \u2013incluso con el respeto inherente que la situaci\u00f3n tiene\u2013 que asistir al mismo hecho referido a un amigo, familiar o conocido. <\/p>\n<p>Recuerdo las primeras veces que estuve ante un cad\u00e1ver. La situaci\u00f3n ha formado parte de una curiosa mezcla de pesar, fascinaci\u00f3n, incluso morbo, misterio&#8230; <strong>desde la noche de los tiempos<\/strong>. Me vienen a la memoria escenas t\u00edpicas de <strong>peque\u00f1os pueblos castellanos<\/strong> en los que la muerte todav\u00eda era algo que no se deseaba purgar, era considerado algo tan natural como cualquier escena de la vida cotidiana. Lejos de la actual y generalizada tendencia a alejar en lo posible de las ciudades y de la vida ordinaria cualquier cosa que tenga que ver con la vieja dama de la guada\u00f1a, rememoro aquellos d\u00edas en que, siendo muy peque\u00f1o todav\u00eda, los ni\u00f1os y los adultos se congregaban alrededor del lecho de muerte de un pariente, un vecino o un conocido, contemplanto aquel cuerpo amortajado tendido en la cama, vestido con su traje o vestido de los domingos a la espera del ataud. Luego, durante toda la noche, nadie dorm\u00eda, entre rezos y velas encendidas lanzando al techo juegos de luces y sombras, los lugare\u00f1os comentaban hechos de la vida de la persona fallecida, se hac\u00edan eco de sus propias dolencias o recordaban a parientes ya desaparecidos hac\u00eda mucho tiempo o de los que no se sab\u00eda nada desde hac\u00eda a\u00f1os.<\/p>\n<p>El cad\u00e1ver, como <strong>elemento central de una especie de liturgia<\/strong>, como punto focal de una reuni\u00f3n social que serv\u00eda para que vecinos y parientes compartieran durante una noche la casa del finado recordando, rezando y, muchas veces, limando asperezas que de otro modo hubieran discurrido por otro camino, forma parte de esos recuerdos cincelados entre aquellas velas que iluminaron esas noches castellanas. Son curiosos detalles los que ahora me llaman la atenci\u00f3n y no dejan de ser intrascendentes, pero me resultan muy llamativos. Un ataud <strong>colocado sobre las sillas de un sal\u00f3n<\/strong>, unas sillas y una estancia que habitualmente eran utilizados por los habitantes de la casa a la hora de las comidas. El hecho de abrir una vieja tumba, de hac\u00eda d\u00e9cadas, con cuidado para no hundir el ataud que habitaba en la profundidad del suelo y ver que, pese a todo, las fr\u00e1giles tablas de lo que un d\u00eda fue s\u00f3lida madera, se deshac\u00edan al simple contacto con el aire para dejar a la vista un esqueleto que, para no ser menos que la madera, tambi\u00e9n se desmoronaba al recibir el saludo del aire y la luz. Una tumba donde, ahora, iban a enterrar, junto a los a\u00f1ejos restos, un nuevo ataud, el del hijo de aquel que falleci\u00f3 hace tanto tiempo y que ahora era el llorado abuelo de unos nietos que estaban camino de olvidar las tradiciones del pueblo para trasmutarse en seres urbanos viviendo en un ambiente que repudia todo lo que la muerte pueda suponer.<\/p>\n<p>Muchos a\u00f1os despu\u00e9s, las horas pasadas en la <strong>sala de disecci\u00f3n<\/strong> de un departamento de anatom\u00eda universitario, al estudiar cad\u00e1veres cuidadosamente conservados, fragmentos de cuerpos otrora llenos de vida, huesos preparados para aprender el lugar de inserci\u00f3n de los tendones, cabezas seccionadas sagitalmente y conservadas en recipientes de formol desde tiempo inmemorial&#8230; hacen que, cuando el elemento emocional desaparece dado que no se tiene un v\u00ednculo de ning\u00fan tipo con los que en otro tiempo fueron los moradores de aquellos cuerpos, uno se ponga a contemplar la imagen de la muerte desde un punto de vista meramente cient\u00edfico y, a veces, art\u00edstico. De hecho, el <strong>arte del dibujo anat\u00f3mico<\/strong> ha sido durante siglos uno de los aliados m\u00e1s destacados de la ciencia m\u00e9dica. En soledad, saturado el olfato con el picante y penetrante olor del formol, el silencio de las tardes en penumbra tras los ventanales de la sala de disecci\u00f3n era interrumpido de vez en cuando por el sonido del pasar de las hojas de un manual del anatom\u00eda humana \u2013recuerdo con cari\u00f1o uno que conservo con cuidado, los dos vol\u00famenes de una edici\u00f3n del <strong>Latarjet-Ruiz Liard<\/strong> de principios de los noventa\u2013 o por el crepitar espont\u00e1neo y rumoroso, apenas audible, que a veces surg\u00eda del interior de alguno de los cad\u00e1veres.<\/p>\n<p>La huida que el mundo occidental actual pretende realizar para <strong>alejarse de la imagen de la muerte<\/strong>, no siempre ha sido una constante por estas tierras. Adem\u00e1s de las escenas tradicionales de los velatorios \u00abcl\u00e1sicos\u00bb, hubo un tiempo en que la fotograf\u00eda sirvi\u00f3 para preservar la \u00fanica imagen que era conservada de un ser querido ya fallecido. Era la \u00e9poca en que estaba de moda la <strong>fotograf\u00eda post-mortem<\/strong>. De las \u00faltimas d\u00e9cadas del siglo XIX hasta los comienzos del siglo XX, era pr\u00e1ctica nada inusual el que, ante la muerte de personas \u00aben la flor de la vida\u00bb y, sobre todo, de ni\u00f1os peque\u00f1os e incluso beb\u00e9s, se realizaran fotograf\u00edas de sus cad\u00e1veres, adornados, retocados para parecer dormidos, con el objeto de tener, de ese modo, un recuerdo del finado. La fotograf\u00eda era muy cara en aquellos a\u00f1os, con lo que muchas familias s\u00f3lo ten\u00edan algunas fotos de sus parientes tomadas, precisamente, al poco de su muerte como \u00faltimo recurso para preservar su memoria. Adem\u00e1s, era t\u00e9cnicamente m\u00e1s sencillo fotografiar a un cad\u00e1ver que a un vivo pues los tiempos de exposici\u00f3n necesarios eran tan amplios que nada mejor que un cuerpo muerto como objeto de captura porque, naturalmente, no iba a moverse lo m\u00e1s m\u00ednimo durante el tiempo que durara la toma. De esta forma muchos fot\u00f3grafos se convirtieron en expertos retratando a personas reci\u00e9n fallecidas. Era tambi\u00e9n usual que, cuando una familia se hac\u00eda un retrato, a los miembros vivos se uniera una mesilla, que ocupaba un lugar importante en la foto, sobre la que se hab\u00edan depositado los retratos post-mortem que se hab\u00edan tomado con el paso de los a\u00f1os. Era una manera de mantener a la familia \u00abunida\u00bb.<\/p>\n<p>Hab\u00eda pensado en incluir en este art\u00edculo alg\u00fan ejemplo de fotograf\u00eda post-mortem de aquella \u00e9poca como medio ideal para ilustrar lo que lleg\u00f3 a ser un fen\u00f3meno muy extendido en Europa y Am\u00e9rica pero, como s\u00e9 de buena tinta que hay muchas personas a las que este tipo de im\u00e1genes pueden impresionar, creo que lo m\u00e1s l\u00f3gico ser\u00e1 ofrecer unos enlaces a colecciones que recogen interesantes muestras de aquel \u00abarte\u00bb:<\/p>\n<p><strong><a href=\"http:\/\/www.101room.net\/wordpress\/2006\/03\/21\/introduccion-a-la-fotografia-post-mortem\/\" class=\"enlaces\">Introducci\u00f3n a la fotograf\u00eda post-mortem<\/a><\/strong><br \/>\n<strong><a href=\"http:\/\/bvirtual.bnp.gob.pe\/memento_mori\/PAGEPOSTM\/Catalogo.htm\" class=\"enlaces\">La Fotograf\u00eda Post-mortem en el Per\u00fa del siglo XIX<\/a><br \/>\n<a href=\"http:\/\/users.telenet.be\/thomasweynants\/post-mortem.html\" class=\"enlaces\">The Last Look. Post-Mortem photography in Europe<\/a><\/strong><\/p>\n","protected":false},"excerpt":{"rendered":"<div class=\"mh-excerpt\"><p>En ocasiones veo muertos&#8230; Esta frasecita, que procediendo de cierta pel\u00edcula ha terminado por formar parte de mil y un chistes, a veces puede aplicarse a la vida real sin <a class=\"mh-excerpt-more\" href=\"https:\/\/alpoma.net\/tecob\/?p=682\" title=\"La imagen de la muerte\">[&#8230;]<\/a><\/p>\n<\/div>","protected":false},"author":1,"featured_media":0,"comment_status":"open","ping_status":"open","sticky":false,"template":"","format":"standard","meta":{"jetpack_post_was_ever_published":false,"_jetpack_newsletter_access":"","_jetpack_dont_email_post_to_subs":false,"_jetpack_newsletter_tier_id":0,"_jetpack_memberships_contains_paywalled_content":false,"_jetpack_memberships_contains_paid_content":false,"footnotes":""},"categories":[3],"tags":[],"class_list":["post-682","post","type-post","status-publish","format-standard","hentry","category-obsolescencia"],"jetpack_featured_media_url":"","jetpack_shortlink":"https:\/\/wp.me\/p93Dc1-b0","jetpack-related-posts":[{"id":1118,"url":"https:\/\/alpoma.net\/tecob\/?p=1118","url_meta":{"origin":682,"position":0},"title":"Tesla, d\u00b4Arsonval y un dolor de muelas","author":"alpoma","date":"20 abril 2009","format":false,"excerpt":"Este ser\u00e1 un art\u00edculo un poco ca\u00f3tico, pero espero que no incongruente. Veamos, se trata de unir varias ideas que se han ido enlazando en mi cabeza en los \u00faltimos d\u00edas despu\u00e9s de buscar en viejos papeles algunos datos sobre las primeras investigaciones relacionadas con la electrofisiolog\u00eda. Todo surge por\u2026","rel":"","context":"En \u00abObsolescencia\u00bb","block_context":{"text":"Obsolescencia","link":"https:\/\/alpoma.net\/tecob\/?cat=3"},"img":{"alt_text":"","src":"","width":0,"height":0},"classes":[]},{"id":3005,"url":"https:\/\/alpoma.net\/tecob\/?p=3005","url_meta":{"origin":682,"position":1},"title":"Un globo, una c\u00e1mara y 40 kil\u00f3metros de altitud","author":"alpoma","date":"27 junio 2010","format":false,"excerpt":"Receta m\u00e1gica donde las haya, una forma sencilla y barata de asomarse al filo del espacio, de contemplar la negrura del vac\u00edo en pleno d\u00eda. Vale, es una exageraci\u00f3n, porque 40 kil\u00f3metros (38,1 para ser exacto) hacia arriba no es, ni mucho menos, acercarse al verdadero \"vac\u00edo\" espacial, pero no\u2026","rel":"","context":"En \u00abInnovaci\u00f3n\u00bb","block_context":{"text":"Innovaci\u00f3n","link":"https:\/\/alpoma.net\/tecob\/?cat=4"},"img":{"alt_text":"","src":"","width":0,"height":0},"classes":[]},{"id":2557,"url":"https:\/\/alpoma.net\/tecob\/?p=2557","url_meta":{"origin":682,"position":2},"title":"Los macareos de marea","author":"alpoma","date":"24 abril 2010","format":false,"excerpt":"A veces, cuando la Luna, el Sol y la Tierra juegan el el espacio formando ciertas combinaciones geom\u00e9tricas en su baile gravitatorio orbital, suceden fen\u00f3menos dignos de ser contemplados. En ocasiones, en algunos r\u00edos ya pr\u00f3ximos a su desembocadura en los oc\u00e9anos, una rugiente ola avanza aguas arriba, contra el\u2026","rel":"","context":"En \u00abGeo\u00bb","block_context":{"text":"Geo","link":"https:\/\/alpoma.net\/tecob\/?cat=5"},"img":{"alt_text":"","src":"https:\/\/i0.wp.com\/alpoma.net\/tecob\/wp-content\/uploads\/2010\/04\/4547709247_2e955b7122_o.jpg?resize=350%2C200&ssl=1","width":350,"height":200,"srcset":"https:\/\/i0.wp.com\/alpoma.net\/tecob\/wp-content\/uploads\/2010\/04\/4547709247_2e955b7122_o.jpg?resize=350%2C200&ssl=1 1x, https:\/\/i0.wp.com\/alpoma.net\/tecob\/wp-content\/uploads\/2010\/04\/4547709247_2e955b7122_o.jpg?resize=525%2C300&ssl=1 1.5x"},"classes":[]},{"id":969,"url":"https:\/\/alpoma.net\/tecob\/?p=969","url_meta":{"origin":682,"position":3},"title":"El avi\u00f3n inflable y el skyhook de Batman","author":"alpoma","date":"22 agosto 2008","format":false,"excerpt":"Hay veces que el cine va por detr\u00e1s del mundo real, en cuanto a invenciones tecnol\u00f3gicas se refiere. Esto pensaba al contemplar una entrada de Core77 dedicada a dos cacharros sorprendentes o, m\u00e1s bien, una aeronave y un procedimiento un tanto arriesgado. Por una parte, tenemos el avi\u00f3n inflable -Goodyear\u2026","rel":"","context":"En \u00abObsolescencia\u00bb","block_context":{"text":"Obsolescencia","link":"https:\/\/alpoma.net\/tecob\/?cat=3"},"img":{"alt_text":"","src":"https:\/\/i0.wp.com\/alpoma.net\/tecob\/wp-content\/uploads\/2008\/08\/2786740805_d5987201ce_o.jpg?resize=350%2C200&ssl=1","width":350,"height":200,"srcset":"https:\/\/i0.wp.com\/alpoma.net\/tecob\/wp-content\/uploads\/2008\/08\/2786740805_d5987201ce_o.jpg?resize=350%2C200&ssl=1 1x, https:\/\/i0.wp.com\/alpoma.net\/tecob\/wp-content\/uploads\/2008\/08\/2786740805_d5987201ce_o.jpg?resize=525%2C300&ssl=1 1.5x"},"classes":[]},{"id":2317,"url":"https:\/\/alpoma.net\/tecob\/?p=2317","url_meta":{"origin":682,"position":4},"title":"La vida en el megabloque","author":"alpoma","date":"5 marzo 2010","format":false,"excerpt":"El d\u00eda 23 de julio de 2006 publiqu\u00e9 en TecOb un art\u00edculo referido a lo que llam\u00e9 \"el megabloque\". Qued\u00f3 claro entonces que vivir en el interior del ya demolido monstruo urbano de Kowloon Walled City deb\u00eda ser poco menos que una pesadilla pero, la verdad, una cosa es imaginarlo\u2026","rel":"","context":"En \u00abObsolescencia\u00bb","block_context":{"text":"Obsolescencia","link":"https:\/\/alpoma.net\/tecob\/?cat=3"},"img":{"alt_text":"Walled-City","src":"https:\/\/i0.wp.com\/static.flickr.com\/63\/196370697_3a7322f33b_o.jpg?resize=350%2C200","width":350,"height":200,"srcset":"https:\/\/i0.wp.com\/static.flickr.com\/63\/196370697_3a7322f33b_o.jpg?resize=350%2C200 1x, https:\/\/i0.wp.com\/static.flickr.com\/63\/196370697_3a7322f33b_o.jpg?resize=525%2C300 1.5x"},"classes":[]},{"id":1143,"url":"https:\/\/alpoma.net\/tecob\/?p=1143","url_meta":{"origin":682,"position":5},"title":"El Hombre de Marree","author":"alpoma","date":"10 junio 2009","format":false,"excerpt":"Durante siglos los humanos han dibujado gigantescas figuras sobre tierra y roca, deseando crear formas que \u00fanicamente fueran visibles desde las alturas. En algunas ocasiones se trat\u00f3 de acciones relacionados con alg\u00fan hecho religioso o creencia en dioses que, desde lo alto, pudieran contemplar el tributo de los mortales a\u2026","rel":"","context":"En \u00abGeo\u00bb","block_context":{"text":"Geo","link":"https:\/\/alpoma.net\/tecob\/?cat=5"},"img":{"alt_text":"","src":"https:\/\/i0.wp.com\/alpoma.net\/tecob\/wp-content\/uploads\/2009\/06\/3613320623_c4fce0e8d3_o.jpg?resize=350%2C200&ssl=1","width":350,"height":200,"srcset":"https:\/\/i0.wp.com\/alpoma.net\/tecob\/wp-content\/uploads\/2009\/06\/3613320623_c4fce0e8d3_o.jpg?resize=350%2C200&ssl=1 1x, https:\/\/i0.wp.com\/alpoma.net\/tecob\/wp-content\/uploads\/2009\/06\/3613320623_c4fce0e8d3_o.jpg?resize=525%2C300&ssl=1 1.5x"},"classes":[]}],"jetpack_sharing_enabled":true,"_links":{"self":[{"href":"https:\/\/alpoma.net\/tecob\/index.php?rest_route=\/wp\/v2\/posts\/682","targetHints":{"allow":["GET"]}}],"collection":[{"href":"https:\/\/alpoma.net\/tecob\/index.php?rest_route=\/wp\/v2\/posts"}],"about":[{"href":"https:\/\/alpoma.net\/tecob\/index.php?rest_route=\/wp\/v2\/types\/post"}],"author":[{"embeddable":true,"href":"https:\/\/alpoma.net\/tecob\/index.php?rest_route=\/wp\/v2\/users\/1"}],"replies":[{"embeddable":true,"href":"https:\/\/alpoma.net\/tecob\/index.php?rest_route=%2Fwp%2Fv2%2Fcomments&post=682"}],"version-history":[{"count":0,"href":"https:\/\/alpoma.net\/tecob\/index.php?rest_route=\/wp\/v2\/posts\/682\/revisions"}],"wp:attachment":[{"href":"https:\/\/alpoma.net\/tecob\/index.php?rest_route=%2Fwp%2Fv2%2Fmedia&parent=682"}],"wp:term":[{"taxonomy":"category","embeddable":true,"href":"https:\/\/alpoma.net\/tecob\/index.php?rest_route=%2Fwp%2Fv2%2Fcategories&post=682"},{"taxonomy":"post_tag","embeddable":true,"href":"https:\/\/alpoma.net\/tecob\/index.php?rest_route=%2Fwp%2Fv2%2Ftags&post=682"}],"curies":[{"name":"wp","href":"https:\/\/api.w.org\/{rel}","templated":true}]}}