{"id":6791,"date":"2012-06-27T16:12:44","date_gmt":"2012-06-27T14:12:44","guid":{"rendered":"http:\/\/www.alpoma.net\/tecob\/?p=6791"},"modified":"2012-06-27T16:12:44","modified_gmt":"2012-06-27T14:12:44","slug":"timelapse-870-kilometros-en-3-minutos","status":"publish","type":"post","link":"https:\/\/alpoma.net\/tecob\/?p=6791","title":{"rendered":"[Timelapse] 870 kil\u00f3metros en 3 minutos"},"content":{"rendered":"<p>Hoy vamos a dar un <strong>peque\u00f1o paseo<\/strong> de 540 millas en avi\u00f3n <strong>entre Harrisburg y Atlanta<\/strong>. Se trata de un v\u00eddeo timelapse realizado por <strong><a href=\"http:\/\/vimeo.com\/user6876897\">Mitchell Blackburn<\/a><\/strong> a partir de unas 7.000 fotograf\u00edas tomadas desde una ventanilla a bordo de un <strong><a href=\"http:\/\/crjnextgen.com\/en\/\">Bombardier CRJ200<\/a><\/strong>. Cinturones abrochados y alzando el vuelo, disfruten del viaje. \ud83d\ude09<\/p>\n<p><iframe loading=\"lazy\" src=\"http:\/\/player.vimeo.com\/video\/44706910?title=0&amp;byline=0&amp;portrait=0\" width=\"620\" height=\"349\" frameborder=\"0\" webkitAllowFullScreen mozallowfullscreen allowFullScreen><\/iframe> <\/p>\n<p><a href=\"http:\/\/vimeo.com\/44706910\">540 Miles in 3 Minutes<\/a> por <a href=\"http:\/\/vimeo.com\/user6876897\">Mitchell Blackburn<\/a> en <a href=\"http:\/\/vimeo.com\">Vimeo<\/a>.<\/p>\n<p>| V\u00eda <a href=\"http:\/\/www.digitalurban.org\/2012\/06\/540-miles-in-3-minutes-aviation.html\">Digital Urban<\/a> |<\/p>\n","protected":false},"excerpt":{"rendered":"<div class=\"mh-excerpt\"><p>Hoy vamos a dar un peque\u00f1o paseo de 540 millas en avi\u00f3n entre Harrisburg y Atlanta. Se trata de un v\u00eddeo timelapse realizado por Mitchell Blackburn a partir de unas <a class=\"mh-excerpt-more\" href=\"https:\/\/alpoma.net\/tecob\/?p=6791\" title=\"[Timelapse] 870 kil\u00f3metros en 3 minutos\">[&#8230;]<\/a><\/p>\n<\/div>","protected":false},"author":1,"featured_media":0,"comment_status":"open","ping_status":"open","sticky":false,"template":"","format":"standard","meta":{"jetpack_post_was_ever_published":false,"_jetpack_newsletter_access":"","_jetpack_dont_email_post_to_subs":false,"_jetpack_newsletter_tier_id":0,"_jetpack_memberships_contains_paywalled_content":false,"_jetpack_memberships_contains_paid_content":false,"footnotes":""},"categories":[9],"tags":[],"class_list":["post-6791","post","type-post","status-publish","format-standard","hentry","category-experimentos"],"jetpack_featured_media_url":"","jetpack_shortlink":"https:\/\/wp.me\/p93Dc1-1Lx","jetpack-related-posts":[{"id":4151,"url":"https:\/\/alpoma.net\/tecob\/?p=4151","url_meta":{"origin":6791,"position":0},"title":"La capilla (V\u00eddeo timelapse)","author":"alpoma","date":"4 febrero 2011","format":false,"excerpt":"Una maravilla, me ha sorprendido muy gratamente este v\u00eddeo, tiene todos los ingredientes ideales como para desear verlo una y otra vez. Se trata de un v\u00eddeo timelapse realizado por LookyCreative bajo la direcci\u00f3n de Patryk Kizny y m\u00fasica de Tomas Leonhardt. La capilla protagonista se localiza en Zelisz\u00f3w, Polonia,\u2026","rel":"","context":"En \u00abInnovaci\u00f3n\u00bb","block_context":{"text":"Innovaci\u00f3n","link":"https:\/\/alpoma.net\/tecob\/?cat=4"},"img":{"alt_text":"","src":"","width":0,"height":0},"classes":[]},{"id":6510,"url":"https:\/\/alpoma.net\/tecob\/?p=6510","url_meta":{"origin":6791,"position":1},"title":"[Timelapse] Pasi\u00f3n por las estrellas","author":"alpoma","date":"4 abril 2012","format":false,"excerpt":"Carl Sagan, en su obra Cosmos, citaba cierto epitafio de dos astr\u00f3nomos aficionados que describe a la perfecci\u00f3n el v\u00eddeo que aparece a continuaci\u00f3n. Hemos amado con demasiado fervor a las estrellas como para temer a la noche. Y es que, cualquiera que haya pasado noches heladas entre ropas de\u2026","rel":"","context":"En \u00abPersonal\u00bb","block_context":{"text":"Personal","link":"https:\/\/alpoma.net\/tecob\/?cat=2"},"img":{"alt_text":"","src":"","width":0,"height":0},"classes":[]},{"id":3612,"url":"https:\/\/alpoma.net\/tecob\/?p=3612","url_meta":{"origin":6791,"position":2},"title":"Cambiando v\u00edas [Timelapse]","author":"alpoma","date":"13 octubre 2010","format":false,"excerpt":"Cuando era peque\u00f1o, tendr\u00eda m\u00e1s o menos tres a\u00f1os, construyeron frente a casa una serie de grandes bloques de pisos y recuerdo que mi principal diversi\u00f3n por entonces, a pesar de tener todo tipo de juguetes a mano, era contemplar durante horas c\u00f3mo las m\u00e1quinas iban insertando los pilares que\u2026","rel":"","context":"En \u00abPersonal\u00bb","block_context":{"text":"Personal","link":"https:\/\/alpoma.net\/tecob\/?cat=2"},"img":{"alt_text":"","src":"","width":0,"height":0},"classes":[]},{"id":6647,"url":"https:\/\/alpoma.net\/tecob\/?p=6647","url_meta":{"origin":6791,"position":3},"title":"The Shard, el techo de Europa","author":"alpoma","date":"15 mayo 2012","format":false,"excerpt":"Cuenta con 72 pisos y tiene una altura de 310 metros, con lo que puede considerarse como el mayor rascacielos de Europa. Se trata de un edificio situado en el distrito de Southwark en Londres. El Shard, dise\u00f1ado por el equipo de Renzo Piano, es una maravilla. Cuando hace pocos\u2026","rel":"","context":"En \u00abGeo\u00bb","block_context":{"text":"Geo","link":"https:\/\/alpoma.net\/tecob\/?cat=5"},"img":{"alt_text":"","src":"https:\/\/i0.wp.com\/alpoma.net\/tecob\/wp-content\/uploads\/2012\/05\/6322313710_238a552c68_z.jpg?resize=350%2C200&ssl=1","width":350,"height":200,"srcset":"https:\/\/i0.wp.com\/alpoma.net\/tecob\/wp-content\/uploads\/2012\/05\/6322313710_238a552c68_z.jpg?resize=350%2C200&ssl=1 1x, https:\/\/i0.wp.com\/alpoma.net\/tecob\/wp-content\/uploads\/2012\/05\/6322313710_238a552c68_z.jpg?resize=525%2C300&ssl=1 1.5x"},"classes":[]},{"id":5264,"url":"https:\/\/alpoma.net\/tecob\/?p=5264","url_meta":{"origin":6791,"position":4},"title":"[V\u00eddeo] Un vistazo al planeta Tierra","author":"alpoma","date":"28 agosto 2011","format":false,"excerpt":"He aqu\u00ed un v\u00eddeo \"timelapse\" ideal para comenzar con \u00e1nimo este domingo. Son apenas 52 segundos, pero es realmente atractivo, un vistazo a nuestro mundo desde la ISS. M\u00e1s informaci\u00f3n: Fragile Oasis. V\u00eda: Spaceports - Bloggernaut Ron Gargan Photos from ISS.","rel":"","context":"En \u00abGeo\u00bb","block_context":{"text":"Geo","link":"https:\/\/alpoma.net\/tecob\/?cat=5"},"img":{"alt_text":"","src":"","width":0,"height":0},"classes":[]},{"id":7010,"url":"https:\/\/alpoma.net\/tecob\/?p=7010","url_meta":{"origin":6791,"position":5},"title":"Llegando a NY por mar [Timelapse]","author":"alpoma","date":"11 agosto 2012","format":false,"excerpt":"He aqu\u00ed una forma diferente de llegar a Nueva York, con \"aparcamiento\" de transatl\u00e1ntico incluido. Arriving to NY (Enhanced) por H. Caesar en Vimeo. | V\u00eda Digital Urban |","rel":"","context":"En \u00abGeo\u00bb","block_context":{"text":"Geo","link":"https:\/\/alpoma.net\/tecob\/?cat=5"},"img":{"alt_text":"","src":"","width":0,"height":0},"classes":[]}],"jetpack_sharing_enabled":true,"_links":{"self":[{"href":"https:\/\/alpoma.net\/tecob\/index.php?rest_route=\/wp\/v2\/posts\/6791","targetHints":{"allow":["GET"]}}],"collection":[{"href":"https:\/\/alpoma.net\/tecob\/index.php?rest_route=\/wp\/v2\/posts"}],"about":[{"href":"https:\/\/alpoma.net\/tecob\/index.php?rest_route=\/wp\/v2\/types\/post"}],"author":[{"embeddable":true,"href":"https:\/\/alpoma.net\/tecob\/index.php?rest_route=\/wp\/v2\/users\/1"}],"replies":[{"embeddable":true,"href":"https:\/\/alpoma.net\/tecob\/index.php?rest_route=%2Fwp%2Fv2%2Fcomments&post=6791"}],"version-history":[{"count":0,"href":"https:\/\/alpoma.net\/tecob\/index.php?rest_route=\/wp\/v2\/posts\/6791\/revisions"}],"wp:attachment":[{"href":"https:\/\/alpoma.net\/tecob\/index.php?rest_route=%2Fwp%2Fv2%2Fmedia&parent=6791"}],"wp:term":[{"taxonomy":"category","embeddable":true,"href":"https:\/\/alpoma.net\/tecob\/index.php?rest_route=%2Fwp%2Fv2%2Fcategories&post=6791"},{"taxonomy":"post_tag","embeddable":true,"href":"https:\/\/alpoma.net\/tecob\/index.php?rest_route=%2Fwp%2Fv2%2Ftags&post=6791"}],"curies":[{"name":"wp","href":"https:\/\/api.w.org\/{rel}","templated":true}]}}