{"id":679,"date":"2007-02-22T02:03:01","date_gmt":"2007-02-22T00:03:01","guid":{"rendered":"http:\/\/www.alpoma.net\/tecob\/?p=679"},"modified":"2007-02-22T02:03:16","modified_gmt":"2007-02-22T00:03:16","slug":"el-poder-de-la-presion-atmosferica","status":"publish","type":"post","link":"https:\/\/alpoma.net\/tecob\/?p=679","title":{"rendered":"El poder de la presi\u00f3n atmosf\u00e9rica"},"content":{"rendered":"<p>Era un precioso d\u00eda de principios de mayo de 1654. Ante el emperador, grandes dignatarios de toda Alemania y dem\u00e1s gente de importancia, se despliega una curiosa representaci\u00f3n, <strong>mezcla de ciencia y espect\u00e1culo<\/strong>. Como maestro de ceremonias, el burgomaestre de Magdeburdo, un tipo que sab\u00eda muy bien c\u00f3mo entretener al personal y, de paso, marcar en rojo una fecha en el calendario de la historia de la ciencia. <\/p>\n<p>Aquel osado personaje no era otro que <strong>Otto Von Guericke<\/strong>, letrado y juez de la ciudad de Magdeburgo durante muchos a\u00f1os. No s\u00f3lo se hab\u00eda dedicado a estudiar leyes porque, dado que las m\u00e1quinas y el funcionamiento del mundo eran alimento de su curiosidad insaciable, tambi\u00e9n estudi\u00f3 matem\u00e1ticas, en la Universidad de Leiden y se ocup\u00f3 de experimentar en diversas \u00e1reas de la f\u00edsica. Uno de esos campos era la <strong>neum\u00e1tica<\/strong>. Bas\u00e1ndose en estudios previos de grandes experimentadores como Torricelli, Von Guericke decidi\u00f3 desentra\u00f1ar los misterios de ese oc\u00e9ano invisible en el que vivimos, el aire. En 1650 construy\u00f3 con \u00e9xito una <strong>m\u00e1quina neum\u00e1tica<\/strong> capaz de extraer parcialmente el aire de recipientes cerrados. Con aquel sencillo y primitivo m\u00e9todo de acercarse al vac\u00edo, Von Guericke logr\u00f3 descubrir algunas cosas de sumo inter\u00e9s. Sin aire&#8230; \u00a1la llama de las velas era imposible de mantener! \u00a1Los animalillos mor\u00edan sin remedio! \u00a1El sonido deja de transmitirse! Naturalmente, tambi\u00e9n le atrayeron otras nov\u00edsimas \u00e1reas de investigaci\u00f3n, como la electrost\u00e1tica, llegando a desarrollar m\u00e1quinas capaces de generar chispas el\u00e9ctricas, lo que le llev\u00f3 a sostener que los rel\u00e1mpagos pose\u00edan la misma naturaleza que aquellas inofensivas y min\u00fasculas chispas que surg\u00edan tras electrizar diversos cuerpos.  <\/p>\n<p>Aquello de la electrost\u00e1tica era espectacular, pero el aire se hab\u00eda instalado en la mente de Von Guericke como el eje central de sus investigaciones, as\u00ed que&#8230; \u00bfpor qu\u00e9 no desarrollar un experimento impactante que demuestre el \u00abpoder\u00bb de nuestra atm\u00f3sfera? Vivimos \u00abnadando\u00bb en un mar que es una mezcla m\u00e1s o menos homog\u00e9nea de gases. Al igual que el oc\u00e9ano formado por agua, en el que la presi\u00f3n aumenta con la profundidad, todo en la superficie terrestre emergida tambi\u00e9n est\u00e1 sometido a una <strong>presi\u00f3n considerable<\/strong>, a saber, la que ejerce el \u00abmar\u00bb de aire que se encuentra por encima de nosotros. Estamos acostumbrados a vivir sometidos a esa presi\u00f3n, a fin de cuentas nuestro cuerpo est\u00e1 adaptado a esa condici\u00f3n de manera \u00f3ptima. Pero, claro est\u00e1, una cosa es pensar en ello hoy, sabiendo lo que es el aire y otra muy diferente es demostrar que existe esa presi\u00f3n y que tiene una considerable importancia en una \u00e9poca en la que se est\u00e1 discutiendo si de verdad puede existir el vac\u00edo \u2013el <em>horror vacui <\/em>campaba a sus anchas\u2013 o incluso si el aire era algo m\u00e1s que una ilusi\u00f3n.<\/p>\n<p>Von Guericke pens\u00f3 que la mejor forma de demostrar que la presi\u00f3n atmosf\u00e9rica era algo real y poderoso, consist\u00eda en realizar un experimento que fuera presenciado por las m\u00e1s altas personalidades de su tierra y su \u00e9poca. Pues nada, dicho y hecho, decidi\u00f3 aprovechar como espectadores de lujo a la mism\u00edsima <strong>Dieta Imperial de Ratisbona<\/strong>.<\/p>\n<p>Aquel d\u00eda de mayo de 1654, el burgamaestre seguramente estaba nervioso, se jugaba su prestigio y puede que algo m\u00e1s, incluso su cargo. <strong>Von Guericke dise\u00f1\u00f3 cuidadosamente la demostraci\u00f3n<\/strong>. Deb\u00eda de ser rigurosa pero, a la vez, tan espectacular que los potentados presentes se quedaran con la boca abierta del asombro. El mism\u00edsimo emperador deb\u00eda quedar impresionado. En medio de un ambiente casi circense se desarrollo lo que, en la historia de la ciencia, ha venido a conocerse como el <strong>experimento del los hemisferios de Magdeburgo<\/strong>. Desde aquel d\u00eda nada volvi\u00f3 a ser igual para la f\u00edsica, la demanda de m\u00e1quinas neum\u00e1ticas creci\u00f3 sin medida y la pasi\u00f3n por estudiar la atm\u00f3sfera y sus \u00abpoderes\u00bb gan\u00f3 un impulso nunca antes visto. Todo ello gracias a que la demostraci\u00f3n se desarroll\u00f3 a la perfecci\u00f3n, siguiendo el gui\u00f3n de Von Guericke.<\/p>\n<p><a href=\"http:\/\/www.flickr.com\/photos\/alpoma\/398130366\/\" title=\"Photo Sharing\"><img loading=\"lazy\" decoding=\"async\" src=\"http:\/\/farm1.static.flickr.com\/148\/398130366_8a7a0caa93.jpg\" width=\"500\" height=\"358\" alt=\"magdeburgo\" class=\"otros\"\/><\/a><\/p>\n<p>Frente a los dignatarios, seguramente extra\u00f1ados ante el curioso montaje que se desplegaba ante ellos, aparec\u00edan dos medias esferas \u2013hemisferios\u2013 cuidadosamente elaboradas en cobre. Una mitad se enfrent\u00f3 a la otra, formando una gran esfera. A esta esfera se conect\u00f3 la m\u00e1quina neum\u00e1tica de Von Guericke, que extrajo todo el aire que pudo del interior. Al igual que cuando aspiramos con la boca el aire de una botella de pl\u00e1stico vac\u00eda y \u00e9sta se deforma, as\u00ed se hizo el \u00abvac\u00edo\u00bb en el interior de la esfera. Ahora, la presi\u00f3n atmosf\u00e9rica manten\u00eda \u00abpegados\u00bb los dos hemisferios. \u00bfCu\u00e1nta fuerza ser\u00eda necesaria para separarlos? <\/p>\n<p>Era el momento de demostrar el poder de la presi\u00f3n atm\u00f3sf\u00e9rica. Los hemisferios ten\u00edan varias argollas a las que se unieron gruesas sogas asociadas a <strong>dos grupos de ocho caballos<\/strong>, un grupo a cada lado. La esfera est\u00e1 en el suelo, los caballos se agitan nerviosos, los ayudantes de Von Guericke esperan su orden. En un instante, ante una vigorosa orden emitida por el burgomaestre, los ayudantes azuzan a los dos grupos de caballos que, con todas sus fuerzas tiran de en sentidos opuestos de cada uno de los hemisferios. El p\u00fablico se levanta, los murmullos crecen, nadie cree lo que est\u00e1 viendo. La \u00abl\u00f3gica\u00bb les dec\u00eda que los dos hemisferios \u2013que no estaban soldados ni pegados ni unidos entre s\u00ed nada m\u00e1s que por la fuerza de la presi\u00f3n atmosf\u00e9rica exterior puesta de manifiesto al hacer el \u00abvac\u00edo\u00bb en su interior\u2013 se separar\u00edan casi al instante al sentir la extraordinaria fuerza de los caballos sobre las argollas. Pero no, alquellos tozudos hemisferios de cobre, unidos s\u00f3lo por contacto, aguantaron el esfuerzo de los caballos durante un tiempo considerable. La bomba de vac\u00edo de Von Guericke hab\u00eda logrado un \u00abmilagro\u00bb, el vac\u00edo parcial del interior de la esfera de cobre puso de manifiesto la realidad de la presi\u00f3n atmosf\u00e9rica y, estre los v\u00edtores de los presentes, Von Guericke puso la guinda del pastel pues demostr\u00f3 que, simplemente con abrir levemente la v\u00e1lvula de la esfera, permitiendo de nuevo la entrada de aire, los hemisferios pod\u00edan separarse por s\u00ed solos. Al igualarse la presi\u00f3n interior y exterior, ya no eran necesarios caballos, ni ninguna otra ayuda, para que ambas piezas se separaran. <strong>La apuesta hab\u00eda sido arriesgada<\/strong>, el montaje espectacular y el resultado&#8230; sublime.<\/p>\n<p>M\u00e1s <a href=\"http:\/\/physics.kenyon.edu\/EarlyApparatus\/Pneumatics\/Magdeburg_Hemispheres\/Magdeburg_Hemispheres.html\" class=\"enlaces\">info<\/a><br \/>\n<strong>V\u00eddeo explicativo<\/strong>: <a href=\"http:\/\/www.ap.stmarys.ca\/demos\/content\/fluids\/magdeburg_hemispheres\/magdeburg_hemispheres.html\" class=\"enlaces\">Magdeburg Hemispheres<\/a><\/p>\n","protected":false},"excerpt":{"rendered":"<div class=\"mh-excerpt\"><p>Era un precioso d\u00eda de principios de mayo de 1654. Ante el emperador, grandes dignatarios de toda Alemania y dem\u00e1s gente de importancia, se despliega una curiosa representaci\u00f3n, mezcla de <a class=\"mh-excerpt-more\" href=\"https:\/\/alpoma.net\/tecob\/?p=679\" title=\"El poder de la presi\u00f3n atmosf\u00e9rica\">[&#8230;]<\/a><\/p>\n<\/div>","protected":false},"author":1,"featured_media":10542,"comment_status":"open","ping_status":"open","sticky":false,"template":"","format":"standard","meta":{"jetpack_post_was_ever_published":false,"_jetpack_newsletter_access":"","_jetpack_dont_email_post_to_subs":false,"_jetpack_newsletter_tier_id":0,"_jetpack_memberships_contains_paywalled_content":false,"_jetpack_memberships_contains_paid_content":false,"footnotes":""},"categories":[3],"tags":[],"class_list":["post-679","post","type-post","status-publish","format-standard","has-post-thumbnail","hentry","category-obsolescencia"],"jetpack_featured_media_url":"https:\/\/alpoma.net\/tecob\/wp-content\/uploads\/2007\/02\/398130366_8a7a0caa93.jpg","jetpack_shortlink":"https:\/\/wp.me\/p93Dc1-aX","jetpack-related-posts":[{"id":13730,"url":"https:\/\/alpoma.net\/tecob\/?p=13730","url_meta":{"origin":679,"position":0},"title":"Las aventuras del Coronel Ignotus","author":"alpoma","date":"2 octubre 2018","format":false,"excerpt":"Versi\u00f3n para TecOb del art\u00edculo que publiqu\u00e9 en la revista Historia de Iberia Vieja, edici\u00f3n de septiembre de 2018. La lectura del Coronel Ignotus nos deleita con la amenidad de Echegaray, con la trama y humorismo de Conan Doyle (\u2026) y nos hace admirar descripciones grandiosas, como la primera subida\u2026","rel":"","context":"En \u00abMade in Spain\u00bb","block_context":{"text":"Made in Spain","link":"https:\/\/alpoma.net\/tecob\/?cat=10"},"img":{"alt_text":"","src":"https:\/\/i0.wp.com\/alpoma.net\/tecob\/wp-content\/uploads\/2018\/10\/7.jpg?resize=350%2C200&ssl=1","width":350,"height":200,"srcset":"https:\/\/i0.wp.com\/alpoma.net\/tecob\/wp-content\/uploads\/2018\/10\/7.jpg?resize=350%2C200&ssl=1 1x, https:\/\/i0.wp.com\/alpoma.net\/tecob\/wp-content\/uploads\/2018\/10\/7.jpg?resize=525%2C300&ssl=1 1.5x, https:\/\/i0.wp.com\/alpoma.net\/tecob\/wp-content\/uploads\/2018\/10\/7.jpg?resize=700%2C400&ssl=1 2x, https:\/\/i0.wp.com\/alpoma.net\/tecob\/wp-content\/uploads\/2018\/10\/7.jpg?resize=1050%2C600&ssl=1 3x, https:\/\/i0.wp.com\/alpoma.net\/tecob\/wp-content\/uploads\/2018\/10\/7.jpg?resize=1400%2C800&ssl=1 4x"},"classes":[]},{"id":724,"url":"https:\/\/alpoma.net\/tecob\/?p=724","url_meta":{"origin":679,"position":1},"title":"Lun\u00e1ticos","author":"alpoma","date":"20 mayo 2007","format":false,"excerpt":"Noche del 31 de Diciembre de 1775, la luna ilumina la invernal oscuridad mientras unas sombras recorren el vest\u00edbulo de un se\u00f1orial caser\u00f3n de Birmingham. Una gran puerta de madera se abre, las sombras se internan en el edificio y se convierten en elegantes figuras \u00e1vidas de emociones nuevas. Aquella\u2026","rel":"","context":"En \u00abObsolescencia\u00bb","block_context":{"text":"Obsolescencia","link":"https:\/\/alpoma.net\/tecob\/?cat=3"},"img":{"alt_text":"","src":"","width":0,"height":0},"classes":[]},{"id":972,"url":"https:\/\/alpoma.net\/tecob\/?p=972","url_meta":{"origin":679,"position":2},"title":"Verne","author":"alpoma","date":"25 agosto 2008","format":false,"excerpt":"Julio Verne, un nombre que resuena de generaci\u00f3n en generaci\u00f3n como sin\u00f3nimo de... \u00bfqu\u00e9? Sin llegar al extremo de dar la raz\u00f3n por completo a algunos de sus bi\u00f3grafos, que son rotundos afirmando que entre malos editores y p\u00e9simas pel\u00edculas han cambiado por completo el esp\u00edritu de la obra de\u2026","rel":"","context":"En \u00abObsolescencia\u00bb","block_context":{"text":"Obsolescencia","link":"https:\/\/alpoma.net\/tecob\/?cat=3"},"img":{"alt_text":"","src":"https:\/\/i0.wp.com\/alpoma.net\/tecob\/wp-content\/uploads\/2008\/08\/2796644799_fa49d47e76_m.jpg?resize=350%2C200&ssl=1","width":350,"height":200},"classes":[]},{"id":199,"url":"https:\/\/alpoma.net\/tecob\/?p=199","url_meta":{"origin":679,"position":3},"title":"La pasi\u00f3n de Planck","author":"alpoma","date":"14 agosto 2005","format":false,"excerpt":"La ciencia actual realiza descubrimientos y crea teor\u00edas tan apartadas de la experiencia cotidiana que la hacen aparecer con cierto aire de misterio, casi magia. Aunque esto no es nada comparado con el pasmo que la nueva f\u00edsica dej\u00f3 en nuestros antepasados, cuando se produc\u00edan hallazgos asombrosos cada varios a\u00f1os.\u2026","rel":"","context":"En \u00abGeneral\u00bb","block_context":{"text":"General","link":"https:\/\/alpoma.net\/tecob\/?cat=1"},"img":{"alt_text":"","src":"https:\/\/i0.wp.com\/alpoma.net\/tecob\/wp-content\/uploads\/2005\/08\/Planck-214x300.jpg?resize=350%2C200&ssl=1","width":350,"height":200},"classes":[]},{"id":12719,"url":"https:\/\/alpoma.net\/tecob\/?p=12719","url_meta":{"origin":679,"position":4},"title":"Curiosidad a la luz de las velas","author":"alpoma","date":"17 julio 2017","format":false,"excerpt":"Joseph Wright de Derby concibi\u00f3 dos obras que me asombran desde que era peque\u00f1o. Cierto es que este pintor, que alumbr\u00f3 con sus juegos de luces y sombras las estampas del comienzo de la revoluci\u00f3n industrial en Inglaterra, presentaba ciertos problemas t\u00e9cnicos en algunas de sus obras (o eso dicen\u2026","rel":"","context":"En \u00abObsolescencia\u00bb","block_context":{"text":"Obsolescencia","link":"https:\/\/alpoma.net\/tecob\/?cat=3"},"img":{"alt_text":"","src":"https:\/\/i0.wp.com\/alpoma.net\/tecob\/wp-content\/uploads\/2017\/07\/El_alquimista.jpg?resize=350%2C200&ssl=1","width":350,"height":200,"srcset":"https:\/\/i0.wp.com\/alpoma.net\/tecob\/wp-content\/uploads\/2017\/07\/El_alquimista.jpg?resize=350%2C200&ssl=1 1x, https:\/\/i0.wp.com\/alpoma.net\/tecob\/wp-content\/uploads\/2017\/07\/El_alquimista.jpg?resize=525%2C300&ssl=1 1.5x"},"classes":[]},{"id":3661,"url":"https:\/\/alpoma.net\/tecob\/?p=3661","url_meta":{"origin":679,"position":5},"title":"Severo Ochoa y el c\u00f3digo de la vida","author":"alpoma","date":"3 noviembre 2010","format":false,"excerpt":"El presente art\u00edculo corresponde a una versi\u00f3n reducida del que publiqu\u00e9 en la revista Historia de Iberia Vieja en su edici\u00f3n del mes de noviembre de 2010. Creo que es un gran honor, lo mejor que le puede suceder a un cient\u00edfico. Pero no pienso que un cient\u00edfico necesite un\u2026","rel":"","context":"En \u00abMade in Spain\u00bb","block_context":{"text":"Made in Spain","link":"https:\/\/alpoma.net\/tecob\/?cat=10"},"img":{"alt_text":"","src":"https:\/\/i0.wp.com\/alpoma.net\/tecob\/wp-content\/uploads\/2010\/11\/5143001910_1ece0ba650.jpg?resize=350%2C200&ssl=1","width":350,"height":200},"classes":[]}],"jetpack_sharing_enabled":true,"_links":{"self":[{"href":"https:\/\/alpoma.net\/tecob\/index.php?rest_route=\/wp\/v2\/posts\/679","targetHints":{"allow":["GET"]}}],"collection":[{"href":"https:\/\/alpoma.net\/tecob\/index.php?rest_route=\/wp\/v2\/posts"}],"about":[{"href":"https:\/\/alpoma.net\/tecob\/index.php?rest_route=\/wp\/v2\/types\/post"}],"author":[{"embeddable":true,"href":"https:\/\/alpoma.net\/tecob\/index.php?rest_route=\/wp\/v2\/users\/1"}],"replies":[{"embeddable":true,"href":"https:\/\/alpoma.net\/tecob\/index.php?rest_route=%2Fwp%2Fv2%2Fcomments&post=679"}],"version-history":[{"count":0,"href":"https:\/\/alpoma.net\/tecob\/index.php?rest_route=\/wp\/v2\/posts\/679\/revisions"}],"wp:featuredmedia":[{"embeddable":true,"href":"https:\/\/alpoma.net\/tecob\/index.php?rest_route=\/wp\/v2\/media\/10542"}],"wp:attachment":[{"href":"https:\/\/alpoma.net\/tecob\/index.php?rest_route=%2Fwp%2Fv2%2Fmedia&parent=679"}],"wp:term":[{"taxonomy":"category","embeddable":true,"href":"https:\/\/alpoma.net\/tecob\/index.php?rest_route=%2Fwp%2Fv2%2Fcategories&post=679"},{"taxonomy":"post_tag","embeddable":true,"href":"https:\/\/alpoma.net\/tecob\/index.php?rest_route=%2Fwp%2Fv2%2Ftags&post=679"}],"curies":[{"name":"wp","href":"https:\/\/api.w.org\/{rel}","templated":true}]}}