{"id":677,"date":"2007-02-16T21:13:25","date_gmt":"2007-02-16T19:13:25","guid":{"rendered":"http:\/\/www.alpoma.net\/tecob\/?p=677"},"modified":"2007-02-16T21:17:49","modified_gmt":"2007-02-16T19:17:49","slug":"el-arte-de-frank-buchwald","status":"publish","type":"post","link":"https:\/\/alpoma.net\/tecob\/?p=677","title":{"rendered":"El arte de Frank Buchwald"},"content":{"rendered":"<p>Simplemente, son l\u00e1mparas, pero&#8230; vaya maravilla.<br \/>\nHe aqu\u00ed una muestra del <strong><a href=\"http:\/\/www.frankbuchwald.de\/\">genial trabajo de Frank Buchwald<\/a><\/strong>:<\/p>\n<p><a href=\"http:\/\/www.flickr.com\/photos\/alpoma\/392248703\/\" title=\"Photo Sharing\"><img loading=\"lazy\" decoding=\"async\" src=\"http:\/\/farm1.static.flickr.com\/133\/392248703_e2312975dd_o.jpg\" width=\"500\" height=\"383\" alt=\"ml_6\" class=\"otros\"\/><\/a><\/p>\n<p><a href=\"http:\/\/www.flickr.com\/photos\/alpoma\/392248702\/\" title=\"Photo Sharing\"><img decoding=\"async\" src=\"<a href=\"http:\/\/www.flickr.com\/photos\/alpoma\/392248702\/\" title=\"Photo Sharing\"\/><img loading=\"lazy\" decoding=\"async\" src=\"http:\/\/farm1.static.flickr.com\/162\/392248702_0cc4dfc933.jpg\" width=\"500\" height=\"350\" alt=\"ml_3\" class=\"otros\"\/><\/a><\/p>\n<p><a href=\"http:\/\/www.flickr.com\/photos\/alpoma\/392248700\/\" title=\"Photo Sharing\"><img decoding=\"async\" src=\"<a href=\"http:\/\/www.flickr.com\/photos\/alpoma\/392248700\/\" title=\"Photo Sharing\"\/><img loading=\"lazy\" decoding=\"async\" src=\"http:\/\/farm1.static.flickr.com\/158\/392248700_30febca9bb.jpg\" width=\"500\" height=\"450\" alt=\"ml_1gr\" class=\"otros\"\/><\/a><\/p>\n<p><a href=\"http:\/\/www.flickr.com\/photos\/alpoma\/392248699\/\" title=\"Photo Sharing\"><img loading=\"lazy\" decoding=\"async\" src=\"http:\/\/farm1.static.flickr.com\/113\/392248699_8f8594e4c6_o.jpg\" width=\"500\" height=\"355\" alt=\"typ_09_1gr\" class=\"otros\"\/><\/a><\/p>\n<p>| V\u00eda <a href=\"http:\/\/www.makezine.com\/blog\/archive\/2007\/02\/frank_buchwalds.html?CMP=OTC-0D6B48984890\">MAKE Blog<\/a> |<\/p>\n","protected":false},"excerpt":{"rendered":"<div class=\"mh-excerpt\"><p>Simplemente, son l\u00e1mparas, pero&#8230; vaya maravilla. He aqu\u00ed una muestra del genial trabajo de Frank Buchwald:<\/p>\n<\/div>","protected":false},"author":1,"featured_media":11140,"comment_status":"open","ping_status":"open","sticky":false,"template":"","format":"standard","meta":{"jetpack_post_was_ever_published":false,"_jetpack_newsletter_access":"","_jetpack_dont_email_post_to_subs":false,"_jetpack_newsletter_tier_id":0,"_jetpack_memberships_contains_paywalled_content":false,"_jetpack_memberships_contains_paid_content":false,"footnotes":""},"categories":[1],"tags":[],"class_list":["post-677","post","type-post","status-publish","format-standard","has-post-thumbnail","hentry","category-general"],"jetpack_featured_media_url":"https:\/\/alpoma.net\/tecob\/wp-content\/uploads\/2007\/02\/392248703_e2312975dd_o.jpg","jetpack_shortlink":"https:\/\/wp.me\/p93Dc1-aV","jetpack-related-posts":[{"id":10226,"url":"https:\/\/alpoma.net\/tecob\/?p=10226","url_meta":{"origin":677,"position":0},"title":"Gabriel Bereau y su viol\u00edn el\u00e9ctrico","author":"alpoma","date":"22 noviembre 2014","format":false,"excerpt":"Recuerdo que, gracias a la magia radiof\u00f3nica de Ram\u00f3n Trecet, me fascin\u00f3 all\u00e1 a principios de los noventa un tipo genial con un viol\u00edn el\u00e9ctrico que atend\u00eda al nombre de Ed Alleyne-Johnson. El apunte de hoy tambi\u00e9n va de violines modificados, solo que de forma mucho m\u00e1s radical. L\u00e1stima no\u2026","rel":"","context":"En \u00abM\u00fasica\u00bb","block_context":{"text":"M\u00fasica","link":"https:\/\/alpoma.net\/tecob\/?cat=42"},"img":{"alt_text":"","src":"https:\/\/i0.wp.com\/alpoma.net\/tecob\/wp-content\/uploads\/2014\/11\/violin_bereau_interior.jpg?resize=350%2C200&ssl=1","width":350,"height":200,"srcset":"https:\/\/i0.wp.com\/alpoma.net\/tecob\/wp-content\/uploads\/2014\/11\/violin_bereau_interior.jpg?resize=350%2C200&ssl=1 1x, https:\/\/i0.wp.com\/alpoma.net\/tecob\/wp-content\/uploads\/2014\/11\/violin_bereau_interior.jpg?resize=525%2C300&ssl=1 1.5x"},"classes":[]},{"id":14352,"url":"https:\/\/alpoma.net\/tecob\/?p=14352","url_meta":{"origin":677,"position":1},"title":"El arte espacial de Virgil Finlay","author":"alpoma","date":"6 marzo 2019","format":false,"excerpt":"En 1956 se public\u00f3 uno de mis libros favoritos, obra de Albro T. Gaul, titulado The Complete Book of Space Travel. Enfocado al p\u00fablico juvenil, re\u00fane una serie de textos a modo de ensayos sobre el posible futuro de la exploraci\u00f3n espacial (mucho de ello hoy ya hecho realidad). Ahora\u2026","rel":"","context":"En \u00abGeneral\u00bb","block_context":{"text":"General","link":"https:\/\/alpoma.net\/tecob\/?cat=1"},"img":{"alt_text":"","src":"https:\/\/i0.wp.com\/alpoma.net\/tecob\/wp-content\/uploads\/2019\/03\/portada-FINLAY.jpg?resize=350%2C200&ssl=1","width":350,"height":200,"srcset":"https:\/\/i0.wp.com\/alpoma.net\/tecob\/wp-content\/uploads\/2019\/03\/portada-FINLAY.jpg?resize=350%2C200&ssl=1 1x, https:\/\/i0.wp.com\/alpoma.net\/tecob\/wp-content\/uploads\/2019\/03\/portada-FINLAY.jpg?resize=525%2C300&ssl=1 1.5x"},"classes":[]},{"id":4225,"url":"https:\/\/alpoma.net\/tecob\/?p=4225","url_meta":{"origin":677,"position":2},"title":"Despiezados","author":"alpoma","date":"20 febrero 2011","format":false,"excerpt":"Cualquier \"loco\" de las m\u00e1quinas ha hecho cosas as\u00ed en alguna ocasi\u00f3n. Recuerdo que, de peque\u00f1o, ten\u00eda la man\u00eda de desmontar hasta la \u00faltima pieza relojes antiguos. Luego intentaba volver a montarlos y que funcionaran pero, como puede imaginarse, los primeros intentos fueron un desastre. Hoy visita TecOb una obra\u2026","rel":"","context":"En \u00abGeneral\u00bb","block_context":{"text":"General","link":"https:\/\/alpoma.net\/tecob\/?cat=1"},"img":{"alt_text":"","src":"https:\/\/i0.wp.com\/alpoma.net\/tecob\/wp-content\/uploads\/2011\/02\/5461725975_338b6bc697_o.jpg?resize=350%2C200&ssl=1","width":350,"height":200},"classes":[]},{"id":7219,"url":"https:\/\/alpoma.net\/tecob\/?p=7219","url_meta":{"origin":677,"position":3},"title":"Micromundo impreso","author":"alpoma","date":"12 septiembre 2012","format":false,"excerpt":"Mucho se habla acerca de la impresi\u00f3n 3D, pero si hay algo que me sorprende de ese tipo de t\u00e9cnicas es la posibilidad de dar forma al micromundo a voluntad, algo que puede considerarse a medio camino entre la creaci\u00f3n de factor\u00edas nanotecnol\u00f3gicas y el arte. Por ejemplo, he aqu\u00ed\u2026","rel":"","context":"En \u00abInnovaci\u00f3n\u00bb","block_context":{"text":"Innovaci\u00f3n","link":"https:\/\/alpoma.net\/tecob\/?cat=4"},"img":{"alt_text":"","src":"https:\/\/i0.wp.com\/alpoma.net\/tecob\/wp-content\/uploads\/2012\/09\/3d_1.jpg?resize=350%2C200&ssl=1","width":350,"height":200,"srcset":"https:\/\/i0.wp.com\/alpoma.net\/tecob\/wp-content\/uploads\/2012\/09\/3d_1.jpg?resize=350%2C200&ssl=1 1x, https:\/\/i0.wp.com\/alpoma.net\/tecob\/wp-content\/uploads\/2012\/09\/3d_1.jpg?resize=525%2C300&ssl=1 1.5x"},"classes":[]},{"id":603,"url":"https:\/\/alpoma.net\/tecob\/?p=603","url_meta":{"origin":677,"position":4},"title":"Ideas a la luz de la luna","author":"alpoma","date":"27 septiembre 2006","format":false,"excerpt":"Es curiosa la forma en que surgen algunas ideas geniales, aparentemente en ambientes poco propicios para la creatividad. En estos \u00faltimos a\u00f1os, en que tanto se habla del Proyecto Genoma y derivados, ha cobrado gran relevancia en muchos laboratorios una nueva tecnolog\u00eda que naci\u00f3 de forma inesperada, se trata de\u2026","rel":"","context":"En \u00abInnovaci\u00f3n\u00bb","block_context":{"text":"Innovaci\u00f3n","link":"https:\/\/alpoma.net\/tecob\/?cat=4"},"img":{"alt_text":"kary-mullis","src":"https:\/\/i0.wp.com\/static.flickr.com\/85\/254227555_5d76e37637_m.jpg?resize=350%2C200","width":350,"height":200},"classes":[]},{"id":411,"url":"https:\/\/alpoma.net\/tecob\/?p=411","url_meta":{"origin":677,"position":5},"title":"Sobre ruedas","author":"alpoma","date":"24 marzo 2006","format":false,"excerpt":"Estamos acostumbrados a ver autom\u00f3viles de cuatro ruedas, m\u00e1s la de repuesto claro, bicicletas y motocicletas, de dos ruedas y hasta camiones con muchas ruedas pero, hace mucho tiempo, se pens\u00f3 que, lo menor para recorrer velozmente los caminos, era utilizar una sola y gran rueda. Para recordar aquellos tiempos\u2026","rel":"","context":"En \u00abObsolescencia\u00bb","block_context":{"text":"Obsolescencia","link":"https:\/\/alpoma.net\/tecob\/?cat=3"},"img":{"alt_text":"","src":"https:\/\/i0.wp.com\/alpoma.net\/tecob\/wp-content\/uploads\/2006\/03\/117343152_06467dea6a_m.jpg?resize=350%2C200&ssl=1","width":350,"height":200},"classes":[]}],"jetpack_sharing_enabled":true,"_links":{"self":[{"href":"https:\/\/alpoma.net\/tecob\/index.php?rest_route=\/wp\/v2\/posts\/677","targetHints":{"allow":["GET"]}}],"collection":[{"href":"https:\/\/alpoma.net\/tecob\/index.php?rest_route=\/wp\/v2\/posts"}],"about":[{"href":"https:\/\/alpoma.net\/tecob\/index.php?rest_route=\/wp\/v2\/types\/post"}],"author":[{"embeddable":true,"href":"https:\/\/alpoma.net\/tecob\/index.php?rest_route=\/wp\/v2\/users\/1"}],"replies":[{"embeddable":true,"href":"https:\/\/alpoma.net\/tecob\/index.php?rest_route=%2Fwp%2Fv2%2Fcomments&post=677"}],"version-history":[{"count":0,"href":"https:\/\/alpoma.net\/tecob\/index.php?rest_route=\/wp\/v2\/posts\/677\/revisions"}],"wp:featuredmedia":[{"embeddable":true,"href":"https:\/\/alpoma.net\/tecob\/index.php?rest_route=\/wp\/v2\/media\/11140"}],"wp:attachment":[{"href":"https:\/\/alpoma.net\/tecob\/index.php?rest_route=%2Fwp%2Fv2%2Fmedia&parent=677"}],"wp:term":[{"taxonomy":"category","embeddable":true,"href":"https:\/\/alpoma.net\/tecob\/index.php?rest_route=%2Fwp%2Fv2%2Fcategories&post=677"},{"taxonomy":"post_tag","embeddable":true,"href":"https:\/\/alpoma.net\/tecob\/index.php?rest_route=%2Fwp%2Fv2%2Ftags&post=677"}],"curies":[{"name":"wp","href":"https:\/\/api.w.org\/{rel}","templated":true}]}}