{"id":6698,"date":"2012-05-29T15:25:26","date_gmt":"2012-05-29T13:25:26","guid":{"rendered":"http:\/\/www.alpoma.net\/tecob\/?p=6698"},"modified":"2012-05-29T15:25:26","modified_gmt":"2012-05-29T13:25:26","slug":"moda-femenina-para-el-verano-del-12","status":"publish","type":"post","link":"https:\/\/alpoma.net\/tecob\/?p=6698","title":{"rendered":"Moda femenina para el verano del 12"},"content":{"rendered":"<p>Un siglo puede parecer mucho tiempo, sobre todo si se mide pensando en nuestra propia vida como escala de referencia, pero si se piensa bien, <strong>en la historia un siglo no es ni un suspiro<\/strong>. Por eso, siempre me llama la atenci\u00f3n c\u00f3mo han cambiado algunas cosas en apenas cien a\u00f1os. He aqu\u00ed una imagen que me encanta tomada en 1912 y a la que llegu\u00e9 ayer a trav\u00e9s de <em><strong><a href=\"http:\/\/yeoldefashion.tumblr.com\/post\/21392007398\/a-1912-photograph-of-women-in-lucile-tea-apparel\">Ye Olde Fashion<\/a><\/strong><\/em>.<\/p>\n<p><a href=\"http:\/\/www.flickr.com\/photos\/alpoma\/7294498294\/\" title=\"moda1912, on Flickr\"><img loading=\"lazy\" decoding=\"async\" src=\"http:\/\/farm9.staticflickr.com\/8143\/7294498294_943c03d45a_o.jpg\" width=\"620\" height=\"642\" alt=\"moda1912\" class=\"otros\"\/><\/a><\/p>\n<p>Y, con tan sugerente fotograf\u00eda en la mente, me anim\u00e9 a montar un peque\u00f1o <em>collage<\/em> con <strong>lo m\u00e1s destacado de las novedades de la moda femenina para el verano de 1912<\/strong> de entre las publicadas en una revista de referencia sobre el tema en la \u00e9poca: <em>La moda elegante<\/em><sup>1<\/sup>.<\/p>\n<p><a href=\"http:\/\/www.flickr.com\/photos\/alpoma\/7294608564\/\" title=\"moda_12, on Flickr\"><img loading=\"lazy\" decoding=\"async\" src=\"http:\/\/farm9.staticflickr.com\/8149\/7294608564_2fea3d66f2_o.jpg\" width=\"620\" height=\"1296\" alt=\"moda_12\" class=\"otros\"\/><\/a><\/p>\n<p>Por cierto, los <strong>patrones<\/strong> ofrecidos en este tipo de publicaciones siempre me han sorprendido por su complejidad. Supongo que hoy d\u00eda ser\u00e1n similares en muchos casos, desconozco por completo el mundo de la costura as\u00ed que no tengo ni idea, pero no se podr\u00e1 negar que, a primera vista, parece m\u00e1s un gr\u00e1fico que recuerda alg\u00fan tipo de mapa o de circuito impreso que otra cosa. \ud83d\ude09<\/p>\n<p><a href=\"http:\/\/www.flickr.com\/photos\/alpoma\/7294620022\/\" title=\"patrones, on Flickr\"><img loading=\"lazy\" decoding=\"async\" src=\"http:\/\/farm8.staticflickr.com\/7101\/7294620022_306ca96fab_o.jpg\" width=\"620\" height=\"445\" alt=\"patrones\" class=\"otros\"\/><\/a><br \/>\n_____________<br \/>\n<sup>1<\/sup> <em>La moda elegante<\/em>. Madrid, 6 de junio de 1912. \/ Biblioteca Nacional de Espa\u00f1a.<\/p>\n","protected":false},"excerpt":{"rendered":"<div class=\"mh-excerpt\"><p>Un siglo puede parecer mucho tiempo, sobre todo si se mide pensando en nuestra propia vida como escala de referencia, pero si se piensa bien, en la historia un siglo <a class=\"mh-excerpt-more\" href=\"https:\/\/alpoma.net\/tecob\/?p=6698\" title=\"Moda femenina para el verano del 12\">[&#8230;]<\/a><\/p>\n<\/div>","protected":false},"author":1,"featured_media":11014,"comment_status":"open","ping_status":"open","sticky":false,"template":"","format":"standard","meta":{"jetpack_post_was_ever_published":false,"_jetpack_newsletter_access":"","_jetpack_dont_email_post_to_subs":false,"_jetpack_newsletter_tier_id":0,"_jetpack_memberships_contains_paywalled_content":false,"_jetpack_memberships_contains_paid_content":false,"footnotes":""},"categories":[3],"tags":[],"class_list":["post-6698","post","type-post","status-publish","format-standard","has-post-thumbnail","hentry","category-obsolescencia"],"jetpack_featured_media_url":"https:\/\/alpoma.net\/tecob\/wp-content\/uploads\/2012\/05\/7294498294_943c03d45a_o.jpg","jetpack_shortlink":"https:\/\/wp.me\/p93Dc1-1K2","jetpack-related-posts":[{"id":8322,"url":"https:\/\/alpoma.net\/tecob\/?p=8322","url_meta":{"origin":6698,"position":0},"title":"La er\u00f3tica del cors\u00e9 tras los rayos X","author":"alpoma","date":"19 junio 2013","format":false,"excerpt":"Los cors\u00e9s, que no son s\u00f3lo cosa femenina pues a lo largo de la historia los cors\u00e9s masculinos tambi\u00e9n han dado mucho juego, tuvieron \u00e9pocas de gloria en la moda de varios siglos. El cors\u00e9 vive ahora cierto renacimiento y he de reconocer que tiene su encanto y atractivo, pero\u2026","rel":"","context":"En \u00abObsolescencia\u00bb","block_context":{"text":"Obsolescencia","link":"https:\/\/alpoma.net\/tecob\/?cat=3"},"img":{"alt_text":"","src":"https:\/\/i0.wp.com\/alpoma.net\/tecob\/wp-content\/uploads\/2013\/06\/461px-Padiographie_du_corsetLigne28dos29.jpg?resize=350%2C200&ssl=1","width":350,"height":200},"classes":[]},{"id":1137,"url":"https:\/\/alpoma.net\/tecob\/?p=1137","url_meta":{"origin":6698,"position":1},"title":"La chica halc\u00f3n","author":"alpoma","date":"28 mayo 2009","format":false,"excerpt":"Con este apodo, junto con el de la flecha humana, fue conocida H\u00e9l\u00e8ne Dutrieu y no faltaron razones para ello. El 26 de junio de 1961 fallec\u00eda en Par\u00eds esta aventurera sin igual, a la edad de 83 a\u00f1os. \u00bfPor qu\u00e9 afirmo que se trat\u00f3 de un personaje \u00fanico? Muy\u2026","rel":"","context":"En \u00abObsolescencia\u00bb","block_context":{"text":"Obsolescencia","link":"https:\/\/alpoma.net\/tecob\/?cat=3"},"img":{"alt_text":"","src":"","width":0,"height":0},"classes":[]},{"id":2183,"url":"https:\/\/alpoma.net\/tecob\/?p=2183","url_meta":{"origin":6698,"position":2},"title":"\u00a1Captura ese disco volador!","author":"alpoma","date":"14 febrero 2010","format":false,"excerpt":"A mediados de los ochenta, como en tantas oleadas en las que se recuperan y, m\u00e1s tarde, se olvidan juguetes cl\u00e1sicos, recuerdo haber pasado muchas tardes de verano enredando con un sencillo disco de pl\u00e1stico de color rojo muy vivo. Realmente nunca ha pasado de moda y, ya sea en\u2026","rel":"","context":"En \u00abObsolescencia\u00bb","block_context":{"text":"Obsolescencia","link":"https:\/\/alpoma.net\/tecob\/?cat=3"},"img":{"alt_text":"","src":"","width":0,"height":0},"classes":[]},{"id":5940,"url":"https:\/\/alpoma.net\/tecob\/?p=5940","url_meta":{"origin":6698,"position":3},"title":"\u00a1Fumen radio!","author":"alpoma","date":"4 enero 2012","format":false,"excerpt":"El noruego Roald Amundsen, que hace poco m\u00e1s de un siglo se convirti\u00f3 en el primer ser humano en llegar al Polo Sur, era un explorador de esos que no se quedan quietos ni en la cama. Despu\u00e9s de diversas expediciones por medio mundo, decidi\u00f3 que su pr\u00f3xima aventura, entre\u2026","rel":"","context":"En \u00abObsolescencia\u00bb","block_context":{"text":"Obsolescencia","link":"https:\/\/alpoma.net\/tecob\/?cat=3"},"img":{"alt_text":"el_buen_tono","src":"https:\/\/i0.wp.com\/farm8.staticflickr.com\/7155\/6630658301_39d6fc694e.jpg?resize=350%2C200","width":350,"height":200},"classes":[]},{"id":458,"url":"https:\/\/alpoma.net\/tecob\/?p=458","url_meta":{"origin":6698,"position":4},"title":"Viejos selenitas","author":"alpoma","date":"7 mayo 2006","format":false,"excerpt":"Los habitantes, nativos, de la Luna dieron mucho que hablar hace d\u00e9cadas. Los selenitas, como se les conoc\u00eda, daban mucho juego en narraciones fant\u00e1sticas de todo tipo, se imaginaban los humanos c\u00f3mo ser\u00edan los paisajes lunares y las ciudades, mayormente \"cavern\u00edcolas\", constru\u00eddas por sus habitantes. Ya Haydn dedic\u00f3 a las\u2026","rel":"","context":"En \u00abGeo\u00bb","block_context":{"text":"Geo","link":"https:\/\/alpoma.net\/tecob\/?cat=5"},"img":{"alt_text":"","src":"","width":0,"height":0},"classes":[]},{"id":12136,"url":"https:\/\/alpoma.net\/tecob\/?p=12136","url_meta":{"origin":6698,"position":5},"title":"Andrew Crosse, \u00bfel verdadero Frankenstein?","author":"alpoma","date":"17 junio 2016","format":false,"excerpt":"La figura de Andrew Crosse me intriga desde hace a\u00f1os. Escrib\u00ed sobre su vida en 2009 en este mismo blog y fue uno de los personajes fugaces que aparecen en mi novela El viaje de Argos. Ahora, en el verano de 2016, se cumplen 200 a\u00f1os de una noche m\u00e1gica.\u2026","rel":"","context":"En \u00abObsolescencia\u00bb","block_context":{"text":"Obsolescencia","link":"https:\/\/alpoma.net\/tecob\/?cat=3"},"img":{"alt_text":"","src":"https:\/\/i0.wp.com\/alpoma.net\/tecob\/wp-content\/uploads\/2016\/06\/andrew-crosse-scaled.jpg?resize=350%2C200&ssl=1","width":350,"height":200,"srcset":"https:\/\/i0.wp.com\/alpoma.net\/tecob\/wp-content\/uploads\/2016\/06\/andrew-crosse-scaled.jpg?resize=350%2C200&ssl=1 1x, https:\/\/i0.wp.com\/alpoma.net\/tecob\/wp-content\/uploads\/2016\/06\/andrew-crosse-scaled.jpg?resize=525%2C300&ssl=1 1.5x, https:\/\/i0.wp.com\/alpoma.net\/tecob\/wp-content\/uploads\/2016\/06\/andrew-crosse-scaled.jpg?resize=700%2C400&ssl=1 2x, https:\/\/i0.wp.com\/alpoma.net\/tecob\/wp-content\/uploads\/2016\/06\/andrew-crosse-scaled.jpg?resize=1050%2C600&ssl=1 3x, https:\/\/i0.wp.com\/alpoma.net\/tecob\/wp-content\/uploads\/2016\/06\/andrew-crosse-scaled.jpg?resize=1400%2C800&ssl=1 4x"},"classes":[]}],"jetpack_sharing_enabled":true,"_links":{"self":[{"href":"https:\/\/alpoma.net\/tecob\/index.php?rest_route=\/wp\/v2\/posts\/6698","targetHints":{"allow":["GET"]}}],"collection":[{"href":"https:\/\/alpoma.net\/tecob\/index.php?rest_route=\/wp\/v2\/posts"}],"about":[{"href":"https:\/\/alpoma.net\/tecob\/index.php?rest_route=\/wp\/v2\/types\/post"}],"author":[{"embeddable":true,"href":"https:\/\/alpoma.net\/tecob\/index.php?rest_route=\/wp\/v2\/users\/1"}],"replies":[{"embeddable":true,"href":"https:\/\/alpoma.net\/tecob\/index.php?rest_route=%2Fwp%2Fv2%2Fcomments&post=6698"}],"version-history":[{"count":0,"href":"https:\/\/alpoma.net\/tecob\/index.php?rest_route=\/wp\/v2\/posts\/6698\/revisions"}],"wp:featuredmedia":[{"embeddable":true,"href":"https:\/\/alpoma.net\/tecob\/index.php?rest_route=\/wp\/v2\/media\/11014"}],"wp:attachment":[{"href":"https:\/\/alpoma.net\/tecob\/index.php?rest_route=%2Fwp%2Fv2%2Fmedia&parent=6698"}],"wp:term":[{"taxonomy":"category","embeddable":true,"href":"https:\/\/alpoma.net\/tecob\/index.php?rest_route=%2Fwp%2Fv2%2Fcategories&post=6698"},{"taxonomy":"post_tag","embeddable":true,"href":"https:\/\/alpoma.net\/tecob\/index.php?rest_route=%2Fwp%2Fv2%2Ftags&post=6698"}],"curies":[{"name":"wp","href":"https:\/\/api.w.org\/{rel}","templated":true}]}}