{"id":6672,"date":"2012-05-22T13:40:09","date_gmt":"2012-05-22T11:40:09","guid":{"rendered":"http:\/\/www.alpoma.net\/tecob\/?p=6672"},"modified":"2012-05-22T13:42:37","modified_gmt":"2012-05-22T11:42:37","slug":"la-ultima-victima-de-la-viruela","status":"publish","type":"post","link":"https:\/\/alpoma.net\/tecob\/?p=6672","title":{"rendered":"La \u00faltima v\u00edctima de la viruela"},"content":{"rendered":"<p>Aunque actualmente su negro recuerdo va desapareciendo poco a poco de la lista de terrores del mundo, hubo un espectro que rein\u00f3 sobre la humanidad durante siglos. La <strong>viruela<\/strong> era temida, y con raz\u00f3n. Se llev\u00f3 por delante la vida de millones de personas pero, por fortuna, <strong>hace tiempo que desapareci\u00f3 para siempre<\/strong>, o al menos eso es lo que se espera. Por fortuna, el <em>Variola virus<\/em>, causante de la enfermedad, s\u00f3lo encontraba acomodo en seres humanos y, al no existir ning\u00fan otro reservorio animal, <strong>las campa\u00f1as de vacunaci\u00f3n mundiales terminaron por acorralar y destruir al monstruo por completo<\/strong>. Hoy estamos libres de viruela, enfermedad declarada oficialmente por la OMS como erradicada, gracias a aquellos esfuerzos. El virus fue progresivamente eliminado del planeta hasta que se declararon y controlaron los \u00faltimos casos. El <strong>\u00faltimo caso de viruela se detect\u00f3 en Somalia en 1977<\/strong> y, desde entonces, la enfermedad que asol\u00f3 al mundo desapareci\u00f3 por completo. <\/p>\n<p>Pero, he aqu\u00ed que el caso de 1977 fue el \u00faltimo \u00abnatural\u00bb. Poco tiempo m\u00e1s tarde ocurri\u00f3 algo que sirvi\u00f3 para demostrar lo peligroso que puede resultar almacenar muestras de virus en condiciones poco seguras. Actualmente s\u00f3lo <strong>se conservan muestras del virus<\/strong>, bajo estricto control, en un laboratorio de m\u00e1xima seguridad del CDC en los Estados Unidos y en el laboratorio VECTOR de Koltsovo, en Rusia. Muchas veces se ha abierto el debate para destruir finalmente esas muestras, pero ah\u00ed contin\u00faan, bajo llave, vigiladas. Su conservaci\u00f3n se basa en m\u00faltiples motivos que no viene al caso explicar aqu\u00ed, es un tema que dar\u00eda para mucho y es m\u00e1s complejo de lo que pueda pensarse.<\/p>\n<p>La enfermedad fue erradicada en el 77 pero todav\u00eda tuvo ocasi\u00f3n de causar da\u00f1o poco despu\u00e9s. A lo largo de los a\u00f1os setenta del siglo pasado fueron muchos los laboratorios que lucharon por convertirse en alguno de los pocos lugares en el mundo autorizados a conservar, e investigar, muestras de viruela. En <strong>1978<\/strong> sucedi\u00f3 algo que hizo reconsiderar esa curiosa carrera por hacerse con una licencia de almacenamiento, para quedar el asunto completamente restringido a las dos instalaciones de m\u00e1xima seguridad que cit\u00e9 antes.<strong> Janet Parker<\/strong> era una <strong>fot\u00f3grafa m\u00e9dica<\/strong> que trabajaba en el departamento de anatom\u00eda de la <em>University of Birmingham Medical School<\/em>, en Gran Breta\u00f1a. Un a\u00f1o antes del suceso, el responsable del laboratorio de microbiolog\u00eda de esa universidad, <strong>Henry Bedson<\/strong>, hab\u00eda solicitado a la OMS permiso para poder conservar por tiempo indefinido las muestras de viruela que pose\u00edan, intentando librarse as\u00ed de la orden de destrucci\u00f3n que obligaba a eliminar el virus en poco tiempo. La OMS deneg\u00f3 el permiso porque su inspecci\u00f3n de seguridad de las instalaciones fue negativa. Sin embargo, Bedson mantuvo sus investigaciones hasta que el <strong>11 de agosto<\/strong> su \u00abvecina\u00bb del piso de arriba comenz\u00f3 a enfermar.<\/p>\n<p><a href=\"http:\/\/www.flickr.com\/photos\/alpoma\/7248322012\/\" title=\"laboratorio, on Flickr\"><img loading=\"lazy\" decoding=\"async\" src=\"http:\/\/farm8.staticflickr.com\/7083\/7248322012_37016f4b38_z.jpg\" width=\"620\" height=\"342\" alt=\"laboratorio\" class=\"otros\"\/><\/a><\/p>\n<blockquote><p>Instalaciones del laboratorio de microbiolog\u00eda de la <em>University of Birmingham Medical School<\/em>, a trav\u00e9s de cuyos conductos de ventilaci\u00f3n se propag\u00f3 el virus de la viruela que infect\u00f3 a Janet Parker en 1978. <strong>Fuente<\/strong>: <em>New Scientist<\/em>, 4 de enero de 1979.<\/p><\/blockquote>\n<p>Janet Parker ten\u00eda su laboratorio fotogr\u00e1fico un piso sobre el laboratorio de microbiolog\u00eda donde se guardaba la viruela. Aunque Parker hab\u00eda sido vacunada hac\u00eda a\u00f1os, sucedi\u00f3 lo impensable. El virus encontr\u00f3 un camino de escape en los <strong>conductos de ventilaci\u00f3n del \u00e1rea de almacenamiento de muestras<\/strong>, llegando precisamente al piso superior e infectando a Janet. En cuanto se confirm\u00f3 que se trataba de un caso de viruela, se arm\u00f3 un gran l\u00edo, tanto legal como sanitario. Se mantuvo a todo el personal y a cuantos hab\u00edan tenido contacto con Janet bajo vigilancia. Su madre tambi\u00e9n se contagi\u00f3 pero logr\u00f3 sobrevivir. Por desgracia, un mes despu\u00e9s de enfermar, <strong>Janet falleci\u00f3<\/strong>, convirti\u00e9ndose en la \u00faltima persona en todo el planeta que sucumbi\u00f3 a la terrible viruela y, su vecino del piso de abajo, Henry Bedson, termin\u00f3 suicid\u00e1ndose.<\/p>\n<p><strong>M\u00e1s informaci\u00f3n<\/strong>: Shooter, R.A. <em><a href=\"http:\/\/www.official-documents.gov.uk\/document\/hc7980\/hc06\/0668\/0668.pdf\">Report of the Investigation into the Cause of the 1978 Birmingham Smallpox Occurrence<\/a><\/em>. (PDF).<\/p>\n","protected":false},"excerpt":{"rendered":"<div class=\"mh-excerpt\"><p>Aunque actualmente su negro recuerdo va desapareciendo poco a poco de la lista de terrores del mundo, hubo un espectro que rein\u00f3 sobre la humanidad durante siglos. La viruela era <a class=\"mh-excerpt-more\" href=\"https:\/\/alpoma.net\/tecob\/?p=6672\" title=\"La \u00faltima v\u00edctima de la viruela\">[&#8230;]<\/a><\/p>\n<\/div>","protected":false},"author":1,"featured_media":10741,"comment_status":"open","ping_status":"open","sticky":false,"template":"","format":"standard","meta":{"jetpack_post_was_ever_published":false,"_jetpack_newsletter_access":"","_jetpack_dont_email_post_to_subs":false,"_jetpack_newsletter_tier_id":0,"_jetpack_memberships_contains_paywalled_content":false,"_jetpack_memberships_contains_paid_content":false,"footnotes":""},"categories":[3],"tags":[],"class_list":["post-6672","post","type-post","status-publish","format-standard","has-post-thumbnail","hentry","category-obsolescencia"],"jetpack_featured_media_url":"https:\/\/alpoma.net\/tecob\/wp-content\/uploads\/2012\/05\/7248322012_37016f4b38_z.jpg","jetpack_shortlink":"https:\/\/wp.me\/p93Dc1-1JC","jetpack-related-posts":[{"id":6704,"url":"https:\/\/alpoma.net\/tecob\/?p=6704","url_meta":{"origin":6672,"position":0},"title":"La expedici\u00f3n Balmis, una odisea sanitaria","author":"alpoma","date":"1 junio 2012","format":false,"excerpt":"Versi\u00f3n reducida del art\u00edculo que publiqu\u00e9 en el n\u00famero de junio de 2012 en la revista Historia de Iberia Vieja. Sea cual fuere la suerte que con el transcurso de los siglos toque a Espa\u00f1a, que como los medos, como los asirios, como otros grandes pueblos desaparezca de la escena\u2026","rel":"","context":"En \u00abMade in Spain\u00bb","block_context":{"text":"Made in Spain","link":"https:\/\/alpoma.net\/tecob\/?cat=10"},"img":{"alt_text":"","src":"","width":0,"height":0},"classes":[]},{"id":9992,"url":"https:\/\/alpoma.net\/tecob\/?p=9992","url_meta":{"origin":6672,"position":1},"title":"Francisco Salv\u00e1 y Campillo, inventor del tel\u00e9grafo el\u00e9ctrico","author":"alpoma","date":"3 agosto 2014","format":false,"excerpt":"Versi\u00f3n reducida del art\u00edculo que publiqu\u00e9 en la revista Historia de Iberia Vieja, edici\u00f3n de agosto de 2014. Salv\u00e1 leg\u00f3 hasta su propio cuerpo a la instrucci\u00f3n p\u00fablica. Son tan notables las palabras con que expresa este legado en su testamento que ellas solas bastar\u00edan para hacer su elogio y\u2026","rel":"","context":"En \u00abMade in Spain\u00bb","block_context":{"text":"Made in Spain","link":"https:\/\/alpoma.net\/tecob\/?cat=10"},"img":{"alt_text":"salva_y_campillo","src":"https:\/\/i0.wp.com\/www.alpoma.net\/tecob\/wp-content\/uploads\/2014\/08\/salva_y_campillo-229x300.jpg?resize=350%2C200","width":350,"height":200},"classes":[]},{"id":13217,"url":"https:\/\/alpoma.net\/tecob\/?p=13217","url_meta":{"origin":6672,"position":2},"title":"Algunas consideraciones acerca de la \u00abgripe espa\u00f1ola\u00bb","author":"alpoma","date":"16 abril 2018","format":false,"excerpt":"Hace ahora un siglo que la mayor pandemia de la historia estaba a punto de dar la cara. Fue en 1918, el a\u00f1o del final de la Gran Guerra y de la c\u00e9lebre \"gripe espa\u00f1ola\". Dependiendo de la fuente que se consulte, se podr\u00e1 leer que murieron a consecuencia de\u2026","rel":"","context":"En \u00abGeneral\u00bb","block_context":{"text":"General","link":"https:\/\/alpoma.net\/tecob\/?cat=1"},"img":{"alt_text":"","src":"https:\/\/i0.wp.com\/alpoma.net\/tecob\/wp-content\/uploads\/2018\/04\/gripe-esp-1918-1.jpg?resize=350%2C200&ssl=1","width":350,"height":200,"srcset":"https:\/\/i0.wp.com\/alpoma.net\/tecob\/wp-content\/uploads\/2018\/04\/gripe-esp-1918-1.jpg?resize=350%2C200&ssl=1 1x, https:\/\/i0.wp.com\/alpoma.net\/tecob\/wp-content\/uploads\/2018\/04\/gripe-esp-1918-1.jpg?resize=525%2C300&ssl=1 1.5x"},"classes":[]},{"id":710,"url":"https:\/\/alpoma.net\/tecob\/?p=710","url_meta":{"origin":6672,"position":3},"title":"El final de Diesel","author":"alpoma","date":"21 abril 2007","format":false,"excerpt":"Las aguas del Canal de la Mancha se mostraban intranquilas aquella noche del 29 de septiembre de 1913. Surc\u00e1ndolas, un vapor que hab\u00eda partido de Amberes, avanzaba con premura hacia Inglaterra. En cubierta, contemplando el paisaje mar\u00edtimo y el oscuro cielo oto\u00f1al, un hombre so\u00f1ador y aventurero ignoraba que su\u2026","rel":"","context":"En \u00abObsolescencia\u00bb","block_context":{"text":"Obsolescencia","link":"https:\/\/alpoma.net\/tecob\/?cat=3"},"img":{"alt_text":"","src":"https:\/\/i0.wp.com\/alpoma.net\/tecob\/wp-content\/uploads\/2007\/04\/467356462_90913235b6.jpg?resize=350%2C200&ssl=1","width":350,"height":200},"classes":[]},{"id":1198,"url":"https:\/\/alpoma.net\/tecob\/?p=1198","url_meta":{"origin":6672,"position":4},"title":"Bartolomeu Louren\u00e7o de Gusm\u00e3o","author":"alpoma","date":"24 agosto 2009","format":false,"excerpt":"AVISO: Versi\u00f3n reducida del art\u00edculo que publiqu\u00e9 en la edici\u00f3n correspondiente al mes de agosto de 2009 de la revista Historia de Iberia Vieja. El primero que construy\u00f3 un aparato destinado a elevarse en la atm\u00f3sfera fue el brasile\u00f1o Gusm\u00e3o, natural de Santos, que realiz\u00f3 su primera ascensi\u00f3n en 1706.\u2026","rel":"","context":"En \u00abMade in Spain\u00bb","block_context":{"text":"Made in Spain","link":"https:\/\/alpoma.net\/tecob\/?cat=10"},"img":{"alt_text":"","src":"","width":0,"height":0},"classes":[]},{"id":1125,"url":"https:\/\/alpoma.net\/tecob\/?p=1125","url_meta":{"origin":6672,"position":5},"title":"Gripe, algunos apuntes bibliogr\u00e1ficos","author":"alpoma","date":"1 mayo 2009","format":false,"excerpt":"Acabo de ver que maty, en su Nauscopio, mantiene abierta una entrada sobre la dichosa gripe. Lo de dichosa viene a que uno no hace m\u00e1s que escuchar tonter\u00edas sobre el tema y termina por cansarse. No es el caso de maty, que hace una recopilaci\u00f3n de fuentes muy interesante.\u2026","rel":"","context":"En \u00abObsolescencia\u00bb","block_context":{"text":"Obsolescencia","link":"https:\/\/alpoma.net\/tecob\/?cat=3"},"img":{"alt_text":"","src":"https:\/\/i0.wp.com\/alpoma.net\/tecob\/wp-content\/uploads\/2009\/05\/3491135089_dd608747a9_m.jpg?resize=350%2C200&ssl=1","width":350,"height":200},"classes":[]}],"jetpack_sharing_enabled":true,"_links":{"self":[{"href":"https:\/\/alpoma.net\/tecob\/index.php?rest_route=\/wp\/v2\/posts\/6672","targetHints":{"allow":["GET"]}}],"collection":[{"href":"https:\/\/alpoma.net\/tecob\/index.php?rest_route=\/wp\/v2\/posts"}],"about":[{"href":"https:\/\/alpoma.net\/tecob\/index.php?rest_route=\/wp\/v2\/types\/post"}],"author":[{"embeddable":true,"href":"https:\/\/alpoma.net\/tecob\/index.php?rest_route=\/wp\/v2\/users\/1"}],"replies":[{"embeddable":true,"href":"https:\/\/alpoma.net\/tecob\/index.php?rest_route=%2Fwp%2Fv2%2Fcomments&post=6672"}],"version-history":[{"count":0,"href":"https:\/\/alpoma.net\/tecob\/index.php?rest_route=\/wp\/v2\/posts\/6672\/revisions"}],"wp:featuredmedia":[{"embeddable":true,"href":"https:\/\/alpoma.net\/tecob\/index.php?rest_route=\/wp\/v2\/media\/10741"}],"wp:attachment":[{"href":"https:\/\/alpoma.net\/tecob\/index.php?rest_route=%2Fwp%2Fv2%2Fmedia&parent=6672"}],"wp:term":[{"taxonomy":"category","embeddable":true,"href":"https:\/\/alpoma.net\/tecob\/index.php?rest_route=%2Fwp%2Fv2%2Fcategories&post=6672"},{"taxonomy":"post_tag","embeddable":true,"href":"https:\/\/alpoma.net\/tecob\/index.php?rest_route=%2Fwp%2Fv2%2Ftags&post=6672"}],"curies":[{"name":"wp","href":"https:\/\/api.w.org\/{rel}","templated":true}]}}