{"id":6647,"date":"2012-05-15T22:02:44","date_gmt":"2012-05-15T20:02:44","guid":{"rendered":"http:\/\/www.alpoma.net\/tecob\/?p=6647"},"modified":"2012-05-15T22:02:44","modified_gmt":"2012-05-15T20:02:44","slug":"the-shard-el-techo-de-europa","status":"publish","type":"post","link":"https:\/\/alpoma.net\/tecob\/?p=6647","title":{"rendered":"The Shard, el techo de Europa"},"content":{"rendered":"<p>Cuenta con 72 pisos y tiene una altura de 310 metros, con lo que puede considerarse como <strong>el mayor rascacielos de Europa<\/strong>. Se trata de un edificio situado en el distrito de Southwark en Londres. El <strong><a href=\"http:\/\/es.wikipedia.org\/wiki\/Shard_London_Bridge\">Shard<\/a><\/strong>, dise\u00f1ado por el equipo de <strong>Renzo Piano<\/strong>, es una maravilla. Cuando hace pocos meses estuve en Londres, no dej\u00e9 de fotografiar este gigante mirando hacia el sur del T\u00e1mesis. Tom\u00e9 esta imagen a finales de octubre de 2011.<\/p>\n<p><a href=\"http:\/\/www.flickr.com\/photos\/alpoma\/6322313710\/\" title=\"Paseando por Londres by alpoma, on Flickr\"><img decoding=\"async\" src=\"http:\/\/farm7.staticflickr.com\/6238\/6322313710_238a552c68_z.jpg\" width=\"620\" alt=\"Paseando por Londres\" class=\"otros\"\/><\/a><\/p>\n<p>Actualmente el rascacielos ya est\u00e1 a punto de caramelo, casi terminado. Por ello, nada mejor que disfrutar de <strong><a href=\"http:\/\/vimeo.com\/41249245\">este v\u00eddeo<\/a><\/strong> elaborado por Paul Raftery y Dan Lowe, todo un aperitivo antes de volver a Londres para fotografiar al monstruo ya en todo su esplendor. \ud83d\ude09<\/p>\n<p><iframe loading=\"lazy\" src=\"http:\/\/player.vimeo.com\/video\/41249245\" width=\"620\" height=\"349\" frameborder=\"0\" webkitAllowFullScreen mozallowfullscreen allowFullScreen><\/iframe> <\/p>\n<p><a href=\"http:\/\/vimeo.com\/41249245\">The Shard: A Timelapse Study &#8211; A Film by Paul Raftery and Dan Lowe<\/a> from <a href=\"http:\/\/vimeo.com\/rafteryandlowe\">Paul Raftery and Dan Lowe<\/a> on <a href=\"http:\/\/vimeo.com\">Vimeo<\/a>.<\/p>\n<p>| V\u00eddeo v\u00eda <a href=\"http:\/\/www.dezeen.com\/2012\/05\/15\/the-shard-by-renzo-piano\/\">Dezeen<\/a> |<\/p>\n","protected":false},"excerpt":{"rendered":"<div class=\"mh-excerpt\"><p>Cuenta con 72 pisos y tiene una altura de 310 metros, con lo que puede considerarse como el mayor rascacielos de Europa. Se trata de un edificio situado en el <a class=\"mh-excerpt-more\" href=\"https:\/\/alpoma.net\/tecob\/?p=6647\" title=\"The Shard, el techo de Europa\">[&#8230;]<\/a><\/p>\n<\/div>","protected":false},"author":1,"featured_media":11076,"comment_status":"open","ping_status":"open","sticky":false,"template":"","format":"standard","meta":{"jetpack_post_was_ever_published":false,"_jetpack_newsletter_access":"","_jetpack_dont_email_post_to_subs":false,"_jetpack_newsletter_tier_id":0,"_jetpack_memberships_contains_paywalled_content":false,"_jetpack_memberships_contains_paid_content":false,"footnotes":""},"categories":[5],"tags":[],"class_list":["post-6647","post","type-post","status-publish","format-standard","has-post-thumbnail","hentry","category-geo"],"jetpack_featured_media_url":"https:\/\/alpoma.net\/tecob\/wp-content\/uploads\/2012\/05\/6322313710_238a552c68_z.jpg","jetpack_shortlink":"https:\/\/wp.me\/p93Dc1-1Jd","jetpack-related-posts":[{"id":13075,"url":"https:\/\/alpoma.net\/tecob\/?p=13075","url_meta":{"origin":6647,"position":0},"title":"Cuando Barcelona pudo tener uno de los primeros rascacielos de Europa","author":"alpoma","date":"2 febrero 2018","format":false,"excerpt":"En el n\u00famero de este mes de enero de 2018 de la revista Historia de Iberia Vieja he publicado un art\u00edculo en el que repaso algunos grandes proyectos urbanos, o de grandes edificios, de siglos pasados, que nunca vieron la luz. De forma r\u00e1pida menciono un proyecto de rascacielos para\u2026","rel":"","context":"En \u00abMade in Spain\u00bb","block_context":{"text":"Made in Spain","link":"https:\/\/alpoma.net\/tecob\/?cat=10"},"img":{"alt_text":"","src":"https:\/\/i0.wp.com\/alpoma.net\/tecob\/wp-content\/uploads\/2018\/02\/rascacielbcn1918.png?resize=350%2C200&ssl=1","width":350,"height":200},"classes":[]},{"id":7576,"url":"https:\/\/alpoma.net\/tecob\/?p=7576","url_meta":{"origin":6647,"position":1},"title":"El ingenio de Zubiaurre","author":"alpoma","date":"1 diciembre 2012","format":false,"excerpt":"Versi\u00f3n reducida para web del art\u00edculo que publiqu\u00e9 en la revista Historia de Iberia Vieja, edici\u00f3n del mes de diciembre de 2012. No hace mucho que visit\u00f3 este mismo espacio uno de los ingenieros m\u00e1s excelsos de toda nuestra historia. Se trataba de Agust\u00edn de Betancourt quien, sin m\u00e1s ayuda\u2026","rel":"","context":"En \u00abMade in Spain\u00bb","block_context":{"text":"Made in Spain","link":"https:\/\/alpoma.net\/tecob\/?cat=10"},"img":{"alt_text":"","src":"https:\/\/i0.wp.com\/alpoma.net\/tecob\/wp-content\/uploads\/2012\/12\/7eae6b1a389f11e28e5d22000a1f979a_7.jpg?resize=350%2C200&ssl=1","width":350,"height":200,"srcset":"https:\/\/i0.wp.com\/alpoma.net\/tecob\/wp-content\/uploads\/2012\/12\/7eae6b1a389f11e28e5d22000a1f979a_7.jpg?resize=350%2C200&ssl=1 1x, https:\/\/i0.wp.com\/alpoma.net\/tecob\/wp-content\/uploads\/2012\/12\/7eae6b1a389f11e28e5d22000a1f979a_7.jpg?resize=525%2C300&ssl=1 1.5x"},"classes":[]},{"id":4440,"url":"https:\/\/alpoma.net\/tecob\/?p=4440","url_meta":{"origin":6647,"position":2},"title":"Un paseo por las calles de Londres (1903)","author":"alpoma","date":"19 marzo 2011","format":false,"excerpt":"Este v\u00eddeo merece ser visto con calma. He aqu\u00ed un vistazo a la vida cotidiana en Londres hace m\u00e1s de un siglo, gracias a esta peque\u00f1a pel\u00edcula del British Film Institute. Muchas cosas han cambiado pero, por ejemplo, me ha sorprendido la apabullante cantidad de publicidad que ya entonces poblaba\u2026","rel":"","context":"En \u00abObsolescencia\u00bb","block_context":{"text":"Obsolescencia","link":"https:\/\/alpoma.net\/tecob\/?cat=3"},"img":{"alt_text":"","src":"","width":0,"height":0},"classes":[]},{"id":4487,"url":"https:\/\/alpoma.net\/tecob\/?p=4487","url_meta":{"origin":6647,"position":3},"title":"Transportando un obelisco","author":"alpoma","date":"4 abril 2011","format":false,"excerpt":"La semana pasada dej\u00e9 anotada una referencia de No Tech Magazine que mencionaba la curiosa forma de transporte ideada para cargar antiguos obeliscos egipcios hacia Europa o los Estados Unidos durante la \"fiebre\" egipcia del siglo XIX. S\u00ed, porque a lo largo de ese siglo, sobre todo despu\u00e9s de que\u2026","rel":"","context":"En \u00abObsolescencia\u00bb","block_context":{"text":"Obsolescencia","link":"https:\/\/alpoma.net\/tecob\/?cat=3"},"img":{"alt_text":"obelisco_1","src":"https:\/\/i0.wp.com\/farm6.static.flickr.com\/5024\/5588925542_f3433a4b57.jpg?resize=350%2C200","width":350,"height":200},"classes":[]},{"id":3406,"url":"https:\/\/alpoma.net\/tecob\/?p=3406","url_meta":{"origin":6647,"position":4},"title":"Un mal d\u00eda en la oficina","author":"alpoma","date":"22 agosto 2010","format":false,"excerpt":"Este es un post un tanto experimental. Tengo la intenci\u00f3n de seguir este nuevo camino en TecOb, o al menos intentarlo. Se trata de elaborar un poco m\u00e1s las historias, siguiendo lo habitual en los art\u00edculos largos, pero acompa\u00f1ando el texto con infograf\u00edas realizadas para el propio art\u00edculo. Espero cr\u00edticas\u2026","rel":"","context":"En \u00abObsolescencia\u00bb","block_context":{"text":"Obsolescencia","link":"https:\/\/alpoma.net\/tecob\/?cat=3"},"img":{"alt_text":"Infografia_NY","src":"https:\/\/i0.wp.com\/farm5.static.flickr.com\/4114\/4915890527_975ea1a566_o.jpg?resize=350%2C200","width":350,"height":200,"srcset":"https:\/\/i0.wp.com\/farm5.static.flickr.com\/4114\/4915890527_975ea1a566_o.jpg?resize=350%2C200 1x, https:\/\/i0.wp.com\/farm5.static.flickr.com\/4114\/4915890527_975ea1a566_o.jpg?resize=525%2C300 1.5x"},"classes":[]},{"id":6844,"url":"https:\/\/alpoma.net\/tecob\/?p=6844","url_meta":{"origin":6647,"position":5},"title":"La torre Eiffel de Londres","author":"alpoma","date":"4 julio 2012","format":false,"excerpt":"A mucha gente no le hac\u00eda ni pizca de gracia tener aquello que consideraban como un feo monstruo de metal que superaba los 300 metros de altura haciendo sombra a orillas del Sena y, sin embargo, la torre Eiffel, pensada para la Exposici\u00f3n Universal de Par\u00eds del a\u00f1o 1889, se\u2026","rel":"","context":"En \u00abObsolescencia\u00bb","block_context":{"text":"Obsolescencia","link":"https:\/\/alpoma.net\/tecob\/?cat=3"},"img":{"alt_text":"","src":"https:\/\/i0.wp.com\/alpoma.net\/tecob\/wp-content\/uploads\/2012\/07\/7501580592_dc7cb06878_o.jpg?resize=350%2C200&ssl=1","width":350,"height":200,"srcset":"https:\/\/i0.wp.com\/alpoma.net\/tecob\/wp-content\/uploads\/2012\/07\/7501580592_dc7cb06878_o.jpg?resize=350%2C200&ssl=1 1x, https:\/\/i0.wp.com\/alpoma.net\/tecob\/wp-content\/uploads\/2012\/07\/7501580592_dc7cb06878_o.jpg?resize=525%2C300&ssl=1 1.5x"},"classes":[]}],"jetpack_sharing_enabled":true,"_links":{"self":[{"href":"https:\/\/alpoma.net\/tecob\/index.php?rest_route=\/wp\/v2\/posts\/6647","targetHints":{"allow":["GET"]}}],"collection":[{"href":"https:\/\/alpoma.net\/tecob\/index.php?rest_route=\/wp\/v2\/posts"}],"about":[{"href":"https:\/\/alpoma.net\/tecob\/index.php?rest_route=\/wp\/v2\/types\/post"}],"author":[{"embeddable":true,"href":"https:\/\/alpoma.net\/tecob\/index.php?rest_route=\/wp\/v2\/users\/1"}],"replies":[{"embeddable":true,"href":"https:\/\/alpoma.net\/tecob\/index.php?rest_route=%2Fwp%2Fv2%2Fcomments&post=6647"}],"version-history":[{"count":0,"href":"https:\/\/alpoma.net\/tecob\/index.php?rest_route=\/wp\/v2\/posts\/6647\/revisions"}],"wp:featuredmedia":[{"embeddable":true,"href":"https:\/\/alpoma.net\/tecob\/index.php?rest_route=\/wp\/v2\/media\/11076"}],"wp:attachment":[{"href":"https:\/\/alpoma.net\/tecob\/index.php?rest_route=%2Fwp%2Fv2%2Fmedia&parent=6647"}],"wp:term":[{"taxonomy":"category","embeddable":true,"href":"https:\/\/alpoma.net\/tecob\/index.php?rest_route=%2Fwp%2Fv2%2Fcategories&post=6647"},{"taxonomy":"post_tag","embeddable":true,"href":"https:\/\/alpoma.net\/tecob\/index.php?rest_route=%2Fwp%2Fv2%2Ftags&post=6647"}],"curies":[{"name":"wp","href":"https:\/\/api.w.org\/{rel}","templated":true}]}}