{"id":664,"date":"2007-01-18T22:22:48","date_gmt":"2007-01-18T20:22:48","guid":{"rendered":"http:\/\/www.alpoma.net\/tecob\/?p=664"},"modified":"2007-01-18T22:23:13","modified_gmt":"2007-01-18T20:23:13","slug":"pedazos-de-tiempo","status":"publish","type":"post","link":"https:\/\/alpoma.net\/tecob\/?p=664","title":{"rendered":"Pedazos de tiempo"},"content":{"rendered":"<p>El sentido com\u00fan, o mejor, nuestro cerebro creando una ilusi\u00f3n, nos indica que el <strong>tiempo transcurre <\/strong>sin ninguna duda desde el imborrable pasado hacia el futuro, a trav\u00e9s del presente. Eso es lo que sentimos, vemos y tenemos por cierto, pero <strong>\u00bfqu\u00e9 es el tiempo?<\/strong> Acertadamente San Agust\u00edn de Hipona se\u00f1al\u00f3 conocer lo que era el tiempo, hasta que se le preguntaba si pod\u00eda explicarlo con palabras. En ese momento, todo el arsenal del lenguaje humano se muestra impotente, no hay palabras para tal fin.<sup>1<\/sup><\/p>\n<p>Para la<strong> ciencia<\/strong> el tiempo es tambi\u00e9n algo complicado de manejar. Los f\u00edsicos toman el tiempo simplemente como <strong>aquello que es medido por los relojes<\/strong>, ni m\u00e1s ni menos. Los matem\u00e1ticos prefieren ir un poco m\u00e1s all\u00e1 y conciben el tiempo como un <strong>espacio continuo unidimensional <\/strong>o, a lo sumo, un espacio formado por elementos puntuales, las <strong>cronopart\u00edculas<\/strong>. Por motivos pr\u00e1cticos, suele asociarse al tiempo con el concepto de <strong>cuarta dimensi\u00f3n<\/strong>, aunque en realidad las tres dimensiones del espacio poco tienen que ver con el tiempo \u2013a pesar de estar completamente relacionados tal y como la Relatividad General nos ense\u00f1a\u2013, aunque para algunos f\u00edsicos, a escala cu\u00e1ntica el tiempo y el espacio podr\u00edan perder su naturaleza independiente para entrar a formar parte de un todo \u00abuniversal\u00bb \u2013de hecho, en los primeros \u00abinstantes\u00bb tras el Big Bang, tiempo y espacio estaban unidos\u2013.<\/p>\n<p>Por extra\u00f1o que pueda parecer, los investigadores que consideran al tiempo formado por cronopart\u00edculas, han creado <strong>una unidad te\u00f3rica por debajo de la cual ser\u00eda imposible la medici\u00f3n temporal<\/strong>. Ser\u00eda la unidad m\u00ednima de tiempo, o el instante perfecto si se quiere llamar as\u00ed. El fluir del tiempo estar\u00eda formado por una \u00abinfinita\u00bb sucesi\u00f3n de estas part\u00edculas, los cronones. Un <strong><a href=\"http:\/\/en.wikipedia.org\/wiki\/Chronon\">cron\u00f3n<\/a><\/strong> durar\u00eda s\u00f3lo 2\u00d710<sup>\u221223<\/sup> segundos, algo inconcebiblemente peque\u00f1o. Este tiempo, ya sea continuo o formado por \u00ednfimos cronones, debi\u00f3 tener un comienzo. <strong>\u00bfQu\u00e9 existi\u00f3 antes del tiempo?<\/strong> No parece haber respuesta para esta mareante pregunta. En el instante cero, cuando en la Gran Explosi\u00f3n surgi\u00f3 nuestro universo, se inici\u00f3 el fluir temporal que llega a nuestros d\u00edas. Posiblemente, antes que el nuestro, existieran otros universos con sus propios \u201ctiempos\u201d.<\/p>\n<p>Una de las razones por las que los f\u00edsicos se muestran convencidos acerca del origen del tiempo tiene que ver con un pertinaz concepto de la termodin\u00e1mica: la <strong>entrop\u00eda<\/strong>. En un sistema cerrado, como lo es nuestro cosmos, la entrop\u00eda, la cantidad total de \u201cdesorden\u201d, aumenta con el paso del tiempo. Es esta una ley universal e inmutable, aunque algunos osados opinan que la propia <strong>vida<\/strong>, con su capacidad de crear orden a partir del caos, lucha contra la entrop\u00eda. Si el desorden aumenta de forma continua, el universo no puede haber existido siempre, porque se deber\u00eda haber alcanzado el nivel de m\u00e1ximo desorden en un pasado infinitamente lejano. No parece que el universo est\u00e9 llegando al nivel de m\u00e1ximo desorden preconizado por la ley de la entrop\u00eda. No vemos c\u00f3mo se desintegran los \u00e1tomos por doquier ni al cosmos agonizando en un mar de energ\u00eda. Tiempo habr\u00e1 para eso, <strong>dentro de miles de millones de a\u00f1os<\/strong>. Vivimos en un universo plagado de estructuras ordenadas, planetas, estrellas, galaxias, seres humanos&#8230; Un universo eterno, l\u00e9ase con un tiempo de vida infinito, no ser\u00eda posible seg\u00fan la entrop\u00eda. Por otra parte, existe otro argumento contra la eternidad universal, tanto espacial como temporal. En un cosmos infinitamente grande en tama\u00f1o y en tiempo ser\u00eda imposible la vida. La luz emitida por infinitas estrellas en infinitas direcciones generar\u00eda un espacio omnipresente <strong>m\u00e1s caliente que la superficie de nuestro Sol<\/strong>. La conclusi\u00f3n de la ciencia, puede decirse que del sentido com\u00fan, es que el querido universo en que habitamos es finito espacialmente y tuvo un principio. <strong>No es eterno, no durar\u00e1 para siempre<\/strong>. Otros universos pudieron precederle y otros igualmente podr\u00edan aparecer tras su entr\u00f3pica muerte. Incluso, nuestro cosmos, podr\u00eda estar conviviendo con otros, ignorados y aislados entre s\u00ed en un marco mucho m\u00e1s amplio, inimaginable, fuera del tiempo y del espacio.<\/p>\n<p>Nuestro tiempo y nuestro espacio nacieron <strong>hace unos quince mil millones de a\u00f1os<\/strong>. Ahora que sabemos de la finitud del espacio y el tiempo, habr\u00e1 que volver a la pregunta sin respuesta: \u00bfqu\u00e9 es el tiempo? Como le suced\u00eda a San Agust\u00edn, entiendo lo que el tiempo representa, pero <strong>no tengo ni idea de c\u00f3mo explicarlo<\/strong>, no encuentro las palabras adecuadas que definan de forma inequ\u00edvoca algo tan majestuoso. El cinematogr\u00e1fico<strong> Doctor Tolian Soran<\/strong>, en Star Trek; la Nueva Generaci\u00f3n, lo defini\u00f3 de una forma un tanto siniestra:<\/p>\n<blockquote><p>El tiempo es el fuego en el que ardemos<sup>2<\/sup>.<\/p><\/blockquote>\n<p>Todos los sucesos que ocurren en nuestras vidas, siguen una r\u00edgida norma, una secuencia inmutable que rige el tiempo y que lo dirige <strong>del pasado al futuro<\/strong>. Al caer un vaso de cristal al suelo, se rompe en mil pedazos, esto es lo normal. No veremos nunca, al menos no en nuestro universo, unirse de forma espont\u00e1nea a los fragmentos de cristal para crear un vaso. La entrop\u00eda es inflexible en este aspecto, el grado de desorden aumentar\u00e1 con el tiempo, nunca decrecer\u00e1, el vaso no surgir\u00e1 de los pedazos. El vaso intacto posee mayor orden intr\u00ednseco, menos entrop\u00eda, que los cristalillos en los que se convertir\u00e1 tiempo despu\u00e9s. La mayor\u00eda de los procesos que se dan en la naturaleza son <strong>irreversibles<\/strong>, como la rotura del sufrido vaso. De esta forma la entrop\u00eda \u2013v\u00e9ase la <strong>segunda ley de la termodin\u00e1mica<\/strong>\u2013 reina sobre el mundo material imponiendo su orden asim\u00e9trico que diferencia sin lugar a dudas lo que era pasado de lo que ser\u00e1 futuro. Es esta la <strong>flecha del tiempo<\/strong>, el fluir de todo hacia el futuro a trav\u00e9s del presente. <strong>\u00bfEs entonces inmutable el tiempo?<\/strong> No, se trata m\u00e1s bien de un efecto psicol\u00f3gico que de una determinaci\u00f3n f\u00edsica irremediable. La flecha del tiempo nos muestra la <strong>estructura asim\u00e9trica del tiempo<\/strong>, pero no obliga a que se mueva s\u00f3lo en una determinada direcci\u00f3n. Las leyes de la f\u00edsica no han encontrado, de momento, ninguna construcci\u00f3n matem\u00e1tica que obligue al tiempo a circular siguiendo este sentido hacia el futuro.<\/p>\n<p>Entonces, \u00bfpor qu\u00e9 todo el universo nos parece empe\u00f1ado en moverse siguiendo la flecha del tiempo? Muchos cient\u00edficos piensan que <strong>no se trata m\u00e1s que de una ilusi\u00f3n humana<\/strong>. En realidad no somos capaces de observar de forma directa el paso del tiempo. Lo que verdaderamente percibimos son \u201cfotogramas\u201d, estados de \u201cpresente\u201d que son diferentes a otros estados anteriores que recordamos y que llamamos \u201cpasado\u201d, es un asunto en el que la<strong> memoria<\/strong> tiene el papel principal. Podemos recordar el pasado, pero no el futuro, no porque el tiempo circule de esa forma precisa sino porque nuestro cerebro est\u00e1 \u00abprogramado\u00bb para sentir la asimetr\u00eda temporal. As\u00ed pues, el presunto flujo del tiempo es totalmente subjetivo. No se conoce el por qu\u00e9 percibimos la flecha del tiempo, se supone que guarda relaci\u00f3n con alg\u00fan mecanismo fisiol\u00f3gico cerebral aun por descubrir.<\/p>\n<p>\u00bfQu\u00e9 ocurrir\u00eda si ese mecanismo fallara y pudi\u00e9ramos <strong>percibir el tiempo como un todo<\/strong>, en vez de captar s\u00f3lo fragmentos de un flujo? Dejar\u00edamos de ser \u00abprisioneros\u00bb de Cronos, contemplar\u00edamos el universo \u00abeterno\u00bb como un solo instante, todos los temores acerca de la muerte o las ilusiones de un nacimiento desaparecer\u00edan, el tiempo habr\u00eda desaparecido.<\/p>\n<p>Otro de los conceptos al que estamos acostumbrados es el de la <strong>simultaneidad<\/strong>. Lo que ocurre \u201cahora\u201d es igual para todos, podemos llamar por tel\u00e9fono a un amigo al otro lado del mundo y mantendremos una conversaci\u00f3n en tiempo \u201creal\u201d porque estamos viviendo en el mismo \u201cpresente\u201d. Esto puede tomarse como cierto a peque\u00f1as escalas, como la de nuestro mundo. Dif\u00edcilmente podr\u00edamos hablar de esa forma con un amigo marciano o alguien que viviera en la galaxia Andr\u00f3meda. En este caso el culpable es el l\u00edmite de velocidad en nuestro universo, la constante c, la<strong> velocidad de la luz<\/strong>. Viajando en el vac\u00edo del espacio, a unos 300.000 kil\u00f3metros por segundo, la luz nos parece muy veloz. La conversaci\u00f3n con el amigo intercontinental es \u201cinstant\u00e1nea\u201d porque las se\u00f1ales cruzadas entre los interlocutores viajan a la velocidad de la luz, en un mundo como el nuestro, peque\u00f1o e insignificante, no nos damos cuenta de que <strong>la luz necesita tiempo para llegar a nosotros<\/strong>. Como nada \u2013con masa\u2013 en este universo puede viajar m\u00e1s r\u00e1pido que ella, la simultaneidad desaparece si tomamos escalas de espacio m\u00e1s grandes que  nuestra Tierra<sup>3<\/sup>.<\/p>\n<p>Al mirar al cielo, en una <strong>noche despejada<\/strong>, lejos de la contaminaci\u00f3n lum\u00ednica, vemos la luz de cientos de estrellas. Esta acci\u00f3n tan simple es en realidad un <strong>viaje en el tiempo<\/strong>, aunque pocos parecen advertirlo. La luz que vemos al contemplar el titileo de las estrellas, parti\u00f3 de ellas hace muchos a\u00f1os. Algunas de esas estrellas \u201cya\u201d no existen, pero las contemplamos tal como eran cuando la luz reci\u00e9n llegada a nuestros ojos parti\u00f3 de ellas. Se trata de un viaje al pasado remoto. Un mensaje de radio emitido \u201cahora mismo\u201d por un amigo extraterrestre en un planeta situado a cien a\u00f1os luz, tardar\u00e1 un siglo en alcanzar nuestro planeta. Para entonces, seguramente, el amistoso emisor habr\u00e1 fallecido. Para complicar el asunto, la respuesta de los entusiasmados terr\u00edcolas llegar\u00e1 a los descendientes del alien\u00edgena pasado otro siglo. <strong>Dos centurias para cruzar un par de saludos<\/strong>. <\/p>\n<p>_______________<\/p>\n<p><sup>1<\/sup>San Agust\u00edn de Hipona, Confesiones, XI, cap. 13-14:<\/p>\n<blockquote><p>Porque \u00bfqu\u00e9 es el tiempo? \u00bfQui\u00e9n podr\u00e1 breve y f\u00e1cilmente explicarlo? \u00bfQui\u00e9n, para expresarlo con palabras, podr\u00e1 con el entendimiento comprenderlo? Y, sin embargo, \u00bfqu\u00e9 cosa mencionamos al hablar, m\u00e1s familiar y m\u00e1s conocida que el tiempo? Y lo entendemos, por cierto, cuando lo nombramos, y lo entendemos cuando lo o\u00edmos en boca de otro. \u00bfQu\u00e9 es, pues, el tiempo? Si nadie me lo pregunta, lo s\u00e9; si quiero explicarlo al que me pregunta, no lo s\u00e9; pero sin vacilaci\u00f3n afirmo saber, que si nada pasase, no habr\u00eda tiempo pasado; si nada hubiera de venir, no habr\u00eda tiempo futuro; y si nada existiese, no habr\u00eda tiempo<br \/>\npresente.<\/p><\/blockquote>\n<p><sup>2<\/sup>Traducido libremente a partir del original: <em>Time is the fire in which we burn<\/em>.<\/p>\n<p><sup>3<\/sup>Actualmente se acepta el valor de 299.792,458 km\/s para la velocidad de la luz en el vac\u00edo.<\/p>\n","protected":false},"excerpt":{"rendered":"<div class=\"mh-excerpt\"><p>El sentido com\u00fan, o mejor, nuestro cerebro creando una ilusi\u00f3n, nos indica que el tiempo transcurre sin ninguna duda desde el imborrable pasado hacia el futuro, a trav\u00e9s del presente. <a class=\"mh-excerpt-more\" href=\"https:\/\/alpoma.net\/tecob\/?p=664\" title=\"Pedazos de tiempo\">[&#8230;]<\/a><\/p>\n<\/div>","protected":false},"author":1,"featured_media":0,"comment_status":"open","ping_status":"open","sticky":false,"template":"","format":"standard","meta":{"jetpack_post_was_ever_published":false,"_jetpack_newsletter_access":"","_jetpack_dont_email_post_to_subs":false,"_jetpack_newsletter_tier_id":0,"_jetpack_memberships_contains_paywalled_content":false,"_jetpack_memberships_contains_paid_content":false,"footnotes":""},"categories":[1],"tags":[],"class_list":["post-664","post","type-post","status-publish","format-standard","hentry","category-general"],"jetpack_featured_media_url":"","jetpack_shortlink":"https:\/\/wp.me\/p93Dc1-aI","jetpack-related-posts":[{"id":7490,"url":"https:\/\/alpoma.net\/tecob\/?p=7490","url_meta":{"origin":664,"position":0},"title":"De Joseph Priestley a John B. Spark, dos visiones del tiempo y el espacio","author":"alpoma","date":"11 noviembre 2012","format":false,"excerpt":"La forma de entender el mundo en diversas culturas tiene mucho que ver con c\u00f3mo se representa el tiempo y el espacio de forma visual. Naturalmente, esas formas de crear representaciones de la realidad son muy diversas y han cambiado a lo largo del tiempo, por lo que a alguien\u2026","rel":"","context":"En \u00abObsolescencia\u00bb","block_context":{"text":"Obsolescencia","link":"https:\/\/alpoma.net\/tecob\/?cat=3"},"img":{"alt_text":"","src":"https:\/\/i0.wp.com\/alpoma.net\/tecob\/wp-content\/uploads\/2012\/11\/priestley_pq.jpg?resize=350%2C200&ssl=1","width":350,"height":200,"srcset":"https:\/\/i0.wp.com\/alpoma.net\/tecob\/wp-content\/uploads\/2012\/11\/priestley_pq.jpg?resize=350%2C200&ssl=1 1x, https:\/\/i0.wp.com\/alpoma.net\/tecob\/wp-content\/uploads\/2012\/11\/priestley_pq.jpg?resize=525%2C300&ssl=1 1.5x"},"classes":[]},{"id":5081,"url":"https:\/\/alpoma.net\/tecob\/?p=5081","url_meta":{"origin":664,"position":1},"title":"Hotel Ryugyong reloaded","author":"alpoma","date":"14 julio 2011","format":false,"excerpt":"Como si esto fuera Matrix, poco m\u00e1s o menos. Es conocida la situaci\u00f3n de la poblaci\u00f3n de Corea del Norte y no creo que sea necesario comentar nada sobre las terribles condiciones en las que viven pero claro, el 15 de abril de 2012 la dictadura norcoreana celebrar\u00e1 por todo\u2026","rel":"","context":"En \u00abObsolescencia\u00bb","block_context":{"text":"Obsolescencia","link":"https:\/\/alpoma.net\/tecob\/?cat=3"},"img":{"alt_text":"","src":"https:\/\/i0.wp.com\/alpoma.net\/tecob\/wp-content\/uploads\/2011\/07\/5937359969_8b7bdd3cab_o.jpg?resize=350%2C200&ssl=1","width":350,"height":200,"srcset":"https:\/\/i0.wp.com\/alpoma.net\/tecob\/wp-content\/uploads\/2011\/07\/5937359969_8b7bdd3cab_o.jpg?resize=350%2C200&ssl=1 1x, https:\/\/i0.wp.com\/alpoma.net\/tecob\/wp-content\/uploads\/2011\/07\/5937359969_8b7bdd3cab_o.jpg?resize=525%2C300&ssl=1 1.5x"},"classes":[]},{"id":1089,"url":"https:\/\/alpoma.net\/tecob\/?p=1089","url_meta":{"origin":664,"position":2},"title":"Enrique Gaspar y la primera m\u00e1quina del tiempo","author":"alpoma","date":"10 marzo 2009","format":false,"excerpt":"Sigo en modo \"pausa\", pero voy a aprovechar un instante para incorporar al blog mi \u00faltimo texto publicado en papel. Aunque el tema ya lo trat\u00e9 en TecOb hace a\u00f1os, lo hice de forma muy esquem\u00e1tica. :-) AVISO: Este art\u00edculo lo publiqu\u00e9 originalmente en el n\u00famero 45, febrero 2009, de\u2026","rel":"","context":"En \u00abMade in Spain\u00bb","block_context":{"text":"Made in Spain","link":"https:\/\/alpoma.net\/tecob\/?cat=10"},"img":{"alt_text":"","src":"","width":0,"height":0},"classes":[]},{"id":797,"url":"https:\/\/alpoma.net\/tecob\/?p=797","url_meta":{"origin":664,"position":3},"title":"Breves reflexiones sobre el calentamiento global","author":"alpoma","date":"12 diciembre 2007","format":false,"excerpt":"AVISO: Este art\u00edculo fue publicado en 2007, por lo que ha quedado desfasado, por motivos obvios. Eso s\u00ed, las referencias bibliogr\u00e1ficas siguen teniendo inter\u00e9s. Un toque de frustraci\u00f3n a modo de introducci\u00f3n El 12 de diciembre de 2007 era la fecha que me marqu\u00e9 para publicar esa pesadilla que hace\u2026","rel":"","context":"En \u00abClima\u00bb","block_context":{"text":"Clima","link":"https:\/\/alpoma.net\/tecob\/?cat=8"},"img":{"alt_text":"","src":"https:\/\/i0.wp.com\/alpoma.net\/tecob\/wp-content\/uploads\/2007\/12\/2102997055_fddd3a32d9_o.jpg?resize=350%2C200&ssl=1","width":350,"height":200,"srcset":"https:\/\/i0.wp.com\/alpoma.net\/tecob\/wp-content\/uploads\/2007\/12\/2102997055_fddd3a32d9_o.jpg?resize=350%2C200&ssl=1 1x, https:\/\/i0.wp.com\/alpoma.net\/tecob\/wp-content\/uploads\/2007\/12\/2102997055_fddd3a32d9_o.jpg?resize=525%2C300&ssl=1 1.5x"},"classes":[]},{"id":313,"url":"https:\/\/alpoma.net\/tecob\/?p=313","url_meta":{"origin":664,"position":4},"title":"El \u00abmago\u00bb della Porta","author":"alpoma","date":"14 enero 2006","format":false,"excerpt":"En 1535 naci\u00f3 un italiano muy imaginativo, Giambattista della Porta. Lo de \"italiano\" es un decir, porque en aquella \u00e9poca la pen\u00ednsula it\u00e1lica se hallaba dividida en diversos reinos y dem\u00e1s piezas de puzzle geopol\u00edtico. En realidad, seg\u00fan la fuente que se consulte, el a\u00f1o exacto en que lleg\u00f3 al\u2026","rel":"","context":"En \u00abGeneral\u00bb","block_context":{"text":"General","link":"https:\/\/alpoma.net\/tecob\/?cat=1"},"img":{"alt_text":"","src":"https:\/\/i0.wp.com\/alpoma.net\/tecob\/wp-content\/uploads\/2006\/01\/ritrattiautori_524.jpg?resize=350%2C200&ssl=1","width":350,"height":200},"classes":[]},{"id":7576,"url":"https:\/\/alpoma.net\/tecob\/?p=7576","url_meta":{"origin":664,"position":5},"title":"El ingenio de Zubiaurre","author":"alpoma","date":"1 diciembre 2012","format":false,"excerpt":"Versi\u00f3n reducida para web del art\u00edculo que publiqu\u00e9 en la revista Historia de Iberia Vieja, edici\u00f3n del mes de diciembre de 2012. No hace mucho que visit\u00f3 este mismo espacio uno de los ingenieros m\u00e1s excelsos de toda nuestra historia. Se trataba de Agust\u00edn de Betancourt quien, sin m\u00e1s ayuda\u2026","rel":"","context":"En \u00abMade in Spain\u00bb","block_context":{"text":"Made in Spain","link":"https:\/\/alpoma.net\/tecob\/?cat=10"},"img":{"alt_text":"","src":"https:\/\/i0.wp.com\/alpoma.net\/tecob\/wp-content\/uploads\/2012\/12\/7eae6b1a389f11e28e5d22000a1f979a_7.jpg?resize=350%2C200&ssl=1","width":350,"height":200,"srcset":"https:\/\/i0.wp.com\/alpoma.net\/tecob\/wp-content\/uploads\/2012\/12\/7eae6b1a389f11e28e5d22000a1f979a_7.jpg?resize=350%2C200&ssl=1 1x, https:\/\/i0.wp.com\/alpoma.net\/tecob\/wp-content\/uploads\/2012\/12\/7eae6b1a389f11e28e5d22000a1f979a_7.jpg?resize=525%2C300&ssl=1 1.5x"},"classes":[]}],"jetpack_sharing_enabled":true,"_links":{"self":[{"href":"https:\/\/alpoma.net\/tecob\/index.php?rest_route=\/wp\/v2\/posts\/664","targetHints":{"allow":["GET"]}}],"collection":[{"href":"https:\/\/alpoma.net\/tecob\/index.php?rest_route=\/wp\/v2\/posts"}],"about":[{"href":"https:\/\/alpoma.net\/tecob\/index.php?rest_route=\/wp\/v2\/types\/post"}],"author":[{"embeddable":true,"href":"https:\/\/alpoma.net\/tecob\/index.php?rest_route=\/wp\/v2\/users\/1"}],"replies":[{"embeddable":true,"href":"https:\/\/alpoma.net\/tecob\/index.php?rest_route=%2Fwp%2Fv2%2Fcomments&post=664"}],"version-history":[{"count":0,"href":"https:\/\/alpoma.net\/tecob\/index.php?rest_route=\/wp\/v2\/posts\/664\/revisions"}],"wp:attachment":[{"href":"https:\/\/alpoma.net\/tecob\/index.php?rest_route=%2Fwp%2Fv2%2Fmedia&parent=664"}],"wp:term":[{"taxonomy":"category","embeddable":true,"href":"https:\/\/alpoma.net\/tecob\/index.php?rest_route=%2Fwp%2Fv2%2Fcategories&post=664"},{"taxonomy":"post_tag","embeddable":true,"href":"https:\/\/alpoma.net\/tecob\/index.php?rest_route=%2Fwp%2Fv2%2Ftags&post=664"}],"curies":[{"name":"wp","href":"https:\/\/api.w.org\/{rel}","templated":true}]}}