{"id":655,"date":"2007-01-11T00:12:06","date_gmt":"2007-01-10T22:12:06","guid":{"rendered":"http:\/\/www.alpoma.net\/tecob\/?p=655"},"modified":"2007-01-11T12:29:45","modified_gmt":"2007-01-11T10:29:45","slug":"faraday-colladon-y-el-exceso-de-prudencia","status":"publish","type":"post","link":"https:\/\/alpoma.net\/tecob\/?p=655","title":{"rendered":"Faraday, Colladon y el exceso de prudencia"},"content":{"rendered":"<p>La <strong>prudencia<\/strong> es una virtud importante, pero ya se sabe, todo con exceso es malo. Seguramente eso es lo que pens\u00f3 <strong><a href=\"http:\/\/en.wikipedia.org\/wiki\/Jean-Daniel_Colladon\">Jean-Daniel Colladon<\/a><\/strong> al enterarse del \u00e9xito de <strong><a href=\"http:\/\/es.wikipedia.org\/wiki\/Michael_Faraday\">Michael Faraday<\/a><\/strong> logrando generar energ\u00eda el\u00e9ctrica a partir de campos magn\u00e9ticos variables en el tiempo. <\/p>\n<p>El exceso de prudencia hizo que Faraday fuera mundialmente reconocido como f\u00edsico y Colladon apenas aparezca en algunas esquinas de la historia de la ciencia. Hacia 1831, Michael Faraday, antiguo encuadernador trocado en f\u00edsico experimental, <strong>invent\u00f3 la dinamo<\/strong>, haciendo girar un disco de cobre entre los polos de un im\u00e1n permanente. Todo un \u00e9xito que <strong>revolucion\u00f3 el mundo<\/strong> y que hizo famoso a Michael, que llevaba mucho tiempo tras la idea&#8230; claro que, Colladon sigui\u00f3 el mismo camino tiempo antes pero las cosas no le salieron como esperaba.<\/p>\n<p>Todo el asunto era una especie de carrera. Desde que <strong><a href=\"http:\/\/es.wikipedia.org\/wiki\/Hans_Christian_Oersted\">Oersted<\/a><\/strong> hab\u00eda demostrado que una corriente el\u00e9ctrica produce tambi\u00e9n un campo magn\u00e9tico, f\u00edsicos de todas partes se afanaron en intentar demostrar que lo contrario tambi\u00e9n era posible, esto es, que <strong>se pod\u00edan generar corrientes el\u00e9ctricas a partir de campos magn\u00e9ticos<\/strong>. Fracaso tras fracaso, experimento tras experimento, lleg\u00f3 Faraday, solucionando el asunto elegantemente, a pesar de no tener una profunda formaci\u00f3n matem\u00e1tica, su intuici\u00f3n y capacidad para \u201cver\u201d espacialmente los experimentos, lograron dar sus frutos. <\/p>\n<p>Faraday se percat\u00f3 de que, utilizando dos solenoides, uno arrollado sobre el otro, pero aislados entre s\u00ed, mientras uno estaba conectado a un galvan\u00f3metro y el otro a una pila, no suced\u00eda nada especial. Lo interesante ven\u00eda cuando, <strong>conectaba y desconectaba la pila<\/strong>. En cuesti\u00f3n de breves instantes, el galvan\u00f3metro se mov\u00eda. Eso indicaba que estaba por el buen camino, que una corriente variable, que generaba un campo magn\u00e9tico tambi\u00e9n variable, pues pasaba de cero al estar desconectado a un valor determinado al conectarlo, induc\u00eda una corriente el\u00e9ctrica, muy breve, en el otro solenoide.<\/p>\n<p>Lo que para otros no hubiera sido m\u00e1s que una simple curiosidad o, peor todav\u00eda, un contratiempo inexplicable, incit\u00f3 a Michael para desarrollar otros experimentos. Ese fue el caso de la genial idea de <strong>mover un im\u00e1n en las cercan\u00edas de una bobina conectada a un galvan\u00f3metro<\/strong>. Como no pod\u00eda ser de otro modo, el campo magn\u00e9tico variable as\u00ed generado<sup>1<\/sup>, \u201cincit\u00f3\u201d corrientes el\u00e9ctricas en el circuito, de tal forma que el indicador cobr\u00f3 vida. Eso s\u00ed, al cesar el movimiento del im\u00e1n, la aguja volv\u00eda a marcar cero.<\/p>\n<p>Vale, algo tan <strong>sencillo<\/strong> tuvo que haberse visto antes&#8230; \u00bfo no? Hacia 1820 <strong><a href=\"http:\/\/es.wikipedia.org\/wiki\/Andr%C3%A9-Marie_Amp%C3%A8re\">Amp\u00e8re<\/a><\/strong> ya andaba con la idea en la cabeza, pero no logr\u00f3 concretarla. As\u00ed se llega al caso de Colladon, que <strong>tuvo la soluci\u00f3n delante de las narices<\/strong> antes que Faraday sin darse cuenta&#8230; hasta mucho m\u00e1s tarde. El f\u00edsico suizo <strong>Jean-Daniel Colladon<\/strong>, otro converso a la ciencia f\u00edsica pues originalmente estudi\u00f3 leyes pero cambi\u00f3 de orientaci\u00f3n al sentirse fascinado por los experimentos de Amp\u00e8re y Fourier, con los que trabaj\u00f3, adem\u00e1s de dedicarse m\u00e1s adelante a la ingenier\u00eda, es el protagonista de este \u00abfallido\u00bb experimento.<\/p>\n<p>El caso es que, lleno de pasi\u00f3n y guiado por el af\u00e1n del descubrimiento cient\u00edfico, se propuso, como hicieron tantos otros, atacar de lleno el problema de la, entonces todav\u00eda te\u00f3rica, <strong>generaci\u00f3n de electricidad a partir de campos magn\u00e9ticos<\/strong>. Total, que se mont\u00f3 un buen laboratorio, muy bien equipado y se puso manos a la obra. Puede que fuera cuesti\u00f3n de suerte, o exceso de precauci\u00f3n, pero el hoy casi olvidado Colladon casi se convierte en el h\u00e9roe de la<strong><a href=\"http:\/\/es.wikipedia.org\/wiki\/Inducci%C3%B3n_electromagn%C3%A9tica\"> inducci\u00f3n electromagn\u00e9tica<\/a><\/strong> si no hubiera sido por un simple muro. Su montaje experimental era pr\u00e1cticamente igual que el de Faraday. Ten\u00eda un im\u00e1n, una bobina y un circuito. La bobina estaba conectada a un galvan\u00f3metro, que \u201cdespertar\u00eda\u201d en el momento de detectar el paso de corriente el\u00e9ctrica. Ahora bien, ese medidor conten\u00eda en su interior otro peque\u00f1o im\u00e1n m\u00f3vil, con lo que, acertadamente, pens\u00f3 el f\u00edsico suizo que podr\u00eda verse influenciado por el campo magn\u00e9tico del im\u00e1n objeto del experimento. La soluci\u00f3n era sencilla, <strong>alej\u00f3 el galvan\u00f3metro del campo de acci\u00f3n del im\u00e1n<\/strong>, m\u00e1s concretamente alarg\u00f3 el circuito hasta que el medidor se situ\u00f3 en otra habitaci\u00f3n, al otro lado de un muro. Asunto resuelto&#8230; por desgracia. Cuando Colladon introduc\u00eda el im\u00e1n en las cercan\u00edas de la bobina, con el movimiento del mismo, se generaban peque\u00f1as corrientes inducidas en el circuito, que hac\u00edan moverse a la aguja del galvan\u00f3metro. L\u00e1stima que el medidor no estaba a la vista, porque se encontraba en otra estancia. Cuando el f\u00edsico iba a mirar la aguja, estando el im\u00e1n totalmente quieto, la lectura en el galvan\u00f3metro no mostraba nada interesante, ya que s\u00f3lo se generaban corrientes inducidas cuando el im\u00e1n se mov\u00eda en las cercan\u00edas de la bobina.<\/p>\n<p>Mala suerte, el muro impidi\u00f3 ver a Colladon lo que para Faraday, que no se molest\u00f3 en ser tan prudente para proteger su propio galvan\u00f3metro, salt\u00f3 a la vista desde el principio. No creo que haya que imaginarse la cara que se le qued\u00f3 a Colladon cuando se enter\u00f3, tiempo m\u00e1s tarde, del \u00e9xito de Faraday, anim\u00e1ndose a volver a realizar el experimento, aunque<strong> esta vez sin muro de por medio<\/strong>, para darse cuenta de lo cerca que hab\u00eda estado de convertirse en el exitoso pionero de la inducci\u00f3n electromagn\u00e9tico mundialmente aclamado.<\/p>\n<p>________<br \/>\n<sup>1<\/sup>En rigor, habr\u00eda que decir \u00abvariaci\u00f3n del flujo magn\u00e9tico en el tiempo\u00bb, pero creo que para fines explicativos sencillos, lo de \u00abcampo magn\u00e9tico variable\u00bb es m\u00e1s que suficiente.<\/p>\n<p>&#8211;> Lectura interesante al respecto de este art\u00edculo: <strong><a href=\"http:\/\/www.ele.cie.uva.es\/enlaces\/textos\/Historia.pdf\">Breve rese\u00f1a hist\u00f3rica del electromagnetismo<\/a><\/strong>. (PDF). Por Oscar Alejos Ducal, del \u00c1rea de Electromagnetismo de la Universidad de Valladolid.<\/p>\n","protected":false},"excerpt":{"rendered":"<div class=\"mh-excerpt\"><p>La prudencia es una virtud importante, pero ya se sabe, todo con exceso es malo. Seguramente eso es lo que pens\u00f3 Jean-Daniel Colladon al enterarse del \u00e9xito de Michael Faraday <a class=\"mh-excerpt-more\" href=\"https:\/\/alpoma.net\/tecob\/?p=655\" title=\"Faraday, Colladon y el exceso de prudencia\">[&#8230;]<\/a><\/p>\n<\/div>","protected":false},"author":1,"featured_media":0,"comment_status":"open","ping_status":"open","sticky":false,"template":"","format":"standard","meta":{"jetpack_post_was_ever_published":false,"_jetpack_newsletter_access":"","_jetpack_dont_email_post_to_subs":false,"_jetpack_newsletter_tier_id":0,"_jetpack_memberships_contains_paywalled_content":false,"_jetpack_memberships_contains_paid_content":false,"footnotes":""},"categories":[3],"tags":[],"class_list":["post-655","post","type-post","status-publish","format-standard","hentry","category-obsolescencia"],"jetpack_featured_media_url":"","jetpack_shortlink":"https:\/\/wp.me\/p93Dc1-az","jetpack-related-posts":[{"id":294,"url":"https:\/\/alpoma.net\/tecob\/?p=294","url_meta":{"origin":655,"position":0},"title":"Boscovich, la enciclopedia viviente","author":"alpoma","date":"1 enero 2006","format":false,"excerpt":"He aqu\u00ed el caso de un genio, polifac\u00e9tico donde los haya, que dej\u00f3 profunda huella en su tiempo pero que, de manera incomprensible, ha sido pr\u00e1cticamente olvidado. Vulgarmente podr\u00eda decirse que era como una \"enciclopedia viviente\", aunque no se limitaba a acumular datos en su cabeza, sino que produjo gran\u2026","rel":"","context":"En \u00abObsolescencia\u00bb","block_context":{"text":"Obsolescencia","link":"https:\/\/alpoma.net\/tecob\/?cat=3"},"img":{"alt_text":"","src":"","width":0,"height":0},"classes":[]},{"id":11619,"url":"https:\/\/alpoma.net\/tecob\/?p=11619","url_meta":{"origin":655,"position":1},"title":"De gimnotos, caballos y el fluido vital el\u00e9ctrico","author":"alpoma","date":"18 septiembre 2015","format":false,"excerpt":"Comentaba Alexander von Humboldt que, durante su gran viaje por Am\u00e9rica del Sur, en los albores del siglo XIX, pocas cosas le hab\u00edan impresionado m\u00e1s que las vivencias relacionadas con ciertos peces el\u00e9ctricos. Se trataba de una clase de gimnoto, especie de remedo de \"anguila el\u00e9ctrica\", salvando las distancias, capaz\u2026","rel":"","context":"En \u00abObsolescencia\u00bb","block_context":{"text":"Obsolescencia","link":"https:\/\/alpoma.net\/tecob\/?cat=3"},"img":{"alt_text":"","src":"https:\/\/i0.wp.com\/alpoma.net\/tecob\/wp-content\/uploads\/2015\/09\/gimnoto.jpg?resize=350%2C200&ssl=1","width":350,"height":200},"classes":[]},{"id":558,"url":"https:\/\/alpoma.net\/tecob\/?p=558","url_meta":{"origin":655,"position":2},"title":"Papel \u00e1cido","author":"alpoma","date":"5 agosto 2006","format":false,"excerpt":"A pesar de todo lo que se cont\u00f3 hace a\u00f1os acerca de la oficina sin papeles y de la pr\u00f3xima decadencia del uso del papel, resulta que no, tenemos papel para dar y tomar, papel de todos los tipos y colores, empaquetados de cart\u00f3n, etiquetas por todas partes y, por\u2026","rel":"","context":"En \u00abObsolescencia\u00bb","block_context":{"text":"Obsolescencia","link":"https:\/\/alpoma.net\/tecob\/?cat=3"},"img":{"alt_text":"Viejo libro","src":"https:\/\/i0.wp.com\/static.flickr.com\/96\/207359328_fb23ffdce1_m.jpg?resize=350%2C200","width":350,"height":200},"classes":[]},{"id":8024,"url":"https:\/\/alpoma.net\/tecob\/?p=8024","url_meta":{"origin":655,"position":3},"title":"Los Boll\u00e9e, familia de inventores","author":"alpoma","date":"31 marzo 2013","format":false,"excerpt":"Am\u00e9d\u00e9e Boll\u00e9e era un tipo inquieto, sin duda, adem\u00e1s de emprendedor nato. S\u00ed, ya s\u00e9 que esa palabra, \"emprendedor\", se utiliza demasiado a la ligera \u00faltimamente, pero cuando alguien es emprendedor de verdad, no hay desgaste posible en tan bella palabra. Veamos, Amadeo, como se le llamaba por aqu\u00ed a\u2026","rel":"","context":"En \u00abObsolescencia\u00bb","block_context":{"text":"Obsolescencia","link":"https:\/\/alpoma.net\/tecob\/?cat=3"},"img":{"alt_text":"","src":"https:\/\/i0.wp.com\/alpoma.net\/tecob\/wp-content\/uploads\/2013\/03\/8603652019_6ac88775fe_o.jpg?resize=350%2C200&ssl=1","width":350,"height":200,"srcset":"https:\/\/i0.wp.com\/alpoma.net\/tecob\/wp-content\/uploads\/2013\/03\/8603652019_6ac88775fe_o.jpg?resize=350%2C200&ssl=1 1x, https:\/\/i0.wp.com\/alpoma.net\/tecob\/wp-content\/uploads\/2013\/03\/8603652019_6ac88775fe_o.jpg?resize=525%2C300&ssl=1 1.5x"},"classes":[]},{"id":12089,"url":"https:\/\/alpoma.net\/tecob\/?p=12089","url_meta":{"origin":655,"position":4},"title":"Historia m\u00ednima del acetileno y del carburo de calcio","author":"alpoma","date":"25 mayo 2016","format":false,"excerpt":"Uno de mis viejos art\u00edculos rescatado del proyecto iHstoria. ;-) Mientras escribo esto, tengo delante del teclado un peque\u00f1o recipiente de vidrio sellado con un taponcillo de pl\u00e1stico. Supongo que originalmente deb\u00eda contener alg\u00fan tipo de medicamento, pero lo que ahora alberga es cierto polvillo gris\u00e1ceo que naci\u00f3 en las\u2026","rel":"","context":"En \u00abObsolescencia\u00bb","block_context":{"text":"Obsolescencia","link":"https:\/\/alpoma.net\/tecob\/?cat=3"},"img":{"alt_text":"","src":"https:\/\/i0.wp.com\/alpoma.net\/tecob\/wp-content\/uploads\/2016\/05\/bote_carburo_alpoma-scaled.jpg?resize=350%2C200&ssl=1","width":350,"height":200,"srcset":"https:\/\/i0.wp.com\/alpoma.net\/tecob\/wp-content\/uploads\/2016\/05\/bote_carburo_alpoma-scaled.jpg?resize=350%2C200&ssl=1 1x, https:\/\/i0.wp.com\/alpoma.net\/tecob\/wp-content\/uploads\/2016\/05\/bote_carburo_alpoma-scaled.jpg?resize=525%2C300&ssl=1 1.5x, https:\/\/i0.wp.com\/alpoma.net\/tecob\/wp-content\/uploads\/2016\/05\/bote_carburo_alpoma-scaled.jpg?resize=700%2C400&ssl=1 2x, https:\/\/i0.wp.com\/alpoma.net\/tecob\/wp-content\/uploads\/2016\/05\/bote_carburo_alpoma-scaled.jpg?resize=1050%2C600&ssl=1 3x, https:\/\/i0.wp.com\/alpoma.net\/tecob\/wp-content\/uploads\/2016\/05\/bote_carburo_alpoma-scaled.jpg?resize=1400%2C800&ssl=1 4x"},"classes":[]},{"id":311,"url":"https:\/\/alpoma.net\/tecob\/?p=311","url_meta":{"origin":655,"position":5},"title":"Cosme Garc\u00eda, otro genio olvidado","author":"alpoma","date":"11 enero 2006","format":false,"excerpt":"A poco que se busque en la historia de la ciencia y la tecnolog\u00eda, sobre todo en la espa\u00f1ola, aparecen brillantes diamantes olvidados casi por completo. Gracias a los datos que me envi\u00f3 recientemente un lector de este blog, hoy nos visita Don Cosme Garc\u00eda. Vale, dicho as\u00ed, a la\u2026","rel":"","context":"En \u00abObsolescencia\u00bb","block_context":{"text":"Obsolescencia","link":"https:\/\/alpoma.net\/tecob\/?cat=3"},"img":{"alt_text":"","src":"","width":0,"height":0},"classes":[]}],"jetpack_sharing_enabled":true,"_links":{"self":[{"href":"https:\/\/alpoma.net\/tecob\/index.php?rest_route=\/wp\/v2\/posts\/655","targetHints":{"allow":["GET"]}}],"collection":[{"href":"https:\/\/alpoma.net\/tecob\/index.php?rest_route=\/wp\/v2\/posts"}],"about":[{"href":"https:\/\/alpoma.net\/tecob\/index.php?rest_route=\/wp\/v2\/types\/post"}],"author":[{"embeddable":true,"href":"https:\/\/alpoma.net\/tecob\/index.php?rest_route=\/wp\/v2\/users\/1"}],"replies":[{"embeddable":true,"href":"https:\/\/alpoma.net\/tecob\/index.php?rest_route=%2Fwp%2Fv2%2Fcomments&post=655"}],"version-history":[{"count":0,"href":"https:\/\/alpoma.net\/tecob\/index.php?rest_route=\/wp\/v2\/posts\/655\/revisions"}],"wp:attachment":[{"href":"https:\/\/alpoma.net\/tecob\/index.php?rest_route=%2Fwp%2Fv2%2Fmedia&parent=655"}],"wp:term":[{"taxonomy":"category","embeddable":true,"href":"https:\/\/alpoma.net\/tecob\/index.php?rest_route=%2Fwp%2Fv2%2Fcategories&post=655"},{"taxonomy":"post_tag","embeddable":true,"href":"https:\/\/alpoma.net\/tecob\/index.php?rest_route=%2Fwp%2Fv2%2Ftags&post=655"}],"curies":[{"name":"wp","href":"https:\/\/api.w.org\/{rel}","templated":true}]}}