{"id":652,"date":"2007-01-07T19:49:06","date_gmt":"2007-01-07T17:49:06","guid":{"rendered":"http:\/\/www.alpoma.net\/tecob\/?p=652"},"modified":"2007-01-07T20:15:02","modified_gmt":"2007-01-07T18:15:02","slug":"el-cronofotografo","status":"publish","type":"post","link":"https:\/\/alpoma.net\/tecob\/?p=652","title":{"rendered":"El cronofot\u00f3grafo"},"content":{"rendered":"<p>No tiene nada que ver con el ficticio <strong>cronovisor<\/strong> -que <strong><a href=\"http:\/\/www.alpoma.net\/tecob\/?p=146\">ya visit\u00f3 <em>TecOb<\/em> <\/a><\/strong>hace mucho- pero, como la propia palabra indica, el tema va del tiempo y su captura en forma de fotograf\u00eda. Hace unos d\u00edas los <a href=\"http:\/\/www.kirchersociety.org\/blog\/?p=1151\">amigos kircherianos<\/a> recuperaron de las brumas de la memoria, muy brevemente, a uno de esos pioneros de m\u00faltiples \u00e1reas de conocimiento a los que el paso de los a\u00f1os no ha tratado muy bien, vamos que hoy d\u00eda casi nadie se acuerda de ellos.<\/p>\n<p>Es el caso del franc\u00e9s <strong><a href=\"http:\/\/en.wikipedia.org\/wiki\/Etienne-Jules_Marey\">\u00c9tienne-Jules Marey<\/a><\/strong>, nacido en 1830 y fallecido cuando el siglo XX nac\u00eda, all\u00e1 por 1904. Era el t\u00edpico personaje que no pod\u00eda estarse quieto sin idear algo novedoso pr\u00e1cticamente a diario. As\u00ed, podr\u00eda ser considerado como alguien que se adelant\u00f3 a su tiempo y abri\u00f3 caminos que, en un futuro, terminaron por dar lugar a nuevas ciencias. Sobre todo llamaron la atenci\u00f3n sus actividades en el campo de la <strong>cronofotograf\u00eda<\/strong>, esto es, la tecnolog\u00eda destinada a poder fotografiar el movimiento de cuerpos f\u00edsicos utilizando una sola placa sensible a la luz. M\u00e1s sencillamente, se trataba de ir fotografiando la evoluci\u00f3n de un objeto en el tiempo, sobre un fondo negro, de tal forma que la placa resultante mostrase c\u00f3mo ese movimiento cambiaba de una toma a otra. \u00bfNo le suena a nadie de algo muy conocido? S\u00ed, en efecto, esta t\u00e9cnica cronofotogr\u00e1fica de Marey fue tomada como base por los <strong><a href=\"http:\/\/es.wikipedia.org\/wiki\/Lumi%C3%A8re\">hermanos Lumi\u00e8re<\/a><\/strong> para crear&#8230; \u00a1el cinemat\u00f3grafo!<\/p>\n<p>La <strong>curiosidad<\/strong> movi\u00f3 a Marey para meter las narices en todo aquello que le interes\u00f3. As\u00ed, tambi\u00e9n es considerado pionero en cardiolog\u00eda, aviaci\u00f3n, t\u00e9cnicas de an\u00e1lisis instrumental&#8230; Puede decirse que era un genio de la mec\u00e1nica y, sobre todo, de la fotograf\u00eda. Gracias a sus tomas de objetos en movimiento gan\u00f3 impulso la idea del cine, algo que todos sabemos a lo que ha llevado. Inicialmente la pasi\u00f3n de Marey se centr\u00f3 en la fisiolog\u00eda -por ello <a href=\"http:\/\/vlp.mpiwg-berlin.mpg.de\/people\/data?id=per113\">se convirti\u00f3 en m\u00e9dico<\/a> tras estudiar en la Facultad de Medicina de Par\u00eds-, m\u00e1s concretamente se centr\u00f3 en la sangre. \u00bfC\u00f3mo circula la sangre por el interior de venas y arterias? Tras esta pregunta, llegaron muchas otras. \u00bfC\u00f3mo se mueven los m\u00fasculos? \u00bfDe qu\u00e9 forma bombea la sangre el coraz\u00f3n? Su atenci\u00f3n se centraba en el movimiento en s\u00ed, no en las causas. <strong>Todo aquello que se moviera, se convert\u00eda en objeto de su curiosidad, desde los insectos a las m\u00e1quinas<\/strong>. Para \u00abcapturar\u00bb y entender el movimiento, desarroll\u00f3 muchos instrumentos de precisi\u00f3n que, ya de paso, convirtieron a Marey en pionero del an\u00e1lisis instrumental. <\/p>\n<p>De sus <strong>estudios fotogr\u00e1ficos<\/strong>, que abarcaron pr\u00e1cticamente todo bicho viviente con que se encontr\u00f3, hoy quedan buenas muestras que pueden encontrarse en sus libros sobre el movimiento o en sus intrigantes placas cronofotogr\u00e1ficas y dibujos. Pero, como cualquier descripci\u00f3n se queda corta, creo que lo mejor ser\u00e1 mostrar unos cuantos ejemplos de lo que, con pasi\u00f3n por el movimiento y un cuidado extremo por los detalles, lleg\u00f3 a realizar aquel franc\u00e9s polifac\u00e9tico empleando, entre otras interesantes invenciones, una especie de rifle fotogr\u00e1fico:<\/p>\n<p><a href=\"http:\/\/www.flickr.com\/photos\/alpoma\/349218674\/\" title=\"Photo Sharing\"><img loading=\"lazy\" decoding=\"async\" src=\"http:\/\/farm1.static.flickr.com\/123\/349218674_48c5db7572.jpg\" width=\"500\" height=\"346\" alt=\"marey\" class=\"otros\"\/><\/a><\/p>\n<p><strong>Estudio sobre el movimiento humano<\/strong><\/p>\n<p><a href=\"http:\/\/www.flickr.com\/photos\/alpoma\/349218672\/\" title=\"Photo Sharing\"><img loading=\"lazy\" decoding=\"async\" src=\"http:\/\/farm1.static.flickr.com\/127\/349218672_73da0b83aa.jpg\" width=\"500\" height=\"232\" alt=\"pelicano\" class=\"otros\"\/><\/a><\/p>\n<p><strong>El vuelo del pel\u00edcano<\/strong>, toma realizada en 1882. (N\u00f3tese el cordel con que se ataba al pel\u00edcano para mantenerlo en el campo de visi\u00f3n de la m\u00e1quina cronofotogr\u00e1fica.)<\/p>\n<p><a href=\"http:\/\/www.flickr.com\/photos\/alpoma\/349218669\/\" title=\"Photo Sharing\"><img loading=\"lazy\" decoding=\"async\" src=\"http:\/\/farm1.static.flickr.com\/138\/349218669_8d439d5230_o.gif\" width=\"350\" height=\"605\" alt=\"aire\" class=\"otros\"\/><\/a><\/p>\n<p><strong>Toma realizada en 1901<\/strong>. Estudio sobre <strong>aire en movimiento<\/strong>, un trabajo pionero, tambi\u00e9n, de los actuales sistemas de estudio aerodin\u00e1mico o t\u00faneles de viento. (Fuente: <em>Cin\u00e9math\u00e8que fran\u00e7aise<\/em>). Es altamente recomendable visitar la <strong><a href=\"http:\/\/www.musee-orsay.fr\/ORSAY\/orsaygb\/Program.nsf\/aba345c67a5d3a5f802563cd004f90c7\/c3913dce23b1ea52c1256e2100367ad8?OpenDocument\">exposici\u00f3n<\/a><\/strong> dedicada a sus fotograf\u00edas de fluidos.<\/p>\n<p>V\u00e9ase en <em>TecOb <\/em>una entrada relacionada: <strong><a href=\"http:\/\/www.alpoma.net\/tecob\/?p=566\" class=\"enlaces\">Libros Animados<\/a><\/strong><br \/>\nV\u00e9ase tambi\u00e9n: <strong><a href=\"http:\/\/www.bium.univ-paris5.fr\/histmed\/medica\/marey.htm\" class=\"enlaces\">Biblioteca de Etienne-Jules MAREY<\/a><\/strong><\/p>\n","protected":false},"excerpt":{"rendered":"<div class=\"mh-excerpt\"><p>No tiene nada que ver con el ficticio cronovisor -que ya visit\u00f3 TecOb hace mucho- pero, como la propia palabra indica, el tema va del tiempo y su captura en <a class=\"mh-excerpt-more\" href=\"https:\/\/alpoma.net\/tecob\/?p=652\" title=\"El cronofot\u00f3grafo\">[&#8230;]<\/a><\/p>\n<\/div>","protected":false},"author":1,"featured_media":10823,"comment_status":"open","ping_status":"open","sticky":false,"template":"","format":"standard","meta":{"jetpack_post_was_ever_published":false,"_jetpack_newsletter_access":"","_jetpack_dont_email_post_to_subs":false,"_jetpack_newsletter_tier_id":0,"_jetpack_memberships_contains_paywalled_content":false,"_jetpack_memberships_contains_paid_content":false,"footnotes":""},"categories":[3],"tags":[],"class_list":["post-652","post","type-post","status-publish","format-standard","has-post-thumbnail","hentry","category-obsolescencia"],"jetpack_featured_media_url":"https:\/\/alpoma.net\/tecob\/wp-content\/uploads\/2007\/01\/349218674_48c5db7572.jpg","jetpack_shortlink":"https:\/\/wp.me\/p93Dc1-aw","jetpack-related-posts":[{"id":321,"url":"https:\/\/alpoma.net\/tecob\/?p=321","url_meta":{"origin":652,"position":0},"title":"El vuelo de Abbas Ibn Firnas","author":"alpoma","date":"20 enero 2006","format":false,"excerpt":"Siguiendo la l\u00ednea del tiempo, pero como el cangrejo, buscando pioneros del vuelo casi desconocidos, mucho tiempo antes del planeo que Diego Mar\u00edn logr\u00f3 en 1793, alguien ya lo hab\u00eda \"practicado\", esta vez no se trat\u00f3 de Burgos, ahora nos trasladamos a C\u00f3rdoba, hace mucho tiempo, concretamente en el siglo\u2026","rel":"","context":"En \u00abInnovaci\u00f3n\u00bb","block_context":{"text":"Innovaci\u00f3n","link":"https:\/\/alpoma.net\/tecob\/?cat=4"},"img":{"alt_text":"","src":"","width":0,"height":0},"classes":[]},{"id":3915,"url":"https:\/\/alpoma.net\/tecob\/?p=3915","url_meta":{"origin":652,"position":1},"title":"Preguntas del meme de Muy Interesante","author":"alpoma","date":"27 diciembre 2010","format":false,"excerpt":"Ya expliqu\u00e9 hace unos d\u00edas la mec\u00e1nica del meme que la revista Muy Interesante ha lanzado para que nos bombardeemos con diversas preguntas de divulgaci\u00f3n cient\u00edfica varios blogs. Hoy toca mencionar las que han llegado a TecOb por parte de Pixfans. Aqu\u00ed quedan, por si alguien se anima a contestarlas\u2026","rel":"","context":"En \u00abPersonal\u00bb","block_context":{"text":"Personal","link":"https:\/\/alpoma.net\/tecob\/?cat=2"},"img":{"alt_text":"muy_interesante","src":"https:\/\/i0.wp.com\/farm6.static.flickr.com\/5165\/5297006159_6b6dfc8a72_o.jpg?resize=350%2C200","width":350,"height":200},"classes":[]},{"id":1195,"url":"https:\/\/alpoma.net\/tecob\/?p=1195","url_meta":{"origin":652,"position":2},"title":"Canto Hito","author":"alpoma","date":"17 agosto 2009","format":false,"excerpt":"Mientras redactaba el art\u00edculo sobre el eremitorio rupestre de Cervera, record\u00e9 una visita que realic\u00e9 hace varias semanas a cierto lugar, tambi\u00e9n relacionado con las piedras. Se trata del Canto Hito, un menhir que se alza orgullosamente sobre la extensa planicie del P\u00e1ramo de La Lora, en el noreste palentino,\u2026","rel":"","context":"En \u00abGeo\u00bb","block_context":{"text":"Geo","link":"https:\/\/alpoma.net\/tecob\/?cat=5"},"img":{"alt_text":"Menhir de Canto Hito","src":"https:\/\/i0.wp.com\/farm3.static.flickr.com\/2536\/3735011573_1a00d34869.jpg?resize=350%2C200","width":350,"height":200},"classes":[]},{"id":1048,"url":"https:\/\/alpoma.net\/tecob\/?p=1048","url_meta":{"origin":652,"position":3},"title":"Noherlesoom, el astr\u00f3nomo del pueblo","author":"alpoma","date":"16 diciembre 2008","format":false,"excerpt":"Versi\u00f3n para la web del art\u00edculo que publiqu\u00e9 en el n\u00famero de diciembre de 2008 de Historia de Iberia Vieja. Jam\u00e1s hombre alguno fue tan combatido en su prestigio cient\u00edfico como Le\u00f3n Hermoso. Sus partidarios llegaron hasta concederle la virtud de la adivinaci\u00f3n, sus enemigos hasta negarle el conocimiento de\u2026","rel":"","context":"En \u00abMade in Spain\u00bb","block_context":{"text":"Made in Spain","link":"https:\/\/alpoma.net\/tecob\/?cat=10"},"img":{"alt_text":"","src":"https:\/\/i0.wp.com\/alpoma.net\/tecob\/wp-content\/uploads\/2008\/12\/3111733042_a00814d467_m.jpg?resize=350%2C200&ssl=1","width":350,"height":200},"classes":[]},{"id":316,"url":"https:\/\/alpoma.net\/tecob\/?p=316","url_meta":{"origin":652,"position":4},"title":"Wegener y la deriva continental","author":"alpoma","date":"15 enero 2006","format":false,"excerpt":"La tierra que pisamos es m\u00e1s inquieta de lo que pudi\u00e9ramos pensar. Hay terremotos, desplazamientos de tierra, grandes fen\u00f3menos meteorol\u00f3gicos... Son sucesos, generalmente catastr\u00f3ficos, que nos llenan de inquietud. Pero no reconocemos el m\u00e1s grandioso de los movimientos de las tierras en las que habitamos. Es la deriva continental, el\u2026","rel":"","context":"En \u00abGeo\u00bb","block_context":{"text":"Geo","link":"https:\/\/alpoma.net\/tecob\/?cat=5"},"img":{"alt_text":"","src":"https:\/\/i0.wp.com\/alpoma.net\/tecob\/wp-content\/uploads\/2006\/01\/wegener.jpg?resize=350%2C200&ssl=1","width":350,"height":200,"srcset":"https:\/\/i0.wp.com\/alpoma.net\/tecob\/wp-content\/uploads\/2006\/01\/wegener.jpg?resize=350%2C200&ssl=1 1x, https:\/\/i0.wp.com\/alpoma.net\/tecob\/wp-content\/uploads\/2006\/01\/wegener.jpg?resize=525%2C300&ssl=1 1.5x"},"classes":[]},{"id":537,"url":"https:\/\/alpoma.net\/tecob\/?p=537","url_meta":{"origin":652,"position":5},"title":"De aura seminalis y hojas inglesas","author":"alpoma","date":"16 julio 2006","format":false,"excerpt":"Los hoy tan comunes preservativos han tenido una historia muy larga y azarosa. Parece que ya se utilizaban \"ap\u00e9ndices\" similares hace m\u00e1s de dos milenios aunque, claro est\u00e1, los objetivos de este sistema protector han variado con el tiempo. Al principio, la idea era sobre todo \u00fatil para proteger zonas\u2026","rel":"","context":"En \u00abObsolescencia\u00bb","block_context":{"text":"Obsolescencia","link":"https:\/\/alpoma.net\/tecob\/?cat=3"},"img":{"alt_text":"","src":"","width":0,"height":0},"classes":[]}],"jetpack_sharing_enabled":true,"_links":{"self":[{"href":"https:\/\/alpoma.net\/tecob\/index.php?rest_route=\/wp\/v2\/posts\/652","targetHints":{"allow":["GET"]}}],"collection":[{"href":"https:\/\/alpoma.net\/tecob\/index.php?rest_route=\/wp\/v2\/posts"}],"about":[{"href":"https:\/\/alpoma.net\/tecob\/index.php?rest_route=\/wp\/v2\/types\/post"}],"author":[{"embeddable":true,"href":"https:\/\/alpoma.net\/tecob\/index.php?rest_route=\/wp\/v2\/users\/1"}],"replies":[{"embeddable":true,"href":"https:\/\/alpoma.net\/tecob\/index.php?rest_route=%2Fwp%2Fv2%2Fcomments&post=652"}],"version-history":[{"count":0,"href":"https:\/\/alpoma.net\/tecob\/index.php?rest_route=\/wp\/v2\/posts\/652\/revisions"}],"wp:featuredmedia":[{"embeddable":true,"href":"https:\/\/alpoma.net\/tecob\/index.php?rest_route=\/wp\/v2\/media\/10823"}],"wp:attachment":[{"href":"https:\/\/alpoma.net\/tecob\/index.php?rest_route=%2Fwp%2Fv2%2Fmedia&parent=652"}],"wp:term":[{"taxonomy":"category","embeddable":true,"href":"https:\/\/alpoma.net\/tecob\/index.php?rest_route=%2Fwp%2Fv2%2Fcategories&post=652"},{"taxonomy":"post_tag","embeddable":true,"href":"https:\/\/alpoma.net\/tecob\/index.php?rest_route=%2Fwp%2Fv2%2Ftags&post=652"}],"curies":[{"name":"wp","href":"https:\/\/api.w.org\/{rel}","templated":true}]}}