{"id":6517,"date":"2012-04-07T15:51:18","date_gmt":"2012-04-07T13:51:18","guid":{"rendered":"http:\/\/www.alpoma.net\/tecob\/?p=6517"},"modified":"2012-04-07T15:51:18","modified_gmt":"2012-04-07T13:51:18","slug":"contenidos-adicionales-para-el-viaje-de-argos%c2%b4","status":"publish","type":"post","link":"https:\/\/alpoma.net\/tecob\/?p=6517","title":{"rendered":"Contenidos adicionales para `El viaje de Argos\u00b4"},"content":{"rendered":"<p><img decoding=\"async\" src=\"http:\/\/www.alpoma.com\/argos\/img\/book.png\" alt=\"El viaje de Argos\" class=\"dch\" width=\"250\"\/>Desde que termin\u00e9 de escribir <em><strong>El viaje de Argos<\/strong><\/em>, all\u00e1 por le mes de marzo de 2009 siempre imagin\u00e9, en caso de que alguna vez fuera editada la novela, que ser\u00eda muy buena idea contar con un website propio para ella. Al final, una vez editado el libro este mes de marzo de 2012, me he lanzado a publicar yo mismo el website que ten\u00eda en espera, con <strong>un mont\u00f3n de material adicional<\/strong>, porque la editorial no parece tener pensado nada parecido. Se trata de una peque\u00f1a web en la que lo m\u00e1s importante es la selecci\u00f3n de fotograf\u00edas, textos y otros contenidos que <strong>sirven para complementar el texto de la novela<\/strong>. Ah pero, cuidado, <strong>recomiendo asomarse a todo este material cuando se haya le\u00eddo el libro, no antes<\/strong>, porque aunque no se desvela ning\u00fan secreto de la trama, tampoco creo que sea de utilidad nada de lo ah\u00ed mostrado hasta que no se ha visitado el mundo de Argos y se conoce a sus personajes, es entonces cuando los contenidos adicionales pueden ser de inter\u00e9s para el lector:<\/p>\n<p><strong><a href=\"http:\/\/www.elviajedeargos.com\">www.elviajedeargos.com<\/a><\/strong><\/p>\n<p>Por supuesto, estoy abierto a recibir cualquier tipo de comentario sobre la novela. \ud83d\ude09<\/p>\n","protected":false},"excerpt":{"rendered":"<div class=\"mh-excerpt\"><p>Desde que termin\u00e9 de escribir El viaje de Argos, all\u00e1 por le mes de marzo de 2009 siempre imagin\u00e9, en caso de que alguna vez fuera editada la novela, que <a class=\"mh-excerpt-more\" href=\"https:\/\/alpoma.net\/tecob\/?p=6517\" title=\"Contenidos adicionales para `El viaje de Argos\u00b4\">[&#8230;]<\/a><\/p>\n<\/div>","protected":false},"author":1,"featured_media":0,"comment_status":"open","ping_status":"open","sticky":false,"template":"","format":"standard","meta":{"jetpack_post_was_ever_published":false,"_jetpack_newsletter_access":"","_jetpack_dont_email_post_to_subs":false,"_jetpack_newsletter_tier_id":0,"_jetpack_memberships_contains_paywalled_content":false,"_jetpack_memberships_contains_paid_content":false,"footnotes":""},"categories":[2],"tags":[],"class_list":["post-6517","post","type-post","status-publish","format-standard","hentry","category-personal"],"jetpack_featured_media_url":"","jetpack_shortlink":"https:\/\/wp.me\/p93Dc1-1H7","jetpack-related-posts":[{"id":6199,"url":"https:\/\/alpoma.net\/tecob\/?p=6199","url_meta":{"origin":6517,"position":0},"title":"Os presento mi primera novela: El viaje de Argos.","author":"alpoma","date":"8 febrero 2012","format":false,"excerpt":"Habr\u00e1 a quien le suene el t\u00edtulo, porque es el mismo que utilic\u00e9 para un proyecto de revista hace tiempo, pero no tiene nada que ver con lo que hoy os quiero comentar. S\u00ed, aunque lleva terminada desde principios de 2009, ser\u00e1 a comienzos del pr\u00f3ximo mes de marzo cuando\u2026","rel":"","context":"En \u00abPersonal\u00bb","block_context":{"text":"Personal","link":"https:\/\/alpoma.net\/tecob\/?cat=2"},"img":{"alt_text":"Portada de El viaje de Argos","src":"https:\/\/i0.wp.com\/farm8.staticflickr.com\/7024\/6842079725_f69a0c041d_m.jpg?resize=350%2C200","width":350,"height":200},"classes":[]},{"id":6826,"url":"https:\/\/alpoma.net\/tecob\/?p=6826","url_meta":{"origin":6517,"position":1},"title":"Turismo y lectura para este verano con \u00abEl viaje de Argos\u00bb","author":"alpoma","date":"1 julio 2012","format":false,"excerpt":"Aunque en el website de mi novela El viaje de Argos ya hay material adicional, fotos y mapas, creo que faltaba algo para completar el c\u00edrculo. Por ello, adem\u00e1s de recomendar de nuevo la lectura del libro, como no pod\u00eda ser de otro modo, he creado un mapa que re\u00fane\u2026","rel":"","context":"En \u00abPersonal\u00bb","block_context":{"text":"Personal","link":"https:\/\/alpoma.net\/tecob\/?cat=2"},"img":{"alt_text":"La Reana (Fuentes Tam\u00e1ricas) Velilla del R\u00edo Carri\u00f3n - Palencia","src":"https:\/\/i0.wp.com\/farm3.staticflickr.com\/2672\/4178339781_d76a6a4b8c_m.jpg?resize=350%2C200","width":350,"height":200},"classes":[]},{"id":7866,"url":"https:\/\/alpoma.net\/tecob\/?p=7866","url_meta":{"origin":6517,"position":2},"title":"El viaje de Argos cumple un a\u00f1o","author":"alpoma","date":"25 febrero 2013","format":false,"excerpt":"Se cumple ahora un a\u00f1o desde que Planeta editara mi primera novela, El viaje de Argos. En estos meses han sido muchos quienes se han acercado a sus p\u00e1ginas, muchos m\u00e1s de los que imagin\u00e9 en principio y, tambi\u00e9n, han sido muchos los que han escrito sobre esta aventura, sorprendentemente\u2026","rel":"","context":"En \u00abPersonal\u00bb","block_context":{"text":"Personal","link":"https:\/\/alpoma.net\/tecob\/?cat=2"},"img":{"alt_text":"","src":"","width":0,"height":0},"classes":[]},{"id":6371,"url":"https:\/\/alpoma.net\/tecob\/?p=6371","url_meta":{"origin":6517,"position":3},"title":"Ya est\u00e1 a la venta mi novela &#8216;El viaje de Argos&#8217;","author":"alpoma","date":"10 marzo 2012","format":false,"excerpt":"Hace unos d\u00edas os present\u00e9 mi novela El viaje de Argos. Hoy, por fin ha salido a la venta, as\u00ed que si quieres hacerte con ella (de momento s\u00f3lo en eBook, la opci\u00f3n de papel est\u00e1 en el aire y puede que nunca llegue a ser algo real si la\u2026","rel":"","context":"En \u00abPersonal\u00bb","block_context":{"text":"Personal","link":"https:\/\/alpoma.net\/tecob\/?cat=2"},"img":{"alt_text":"","src":"","width":0,"height":0},"classes":[]},{"id":7955,"url":"https:\/\/alpoma.net\/tecob\/?p=7955","url_meta":{"origin":6517,"position":4},"title":"[Libro] El legado de Prometeo","author":"alpoma","date":"10 marzo 2013","format":false,"excerpt":"Le tengo especial cari\u00f1o al asunto N\u00e9mesis, precisamente desde que hace ya muchos a\u00f1os le\u00ed un libro de David M. Raup que se titulaba de igual forma, El asunto N\u00e9mesis. Tambi\u00e9n me trae recuerdos porque uno de los primeros art\u00edculos de divulgaci\u00f3n que publiqu\u00e9, all\u00e1 por el a\u00f1o 2001, versaba\u2026","rel":"","context":"En \u00abGeneral\u00bb","block_context":{"text":"General","link":"https:\/\/alpoma.net\/tecob\/?cat=1"},"img":{"alt_text":"portada_legado_prometeo","src":"https:\/\/i0.wp.com\/www.alpoma.net\/tecob\/wp-content\/uploads\/2013\/03\/portada_legado_prometeo.jpg?resize=350%2C200","width":350,"height":200},"classes":[]},{"id":10190,"url":"https:\/\/alpoma.net\/tecob\/?p=10190","url_meta":{"origin":6517,"position":5},"title":"Mi novela, \u00abEl viaje de Argos\u00bb, disponible en papel","author":"alpoma","date":"31 octubre 2014","format":false,"excerpt":"Hoy ha salido a la venta la edici\u00f3n en papel de mi novela \"El viaje de Argos\", que vio la luz hace dos a\u00f1os en forma de e-book. Editada por Glyphos Publicaciones, nace en papel con una portada muy especial que ha realizado el gran Alfonso Azpiri. Tiempo habr\u00e1 m\u00e1s\u2026","rel":"","context":"En \u00abPersonal\u00bb","block_context":{"text":"Personal","link":"https:\/\/alpoma.net\/tecob\/?cat=2"},"img":{"alt_text":"el_viaje_de_argos_alejandro_polanco_ilustracion_de_azpiri","src":"https:\/\/i0.wp.com\/www.alpoma.net\/tecob\/wp-content\/uploads\/2014\/10\/el_viaje_de_argos_alejandro_polanco_ilustracion_de_azpiri-218x300.png?resize=350%2C200","width":350,"height":200},"classes":[]}],"jetpack_sharing_enabled":true,"_links":{"self":[{"href":"https:\/\/alpoma.net\/tecob\/index.php?rest_route=\/wp\/v2\/posts\/6517","targetHints":{"allow":["GET"]}}],"collection":[{"href":"https:\/\/alpoma.net\/tecob\/index.php?rest_route=\/wp\/v2\/posts"}],"about":[{"href":"https:\/\/alpoma.net\/tecob\/index.php?rest_route=\/wp\/v2\/types\/post"}],"author":[{"embeddable":true,"href":"https:\/\/alpoma.net\/tecob\/index.php?rest_route=\/wp\/v2\/users\/1"}],"replies":[{"embeddable":true,"href":"https:\/\/alpoma.net\/tecob\/index.php?rest_route=%2Fwp%2Fv2%2Fcomments&post=6517"}],"version-history":[{"count":0,"href":"https:\/\/alpoma.net\/tecob\/index.php?rest_route=\/wp\/v2\/posts\/6517\/revisions"}],"wp:attachment":[{"href":"https:\/\/alpoma.net\/tecob\/index.php?rest_route=%2Fwp%2Fv2%2Fmedia&parent=6517"}],"wp:term":[{"taxonomy":"category","embeddable":true,"href":"https:\/\/alpoma.net\/tecob\/index.php?rest_route=%2Fwp%2Fv2%2Fcategories&post=6517"},{"taxonomy":"post_tag","embeddable":true,"href":"https:\/\/alpoma.net\/tecob\/index.php?rest_route=%2Fwp%2Fv2%2Ftags&post=6517"}],"curies":[{"name":"wp","href":"https:\/\/api.w.org\/{rel}","templated":true}]}}