{"id":6501,"date":"2012-04-03T18:52:23","date_gmt":"2012-04-03T16:52:23","guid":{"rendered":"http:\/\/www.alpoma.net\/tecob\/?p=6501"},"modified":"2013-02-24T21:59:53","modified_gmt":"2013-02-24T19:59:53","slug":"reir-por-no-llorar","status":"publish","type":"post","link":"https:\/\/alpoma.net\/tecob\/?p=6501","title":{"rendered":"Re\u00edr por no llorar"},"content":{"rendered":"<p>Ya <a href=\"http:\/\/www.alpoma.net\/tecob\/?p=815\"><strong>lo he comentado hace tiempo en <em>TecOb<\/em><\/strong><\/a>, pero no me cansar\u00e9 de repetirlo: <strong>\u00a1Jos\u00e9 Mar\u00eda Nieto es un genio!<\/strong> Y es que, sin remedio, <strong>este ilustrador vallisoletano logra hacer que ponga buena cara al mal tiempo<\/strong>. En los \u00faltimos tiempos estoy viviendo a diario oscuras situaciones como las que muestra en las <em>historietas <\/em>que aparecen a continuaci\u00f3n, casos en los que la burocracia sin sentido, los impagos y dem\u00e1s dolores de cabeza cotidianos hacen que a uno se le quiten las ganas de crear nada nuevo. Por fortuna, Jos\u00e9 Mar\u00eda Nieto logra hacerme re\u00edr y eso es algo impagable. Ciertamente, da en el clavo, como puede verse en estas <strong>muestras de su trabajo<\/strong>. Y, si quieres asomarte a la colecci\u00f3n completa, no dudes en visitar <strong><a href=\"http:\/\/www.castillayleoneconomica.es\/humor\/\">su espacio en Castilla y Le\u00f3n Econ\u00f3mica<\/a><\/strong> o, tambi\u00e9n, en <strong><a href=\"http:\/\/www.elmundo.es\/elmundo\/2012\/04\/03\/castillayleon\/1333434022.html\">El Mundo de Castilla y Le\u00f3n<\/a><\/strong>. <\/p>\n<p><img decoding=\"async\" src=\"http:\/\/www.alpoma.com\/images_tecob\/1.jpg\" alt=\"Obra de JM Nieto\" class=\"otros\" width=\"620\"\/><\/p>\n<p><!--more--><img decoding=\"async\" src=\"http:\/\/www.alpoma.com\/images_tecob\/2.jpg\" alt=\"Obra de JM Nieto\" class=\"otros\" width=\"620\"\/><\/p>\n<p><img decoding=\"async\" src=\"http:\/\/www.alpoma.com\/images_tecob\/3.jpg\" alt=\"Obra de JM Nieto\" class=\"otros\" width=\"620\"\/><\/p>\n<p><img decoding=\"async\" src=\"http:\/\/www.alpoma.com\/images_tecob\/4.jpg\" alt=\"Obra de JM Nieto\" class=\"otros\" width=\"620\"\/><\/p>\n","protected":false},"excerpt":{"rendered":"<div class=\"mh-excerpt\"><p>Ya lo he comentado hace tiempo en TecOb, pero no me cansar\u00e9 de repetirlo: \u00a1Jos\u00e9 Mar\u00eda Nieto es un genio! Y es que, sin remedio, este ilustrador vallisoletano logra hacer <a class=\"mh-excerpt-more\" href=\"https:\/\/alpoma.net\/tecob\/?p=6501\" title=\"Re\u00edr por no llorar\">[&#8230;]<\/a><\/p>\n<\/div>","protected":false},"author":1,"featured_media":10764,"comment_status":"open","ping_status":"open","sticky":false,"template":"","format":"standard","meta":{"jetpack_post_was_ever_published":false,"_jetpack_newsletter_access":"","_jetpack_dont_email_post_to_subs":false,"_jetpack_newsletter_tier_id":0,"_jetpack_memberships_contains_paywalled_content":false,"_jetpack_memberships_contains_paid_content":false,"footnotes":""},"categories":[2],"tags":[],"class_list":["post-6501","post","type-post","status-publish","format-standard","has-post-thumbnail","hentry","category-personal"],"jetpack_featured_media_url":"https:\/\/alpoma.net\/tecob\/wp-content\/uploads\/2012\/04\/1.jpg","jetpack_shortlink":"https:\/\/wp.me\/p93Dc1-1GR","jetpack-related-posts":[{"id":12185,"url":"https:\/\/alpoma.net\/tecob\/?p=12185","url_meta":{"origin":6501,"position":0},"title":"La vida de Nikola Tesla en c\u00f3mic","author":"alpoma","date":"10 julio 2016","format":false,"excerpt":"Hoy, 10 de julio de 2016, se cumplen 160 a\u00f1os del nacimiento del gran Nikola Tesla. Para celebrar tan brillante fecha, he rescatado y adaptado libremente esta historia gr\u00e1fica de Gardner Soule, publicada originalmente en julio de 1956 en Popular Science... Noche del 9 al 10 de julio de 1856,\u2026","rel":"","context":"En \u00abObsolescencia\u00bb","block_context":{"text":"Obsolescencia","link":"https:\/\/alpoma.net\/tecob\/?cat=3"},"img":{"alt_text":"","src":"https:\/\/i0.wp.com\/alpoma.net\/tecob\/wp-content\/uploads\/2016\/07\/12.png?resize=350%2C200&ssl=1","width":350,"height":200},"classes":[]},{"id":3567,"url":"https:\/\/alpoma.net\/tecob\/?p=3567","url_meta":{"origin":6501,"position":1},"title":"Los hermanos Delhuyar y el descubrimiento del Wolframio","author":"alpoma","date":"6 octubre 2010","format":false,"excerpt":"Este post corresponte a una versi\u00f3n abreviada del art\u00edculo que publiqu\u00e9 en la revista Historia de Iberia Vieja en su edici\u00f3n de octubre de 2010, n\u00famero 64. Seria prolijo enumerar todos los trabajos de [Fausto] Elhuyar, y el celoso e ilustrado empe\u00f1o con que se dedic\u00f3 al cumplimiento de sus\u2026","rel":"","context":"En \u00abMade in Spain\u00bb","block_context":{"text":"Made in Spain","link":"https:\/\/alpoma.net\/tecob\/?cat=10"},"img":{"alt_text":"","src":"","width":0,"height":0},"classes":[]},{"id":14313,"url":"https:\/\/alpoma.net\/tecob\/?p=14313","url_meta":{"origin":6501,"position":2},"title":"Las pioneras de la aviaci\u00f3n espa\u00f1ola","author":"alpoma","date":"2 febrero 2019","format":false,"excerpt":"Versi\u00f3n para TecOb del art\u00edculo que publiqu\u00e9 en la revista Historia de Iberia Vieja, edici\u00f3n de enero de 2019. Quiero agradecer a Jos\u00e9 Manuel Gil, coautor conmigo del libro Aviones bizarros, por haberme sugerido tratar este tema y haber servido de fuente primaria. (Las im\u00e1genes de este art\u00edculo han sido\u2026","rel":"","context":"En \u00abMade in Spain\u00bb","block_context":{"text":"Made in Spain","link":"https:\/\/alpoma.net\/tecob\/?cat=10"},"img":{"alt_text":"","src":"https:\/\/i0.wp.com\/alpoma.net\/tecob\/wp-content\/uploads\/2019\/02\/Pilar-San-Miguel-Mart%C3%ADnez-Campos.png?resize=350%2C200&ssl=1","width":350,"height":200,"srcset":"https:\/\/i0.wp.com\/alpoma.net\/tecob\/wp-content\/uploads\/2019\/02\/Pilar-San-Miguel-Mart%C3%ADnez-Campos.png?resize=350%2C200&ssl=1 1x, https:\/\/i0.wp.com\/alpoma.net\/tecob\/wp-content\/uploads\/2019\/02\/Pilar-San-Miguel-Mart%C3%ADnez-Campos.png?resize=525%2C300&ssl=1 1.5x, https:\/\/i0.wp.com\/alpoma.net\/tecob\/wp-content\/uploads\/2019\/02\/Pilar-San-Miguel-Mart%C3%ADnez-Campos.png?resize=700%2C400&ssl=1 2x"},"classes":[]},{"id":11671,"url":"https:\/\/alpoma.net\/tecob\/?p=11671","url_meta":{"origin":6501,"position":3},"title":"Mat\u00edas Balsera, el brujo de la radio","author":"alpoma","date":"28 septiembre 2015","format":false,"excerpt":"Versi\u00f3n para TecOb del art\u00edculo que publiqu\u00e9 en la revista Historia de Iberia Vieja, edici\u00f3n de septiembre de 2015. El se\u00f1or Balsera ha inventado un aparato que har\u00e1 ineficaces los ataques de los submarinos. Se verificaron las pruebas con \u00e9xito excelente, habiendo sido presenciadas por numerosas personalidades cient\u00edficas y diplom\u00e1ticas.\u2026","rel":"","context":"En \u00abMade in Spain\u00bb","block_context":{"text":"Made in Spain","link":"https:\/\/alpoma.net\/tecob\/?cat=10"},"img":{"alt_text":"","src":"https:\/\/i0.wp.com\/alpoma.net\/tecob\/wp-content\/uploads\/2015\/09\/patente_balsera_maquina_impresora_telegrafica.png?resize=350%2C200&ssl=1","width":350,"height":200,"srcset":"https:\/\/i0.wp.com\/alpoma.net\/tecob\/wp-content\/uploads\/2015\/09\/patente_balsera_maquina_impresora_telegrafica.png?resize=350%2C200&ssl=1 1x, https:\/\/i0.wp.com\/alpoma.net\/tecob\/wp-content\/uploads\/2015\/09\/patente_balsera_maquina_impresora_telegrafica.png?resize=525%2C300&ssl=1 1.5x, https:\/\/i0.wp.com\/alpoma.net\/tecob\/wp-content\/uploads\/2015\/09\/patente_balsera_maquina_impresora_telegrafica.png?resize=700%2C400&ssl=1 2x, https:\/\/i0.wp.com\/alpoma.net\/tecob\/wp-content\/uploads\/2015\/09\/patente_balsera_maquina_impresora_telegrafica.png?resize=1050%2C600&ssl=1 3x, https:\/\/i0.wp.com\/alpoma.net\/tecob\/wp-content\/uploads\/2015\/09\/patente_balsera_maquina_impresora_telegrafica.png?resize=1400%2C800&ssl=1 4x"},"classes":[]},{"id":1089,"url":"https:\/\/alpoma.net\/tecob\/?p=1089","url_meta":{"origin":6501,"position":4},"title":"Enrique Gaspar y la primera m\u00e1quina del tiempo","author":"alpoma","date":"10 marzo 2009","format":false,"excerpt":"Sigo en modo \"pausa\", pero voy a aprovechar un instante para incorporar al blog mi \u00faltimo texto publicado en papel. Aunque el tema ya lo trat\u00e9 en TecOb hace a\u00f1os, lo hice de forma muy esquem\u00e1tica. :-) AVISO: Este art\u00edculo lo publiqu\u00e9 originalmente en el n\u00famero 45, febrero 2009, de\u2026","rel":"","context":"En \u00abMade in Spain\u00bb","block_context":{"text":"Made in Spain","link":"https:\/\/alpoma.net\/tecob\/?cat=10"},"img":{"alt_text":"","src":"","width":0,"height":0},"classes":[]},{"id":14081,"url":"https:\/\/alpoma.net\/tecob\/?p=14081","url_meta":{"origin":6501,"position":5},"title":"Los pioneros de la energ\u00eda de las olas en Espa\u00f1a","author":"alpoma","date":"2 enero 2019","format":false,"excerpt":"Versi\u00f3n para TecOb del art\u00edculo que publiqu\u00e9 en la revista Historia de Iberia Vieja, edici\u00f3n de diciembre de 2018. Los se\u00f1ores Sanrom\u00e1 y Llena, inventores propietarios de la Patente que nos ocupa, han solventado juiciosamente [las dificultades] del aprovechamiento del oleaje del mar como fuerza motriz, dejando solamente dentro del\u2026","rel":"","context":"En \u00abMade in Spain\u00bb","block_context":{"text":"Made in Spain","link":"https:\/\/alpoma.net\/tecob\/?cat=10"},"img":{"alt_text":"","src":"https:\/\/i0.wp.com\/alpoma.net\/tecob\/wp-content\/uploads\/2019\/01\/2.png?resize=350%2C200&ssl=1","width":350,"height":200,"srcset":"https:\/\/i0.wp.com\/alpoma.net\/tecob\/wp-content\/uploads\/2019\/01\/2.png?resize=350%2C200&ssl=1 1x, https:\/\/i0.wp.com\/alpoma.net\/tecob\/wp-content\/uploads\/2019\/01\/2.png?resize=525%2C300&ssl=1 1.5x, https:\/\/i0.wp.com\/alpoma.net\/tecob\/wp-content\/uploads\/2019\/01\/2.png?resize=700%2C400&ssl=1 2x, https:\/\/i0.wp.com\/alpoma.net\/tecob\/wp-content\/uploads\/2019\/01\/2.png?resize=1050%2C600&ssl=1 3x"},"classes":[]}],"jetpack_sharing_enabled":true,"_links":{"self":[{"href":"https:\/\/alpoma.net\/tecob\/index.php?rest_route=\/wp\/v2\/posts\/6501","targetHints":{"allow":["GET"]}}],"collection":[{"href":"https:\/\/alpoma.net\/tecob\/index.php?rest_route=\/wp\/v2\/posts"}],"about":[{"href":"https:\/\/alpoma.net\/tecob\/index.php?rest_route=\/wp\/v2\/types\/post"}],"author":[{"embeddable":true,"href":"https:\/\/alpoma.net\/tecob\/index.php?rest_route=\/wp\/v2\/users\/1"}],"replies":[{"embeddable":true,"href":"https:\/\/alpoma.net\/tecob\/index.php?rest_route=%2Fwp%2Fv2%2Fcomments&post=6501"}],"version-history":[{"count":0,"href":"https:\/\/alpoma.net\/tecob\/index.php?rest_route=\/wp\/v2\/posts\/6501\/revisions"}],"wp:featuredmedia":[{"embeddable":true,"href":"https:\/\/alpoma.net\/tecob\/index.php?rest_route=\/wp\/v2\/media\/10764"}],"wp:attachment":[{"href":"https:\/\/alpoma.net\/tecob\/index.php?rest_route=%2Fwp%2Fv2%2Fmedia&parent=6501"}],"wp:term":[{"taxonomy":"category","embeddable":true,"href":"https:\/\/alpoma.net\/tecob\/index.php?rest_route=%2Fwp%2Fv2%2Fcategories&post=6501"},{"taxonomy":"post_tag","embeddable":true,"href":"https:\/\/alpoma.net\/tecob\/index.php?rest_route=%2Fwp%2Fv2%2Ftags&post=6501"}],"curies":[{"name":"wp","href":"https:\/\/api.w.org\/{rel}","templated":true}]}}