{"id":641,"date":"2006-12-12T18:54:37","date_gmt":"2006-12-12T16:54:37","guid":{"rendered":"http:\/\/www.alpoma.net\/tecob\/?p=641"},"modified":"2006-12-14T02:22:32","modified_gmt":"2006-12-14T00:22:32","slug":"de-la-terquedad-de-golgi-y-la-persistencia-de-cajal","status":"publish","type":"post","link":"https:\/\/alpoma.net\/tecob\/?p=641","title":{"rendered":"De la terquedad de Golgi y la persistencia de Cajal"},"content":{"rendered":"<p><a href=\"http:\/\/www.flickr.com\/photos\/alpoma\/320490081\/\" title=\"Photo Sharing\"><img loading=\"lazy\" decoding=\"async\" src=\"http:\/\/static.flickr.com\/138\/320490081_df3d2e83a3_o.jpg\" width=\"140\" height=\"203\" alt=\"micro\" class=\"dch\"\/><\/a>Estos d\u00edas <strong><a href=\"http:\/\/search.nobelprize.org\/search\/nobel\/?q=cajal&#038;i=en&#038;x=0&#038;y=0\">se cumple un siglo<\/a><\/strong> desde que <strong><a href=\"http:\/\/cajal.unizar.es\/sp\/bio\/biograf.html\">Santiago Ram\u00f3n y Cajal<\/a><\/strong> recibiera el Premio Nobel de Medicina, puede que haya pasado los \u00faltimos tiempos demasiado desconectado del mundo, pero me parece que <strong><a href=\"http:\/\/www.elcultural.es\/HTML\/20061207\/Ciencia\/Ciencia19296.asp\">pocos<\/a><\/strong> se han acordado que, salvo en el caso de<strong><a href=\"http:\/\/nobelprize.org\/nobel_prizes\/medicine\/laureates\/1959\/index.html\">Severo Ochoa<\/a> <\/strong>-a quien todav\u00eda recuerdo entra\u00f1ablemente en la \u00fanica vez que me encontr\u00e9 con \u00e9l, caminando por Gij\u00f3n hace muchos a\u00f1os y, para colmo, reconocido oficialmente como Nobel estadounidense, tambi\u00e9n en la categor\u00eda de Fisiolog\u00eda o Medicina- no hay m\u00e1s que un <strong>desierto<\/strong> en relaci\u00f3n a ese galard\u00f3n y la ciencia espa\u00f1ola. <strong>Ni un solo Nobel de f\u00edsica, ni de qu\u00edmica \u00bfno es s\u00edntoma de algo? <\/strong>Eso, por no hablar del desconocimiento general patrio sobre la <strong>historia de la ciencia espa\u00f1ola<\/strong>, mientras algunos se rasgan las vestiduras redactando y volviendo a redactar una y mil veces proyectos de <strong>\u00ableyes para memos hist\u00f3ricos\u00bb<\/strong><sup>1<\/sup>. Una cosa es la memoria, la historia, y otra muy diferente la querencia por un pasado brumoso surgido de una especie de nostalgia de lo \u00abno vivido\u00bb. Mientras tanto, la mayor\u00eda de los cient\u00edficos espa\u00f1oles de los \u00faltimos dos siglos yacen en el m\u00e1s profundo de los olvidos como si la ciencia no fuera parte de eso que tantas veces en may\u00fasculas llena la boca de bur\u00f3cratas, la CULTURA.<\/p>\n<p>En fin, al menos el nombre de Cajal resuena por doquier, aunque esos mismos gerifaltes que se prodigan en grandes discursos sobre la CULTURA ni siquiera sepan por qu\u00e9 Cajal es \u00abfamoso\u00bb o, lo que es peor, no tengan ni idea de lo que es una <strong><a href=\"http:\/\/es.wikipedia.org\/wiki\/Neurona\">neurona<\/a><\/strong>. Recuerdo con cari\u00f1o las horas que en la facultad ocuparon las pr\u00e1cticas de laboratorio con microscopios \u00f3pticos en <strong><a href=\"http:\/\/es.wikipedia.org\/wiki\/Histolog%C3%ADa\">histolog\u00eda<\/a><\/strong> o biolog\u00eda celular, al descubrir al otro lado de los fin\u00edsimos cortes de las preparaciones incluidas en parafina, m\u00e1s all\u00e1 del aceite de inmersi\u00f3n, te\u00f1idos por medio de complejas t\u00e9cnicas, los mundos de las c\u00e9lulas, las mism\u00edsimas neuronas apareciendo al ajustar el microm\u00e9trico como bosques enmara\u00f1ados formando el tejido nervioso&#8230; Cajal y Golgi, como <strong><a href=\"http:\/\/www.termila.com\/CONTENIDOHISTOLOGIA.html\">muchos otros hist\u00f3logos<\/a><\/strong> y bi\u00f3logos celulares, aparecen en el recuerdo cada vez que se realiza una preparaci\u00f3n con un <strong><a href=\"http:\/\/es.wikipedia.org\/wiki\/Micr%C3%B3tomo\">microtomo<\/a><\/strong> para destinarla al microscopio. <\/p>\n<p>El bueno de <strong><a href=\"http:\/\/www.historiadelamedicina.org\/Golgi.html\">Camilo Golgi<\/a><\/strong>, que comparti\u00f3 el Nobel con Cajal aquel 1906, no sin cabrearse por ello, era un tipo de lo m\u00e1s curioso, alguien a quien la cabezoner\u00eda pudo m\u00e1s que el sentido com\u00fan. C\u00f3mo entender sino que, teni\u00e9ndolo ante sus narices y habiendo desarrollado la t\u00e9cnica que propici\u00f3 su descubrimiento, no cayera en la cuenta de que el sistema nervioso no era una red \u00abdifusa\u00bb, en realidad compuesta por unidades celulares discretas, las <strong>neuronas.<\/strong><\/p>\n<p>La historia tiene su miga. Como de Cajal se han realizado incluso series de televisi\u00f3n, creo que para \u00abcelebrar\u00bb el centenario de aquellos gloriosos d\u00edas en que la histolog\u00eda se desarrollaba, estar\u00e1 bien recordar al <em>partenaire<\/em> de Cajal en Suecia, el insigne <strong>Camilo Golgi<\/strong>. El trabajo capital de Cajal sobre la \u00abtextura del sistema nervioso del hombre y de los vertebrados\u00bb hab\u00eda sido realizado en gran parte utilizando las t\u00e9cnicas de tinci\u00f3n de tejidos ideadas por Golgi, he aqu\u00ed el origen del enfado y la confusi\u00f3n que el propio Camilo se ocup\u00f3 en mantener largo tiempo. <\/p>\n<p>Golgi fue un gran cient\u00edfico, de eso no cabe la menor duda. Aquel italiano inquisitivo y curioso en extremo cuyo padre, m\u00e9dico rural, seguramente tuvo mucho que ver en el desarrollo de su vocaci\u00f3n m\u00e9dica, decidi\u00f3 explorar la ignota frontera de la mente humana y, en concreto, se mostr\u00f3 decidido a desentra\u00f1ar los enigmas de su soporte f\u00edsico, el <strong>tejido nervioso<\/strong>. Lejos de mostrarse de acuerdo con muchas de las extravagantes teor\u00edas de la \u00e9poca acerca del origen de las enfermedades mentales, pronto tom\u00f3 la decisi\u00f3n de realizar investigaciones encaminadas a aclarar si las lesiones en el sistema nervioso podr\u00edan ser las causantes de tales males. Aprendi\u00f3 a utilizar con maestr\u00eda los microscopios de la \u00e9poca y se centr\u00f3 apasionadamente en la investigaci\u00f3n histol\u00f3gica.<\/p>\n<p>En verdad, el ambiente en el que se mov\u00eda el voluntarioso Camilo no era nada propicio para verse animado a investigar. Estaba empleado como m\u00e9dico en una cl\u00ednica de beneficencia y, de laboratorio, nada de nada o, al menos, no contaba con algo m\u00ednimamente digno. Esto no detuvo su decisi\u00f3n de explorar los mundos de los tejidos biol\u00f3gicos as\u00ed que encontr\u00f3 la soluci\u00f3n perfecta, <strong>construy\u00f3 su propio laboratorio en casa<\/strong>. Tal dedicaci\u00f3n comenz\u00f3 a dar frutos pronto. En aquellos a\u00f1os de la d\u00e9cada de los setenta del siglo XIX no se contaba con t\u00e9cnicas muy depuradas en cuanto a la tinci\u00f3n de tejidos, algo vital a la hora de poder desentra\u00f1ar su estructura. Poco a poco, los pioneros de la histolog\u00eda hab\u00edan ido desarrollando sistemas de tinci\u00f3n, pero eran muy imperfectas cuando se aplicaban al tejido nervioso. Golgi, tras meses de probar todo tipo de ideas sobre la tinci\u00f3n, logr\u00f3 algo muy \u00fatil, a saber, a\u00f1adiendo nitrato de plata a muestras de tejido nervioso endurecidas durante d\u00edas en bicromato pot\u00e1sico, se desarrollaba la <strong>reacci\u00f3n cromoarg\u00e9ntica<\/strong> que hac\u00eda destacar a la vista del microscopio la estructura del tejido tanto tiempo \u00abfantasmal\u00bb. Este paso fundamental en el proceso de tinci\u00f3n del tejido nervioso fue reconocido ampliamente por sus colegas europeos, para satisfacci\u00f3n del italiano que ve\u00eda as\u00ed c\u00f3mo aparec\u00edan estudios de todo tipo publicados en revistas cient\u00edficas de todo el mundo basadas en su t\u00e9cnica. <\/p>\n<p>Ahora ya se dispon\u00eda de la tecnolog\u00eda para desenmara\u00f1ar la brumosa estructura del tejido nervioso, s\u00f3lo era cuesti\u00f3n de observar y tomar notas&#8230; Muchos lo intentaron, pero no era tan sencillo como se pens\u00f3 al principio. La t\u00e9cnica de tinci\u00f3n cromoarg\u00e9ntica de Golgi se mejor\u00f3 pronto, pero el sistema nervioso segu\u00eda sin desvelar sus secretos. Golgi y muchos otros hist\u00f3logos se empe\u00f1aron en lograr tal objetivo pero <strong>nunca pensaron que quien lo lograra fuera un espa\u00f1ol<\/strong>. En los a\u00f1os finales del siglo XIX, hablar de Espa\u00f1a con relaci\u00f3n a temas cient\u00edficos era poco menos que mentar una caverna oscura, en Europa nadie imaginaba que algo original en materia cient\u00edfica pudiera surgir del tal sitio as\u00ed que, cuando Cajal apareci\u00f3 para iluminar la, por tanto tiempo negra cueva, no fue reconocido su genio hasta pasado cierto tiempo de adaptaci\u00f3n porque, claro est\u00e1, \u00abuna idea tan genial no puede venir de&#8230;\u00bb<\/p>\n<p>Aunque Golgi hab\u00eda derribado con su t\u00e9cnica muchas de las premisas del <strong>reticularismo<\/strong> de Gerlach, teor\u00eda que planteaba la estructura del tejido nervioso a modo de red inextricable y difusa, vaya usted a saber si por cabezoner\u00eda, por acomodaci\u00f3n o porque le parec\u00eda, en el fondo, buena idea, sigui\u00f3 defendiendo la idea de la red continua, eso s\u00ed, afinando las descripciones. En realidad, a casi todos los hist\u00f3logos les parec\u00eda una idea aceptable el tomar al tejido nervioso de ese modo, a fin de cuentas muchos estudios hab\u00edan \u00abdemostrado\u00bb que la actividad nerviosa s\u00f3lo podr\u00eda explicarse planteando tal tejido como una red continua. Las formas de describir esa red eran m\u00faltiples, pero parec\u00eda haberse llegado a un consenso con respecto al problema fundamental&#8230; hasta que un espa\u00f1ol termin\u00f3 con aquel caduco modelo.<\/p>\n<p>A los escasos investigadores que planteaban la existencia de c\u00e9lulas nerviosas independientes no se les hac\u00eda demasiado caso, eran los que estaban \u00abfuera de juego\u00bb, en el campo de la histolog\u00eda nerviosa los reticularistas ganaban por goleada. Con los a\u00f1os, Golgi ocup\u00f3 diversos puestos de importancia en labores docentes e investigadoras, recibi\u00f3 honores y desarroll\u00f3 otros intereses, aparte de los histol\u00f3gicos, como la investigaci\u00f3n del mecanismo de transmisi\u00f3n de la malaria. Pero hab\u00eda clavada una espina en su coraz\u00f3n de cient\u00edfico, <strong>aferrado a su tozudez al defender la teor\u00eda reticularista<\/strong>, tuvo que compartir a su pesar el Nobel de Medicina con Cajal quien, gracias a sus dotes de observaci\u00f3n y, sobre todo, su mente abierta y su inquebrantable paciencia observadora, nacida de la perseverancia, hab\u00eda demostrado que las neuronas, las c\u00e9lulas que se conforman como elementos principales del tejido nervioso, no eran un mito sino que, al contrario, eran una realidad de vital importancia para comprender el funcionamiento de los organismos vivos. No s\u00e9 qu\u00e9 molestar\u00eda m\u00e1s a Golgi, si el que un desconocido espa\u00f1ol le \u00abfastidiara\u00bb sus creencias en el reticularismo o que, para colmo, el tes\u00f3n de Cajal diera sus frutos sobre la base del empleo de las t\u00e9cnicas de tinci\u00f3n que \u00e9l mismo hab\u00eda ideado. <\/p>\n<p>Hoy, en las escuelas, cuando se ense\u00f1a sobre el funcionamiento de las c\u00e9lulas, se cita al famoso <strong><a href=\"http:\/\/es.wikipedia.org\/wiki\/Aparato_de_Golgi\">aparato de Golgi<\/a><\/strong>, presente en el citoplasma celular y que, en honor a Camilo al haber sido pionero en su descripci\u00f3n, recibi\u00f3 ese nombre. L\u00e1stima que el italiano no pudiera verse reconocido por tal descubrimiento pues, hasta la llegada a mediados de los cuarenta del siglo XX de la microscop\u00eda electr\u00f3nica, no se pudo verificar que el aparato de Golgi era real y no un artefacto ficticio aparecido durante la manipulaci\u00f3n de las muestras, tal y como muchos plantearon durante a\u00f1os. Durante las primeras dos d\u00e9cadas del pasado siglo, Golgi se desmarc\u00f3 poco a poco de la investigaci\u00f3n histol\u00f3gica y centr\u00f3 su atenci\u00f3n en diversos temas sociales e incluso se meti\u00f3 a pol\u00edtico pero, lo que nunca cambi\u00f3, ni tan siquiera en 1926, cuando falleci\u00f3, fue su opini\u00f3n sobre Cajal y la concepci\u00f3n del tejido nervioso desde el punto de vista celular. <strong>Aunque para entonces ya casi nadie pensaba que la teor\u00eda reticular fuera v\u00e1lida, Golgi segu\u00eda, cabezonamente, negando que Don Santiago tuviera raz\u00f3n<\/strong>.<\/p>\n<p>______________<br \/>\n<sup>1<\/sup> Dado que la frasecita ha creado diversos malentendidos, recomiendo que se lean los comentarios a este art\u00edculo.<\/p>\n","protected":false},"excerpt":{"rendered":"<div class=\"mh-excerpt\"><p>Estos d\u00edas se cumple un siglo desde que Santiago Ram\u00f3n y Cajal recibiera el Premio Nobel de Medicina, puede que haya pasado los \u00faltimos tiempos demasiado desconectado del mundo, pero <a class=\"mh-excerpt-more\" href=\"https:\/\/alpoma.net\/tecob\/?p=641\" title=\"De la terquedad de Golgi y la persistencia de Cajal\">[&#8230;]<\/a><\/p>\n<\/div>","protected":false},"author":1,"featured_media":0,"comment_status":"open","ping_status":"open","sticky":false,"template":"","format":"standard","meta":{"jetpack_post_was_ever_published":false,"_jetpack_newsletter_access":"","_jetpack_dont_email_post_to_subs":false,"_jetpack_newsletter_tier_id":0,"_jetpack_memberships_contains_paywalled_content":false,"_jetpack_memberships_contains_paid_content":false,"footnotes":""},"categories":[4,3],"tags":[],"class_list":["post-641","post","type-post","status-publish","format-standard","hentry","category-innovacion","category-obsolescencia"],"jetpack_featured_media_url":"","jetpack_shortlink":"https:\/\/wp.me\/p93Dc1-al","jetpack-related-posts":[{"id":11383,"url":"https:\/\/alpoma.net\/tecob\/?p=11383","url_meta":{"origin":641,"position":0},"title":"P\u00edo del R\u00edo Hortega, explorador del tejido nervioso","author":"alpoma","date":"27 mayo 2015","format":false,"excerpt":"Versi\u00f3n reducida del art\u00edculo que publiqu\u00e9 en la revista Historia de Iberia Vieja, n\u00famero 119, mayo de 2015. Don P\u00edo era un hombre de estatura algo inferior a la media, enjuto cual castellano de la meseta, y de escaso peso. Ten\u00eda la cabeza peque\u00f1a, de finos y delicados rasgos; su\u2026","rel":"","context":"En \u00abMade in Spain\u00bb","block_context":{"text":"Made in Spain","link":"https:\/\/alpoma.net\/tecob\/?cat=10"},"img":{"alt_text":"","src":"https:\/\/i0.wp.com\/alpoma.net\/tecob\/wp-content\/uploads\/2015\/05\/Pio_del_Rio_Hortega.jpg?resize=350%2C200&ssl=1","width":350,"height":200,"srcset":"https:\/\/i0.wp.com\/alpoma.net\/tecob\/wp-content\/uploads\/2015\/05\/Pio_del_Rio_Hortega.jpg?resize=350%2C200&ssl=1 1x, https:\/\/i0.wp.com\/alpoma.net\/tecob\/wp-content\/uploads\/2015\/05\/Pio_del_Rio_Hortega.jpg?resize=525%2C300&ssl=1 1.5x, https:\/\/i0.wp.com\/alpoma.net\/tecob\/wp-content\/uploads\/2015\/05\/Pio_del_Rio_Hortega.jpg?resize=700%2C400&ssl=1 2x"},"classes":[]},{"id":3661,"url":"https:\/\/alpoma.net\/tecob\/?p=3661","url_meta":{"origin":641,"position":1},"title":"Severo Ochoa y el c\u00f3digo de la vida","author":"alpoma","date":"3 noviembre 2010","format":false,"excerpt":"El presente art\u00edculo corresponde a una versi\u00f3n reducida del que publiqu\u00e9 en la revista Historia de Iberia Vieja en su edici\u00f3n del mes de noviembre de 2010. Creo que es un gran honor, lo mejor que le puede suceder a un cient\u00edfico. Pero no pienso que un cient\u00edfico necesite un\u2026","rel":"","context":"En \u00abMade in Spain\u00bb","block_context":{"text":"Made in Spain","link":"https:\/\/alpoma.net\/tecob\/?cat=10"},"img":{"alt_text":"","src":"https:\/\/i0.wp.com\/alpoma.net\/tecob\/wp-content\/uploads\/2010\/11\/5143001910_1ece0ba650.jpg?resize=350%2C200&ssl=1","width":350,"height":200},"classes":[]},{"id":855,"url":"https:\/\/alpoma.net\/tecob\/?p=855","url_meta":{"origin":641,"position":2},"title":"Warren de la Rue, Cajal y el eclipse de 1860","author":"alpoma","date":"12 marzo 2008","format":false,"excerpt":"Comentaba Ricardo Becerro de Bengoa, en su obra El Libro de \u00c1lava, de 1877, la siguiente cuesti\u00f3n sobre Rivabellosa o, como \u00e9l refiere, Ribabellosa, pueblecito alav\u00e9s cercano a Miranda de Ebro: Lugar doblemente c\u00e9lebre por un hecho hist\u00f3rico y por otro cient\u00edfico. El primero fue la reuni\u00f3n de las Juntas\u2026","rel":"","context":"En \u00abObsolescencia\u00bb","block_context":{"text":"Obsolescencia","link":"https:\/\/alpoma.net\/tecob\/?cat=3"},"img":{"alt_text":"","src":"","width":0,"height":0},"classes":[]},{"id":6876,"url":"https:\/\/alpoma.net\/tecob\/?p=6876","url_meta":{"origin":641,"position":3},"title":"Una visita al Museo de Anatom\u00eda de Valladolid","author":"alpoma","date":"10 julio 2012","format":false,"excerpt":"La semana pasada, aprovechando una visita con el equipo de mi empresa para una investigaci\u00f3n sobre osteopatolog\u00eda en el Laboratorio de Antropolog\u00eda de la Universidad de Valladolid, me asom\u00e9 un rato a un museo de lo m\u00e1s interesante. Hac\u00eda muchos a\u00f1os que no iba por all\u00ed y me alegra ver\u2026","rel":"","context":"En \u00abMade in Spain\u00bb","block_context":{"text":"Made in Spain","link":"https:\/\/alpoma.net\/tecob\/?cat=10"},"img":{"alt_text":"IMG_3486","src":"https:\/\/i0.wp.com\/farm8.staticflickr.com\/7118\/7544008968_c51cca5a63_n.jpg?resize=350%2C200","width":350,"height":200},"classes":[]},{"id":1976,"url":"https:\/\/alpoma.net\/tecob\/?p=1976","url_meta":{"origin":641,"position":4},"title":"Jos\u00e9 Echegaray, el Nobel ignorado","author":"alpoma","date":"11 enero 2010","format":false,"excerpt":"Extractos del art\u00edculo que publiqu\u00e9 en Historia de Iberia Vieja, n\u00famero de diciembre de 2009. Estaba ya en el declinar de su vida, cuando se apetece el reposo y el recuerdo tiene m\u00e1s valor que la esperanza, cuando las Academias acogedoras prolongan artificialmente la vida cient\u00edfica de los sabios agotados\u2026","rel":"","context":"En \u00abMade in Spain\u00bb","block_context":{"text":"Made in Spain","link":"https:\/\/alpoma.net\/tecob\/?cat=10"},"img":{"alt_text":"","src":"","width":0,"height":0},"classes":[]},{"id":8244,"url":"https:\/\/alpoma.net\/tecob\/?p=8244","url_meta":{"origin":641,"position":5},"title":"La batalla del doctor Jaume Ferran i Clua contra el c\u00f3lera","author":"alpoma","date":"1 junio 2013","format":false,"excerpt":"Versi\u00f3n reducida del art\u00edculo que publiqu\u00e9 en la revista Historia de Iberia Vieja, edici\u00f3n de junio de 2013. Y como parece ser ley fatal que todo grande invento ha de tropezar con una oposici\u00f3n proporcionada, moral y materialmente, a su grandeza, el suyo sufri\u00f3 suerte tan accidentada por los ataques\u2026","rel":"","context":"En \u00abMade in Spain\u00bb","block_context":{"text":"Made in Spain","link":"https:\/\/alpoma.net\/tecob\/?cat=10"},"img":{"alt_text":"Jaume Ferran i Clua","src":"https:\/\/i0.wp.com\/farm6.staticflickr.com\/5458\/8915441604_01c14b18b2_m.jpg?resize=350%2C200","width":350,"height":200},"classes":[]}],"jetpack_sharing_enabled":true,"_links":{"self":[{"href":"https:\/\/alpoma.net\/tecob\/index.php?rest_route=\/wp\/v2\/posts\/641","targetHints":{"allow":["GET"]}}],"collection":[{"href":"https:\/\/alpoma.net\/tecob\/index.php?rest_route=\/wp\/v2\/posts"}],"about":[{"href":"https:\/\/alpoma.net\/tecob\/index.php?rest_route=\/wp\/v2\/types\/post"}],"author":[{"embeddable":true,"href":"https:\/\/alpoma.net\/tecob\/index.php?rest_route=\/wp\/v2\/users\/1"}],"replies":[{"embeddable":true,"href":"https:\/\/alpoma.net\/tecob\/index.php?rest_route=%2Fwp%2Fv2%2Fcomments&post=641"}],"version-history":[{"count":0,"href":"https:\/\/alpoma.net\/tecob\/index.php?rest_route=\/wp\/v2\/posts\/641\/revisions"}],"wp:attachment":[{"href":"https:\/\/alpoma.net\/tecob\/index.php?rest_route=%2Fwp%2Fv2%2Fmedia&parent=641"}],"wp:term":[{"taxonomy":"category","embeddable":true,"href":"https:\/\/alpoma.net\/tecob\/index.php?rest_route=%2Fwp%2Fv2%2Fcategories&post=641"},{"taxonomy":"post_tag","embeddable":true,"href":"https:\/\/alpoma.net\/tecob\/index.php?rest_route=%2Fwp%2Fv2%2Ftags&post=641"}],"curies":[{"name":"wp","href":"https:\/\/api.w.org\/{rel}","templated":true}]}}