{"id":6371,"date":"2012-03-10T17:59:32","date_gmt":"2012-03-10T15:59:32","guid":{"rendered":"http:\/\/www.alpoma.net\/tecob\/?p=6371"},"modified":"2012-04-07T00:04:52","modified_gmt":"2012-04-06T22:04:52","slug":"ya-esta-a-la-venta-mi-novela-el-viaje-de-argos","status":"publish","type":"post","link":"https:\/\/alpoma.net\/tecob\/?p=6371","title":{"rendered":"Ya est\u00e1 a la venta mi novela &#8216;El viaje de Argos&#8217;"},"content":{"rendered":"<p><img decoding=\"async\" src=\"http:\/\/farm8.staticflickr.com\/7024\/6842079725_f69a0c041d_m.jpg\" alt=\"Portada de El viaje de Argos\" class=\"dch\"\/>Hace unos d\u00edas <strong><a href=\"http:\/\/www.alpoma.net\/tecob\/?p=6199\">os present\u00e9 mi novela<\/a> <em>El viaje de Argos<\/em><\/strong>. Hoy, por fin ha salido a la venta, as\u00ed que si quieres hacerte con ella (de momento s\u00f3lo en <em>eBook<\/em>, la opci\u00f3n de papel est\u00e1 en el aire y puede que nunca llegue a ser algo real si la versi\u00f3n electr\u00f3nica no tiene cierto \u00e9xito) aqu\u00ed tienes diferentes caminos para ello: \ud83d\ude09<\/p>\n<h3><a href=\"http:\/\/www.alpoma.com\/argos\">[Visita la web de la novela con materiales adicionales]<\/a><\/h3>\n<blockquote>\n<ul>\n<li><strong><a href=\"http:\/\/www.amazon.es\/El-viaje-de-Argos-ebook\/dp\/B007PZVEDK\/ref=sr_1_2?ie=UTF8&#038;qid=1333114466&#038;sr=8-2\">Amazon Kindle<\/a><\/strong>.<\/li>\n<li><strong><a href=\"http:\/\/itunes.apple.com\/es\/book\/el-viaje-de-argos\/id504788968?mt=11\">iBookstore de Apple<\/a><\/strong>.<\/li>\n<li><a href=\"http:\/\/ebooks.fnac.es\/es\/libros\/ficha\/9788448004996\"><strong>Fnac<\/strong><\/a>.<\/li>\n<li><a href=\"http:\/\/www.casadellibro.com\/ebook-el-viaje-de-argos-ebook\/9788448004996\/1967713\"><strong>Casa del Libro<\/strong><\/a>.<\/li>\n<li><strong><a href=\"http:\/\/tienda.cyberdark.net\/el-viaje-de-argos-ebook-n61043.html\">Cyberdark<\/a><\/strong>.<\/li>\n<\/ul>\n<\/blockquote>\n<h3>Ficha del libro<\/h3>\n<p><strong>Autor<\/strong>: Alejandro Polanco Masa &#8211;  <strong>ISBN<\/strong>: 978-84-480-0499-6 &#8211; <strong>Formato<\/strong>: EPUB (y versiones para iTunes iBookstore y Amazon Kindle) &#8211;  <strong>Fecha &#8211; Publicaci\u00f3n<\/strong>: 10\/03\/2012.<\/p>\n<p><em>Desde la noche de los tiempos un enigm\u00e1tico astro llamado Argos siembra la atm\u00f3sfera con una substancia muy especial. S\u00f3lo un peque\u00f1o grupo de sabios sabe c\u00f3mo recolectar y emplear esa esencia de los cielos que permite la vida eterna. Pero en pleno auge de la Roma imperial, un desastre sacude a la hermandad de sabios. Desperdigados por el mundo y sin los conocimientos necesarios para mantener la inmortalidad, vagar\u00e1n sin rumbo, condenados al olvido. Hasta que en el siglo XXI, una inquieta historiadora, Irene Abad, descubre un antiguo mapa que, sin saberlo, la conducir\u00e1 hasta el peligroso secreto que los Hijos de Argos hab\u00edan perseguido durante dos milenios.<\/p>\n<p>El viaje de Argos es una novela a medio camino entre la ciencia ficci\u00f3n y la novela hist\u00f3rica, en la que sus personajes nos llevan por un escenario m\u00e1gico y real al mismo tiempo, un viaje que recorre algunos de los cap\u00edtulos m\u00e1s apasionantes de la historia del mundo.<\/em><\/p>\n<ul>\n<li><a href=\"http:\/\/www.scyla.com\/ebook\/12\/viaje_argos\">Ficha oficial en Scyla &#8211; Grupo Planeta<\/a><\/li>\n<li><a href=\"http:\/\/www.planetadelibros.com\/el-viaje-de-argos-libro-67348.html\">Ficha en Planeta de libros<\/a>.<\/li>\n<\/ul>\n","protected":false},"excerpt":{"rendered":"<div class=\"mh-excerpt\"><p>Hace unos d\u00edas os present\u00e9 mi novela El viaje de Argos. Hoy, por fin ha salido a la venta, as\u00ed que si quieres hacerte con ella (de momento s\u00f3lo en <a class=\"mh-excerpt-more\" href=\"https:\/\/alpoma.net\/tecob\/?p=6371\" title=\"Ya est\u00e1 a la venta mi novela &#8216;El viaje de Argos&#8217;\">[&#8230;]<\/a><\/p>\n<\/div>","protected":false},"author":1,"featured_media":0,"comment_status":"open","ping_status":"open","sticky":false,"template":"","format":"standard","meta":{"jetpack_post_was_ever_published":false,"_jetpack_newsletter_access":"","_jetpack_dont_email_post_to_subs":false,"_jetpack_newsletter_tier_id":0,"_jetpack_memberships_contains_paywalled_content":false,"_jetpack_memberships_contains_paid_content":false,"footnotes":""},"categories":[2],"tags":[],"class_list":["post-6371","post","type-post","status-publish","format-standard","hentry","category-personal"],"jetpack_featured_media_url":"","jetpack_shortlink":"https:\/\/wp.me\/p93Dc1-1EL","jetpack-related-posts":[{"id":10190,"url":"https:\/\/alpoma.net\/tecob\/?p=10190","url_meta":{"origin":6371,"position":0},"title":"Mi novela, \u00abEl viaje de Argos\u00bb, disponible en papel","author":"alpoma","date":"31 octubre 2014","format":false,"excerpt":"Hoy ha salido a la venta la edici\u00f3n en papel de mi novela \"El viaje de Argos\", que vio la luz hace dos a\u00f1os en forma de e-book. Editada por Glyphos Publicaciones, nace en papel con una portada muy especial que ha realizado el gran Alfonso Azpiri. Tiempo habr\u00e1 m\u00e1s\u2026","rel":"","context":"En \u00abPersonal\u00bb","block_context":{"text":"Personal","link":"https:\/\/alpoma.net\/tecob\/?cat=2"},"img":{"alt_text":"el_viaje_de_argos_alejandro_polanco_ilustracion_de_azpiri","src":"https:\/\/i0.wp.com\/www.alpoma.net\/tecob\/wp-content\/uploads\/2014\/10\/el_viaje_de_argos_alejandro_polanco_ilustracion_de_azpiri-218x300.png?resize=350%2C200","width":350,"height":200},"classes":[]},{"id":6199,"url":"https:\/\/alpoma.net\/tecob\/?p=6199","url_meta":{"origin":6371,"position":1},"title":"Os presento mi primera novela: El viaje de Argos.","author":"alpoma","date":"8 febrero 2012","format":false,"excerpt":"Habr\u00e1 a quien le suene el t\u00edtulo, porque es el mismo que utilic\u00e9 para un proyecto de revista hace tiempo, pero no tiene nada que ver con lo que hoy os quiero comentar. S\u00ed, aunque lleva terminada desde principios de 2009, ser\u00e1 a comienzos del pr\u00f3ximo mes de marzo cuando\u2026","rel":"","context":"En \u00abPersonal\u00bb","block_context":{"text":"Personal","link":"https:\/\/alpoma.net\/tecob\/?cat=2"},"img":{"alt_text":"Portada de El viaje de Argos","src":"https:\/\/i0.wp.com\/farm8.staticflickr.com\/7024\/6842079725_f69a0c041d_m.jpg?resize=350%2C200","width":350,"height":200},"classes":[]},{"id":7866,"url":"https:\/\/alpoma.net\/tecob\/?p=7866","url_meta":{"origin":6371,"position":2},"title":"El viaje de Argos cumple un a\u00f1o","author":"alpoma","date":"25 febrero 2013","format":false,"excerpt":"Se cumple ahora un a\u00f1o desde que Planeta editara mi primera novela, El viaje de Argos. En estos meses han sido muchos quienes se han acercado a sus p\u00e1ginas, muchos m\u00e1s de los que imagin\u00e9 en principio y, tambi\u00e9n, han sido muchos los que han escrito sobre esta aventura, sorprendentemente\u2026","rel":"","context":"En \u00abPersonal\u00bb","block_context":{"text":"Personal","link":"https:\/\/alpoma.net\/tecob\/?cat=2"},"img":{"alt_text":"","src":"","width":0,"height":0},"classes":[]},{"id":6826,"url":"https:\/\/alpoma.net\/tecob\/?p=6826","url_meta":{"origin":6371,"position":3},"title":"Turismo y lectura para este verano con \u00abEl viaje de Argos\u00bb","author":"alpoma","date":"1 julio 2012","format":false,"excerpt":"Aunque en el website de mi novela El viaje de Argos ya hay material adicional, fotos y mapas, creo que faltaba algo para completar el c\u00edrculo. Por ello, adem\u00e1s de recomendar de nuevo la lectura del libro, como no pod\u00eda ser de otro modo, he creado un mapa que re\u00fane\u2026","rel":"","context":"En \u00abPersonal\u00bb","block_context":{"text":"Personal","link":"https:\/\/alpoma.net\/tecob\/?cat=2"},"img":{"alt_text":"La Reana (Fuentes Tam\u00e1ricas) Velilla del R\u00edo Carri\u00f3n - Palencia","src":"https:\/\/i0.wp.com\/farm3.staticflickr.com\/2672\/4178339781_d76a6a4b8c_m.jpg?resize=350%2C200","width":350,"height":200},"classes":[]},{"id":6517,"url":"https:\/\/alpoma.net\/tecob\/?p=6517","url_meta":{"origin":6371,"position":4},"title":"Contenidos adicionales para `El viaje de Argos\u00b4","author":"alpoma","date":"7 abril 2012","format":false,"excerpt":"Desde que termin\u00e9 de escribir El viaje de Argos, all\u00e1 por le mes de marzo de 2009 siempre imagin\u00e9, en caso de que alguna vez fuera editada la novela, que ser\u00eda muy buena idea contar con un website propio para ella. Al final, una vez editado el libro este mes\u2026","rel":"","context":"En \u00abPersonal\u00bb","block_context":{"text":"Personal","link":"https:\/\/alpoma.net\/tecob\/?cat=2"},"img":{"alt_text":"","src":"","width":0,"height":0},"classes":[]},{"id":11245,"url":"https:\/\/alpoma.net\/tecob\/?p=11245","url_meta":{"origin":6371,"position":5},"title":"Este viernes d\u00eda 10, estar\u00e9 junto a Alfonso Azpiri en Valladolid","author":"alpoma","date":"8 abril 2015","format":false,"excerpt":"No soy muy dado a estas cosas, pero si tienes inter\u00e9s en conocerme y\/o en que firme alguno de mis libros, tienes una oportunidad este viernes d\u00eda 10 en Valladolid. Glyphos Publicaciones junto a la Asociaci\u00f3n Cultural El Planeta de los C\u00f3mics han organizado un encuentro con el magistral ilustrador\u2026","rel":"","context":"En \u00abPersonal\u00bb","block_context":{"text":"Personal","link":"https:\/\/alpoma.net\/tecob\/?cat=2"},"img":{"alt_text":"","src":"https:\/\/i0.wp.com\/alpoma.net\/tecob\/wp-content\/uploads\/2015\/04\/11060090_962646183775813_2022794287671525026_n.jpg?resize=350%2C200&ssl=1","width":350,"height":200,"srcset":"https:\/\/i0.wp.com\/alpoma.net\/tecob\/wp-content\/uploads\/2015\/04\/11060090_962646183775813_2022794287671525026_n.jpg?resize=350%2C200&ssl=1 1x, https:\/\/i0.wp.com\/alpoma.net\/tecob\/wp-content\/uploads\/2015\/04\/11060090_962646183775813_2022794287671525026_n.jpg?resize=525%2C300&ssl=1 1.5x"},"classes":[]}],"jetpack_sharing_enabled":true,"_links":{"self":[{"href":"https:\/\/alpoma.net\/tecob\/index.php?rest_route=\/wp\/v2\/posts\/6371","targetHints":{"allow":["GET"]}}],"collection":[{"href":"https:\/\/alpoma.net\/tecob\/index.php?rest_route=\/wp\/v2\/posts"}],"about":[{"href":"https:\/\/alpoma.net\/tecob\/index.php?rest_route=\/wp\/v2\/types\/post"}],"author":[{"embeddable":true,"href":"https:\/\/alpoma.net\/tecob\/index.php?rest_route=\/wp\/v2\/users\/1"}],"replies":[{"embeddable":true,"href":"https:\/\/alpoma.net\/tecob\/index.php?rest_route=%2Fwp%2Fv2%2Fcomments&post=6371"}],"version-history":[{"count":0,"href":"https:\/\/alpoma.net\/tecob\/index.php?rest_route=\/wp\/v2\/posts\/6371\/revisions"}],"wp:attachment":[{"href":"https:\/\/alpoma.net\/tecob\/index.php?rest_route=%2Fwp%2Fv2%2Fmedia&parent=6371"}],"wp:term":[{"taxonomy":"category","embeddable":true,"href":"https:\/\/alpoma.net\/tecob\/index.php?rest_route=%2Fwp%2Fv2%2Fcategories&post=6371"},{"taxonomy":"post_tag","embeddable":true,"href":"https:\/\/alpoma.net\/tecob\/index.php?rest_route=%2Fwp%2Fv2%2Ftags&post=6371"}],"curies":[{"name":"wp","href":"https:\/\/api.w.org\/{rel}","templated":true}]}}