{"id":6357,"date":"2012-03-06T23:51:02","date_gmt":"2012-03-06T21:51:02","guid":{"rendered":"http:\/\/www.alpoma.net\/tecob\/?p=6357"},"modified":"2012-03-06T23:51:02","modified_gmt":"2012-03-06T21:51:02","slug":"la-minuscula-huella-humana-en-la-via-lactea","status":"publish","type":"post","link":"https:\/\/alpoma.net\/tecob\/?p=6357","title":{"rendered":"La min\u00fascula huella humana en la V\u00eda L\u00e1ctea"},"content":{"rendered":"<p>Hace m\u00e1s o menos un siglo que la humanidad comenz\u00f3 a emplear las <strong>ondas de radio <\/strong>de forma masiva para comunicarse. As\u00ed, puede decirse que <strong>hace ya una centuria que venimos gritando al universo que existimos<\/strong>, pues una burbuja de emisiones de radio se est\u00e1 expandiendo desde este peque\u00f1o punto azul que es la Tierra a la velocidad de la luz. Puede parecer mucho, pero <strong>visto de forma adecuada queda claro que esa huella es min\u00fascula<\/strong>, por no decir que rid\u00edcula. Puede que haya por ah\u00ed civilizaciones extraterrestres a la escucha, pero mucho me temo que nuestra huella es todav\u00eda demasiado pobre como para llamar la atenci\u00f3n de nadie. Esto es lo que pens\u00f3 <strong><a href=\"http:\/\/blog.jackadam.net\/2011\/the-tiny-humanity-bubble\/\">Adam Grossman<\/a><\/strong> a la hora de crear este mapa que, partiendo de una imagen ideal de la <strong><a href=\"http:\/\/es.wikipedia.org\/wiki\/V%C3%ADa_L%C3%A1ctea\">V\u00eda L\u00e1ctea<\/a><\/strong> con sus 100.000 a\u00f1os luz de di\u00e1metro medio, nos ense\u00f1a <strong>c\u00f3mo se ve una burbuja de cien a\u00f1os luz de radio<\/strong>, con nuestro mundo en el centro. S\u00ed, ese peque\u00f1o punto resaltado es nuestra burbuja de radio. <\/p>\n<p><strong><a href=\"http:\/\/jackadam.net\/misc\/radio_broadcasts\/radio_broadcasts.jpg\">| Ampliar imagen |<\/a><\/strong><br \/>\n<a href=\"http:\/\/www.flickr.com\/photos\/alpoma\/6813884570\/\" title=\"burbuja_200A, on Flickr\"><img loading=\"lazy\" decoding=\"async\" src=\"http:\/\/farm8.staticflickr.com\/7195\/6813884570_290a62a2d6_o.jpg\" width=\"620\" height=\"620\" alt=\"burbuja_200A\" class=\"otros\"\/><\/a><\/p>\n<p>| V\u00eda <a href=\"http:\/\/www.geographictravels.com\/2012\/03\/map-of-humans-radio-outreach-in-milky.html\">Geographic Travels<\/a> |<\/p>\n","protected":false},"excerpt":{"rendered":"<div class=\"mh-excerpt\"><p>Hace m\u00e1s o menos un siglo que la humanidad comenz\u00f3 a emplear las ondas de radio de forma masiva para comunicarse. As\u00ed, puede decirse que hace ya una centuria que <a class=\"mh-excerpt-more\" href=\"https:\/\/alpoma.net\/tecob\/?p=6357\" title=\"La min\u00fascula huella humana en la V\u00eda L\u00e1ctea\">[&#8230;]<\/a><\/p>\n<\/div>","protected":false},"author":1,"featured_media":10582,"comment_status":"open","ping_status":"open","sticky":false,"template":"","format":"standard","meta":{"jetpack_post_was_ever_published":false,"_jetpack_newsletter_access":"","_jetpack_dont_email_post_to_subs":false,"_jetpack_newsletter_tier_id":0,"_jetpack_memberships_contains_paywalled_content":false,"_jetpack_memberships_contains_paid_content":false,"footnotes":""},"categories":[5],"tags":[],"class_list":["post-6357","post","type-post","status-publish","format-standard","has-post-thumbnail","hentry","category-geo"],"jetpack_featured_media_url":"https:\/\/alpoma.net\/tecob\/wp-content\/uploads\/2012\/03\/6813884570_290a62a2d6_o.jpg","jetpack_shortlink":"https:\/\/wp.me\/p93Dc1-1Ex","jetpack-related-posts":[{"id":5208,"url":"https:\/\/alpoma.net\/tecob\/?p=5208","url_meta":{"origin":6357,"position":0},"title":"El molesto ruido del Big Bang","author":"alpoma","date":"15 agosto 2011","format":false,"excerpt":"Las hojas del calendario pertenenciente al a\u00f1o 1964 iban cayendo poco a poco. Cinco a\u00f1os antes se hab\u00eda levantado en los laboratorios de la Bell Telephone de Holmdel, Nueva Jersey, una extra\u00f1a antena articulada de aluminio con forma de cuerno de unos seis metros de apertura en su boca. Originalmente\u2026","rel":"","context":"En \u00abObsolescencia\u00bb","block_context":{"text":"Obsolescencia","link":"https:\/\/alpoma.net\/tecob\/?cat=3"},"img":{"alt_text":"","src":"https:\/\/i0.wp.com\/alpoma.net\/tecob\/wp-content\/uploads\/2011\/08\/6047359816_fbaaf87611_o.jpg?resize=350%2C200&ssl=1","width":350,"height":200,"srcset":"https:\/\/i0.wp.com\/alpoma.net\/tecob\/wp-content\/uploads\/2011\/08\/6047359816_fbaaf87611_o.jpg?resize=350%2C200&ssl=1 1x, https:\/\/i0.wp.com\/alpoma.net\/tecob\/wp-content\/uploads\/2011\/08\/6047359816_fbaaf87611_o.jpg?resize=525%2C300&ssl=1 1.5x"},"classes":[]},{"id":5240,"url":"https:\/\/alpoma.net\/tecob\/?p=5240","url_meta":{"origin":6357,"position":1},"title":"La antena de Jansky","author":"alpoma","date":"23 agosto 2011","format":false,"excerpt":"La menci\u00f3n al casual encuentro con la radiaci\u00f3n de fondo de microondas, tal y como coment\u00e9 hace pocos d\u00edas, me ha tra\u00eddo a la memoria otra de esas \"casualidades\" que han hecho historia. La radioastronom\u00eda pudo haber nacido de mil maneras diferentes, pero tuvo que ser un joven que atend\u00eda\u2026","rel":"","context":"En \u00abObsolescencia\u00bb","block_context":{"text":"Obsolescencia","link":"https:\/\/alpoma.net\/tecob\/?cat=3"},"img":{"alt_text":"","src":"https:\/\/i0.wp.com\/alpoma.net\/tecob\/wp-content\/uploads\/2011\/08\/6073532665_707cf1c3d3_o.jpg?resize=350%2C200&ssl=1","width":350,"height":200,"srcset":"https:\/\/i0.wp.com\/alpoma.net\/tecob\/wp-content\/uploads\/2011\/08\/6073532665_707cf1c3d3_o.jpg?resize=350%2C200&ssl=1 1x, https:\/\/i0.wp.com\/alpoma.net\/tecob\/wp-content\/uploads\/2011\/08\/6073532665_707cf1c3d3_o.jpg?resize=525%2C300&ssl=1 1.5x"},"classes":[]},{"id":714,"url":"https:\/\/alpoma.net\/tecob\/?p=714","url_meta":{"origin":6357,"position":2},"title":"Nunca digas nunca jam\u00e1s&#8230;","author":"alpoma","date":"27 abril 2007","format":false,"excerpt":"Me he encontrado con esta historia varias veces en los \u00faltimos a\u00f1os, pero no por ello deja de sorprenderme. Esta vez ha sido en las p\u00e1ginas del \u00faltimo libro de Richard Dawkins1, El espejismo de dios, al que, por cierto, dedicar\u00e9 un art\u00edculo pr\u00f3ximamente, si el tiempo y el \u00e1nimo\u2026","rel":"","context":"En \u00abObsolescencia\u00bb","block_context":{"text":"Obsolescencia","link":"https:\/\/alpoma.net\/tecob\/?cat=3"},"img":{"alt_text":"","src":"https:\/\/i0.wp.com\/alpoma.net\/tecob\/wp-content\/uploads\/2007\/04\/473909222_16244a9eff_m.jpg?resize=350%2C200&ssl=1","width":350,"height":200},"classes":[]},{"id":664,"url":"https:\/\/alpoma.net\/tecob\/?p=664","url_meta":{"origin":6357,"position":3},"title":"Pedazos de tiempo","author":"alpoma","date":"18 enero 2007","format":false,"excerpt":"El sentido com\u00fan, o mejor, nuestro cerebro creando una ilusi\u00f3n, nos indica que el tiempo transcurre sin ninguna duda desde el imborrable pasado hacia el futuro, a trav\u00e9s del presente. Eso es lo que sentimos, vemos y tenemos por cierto, pero \u00bfqu\u00e9 es el tiempo? Acertadamente San Agust\u00edn de Hipona\u2026","rel":"","context":"En \u00abGeneral\u00bb","block_context":{"text":"General","link":"https:\/\/alpoma.net\/tecob\/?cat=1"},"img":{"alt_text":"","src":"","width":0,"height":0},"classes":[]},{"id":406,"url":"https:\/\/alpoma.net\/tecob\/?p=406","url_meta":{"origin":6357,"position":4},"title":"Nav\u00edos estelares","author":"alpoma","date":"20 marzo 2006","format":false,"excerpt":"Con el tiempo, viajar por nuestro Sistema Solar ser\u00e1 tan f\u00e1cil como volar de Madrid a Nueva York. Crearemos colonias en los lugares m\u00e1s prometedores para la vida, como Marte. En algunos de esos planetas elegidos podremos plantearnos incluso el modificar la \"ecolog\u00eda\" natural para adecuarla a la vida humana.\u2026","rel":"","context":"En \u00abInnovaci\u00f3n\u00bb","block_context":{"text":"Innovaci\u00f3n","link":"https:\/\/alpoma.net\/tecob\/?cat=4"},"img":{"alt_text":"","src":"","width":0,"height":0},"classes":[]},{"id":7490,"url":"https:\/\/alpoma.net\/tecob\/?p=7490","url_meta":{"origin":6357,"position":5},"title":"De Joseph Priestley a John B. Spark, dos visiones del tiempo y el espacio","author":"alpoma","date":"11 noviembre 2012","format":false,"excerpt":"La forma de entender el mundo en diversas culturas tiene mucho que ver con c\u00f3mo se representa el tiempo y el espacio de forma visual. Naturalmente, esas formas de crear representaciones de la realidad son muy diversas y han cambiado a lo largo del tiempo, por lo que a alguien\u2026","rel":"","context":"En \u00abObsolescencia\u00bb","block_context":{"text":"Obsolescencia","link":"https:\/\/alpoma.net\/tecob\/?cat=3"},"img":{"alt_text":"","src":"https:\/\/i0.wp.com\/alpoma.net\/tecob\/wp-content\/uploads\/2012\/11\/priestley_pq.jpg?resize=350%2C200&ssl=1","width":350,"height":200,"srcset":"https:\/\/i0.wp.com\/alpoma.net\/tecob\/wp-content\/uploads\/2012\/11\/priestley_pq.jpg?resize=350%2C200&ssl=1 1x, https:\/\/i0.wp.com\/alpoma.net\/tecob\/wp-content\/uploads\/2012\/11\/priestley_pq.jpg?resize=525%2C300&ssl=1 1.5x"},"classes":[]}],"jetpack_sharing_enabled":true,"_links":{"self":[{"href":"https:\/\/alpoma.net\/tecob\/index.php?rest_route=\/wp\/v2\/posts\/6357","targetHints":{"allow":["GET"]}}],"collection":[{"href":"https:\/\/alpoma.net\/tecob\/index.php?rest_route=\/wp\/v2\/posts"}],"about":[{"href":"https:\/\/alpoma.net\/tecob\/index.php?rest_route=\/wp\/v2\/types\/post"}],"author":[{"embeddable":true,"href":"https:\/\/alpoma.net\/tecob\/index.php?rest_route=\/wp\/v2\/users\/1"}],"replies":[{"embeddable":true,"href":"https:\/\/alpoma.net\/tecob\/index.php?rest_route=%2Fwp%2Fv2%2Fcomments&post=6357"}],"version-history":[{"count":0,"href":"https:\/\/alpoma.net\/tecob\/index.php?rest_route=\/wp\/v2\/posts\/6357\/revisions"}],"wp:featuredmedia":[{"embeddable":true,"href":"https:\/\/alpoma.net\/tecob\/index.php?rest_route=\/wp\/v2\/media\/10582"}],"wp:attachment":[{"href":"https:\/\/alpoma.net\/tecob\/index.php?rest_route=%2Fwp%2Fv2%2Fmedia&parent=6357"}],"wp:term":[{"taxonomy":"category","embeddable":true,"href":"https:\/\/alpoma.net\/tecob\/index.php?rest_route=%2Fwp%2Fv2%2Fcategories&post=6357"},{"taxonomy":"post_tag","embeddable":true,"href":"https:\/\/alpoma.net\/tecob\/index.php?rest_route=%2Fwp%2Fv2%2Ftags&post=6357"}],"curies":[{"name":"wp","href":"https:\/\/api.w.org\/{rel}","templated":true}]}}