{"id":6349,"date":"2012-03-05T23:48:54","date_gmt":"2012-03-05T21:48:54","guid":{"rendered":"http:\/\/www.alpoma.net\/tecob\/?p=6349"},"modified":"2012-05-03T20:18:17","modified_gmt":"2012-05-03T18:18:17","slug":"el-palacio-real-de-madrid-y-un-misterio-cartografico","status":"publish","type":"post","link":"https:\/\/alpoma.net\/tecob\/?p=6349","title":{"rendered":"El Palacio Real de Madrid y un misterio cartogr\u00e1fico"},"content":{"rendered":"<p class=\"otros3\"><strong>AVISO IMPORTANTE<\/strong>: La soluci\u00f3n definitiva a este enigma parece encontrarse <strong><a href=\"http:\/\/www.alpoma.net\/tecob\/?p=6349&#038;cpage=1#comment-448380\">en este comentario, que identifica el meridiano de referencia como el de Finisterre<\/a><\/strong>. Por ello, la idea inicial de buscar un meridiano de referencia diferente al de Greenwich sigue siendo v\u00e1lida, pero la identificaci\u00f3n con el meridiano de Par\u00eds ha resultado err\u00f3nea.<\/p>\n<p>El pasado viernes por la tarde me lanz\u00f3 <strong><a href=\"http:\/\/www.facebook.com\/jesus.callejocabo\">Jes\u00fas Callejo<\/a><\/strong> un reto singular. Resulta que frente a la puerta principal de la fachada que mira hacia la Plaza de Oriente del <strong>Palacio Real de Madrid<\/strong>, concretamente en el enlosado que forma una rosa de los vientos, aparece una <strong>curiosa inscripci\u00f3n cartogr\u00e1fica<\/strong> que corresponde a una marca de longitud geogr\u00e1fica. He preparado este gr\u00e1fico para mostrar d\u00f3nde se encuentra el objeto del misterio y he a\u00f1adido una fotograf\u00eda del mismo.<a href=\"http:\/\/www.flickr.com\/photos\/alpoma\/6956970921\/\" title=\"palacio_real_coord by alpoma, on Flickr\"><img loading=\"lazy\" decoding=\"async\" src=\"http:\/\/farm8.staticflickr.com\/7040\/6956970921_848b4c711a_o.jpg\" width=\"620\" height=\"450\" alt=\"palacio_real_coord\"\/><\/a>No ten\u00eda ni idea de que estuviera ah\u00ed, siendo pisado por tanta gente, hasta que Jes\u00fas me avis\u00f3 de su existencia y me pregunt\u00f3 a qu\u00e9 se podr\u00eda referir. Lo raro viene a cuento de que, tomando como referencia el <strong>Meridiano de Greenwich<\/strong>, el Palacio Real se encuentra a 3\u00b042\u203250\u2033 longitud oeste, pero como se ve en la imagen, la cifra que aparece es 5\u00b034\u203252\u2033.<\/p>\n<p>Estaba claro que <strong>algo fallaba<\/strong>, pero deb\u00eda buscar el origen del problema. El s\u00e1bado por la ma\u00f1ana, en un rato de tranquilidad, encontr\u00e9 una posible soluci\u00f3n. A no ser que haya metido la pata, cosa que puede ser, creo que puedo decir que el punto marcado en la plaza con dorados guarismos desgastados por el tiempo es una marca de longitud, pero en ella Greenwich no tiene papel ninguno. S\u00ed, la cifra <strong>parece que corresponde a la longitud oeste que marca la posici\u00f3n del palacio tomando como referencia el <a href=\"http:\/\/es.wikipedia.org\/wiki\/Meridiano_de_Par%C3%ADs\">Meridiano de Par\u00eds<\/a><\/strong>, que fue muy utilizado en cartograf\u00eda hasta finales del siglo XIX (en Espa\u00f1a se empleaba tambi\u00e9n el <strong>Meridiano de C\u00e1diz<\/strong>, pero me parece que no encaja con la cifra ni de lejos). Esta l\u00ednea imaginaria era un meridiano de referencia que <strong>pasaba por el Observatorio de Par\u00eds<\/strong> (seg\u00fan medici\u00f3n actual localizado en 2\u00b020\u203214.025\u2033 Este). En 1884, durante la <em>Conferencia Internacional del Meridiano<\/em>, se determin\u00f3 que el Meridiano de Greenwich ser\u00eda considerado como meridiano cero (Gran Breta\u00f1a mov\u00eda los hilos de su influencia, como es l\u00f3gico), con lo que el de Par\u00eds perdi\u00f3 su funci\u00f3n, quedando algunos recuerdos del mismo, precisamente, en a\u00f1ejas placas como la que aparece frente al Palacio Real de Madrid.<\/p>\n<p><strong>Anexo<\/strong>: <em>Sugiero que se tenga en cuenta, para quien se haya puesto a sumar grados, minutos y segundos, que la placa data posiblemente del inicio del siglo XIX, con lo que tanto la calidad de la medici\u00f3n como los valores de referencia empleados no permit\u00edan afinar demasiado y, por lo tanto, el resultado ser\u00e1 aproximado.<\/em><\/p>\n","protected":false},"excerpt":{"rendered":"<div class=\"mh-excerpt\"><p>AVISO IMPORTANTE: La soluci\u00f3n definitiva a este enigma parece encontrarse en este comentario, que identifica el meridiano de referencia como el de Finisterre. Por ello, la idea inicial de buscar <a class=\"mh-excerpt-more\" href=\"https:\/\/alpoma.net\/tecob\/?p=6349\" title=\"El Palacio Real de Madrid y un misterio cartogr\u00e1fico\">[&#8230;]<\/a><\/p>\n<\/div>","protected":false},"author":1,"featured_media":0,"comment_status":"open","ping_status":"open","sticky":false,"template":"","format":"standard","meta":{"jetpack_post_was_ever_published":false,"_jetpack_newsletter_access":"","_jetpack_dont_email_post_to_subs":false,"_jetpack_newsletter_tier_id":0,"_jetpack_memberships_contains_paywalled_content":false,"_jetpack_memberships_contains_paid_content":false,"footnotes":""},"categories":[5,2],"tags":[],"class_list":["post-6349","post","type-post","status-publish","format-standard","hentry","category-geo","category-personal"],"jetpack_featured_media_url":"","jetpack_shortlink":"https:\/\/wp.me\/p93Dc1-1Ep","jetpack-related-posts":[{"id":6863,"url":"https:\/\/alpoma.net\/tecob\/?p=6863","url_meta":{"origin":6349,"position":0},"title":"Mart\u00edn Sarmiento y un misterio geogr\u00e1fico en el Palacio Real de Madrid","author":"alpoma","date":"5 julio 2012","format":false,"excerpt":"AVISO: Este art\u00edculo es una versi\u00f3n reducida del que publiqu\u00e9 en la revista Historia de Iberia Vieja en su edici\u00f3n del mes de julio de 2012 y, adem\u00e1s, puede considerarse como complemento de un post anterior en TecOb sobre el mismo tema. ...deben escoger los espa\u00f1oles por primer meridiano para\u2026","rel":"","context":"En \u00abMade in Spain\u00bb","block_context":{"text":"Made in Spain","link":"https:\/\/alpoma.net\/tecob\/?cat=10"},"img":{"alt_text":"","src":"https:\/\/i0.wp.com\/alpoma.net\/tecob\/wp-content\/uploads\/2012\/07\/6956970921_848b4c711a_o.jpg?resize=350%2C200&ssl=1","width":350,"height":200,"srcset":"https:\/\/i0.wp.com\/alpoma.net\/tecob\/wp-content\/uploads\/2012\/07\/6956970921_848b4c711a_o.jpg?resize=350%2C200&ssl=1 1x, https:\/\/i0.wp.com\/alpoma.net\/tecob\/wp-content\/uploads\/2012\/07\/6956970921_848b4c711a_o.jpg?resize=525%2C300&ssl=1 1.5x"},"classes":[]},{"id":7020,"url":"https:\/\/alpoma.net\/tecob\/?p=7020","url_meta":{"origin":6349,"position":1},"title":"El Meridiano de El Hierro","author":"alpoma","date":"11 agosto 2012","format":false,"excerpt":"Cuando mencion\u00e9 el meridiano de Finisterre, en el art\u00edculo Mart\u00edn Sarmiento y un misterio geogr\u00e1fico en el Palacio Real de Madrid, coment\u00e9 la batalla que mantuvieron franceses y brit\u00e1nicos durante mucho tiempo para imponer sus respectivos meridianos de referencia en la cartograf\u00eda mundial. El triunfador fue el Meridiano de Greenwich,\u2026","rel":"","context":"En \u00abGeo\u00bb","block_context":{"text":"Geo","link":"https:\/\/alpoma.net\/tecob\/?cat=5"},"img":{"alt_text":"","src":"","width":0,"height":0},"classes":[]},{"id":594,"url":"https:\/\/alpoma.net\/tecob\/?p=594","url_meta":{"origin":6349,"position":2},"title":"La paradoja del circunnavegador","author":"alpoma","date":"17 septiembre 2006","format":false,"excerpt":"El 20 de septiembre de 1519, partieron cinco naves desde Sanl\u00facar de Barrameda con el objetivo de circunnavegar el planeta. Muchos meses despu\u00e9s, en 1522, regres\u00f3 a Espa\u00f1a la expedici\u00f3n de aventureros, eso s\u00ed, dir\u00edase que regresaron de milagro, al mando de Juan Sebasti\u00e1n Elcano, pues tanto el capit\u00e1n, Fernando\u2026","rel":"","context":"En \u00abGeo\u00bb","block_context":{"text":"Geo","link":"https:\/\/alpoma.net\/tecob\/?cat=5"},"img":{"alt_text":"","src":"","width":0,"height":0},"classes":[]},{"id":12549,"url":"https:\/\/alpoma.net\/tecob\/?p=12549","url_meta":{"origin":6349,"position":3},"title":"La pensadora del cielo","author":"alpoma","date":"31 enero 2017","format":false,"excerpt":"Fragmento del art\u00edculo que publiqu\u00e9 en la revista Historia de Iberia Vieja, edici\u00f3n de enero de 2017. El estado del cielo para el a\u00f1o de 1778 En la Biblioteca Nacional de Espa\u00f1a duerme desde finales del siglo XVIII cierto volumen con llamativo t\u00edtulo: El estado del cielo para el a\u00f1o\u2026","rel":"","context":"En \u00abMade in Spain\u00bb","block_context":{"text":"Made in Spain","link":"https:\/\/alpoma.net\/tecob\/?cat=10"},"img":{"alt_text":"","src":"https:\/\/i0.wp.com\/alpoma.net\/tecob\/wp-content\/uploads\/2017\/01\/portada_obra.jpg?resize=350%2C200&ssl=1","width":350,"height":200,"srcset":"https:\/\/i0.wp.com\/alpoma.net\/tecob\/wp-content\/uploads\/2017\/01\/portada_obra.jpg?resize=350%2C200&ssl=1 1x, https:\/\/i0.wp.com\/alpoma.net\/tecob\/wp-content\/uploads\/2017\/01\/portada_obra.jpg?resize=525%2C300&ssl=1 1.5x"},"classes":[]},{"id":7197,"url":"https:\/\/alpoma.net\/tecob\/?p=7197","url_meta":{"origin":6349,"position":4},"title":"La aventura fallida del mapa a la millon\u00e9sima","author":"alpoma","date":"11 septiembre 2012","format":false,"excerpt":"Oficialmente era conocido como proyecto del Mapa Internacional del Mundo, pero fue popularmente nombrado como Mapa del Mundo a la millon\u00e9sima por ser la escala 1:1.000.000 la elegida para ser llevado a cabo. Por desgracia, no lleg\u00f3 muy lejos. Veamos cierto recorte de prensa del peri\u00f3dico El Heraldo Militar, publicado\u2026","rel":"","context":"En \u00abGeo\u00bb","block_context":{"text":"Geo","link":"https:\/\/alpoma.net\/tecob\/?cat=5"},"img":{"alt_text":"","src":"https:\/\/i0.wp.com\/alpoma.net\/tecob\/wp-content\/uploads\/2012\/09\/mapa_internacional.jpg?resize=350%2C200&ssl=1","width":350,"height":200},"classes":[]},{"id":10148,"url":"https:\/\/alpoma.net\/tecob\/?p=10148","url_meta":{"origin":6349,"position":5},"title":"Un gigantesco monumento a Col\u00f3n para Madrid","author":"alpoma","date":"5 octubre 2014","format":false,"excerpt":"Este mes de octubre aparece publicado en la revista Historia de Iberia Vieja un art\u00edculo en el que he querido recordar la figura del gran ingeniero Alberto de Palacio. Repaso ah\u00ed algunas de sus grandes obras, como el puente de Vizcaya o el Palacio de Cristal del Retiro y la\u2026","rel":"","context":"En \u00abMade in Spain\u00bb","block_context":{"text":"Made in Spain","link":"https:\/\/alpoma.net\/tecob\/?cat=10"},"img":{"alt_text":"","src":"https:\/\/i0.wp.com\/alpoma.net\/tecob\/wp-content\/uploads\/2014\/10\/Proyecto_Monumento_Colon.jpg?resize=350%2C200&ssl=1","width":350,"height":200,"srcset":"https:\/\/i0.wp.com\/alpoma.net\/tecob\/wp-content\/uploads\/2014\/10\/Proyecto_Monumento_Colon.jpg?resize=350%2C200&ssl=1 1x, https:\/\/i0.wp.com\/alpoma.net\/tecob\/wp-content\/uploads\/2014\/10\/Proyecto_Monumento_Colon.jpg?resize=525%2C300&ssl=1 1.5x, https:\/\/i0.wp.com\/alpoma.net\/tecob\/wp-content\/uploads\/2014\/10\/Proyecto_Monumento_Colon.jpg?resize=700%2C400&ssl=1 2x"},"classes":[]}],"jetpack_sharing_enabled":true,"_links":{"self":[{"href":"https:\/\/alpoma.net\/tecob\/index.php?rest_route=\/wp\/v2\/posts\/6349","targetHints":{"allow":["GET"]}}],"collection":[{"href":"https:\/\/alpoma.net\/tecob\/index.php?rest_route=\/wp\/v2\/posts"}],"about":[{"href":"https:\/\/alpoma.net\/tecob\/index.php?rest_route=\/wp\/v2\/types\/post"}],"author":[{"embeddable":true,"href":"https:\/\/alpoma.net\/tecob\/index.php?rest_route=\/wp\/v2\/users\/1"}],"replies":[{"embeddable":true,"href":"https:\/\/alpoma.net\/tecob\/index.php?rest_route=%2Fwp%2Fv2%2Fcomments&post=6349"}],"version-history":[{"count":0,"href":"https:\/\/alpoma.net\/tecob\/index.php?rest_route=\/wp\/v2\/posts\/6349\/revisions"}],"wp:attachment":[{"href":"https:\/\/alpoma.net\/tecob\/index.php?rest_route=%2Fwp%2Fv2%2Fmedia&parent=6349"}],"wp:term":[{"taxonomy":"category","embeddable":true,"href":"https:\/\/alpoma.net\/tecob\/index.php?rest_route=%2Fwp%2Fv2%2Fcategories&post=6349"},{"taxonomy":"post_tag","embeddable":true,"href":"https:\/\/alpoma.net\/tecob\/index.php?rest_route=%2Fwp%2Fv2%2Ftags&post=6349"}],"curies":[{"name":"wp","href":"https:\/\/api.w.org\/{rel}","templated":true}]}}