{"id":6242,"date":"2012-02-18T20:45:28","date_gmt":"2012-02-18T18:45:28","guid":{"rendered":"http:\/\/www.alpoma.net\/tecob\/?p=6242"},"modified":"2012-02-18T20:45:28","modified_gmt":"2012-02-18T18:45:28","slug":"la-torre-eiffel-citroen","status":"publish","type":"post","link":"https:\/\/alpoma.net\/tecob\/?p=6242","title":{"rendered":"La Torre Eiffel-Citro\u00ebn"},"content":{"rendered":"<p>En julio de 1935 falleci\u00f3 <strong>Andr\u00e9 Citro\u00ebn<\/strong>, quien fuera padre de una de las m\u00e1s conocidas empresas fabricantes de autom\u00f3viles del mundo. Por desgracia, sus \u00faltimos meses fueron terribles, no s\u00f3lo por la enfermedad que le llev\u00f3 a la tumba con tan solo 57 a\u00f1os, sino por la <strong>situaci\u00f3n de su empresa<\/strong>, que poco antes<strong> hab\u00eda ca\u00eddo en manos de Michelin<\/strong>, principal acreedor de Citro\u00ebn, despu\u00e9s de caer en la quiebra. <\/p>\n<p><a href=\"http:\/\/www.flickr.com\/photos\/alpoma\/6897661759\/\" title=\"eiffel-citroen, on Flickr\"><img decoding=\"async\" src=\"http:\/\/farm8.staticflickr.com\/7207\/6897661759_dab8a218e9_o.jpg\" width=\"620\" alt=\"eiffel-citroen\" class=\"otros\"\/><\/a><\/p>\n<p>Hay quien dice que una de las m\u00e1s audaces maniobras publicitarias de Andr\u00e9 Citro\u00ebn fue una de las causantes del desastre, aunque m\u00e1s bien me inclino a pensar que s\u00f3lo fue la guinda del pastel en todo un juego de <strong>endeudamiento excesivo<\/strong>. Quien visitara Par\u00eds <strong>entre 1925 y 1934<\/strong>, y contemplara de noche la <strong>Torre Eiffel<\/strong>, seguro que se sorprendi\u00f3 al ver que<strong> todo el gran monumento met\u00e1lico se hab\u00eda convertido en soporte publicitario<\/strong>. En efecto, entre esas dos fechas <strong>la torre permaneci\u00f3 alquilada por Citro\u00ebn<\/strong> para mostrar de noche un espectacular juego de luces con el nombre de su marca de coches. Dependiendo de la fuente que se consulte, se instalaron entre 125.000 y 250.000 bombillas el\u00e9ctricas para conseguir el efecto. Sea como fuere, la factura el\u00e9ctrica, junto con el alquiler del soporte, seguro que fueron terror\u00edficos, aunque no hay que negar que, como reclamo publicitario, fue toda una haza\u00f1a.<\/p>\n<p>| Imagen v\u00eda <strong><a href=\"http:\/\/ramage.tumblr.com\/post\/17791399848\/from-1925-to-1934-citroens-name-is-emblazoned-in\">Topinambours<\/a><\/strong> |<\/p>\n","protected":false},"excerpt":{"rendered":"<div class=\"mh-excerpt\"><p>En julio de 1935 falleci\u00f3 Andr\u00e9 Citro\u00ebn, quien fuera padre de una de las m\u00e1s conocidas empresas fabricantes de autom\u00f3viles del mundo. Por desgracia, sus \u00faltimos meses fueron terribles, no <a class=\"mh-excerpt-more\" href=\"https:\/\/alpoma.net\/tecob\/?p=6242\" title=\"La Torre Eiffel-Citro\u00ebn\">[&#8230;]<\/a><\/p>\n<\/div>","protected":false},"author":1,"featured_media":11025,"comment_status":"open","ping_status":"open","sticky":false,"template":"","format":"standard","meta":{"jetpack_post_was_ever_published":false,"_jetpack_newsletter_access":"","_jetpack_dont_email_post_to_subs":false,"_jetpack_newsletter_tier_id":0,"_jetpack_memberships_contains_paywalled_content":false,"_jetpack_memberships_contains_paid_content":false,"footnotes":""},"categories":[3],"tags":[],"class_list":["post-6242","post","type-post","status-publish","format-standard","has-post-thumbnail","hentry","category-obsolescencia"],"jetpack_featured_media_url":"https:\/\/alpoma.net\/tecob\/wp-content\/uploads\/2012\/02\/6897661759_dab8a218e9_o.jpg","jetpack_shortlink":"https:\/\/wp.me\/p93Dc1-1CG","jetpack-related-posts":[{"id":8881,"url":"https:\/\/alpoma.net\/tecob\/?p=8881","url_meta":{"origin":6242,"position":0},"title":"Lanzamiento de globos postales desde la Torre Eiffel","author":"alpoma","date":"10 marzo 2014","format":false,"excerpt":"La Exposici\u00f3n Universal de Par\u00eds celebrada en 1889 es sin duda una de las m\u00e1s recordadas, si no las m\u00e1s, de toda la historia de ese tipo de eventos. He comentado en diversas ocasiones algunas curiosidades que all\u00ed se pudieron vivir. Hoy toca mencionar cierto pasatiempo que ten\u00eda lugar en\u2026","rel":"","context":"En \u00abObsolescencia\u00bb","block_context":{"text":"Obsolescencia","link":"https:\/\/alpoma.net\/tecob\/?cat=3"},"img":{"alt_text":"","src":"https:\/\/i0.wp.com\/alpoma.net\/tecob\/wp-content\/uploads\/2014\/03\/globos_postales.jpg?resize=350%2C200&ssl=1","width":350,"height":200,"srcset":"https:\/\/i0.wp.com\/alpoma.net\/tecob\/wp-content\/uploads\/2014\/03\/globos_postales.jpg?resize=350%2C200&ssl=1 1x, https:\/\/i0.wp.com\/alpoma.net\/tecob\/wp-content\/uploads\/2014\/03\/globos_postales.jpg?resize=525%2C300&ssl=1 1.5x"},"classes":[]},{"id":6844,"url":"https:\/\/alpoma.net\/tecob\/?p=6844","url_meta":{"origin":6242,"position":1},"title":"La torre Eiffel de Londres","author":"alpoma","date":"4 julio 2012","format":false,"excerpt":"A mucha gente no le hac\u00eda ni pizca de gracia tener aquello que consideraban como un feo monstruo de metal que superaba los 300 metros de altura haciendo sombra a orillas del Sena y, sin embargo, la torre Eiffel, pensada para la Exposici\u00f3n Universal de Par\u00eds del a\u00f1o 1889, se\u2026","rel":"","context":"En \u00abObsolescencia\u00bb","block_context":{"text":"Obsolescencia","link":"https:\/\/alpoma.net\/tecob\/?cat=3"},"img":{"alt_text":"","src":"https:\/\/i0.wp.com\/alpoma.net\/tecob\/wp-content\/uploads\/2012\/07\/7501580592_dc7cb06878_o.jpg?resize=350%2C200&ssl=1","width":350,"height":200,"srcset":"https:\/\/i0.wp.com\/alpoma.net\/tecob\/wp-content\/uploads\/2012\/07\/7501580592_dc7cb06878_o.jpg?resize=350%2C200&ssl=1 1x, https:\/\/i0.wp.com\/alpoma.net\/tecob\/wp-content\/uploads\/2012\/07\/7501580592_dc7cb06878_o.jpg?resize=525%2C300&ssl=1 1.5x"},"classes":[]},{"id":6911,"url":"https:\/\/alpoma.net\/tecob\/?p=6911","url_meta":{"origin":6242,"position":2},"title":"La torre Eiffel de Londres (y II)","author":"alpoma","date":"17 julio 2012","format":false,"excerpt":"A principios de mes coment\u00e9 aqu\u00ed en TecOb cierto concurso de ideas que se celebr\u00f3 en Londres a finales del siglo XIX para construir una gran torre en la capital brit\u00e1nica que pudiera rivalizar con la Torre Eiffel de Par\u00eds. Remito a ese art\u00edculo para quien no conozca la historia.\u2026","rel":"","context":"En \u00abObsolescencia\u00bb","block_context":{"text":"Obsolescencia","link":"https:\/\/alpoma.net\/tecob\/?cat=3"},"img":{"alt_text":"","src":"https:\/\/i0.wp.com\/alpoma.net\/tecob\/wp-content\/uploads\/2012\/07\/7590062790_b9f20350e8_o.jpg?resize=350%2C200&ssl=1","width":350,"height":200,"srcset":"https:\/\/i0.wp.com\/alpoma.net\/tecob\/wp-content\/uploads\/2012\/07\/7590062790_b9f20350e8_o.jpg?resize=350%2C200&ssl=1 1x, https:\/\/i0.wp.com\/alpoma.net\/tecob\/wp-content\/uploads\/2012\/07\/7590062790_b9f20350e8_o.jpg?resize=525%2C300&ssl=1 1.5x"},"classes":[]},{"id":6485,"url":"https:\/\/alpoma.net\/tecob\/?p=6485","url_meta":{"origin":6242,"position":3},"title":"El sue\u00f1o de la torre e\u00f3lico-solar","author":"alpoma","date":"1 abril 2012","format":false,"excerpt":"Versi\u00f3n reducida del art\u00edculo que publiqu\u00e9 en la revista Historia de Iberia Vieja, edici\u00f3n de abril de 2012. Desde el primero de abril est\u00e1 funcionando en Cartagena un motor a\u00e9reo-solar invenci\u00f3n del coronel de artiller\u00eda espa\u00f1ol don Isidoro Cabanyes, director de aqu\u00e9l parque. El principio del invento est\u00e1 en provocar\u2026","rel":"","context":"En \u00abMade in Spain\u00bb","block_context":{"text":"Made in Spain","link":"https:\/\/alpoma.net\/tecob\/?cat=10"},"img":{"alt_text":"","src":"https:\/\/i0.wp.com\/alpoma.net\/tecob\/wp-content\/uploads\/2012\/04\/6888309320_b61a79e605_o.jpg?resize=350%2C200&ssl=1","width":350,"height":200},"classes":[]},{"id":10148,"url":"https:\/\/alpoma.net\/tecob\/?p=10148","url_meta":{"origin":6242,"position":4},"title":"Un gigantesco monumento a Col\u00f3n para Madrid","author":"alpoma","date":"5 octubre 2014","format":false,"excerpt":"Este mes de octubre aparece publicado en la revista Historia de Iberia Vieja un art\u00edculo en el que he querido recordar la figura del gran ingeniero Alberto de Palacio. Repaso ah\u00ed algunas de sus grandes obras, como el puente de Vizcaya o el Palacio de Cristal del Retiro y la\u2026","rel":"","context":"En \u00abMade in Spain\u00bb","block_context":{"text":"Made in Spain","link":"https:\/\/alpoma.net\/tecob\/?cat=10"},"img":{"alt_text":"","src":"https:\/\/i0.wp.com\/alpoma.net\/tecob\/wp-content\/uploads\/2014\/10\/Proyecto_Monumento_Colon.jpg?resize=350%2C200&ssl=1","width":350,"height":200,"srcset":"https:\/\/i0.wp.com\/alpoma.net\/tecob\/wp-content\/uploads\/2014\/10\/Proyecto_Monumento_Colon.jpg?resize=350%2C200&ssl=1 1x, https:\/\/i0.wp.com\/alpoma.net\/tecob\/wp-content\/uploads\/2014\/10\/Proyecto_Monumento_Colon.jpg?resize=525%2C300&ssl=1 1.5x, https:\/\/i0.wp.com\/alpoma.net\/tecob\/wp-content\/uploads\/2014\/10\/Proyecto_Monumento_Colon.jpg?resize=700%2C400&ssl=1 2x"},"classes":[]},{"id":12708,"url":"https:\/\/alpoma.net\/tecob\/?p=12708","url_meta":{"origin":6242,"position":5},"title":"Losada, el relojero prodigioso","author":"alpoma","date":"30 junio 2017","format":false,"excerpt":"Versi\u00f3n para TecOb del art\u00edculo que publiqu\u00e9 en Historia de Iberia Vieja, edici\u00f3n de junio de 2017. Cualquier visita tur\u00edstica a la capital brit\u00e1nica debe incluir un paseo por las cercan\u00edas del Palacio de Westminster, donde se localiza el Parlamento del Reino Unido. Pero incluso si nunca se ha estado\u2026","rel":"","context":"En \u00abMade in Spain\u00bb","block_context":{"text":"Made in Spain","link":"https:\/\/alpoma.net\/tecob\/?cat=10"},"img":{"alt_text":"","src":"https:\/\/i0.wp.com\/www.alpoma.net\/tecob\/wp-content\/uploads\/2017\/06\/losada-190x300.jpg?resize=350%2C200","width":350,"height":200},"classes":[]}],"jetpack_sharing_enabled":true,"_links":{"self":[{"href":"https:\/\/alpoma.net\/tecob\/index.php?rest_route=\/wp\/v2\/posts\/6242","targetHints":{"allow":["GET"]}}],"collection":[{"href":"https:\/\/alpoma.net\/tecob\/index.php?rest_route=\/wp\/v2\/posts"}],"about":[{"href":"https:\/\/alpoma.net\/tecob\/index.php?rest_route=\/wp\/v2\/types\/post"}],"author":[{"embeddable":true,"href":"https:\/\/alpoma.net\/tecob\/index.php?rest_route=\/wp\/v2\/users\/1"}],"replies":[{"embeddable":true,"href":"https:\/\/alpoma.net\/tecob\/index.php?rest_route=%2Fwp%2Fv2%2Fcomments&post=6242"}],"version-history":[{"count":0,"href":"https:\/\/alpoma.net\/tecob\/index.php?rest_route=\/wp\/v2\/posts\/6242\/revisions"}],"wp:featuredmedia":[{"embeddable":true,"href":"https:\/\/alpoma.net\/tecob\/index.php?rest_route=\/wp\/v2\/media\/11025"}],"wp:attachment":[{"href":"https:\/\/alpoma.net\/tecob\/index.php?rest_route=%2Fwp%2Fv2%2Fmedia&parent=6242"}],"wp:term":[{"taxonomy":"category","embeddable":true,"href":"https:\/\/alpoma.net\/tecob\/index.php?rest_route=%2Fwp%2Fv2%2Fcategories&post=6242"},{"taxonomy":"post_tag","embeddable":true,"href":"https:\/\/alpoma.net\/tecob\/index.php?rest_route=%2Fwp%2Fv2%2Ftags&post=6242"}],"curies":[{"name":"wp","href":"https:\/\/api.w.org\/{rel}","templated":true}]}}