{"id":6199,"date":"2012-02-08T19:32:58","date_gmt":"2012-02-08T17:32:58","guid":{"rendered":"http:\/\/www.alpoma.net\/tecob\/?p=6199"},"modified":"2012-02-08T21:16:17","modified_gmt":"2012-02-08T19:16:17","slug":"os-presento-mi-primera-novela-el-viaje-de-argos","status":"publish","type":"post","link":"https:\/\/alpoma.net\/tecob\/?p=6199","title":{"rendered":"Os presento mi primera novela: El viaje de Argos."},"content":{"rendered":"<p>Habr\u00e1 a quien le suene el t\u00edtulo, porque es el mismo que utilic\u00e9 para un proyecto de revista hace tiempo, pero no tiene nada que ver con lo que hoy os quiero comentar. S\u00ed, aunque lleva terminada desde principios de 2009, ser\u00e1 <strong>a comienzos del pr\u00f3ximo mes de marzo<\/strong> cuando Planeta, a trav\u00e9s de su sello <em>Scyla eBooks<\/em>, publique lo que ser\u00e1 mi primera novela, <em><strong>El viaje de Argos<\/strong><\/em>. Hasta finales de febrero no empezar\u00e9 a dar la lata con esto, pero aprovechando que <strong><a href=\"http:\/\/www.scyla.com\/ebook\/12\/viaje_argos\">Scyla ha publicado ya la ficha del libro<\/a><\/strong>, quiero presentaros formalmente a la criatura. En principio saldr\u00e1 <strong>en ePub a un precio de 4,99 \u20ac<\/strong> y se podr\u00e1 comprar en diversas librer\u00edas <em>online<\/em>, as\u00ed como en versi\u00f3n para <em>Kindle<\/em> en Amazon o en la <em>iBookstore<\/em> de Apple. De momento no habr\u00e1 versi\u00f3n en papel, pero espero que si las ventas en eBook marchan bien, se publique tambi\u00e9n impresa. Vaya aqu\u00ed la primera p\u00edldora sobre la novela, una peque\u00f1a rese\u00f1a a modo de aperitivo, junto con la imagen de la portada&#8230; \ud83d\ude09<\/p>\n<blockquote><p><a href=\"http:\/\/www.flickr.com\/photos\/alpoma\/6842079725\/\" title=\"El viaje de Argos by alpoma, on Flickr\"><img loading=\"lazy\" decoding=\"async\" src=\"http:\/\/farm8.staticflickr.com\/7024\/6842079725_f69a0c041d_m.jpg\" width=\"157\" height=\"240\" alt=\"Portada de El viaje de Argos\" class=\"dch\"\/><\/a>Desde la noche de los tiempos un enigm\u00e1tico astro llamado Argos siembra la atm\u00f3sfera terrestre con una substancia muy especial. S\u00f3lo un peque\u00f1o grupo de sabios sabe c\u00f3mo recolectar y emplear esa esencia de los cielos que permite la vida eterna. Pero en pleno auge de la Roma imperial, un desastre sacude a la hermandad de sabios. Desperdigados por el mundo y sin los conocimientos necesarios para mantener la inmortalidad, vagar\u00e1n por el mundo, condenados al olvido. Hasta que en el siglo XXI, una inquieta historiadora, Irene Abad, descubre un antiguo mapa que, sin saberlo, le conducir\u00e1 hasta el peligroso secreto que los Hijos de Argos hab\u00edan perseguido durante dos milenios. El viaje de Argos es una novela a medio camino entre la ciencia ficci\u00f3n y la novela hist\u00f3rica, en la que sus personajes nos llevan por un escenario m\u00e1gico y real al mismo tiempo, un viaje que recorre algunos de los cap\u00edtulos m\u00e1s apasionantes de la historia del mundo.<\/p><\/blockquote>\n","protected":false},"excerpt":{"rendered":"<div class=\"mh-excerpt\"><p>Habr\u00e1 a quien le suene el t\u00edtulo, porque es el mismo que utilic\u00e9 para un proyecto de revista hace tiempo, pero no tiene nada que ver con lo que hoy <a class=\"mh-excerpt-more\" href=\"https:\/\/alpoma.net\/tecob\/?p=6199\" title=\"Os presento mi primera novela: El viaje de Argos.\">[&#8230;]<\/a><\/p>\n<\/div>","protected":false},"author":1,"featured_media":10398,"comment_status":"open","ping_status":"open","sticky":false,"template":"","format":"standard","meta":{"jetpack_post_was_ever_published":false,"_jetpack_newsletter_access":"","_jetpack_dont_email_post_to_subs":false,"_jetpack_newsletter_tier_id":0,"_jetpack_memberships_contains_paywalled_content":false,"_jetpack_memberships_contains_paid_content":false,"footnotes":""},"categories":[2],"tags":[],"class_list":["post-6199","post","type-post","status-publish","format-standard","has-post-thumbnail","hentry","category-personal"],"jetpack_featured_media_url":"https:\/\/alpoma.net\/tecob\/wp-content\/uploads\/2012\/02\/6842079725_f69a0c041d_m.jpg","jetpack_shortlink":"https:\/\/wp.me\/p93Dc1-1BZ","jetpack-related-posts":[{"id":6371,"url":"https:\/\/alpoma.net\/tecob\/?p=6371","url_meta":{"origin":6199,"position":0},"title":"Ya est\u00e1 a la venta mi novela &#8216;El viaje de Argos&#8217;","author":"alpoma","date":"10 marzo 2012","format":false,"excerpt":"Hace unos d\u00edas os present\u00e9 mi novela El viaje de Argos. Hoy, por fin ha salido a la venta, as\u00ed que si quieres hacerte con ella (de momento s\u00f3lo en eBook, la opci\u00f3n de papel est\u00e1 en el aire y puede que nunca llegue a ser algo real si la\u2026","rel":"","context":"En \u00abPersonal\u00bb","block_context":{"text":"Personal","link":"https:\/\/alpoma.net\/tecob\/?cat=2"},"img":{"alt_text":"","src":"","width":0,"height":0},"classes":[]},{"id":7866,"url":"https:\/\/alpoma.net\/tecob\/?p=7866","url_meta":{"origin":6199,"position":1},"title":"El viaje de Argos cumple un a\u00f1o","author":"alpoma","date":"25 febrero 2013","format":false,"excerpt":"Se cumple ahora un a\u00f1o desde que Planeta editara mi primera novela, El viaje de Argos. En estos meses han sido muchos quienes se han acercado a sus p\u00e1ginas, muchos m\u00e1s de los que imagin\u00e9 en principio y, tambi\u00e9n, han sido muchos los que han escrito sobre esta aventura, sorprendentemente\u2026","rel":"","context":"En \u00abPersonal\u00bb","block_context":{"text":"Personal","link":"https:\/\/alpoma.net\/tecob\/?cat=2"},"img":{"alt_text":"","src":"","width":0,"height":0},"classes":[]},{"id":10190,"url":"https:\/\/alpoma.net\/tecob\/?p=10190","url_meta":{"origin":6199,"position":2},"title":"Mi novela, \u00abEl viaje de Argos\u00bb, disponible en papel","author":"alpoma","date":"31 octubre 2014","format":false,"excerpt":"Hoy ha salido a la venta la edici\u00f3n en papel de mi novela \"El viaje de Argos\", que vio la luz hace dos a\u00f1os en forma de e-book. Editada por Glyphos Publicaciones, nace en papel con una portada muy especial que ha realizado el gran Alfonso Azpiri. Tiempo habr\u00e1 m\u00e1s\u2026","rel":"","context":"En \u00abPersonal\u00bb","block_context":{"text":"Personal","link":"https:\/\/alpoma.net\/tecob\/?cat=2"},"img":{"alt_text":"el_viaje_de_argos_alejandro_polanco_ilustracion_de_azpiri","src":"https:\/\/i0.wp.com\/www.alpoma.net\/tecob\/wp-content\/uploads\/2014\/10\/el_viaje_de_argos_alejandro_polanco_ilustracion_de_azpiri-218x300.png?resize=350%2C200","width":350,"height":200},"classes":[]},{"id":6517,"url":"https:\/\/alpoma.net\/tecob\/?p=6517","url_meta":{"origin":6199,"position":3},"title":"Contenidos adicionales para `El viaje de Argos\u00b4","author":"alpoma","date":"7 abril 2012","format":false,"excerpt":"Desde que termin\u00e9 de escribir El viaje de Argos, all\u00e1 por le mes de marzo de 2009 siempre imagin\u00e9, en caso de que alguna vez fuera editada la novela, que ser\u00eda muy buena idea contar con un website propio para ella. Al final, una vez editado el libro este mes\u2026","rel":"","context":"En \u00abPersonal\u00bb","block_context":{"text":"Personal","link":"https:\/\/alpoma.net\/tecob\/?cat=2"},"img":{"alt_text":"","src":"","width":0,"height":0},"classes":[]},{"id":6826,"url":"https:\/\/alpoma.net\/tecob\/?p=6826","url_meta":{"origin":6199,"position":4},"title":"Turismo y lectura para este verano con \u00abEl viaje de Argos\u00bb","author":"alpoma","date":"1 julio 2012","format":false,"excerpt":"Aunque en el website de mi novela El viaje de Argos ya hay material adicional, fotos y mapas, creo que faltaba algo para completar el c\u00edrculo. Por ello, adem\u00e1s de recomendar de nuevo la lectura del libro, como no pod\u00eda ser de otro modo, he creado un mapa que re\u00fane\u2026","rel":"","context":"En \u00abPersonal\u00bb","block_context":{"text":"Personal","link":"https:\/\/alpoma.net\/tecob\/?cat=2"},"img":{"alt_text":"La Reana (Fuentes Tam\u00e1ricas) Velilla del R\u00edo Carri\u00f3n - Palencia","src":"https:\/\/i0.wp.com\/farm3.staticflickr.com\/2672\/4178339781_d76a6a4b8c_m.jpg?resize=350%2C200","width":350,"height":200},"classes":[]},{"id":15296,"url":"https:\/\/alpoma.net\/tecob\/?p=15296","url_meta":{"origin":6199,"position":5},"title":"Hoy, hace 20 a\u00f1os, el cielo se abri\u00f3 con estruendo sobre la Monta\u00f1a Palentina (meteorito de Villalbeto)","author":"alpoma","date":"4 enero 2024","format":false,"excerpt":"Hoy es jueves, 4 de enero de 2024. Hace exactamente dos d\u00e9cadas yo ten\u00eda 28 a\u00f1os, era domingo, 4 de enero de 2004 cuando, a las 16:46 horas UTC de la tarde sucedi\u00f3 lo m\u00e1s asombroso que he contemplado en toda mi vida. Y eso que he visto cosas raras\u2026","rel":"","context":"En \u00abGeo\u00bb","block_context":{"text":"Geo","link":"https:\/\/alpoma.net\/tecob\/?cat=5"},"img":{"alt_text":"","src":"https:\/\/i0.wp.com\/alpoma.net\/tecob\/wp-content\/uploads\/2024\/01\/3082060963_674dd97b05_o.jpg?resize=350%2C200&ssl=1","width":350,"height":200,"srcset":"https:\/\/i0.wp.com\/alpoma.net\/tecob\/wp-content\/uploads\/2024\/01\/3082060963_674dd97b05_o.jpg?resize=350%2C200&ssl=1 1x, https:\/\/i0.wp.com\/alpoma.net\/tecob\/wp-content\/uploads\/2024\/01\/3082060963_674dd97b05_o.jpg?resize=525%2C300&ssl=1 1.5x"},"classes":[]}],"jetpack_sharing_enabled":true,"_links":{"self":[{"href":"https:\/\/alpoma.net\/tecob\/index.php?rest_route=\/wp\/v2\/posts\/6199","targetHints":{"allow":["GET"]}}],"collection":[{"href":"https:\/\/alpoma.net\/tecob\/index.php?rest_route=\/wp\/v2\/posts"}],"about":[{"href":"https:\/\/alpoma.net\/tecob\/index.php?rest_route=\/wp\/v2\/types\/post"}],"author":[{"embeddable":true,"href":"https:\/\/alpoma.net\/tecob\/index.php?rest_route=\/wp\/v2\/users\/1"}],"replies":[{"embeddable":true,"href":"https:\/\/alpoma.net\/tecob\/index.php?rest_route=%2Fwp%2Fv2%2Fcomments&post=6199"}],"version-history":[{"count":0,"href":"https:\/\/alpoma.net\/tecob\/index.php?rest_route=\/wp\/v2\/posts\/6199\/revisions"}],"wp:featuredmedia":[{"embeddable":true,"href":"https:\/\/alpoma.net\/tecob\/index.php?rest_route=\/wp\/v2\/media\/10398"}],"wp:attachment":[{"href":"https:\/\/alpoma.net\/tecob\/index.php?rest_route=%2Fwp%2Fv2%2Fmedia&parent=6199"}],"wp:term":[{"taxonomy":"category","embeddable":true,"href":"https:\/\/alpoma.net\/tecob\/index.php?rest_route=%2Fwp%2Fv2%2Fcategories&post=6199"},{"taxonomy":"post_tag","embeddable":true,"href":"https:\/\/alpoma.net\/tecob\/index.php?rest_route=%2Fwp%2Fv2%2Ftags&post=6199"}],"curies":[{"name":"wp","href":"https:\/\/api.w.org\/{rel}","templated":true}]}}