{"id":6164,"date":"2012-02-01T01:11:01","date_gmt":"2012-01-31T23:11:01","guid":{"rendered":"http:\/\/www.alpoma.net\/tecob\/?p=6164"},"modified":"2012-02-01T01:11:01","modified_gmt":"2012-01-31T23:11:01","slug":"los-descubridores-espanoles-de-la-antartida","status":"publish","type":"post","link":"https:\/\/alpoma.net\/tecob\/?p=6164","title":{"rendered":"Los \u00abdescubridores\u00bb espa\u00f1oles de la Ant\u00e1rtida"},"content":{"rendered":"<p class=\"otros3\">Versi\u00f3n reducida del art\u00edculo que publiqu\u00e9 en la revista <em><a href=\"http:\/\/www.historiadeiberiavieja.com\/\">Historia de Iberia Vieja<\/a><\/em> en su edici\u00f3n del mes de febrero de 2012.<\/p>\n<p><em>Se cumple ahora un siglo de la llegada de los primeros seres humanos al Polo Sur. La aventura no fue nada sencilla y se cobr\u00f3 numerosas vidas, pero ya se sabe, si est\u00e1 ah\u00ed tenemos que ir a por ello y conseguirlo, cueste lo que cueste. (&#8230;) Siempre ha habido fronteras que han atra\u00eddo los sue\u00f1os de cada \u00e9poca. Hoy posiblemente la \u00faltima frontera sea el espacio, o puede que el fondo oce\u00e1nico, pero hace cien a\u00f1os los polos eran lo m\u00e1s atractivo para los aventureros. Y, en efecto, llegaron donde nadie m\u00e1s hab\u00eda pisado antes el pie. <\/em><\/p>\n<p><a href=\"http:\/\/www.flickr.com\/photos\/alpoma\/6796397753\/\" title=\"antartida by alpoma, on Flickr\"><img loading=\"lazy\" decoding=\"async\" src=\"http:\/\/farm8.staticflickr.com\/7170\/6796397753_6deb66c320_o.jpg\" width=\"620\" height=\"263\" alt=\"antartida\" class=\"otros\"\/><\/a><br \/>\n<small>Fotograf\u00eda de <a href=\"http:\/\/commons.wikimedia.org\/wiki\/File:Antarctica_%286%29,_Laubeuf_Fjord,_Webb_Island.JPG\">Vincent van Zeijst<\/a> (CC).<\/small><\/p>\n<p><strong>La victoria de Amundsen<\/strong><\/p>\n<p>Fue el noruego <strong>Roald Amundsen<\/strong> quien gan\u00f3 la partida, alcanzando con su expedici\u00f3n el Polo Sur el <strong>14 de diciembre de 1911<\/strong>, aunque el mundo no tuvo noticia de su gesta hasta principios del mes de marzo de 1912, cuando el grupo pudo por fin regresar a Australia, donde pudieron contar ya con los medios para dar a conocer su logro. Por desgracia, 35 d\u00edas despu\u00e9s de la llegada de Amundsen al Polo Sur, tambi\u00e9n lleg\u00f3 la expedici\u00f3n de su competidor, el brit\u00e1nico <strong>Robert Scott<\/strong>. Y no fue desgraciada la aventura por llegar segundos, porque incluso as\u00ed fue un logro sobresaliente, sino porque al contrario que le sucediera al grupo del noruego, los hombres de Scott sufrieron un terrible destino en su viaje de regreso del desierto helado, perdiendo la vida a finales de marzo de 1912.<\/p>\n<p>Recientemente public\u00f3 el cient\u00edfico <strong>Am\u00f3s Gil Mart\u00ednez <\/strong>una serie de peque\u00f1as <strong><a href=\"http:\/\/www.ejercito.mde.es\/unidades\/Antartica\/antartica\/Exploradores_Antarticos\/index.html\">rese\u00f1as sobre numerosos exploradores ant\u00e1rtidos<\/a><\/strong> en la web oficial del Ej\u00e9rcito de Tierra espa\u00f1ol dedicada a la Campa\u00f1a Ant\u00e1rtica. Fue un verdadero placer repasar las vidas de tantos pioneros pero, lo m\u00e1s curioso para m\u00ed, fue volver a descubrir algunas figuras que dejan intuir que, aunque se tratara de viajes accidentados y sin pretensi\u00f3n de descubrimiento, <strong>lograron atisbar los hielos ant\u00e1rticos por vez primera para ojos occidentales<\/strong>. Y, los primeros entre los pioneros, fueron osados marinos espa\u00f1oles que, llamados por la pasi\u00f3n de los mares australes, sufrieron todo tipo de contratiempos de los que, andando el tiempo, fueron las primeras noticias que llegaron a nuestro continente acerca de una misteriosa tierra perdida en los confines del planeta y cubierta por hielos perpetuos, eso que m\u00e1s tarde hemos dado en llamar como la <strong>Ant\u00e1rtida<\/strong>. <!--more--><\/p>\n<p><strong>Gabriel de Castilla, \u00bfdescubridor de la Ant\u00e1rtida?<\/strong><\/p>\n<p>Durante mucho tiempo fue ignorada la vida, todav\u00eda bastante desconocida, del general <strong>Don Gabriel de Castilla<\/strong>, nacido en Palencia hacia el a\u00f1o 1577. No s\u00f3lo fue uno de los navegantes del Pac\u00edfico austral m\u00e1s audaces, sino que adem\u00e1s lleg\u00f3 hasta aguas a las que ning\u00fan europeo volver\u00eda a poner la vista hasta entrado el siglo XVIII. Sin embargo, toda esa valent\u00eda y buen hacer casi se pierde dispersa en un mar de citas aqu\u00ed y all\u00e1, sin que, hasta donde conozco, se haya realizado una biograf\u00eda adecuada que recopile en un solo conjunto todo ello.<\/p>\n<p>Ahora bien, \u00bfpor qu\u00e9 mantener en interrogaci\u00f3n su presunto descubrimiento del continente helado? Bien es cierto que los indicios parecen decirnos que <strong>avist\u00f3 en 1603 el archipi\u00e9lago ant\u00e1rtico de las  Shetland del Sur<\/strong>, pero todo permanece bajo cierto velo oscuro que no permite asegurarlo con firmeza, aunque bien parece que el descubrimiento fue real.<\/p>\n<p>El l\u00edo viene realmente porque no hay ning\u00fan documento de la \u00e9poca que, como tal, nos cuente sobre las aventuras de Gabriel de Castilla en cercan\u00edas de la Ant\u00e1rtida, sino que m\u00e1s bien son ecos aqu\u00ed y all\u00e1, como los presentes en <strong>ciertos documentos holandeses<\/strong>, entre otros, los que hacen sospechar que fue un viaje realmente sobresaliente. Parti\u00f3 de la actualmente chilena Valpara\u00edso a principios de 1603 con una flota de tres naves, el<em> Jes\u00fas Mar\u00eda<\/em>, <em>Nuestra Se\u00f1ora de la Visitaci\u00f3n<\/em>, buque que hab\u00eda pertenecido anteriormente a un corsario y el <em>Nuestra Se\u00f1ora de las Mercedes<\/em>. No hab\u00eda intenci\u00f3n ni instrucciones por parte de quien organiz\u00f3 la expedici\u00f3n, el virrey de Per\u00fa, don Luis de Velasco y Castilla que, curiosamente, era primo de Gabriel, para salir a descubrir o explorar nuevas tierras, ni mucho menos. El objetivo, como hab\u00eda sucedido en otras ocasiones, era patrullar los mares del sur chileno para prevenir acciones de corsarios holandeses. Pero, he aqu\u00ed que el destino, en forma de grave tormenta, desvi\u00f3 la flota, o al menos a parte de ella, muy al sur de lo que eran sus intenciones,<strong> hasta alcanzar los 64\u00ba de latitud sur<\/strong>. Tiempo despu\u00e9s, un marino holand\u00e9s que form\u00f3 parte de la tripulaci\u00f3n de uno de aquellos barcos, dej\u00f3 constancia por escrito de algo sorprendente, a saber, que aquellos intr\u00e9pidos barcos espa\u00f1oles llegaron a unas aguas donde reinaba la nieve. Otros documentos holandeses de la \u00e9poca mencionan tambi\u00e9n inmensas tierras que se extienden m\u00e1s all\u00e1 de los 64\u00ba sur, con grandes monta\u00f1as heladas.<\/p>\n<p>Cabe recordar que no fue hasta 1773 cuando otro europeo se atrevi\u00f3 a descender hasta aquellos helados parajes, cuando el c\u00e9lebre capit\u00e1n <strong>James Cook <\/strong>super\u00f3 los 71\u00ba de latitud sur. Ahora bien, la atribuci\u00f3n del descubrimiento de la Ant\u00e1rtida por parte de Gabriel de Castilla, como ha quedado dicho, seguir\u00e1 siendo dudosa mientras no aparezcan datos en los archivos que sean m\u00e1s contundentes. Hay investigadores que atribuyen ese descubrimiento a muchos otros marinos, como el holand\u00e9s <strong>Dirk Gerritsz<\/strong>, que habr\u00eda llegado igualmente a las ant\u00e1rticas islas Shetland del Sur pero antes que Gabriel de Castilla, concretamente en 1599, tambi\u00e9n desviado por una tormenta. Como en el caso anterior, hay bastantes dudas sobre lo que realmente sucedi\u00f3.<\/p>\n<p><strong>Otros navegantes ant\u00e1rticos espa\u00f1oles<\/strong><\/p>\n<p>A pesar de que no hay seguridad acerca de lo que pudo avistar el palentino en las fr\u00edas aguas australes en 1603, su aventura ha merecido el reconocimiento y el honor de dar nombre a una de las dos bases que Espa\u00f1a posee en la Ant\u00e1rtida, concretamente en la<strong> isla Decepci\u00f3n<\/strong> de las Shetland del Sur, esas islas que posiblemente logr\u00f3 contemplar el propio Gabriel. <\/p>\n<p>Y todo seguir\u00eda as\u00ed, jugando a imaginar si primero fue Gabriel de Castilla o bien se trat\u00f3 de Dirk Gerritsz, si no fuera porque existen noticias sobre otros posibles jugadores en la partida del descubrimiento de las tierras Ant\u00e1rticas. Ah\u00ed est\u00e1n, por ejemplo, dos hermanos singulares que no dejaban nada al azar. Su esp\u00edritu de observaci\u00f3n y meticulosidad hacen que no exista duda alguna acerca de su logro, que no fue otro que haber llegado m\u00e1s all\u00e1 de los 56\u00ba sur, m\u00e1s all\u00e1 de Tierra del Fuego, para descubrir las <strong>islas Diego Ram\u00edrez<\/strong>, bautizadas en honor de Diego Ram\u00edrez de Arellano,  piloto de la expedici\u00f3n. Me refiero a<strong> los hermanos Gonzalo y Bartolom\u00e9 Garc\u00eda de Nodal<\/strong>, gallegos nacidos en Pontevedra. Fueron sobresalientes marinos encargados por el rey Felipe III de explorar los mares al sur de la Patagonia. El descubrimiento sucedi\u00f3 en 1619, y de \u00e9l no cabe duda pues con precisi\u00f3n asombrosa y cient\u00edfica exactitud, los hermanos anotaron todos los datos de su viaje en una relaci\u00f3n que todav\u00eda hoy puede consultarse y que destaca por su minuciosidad. Pero, claro, aunque en este caso no hay dudas, nadie se atreve a decir que los dos hermanos descubrieron la Ant\u00e1rtida, aunque muy cerca estuvieron, porque las islas Diego Ram\u00edrez se consideran el punto m\u00e1s austral de Am\u00e9rica, pero no pertenecer\u00edan propiamente a tierras ant\u00e1rticas. <\/p>\n<p>Ah pero, todav\u00eda hay otro jugador en la partida y, en este caso, su viaje fue digno de una pel\u00edcula de acci\u00f3n y bien podr\u00eda ser considerado como el verdadero descubridor de la Ant\u00e1rtida, aunque nuevamente fuera por accidente gracias a otra tormenta. <\/p>\n<p>Es m\u00e1s, en este caso no cabe duda en cuanto a calendario, si alguien de los mencionados lleg\u00f3 antes a tierras heladas del sur, ninguno se acerc\u00f3 a fecha tan temprana como&#8230; \u00a11526! La odisea del marino espa\u00f1ol <strong>Francisco de Hoces<\/strong> merece ser recordada. Fue nombrado capit\u00e1n de la carabela <em>San Lesmes<\/em>, una nave que formaba parte de la expedici\u00f3n de Garc\u00eda Jofre de Loa\u00edsa que parti\u00f3 de Espa\u00f1a en 1525 rumbo a las islas Molucas, en Indonesia. Cuando la expedici\u00f3n se hallaba en aguas del estrecho de Magallanes, la <em>San Lesmes<\/em> tuvo que girar hacia el sur para evitar una gran tempestad, lo que hizo que descubrieran por primera vez un paso al sur del cabo de Hornos, m\u00e1s all\u00e1 de los 55\u00ba de latitud sur. Eso, simplemente, ya convert\u00eda a Francisco de Hoces en un capit\u00e1n digno de entrar en los libros de historia, pero por desgracia lo que en derecho debiera llamarse <strong>Mar de Hoces<\/strong>, es conocido mundialmente como <strong>Pasaje de Drake<\/strong>, y eso que el pirata ingl\u00e9s lleg\u00f3 a esas aguas m\u00e1s de medio siglo despu\u00e9s.<\/p>\n<p>Hasta aqu\u00ed lo m\u00e1s certero que se puede conocer sobre la suerte de la <em>San Lesmes<\/em>, el resto ya entra dentro del campo de lo hipot\u00e9tico y de la leyenda. Existen indicios que hacen suponer que la nave no s\u00f3lo super\u00f3 los 55\u00ba de latitud sur, sino que lleg\u00f3 mucho m\u00e1s all\u00e1, posiblemente atisbando el propio continente helado, lo que convertir\u00eda a Francisco de Hoces en el verdadero descubridor de la Ant\u00e1rtida. Su barco regres\u00f3 al estrecho de Magallanes para reunirse de nuevo con la flota. Poco despu\u00e9s el capit\u00e1n de Hoces era relevado por enfermedad, pero no termina aqu\u00ed la aventura de la<em> San Lesmes<\/em>, porque al mando de un nuevo capit\u00e1n, Diego Alonso de Sol\u00eds, otra tormenta hace que se pierda su pista. Desde el <strong>1 de junio de 1526<\/strong> nadie sabe qu\u00e9 sucedi\u00f3 con la nave ni con la tripulaci\u00f3n, desapareci\u00f3 de los registros, pero seg\u00fan algunos investigadores el barco continu\u00f3 su viaje hacia el Pac\u00edfico, donde llegar\u00eda hasta Nueva Zelanda y Australia, siendo as\u00ed no s\u00f3lo el primer barco occidental en llegar a la Ant\u00e1rtida, sino el primero en alcanzar esas otras lejanas tierras. <\/p>\n","protected":false},"excerpt":{"rendered":"<div class=\"mh-excerpt\"><p>Versi\u00f3n reducida del art\u00edculo que publiqu\u00e9 en la revista Historia de Iberia Vieja en su edici\u00f3n del mes de febrero de 2012. Se cumple ahora un siglo de la llegada <a class=\"mh-excerpt-more\" href=\"https:\/\/alpoma.net\/tecob\/?p=6164\" title=\"Los \u00abdescubridores\u00bb espa\u00f1oles de la Ant\u00e1rtida\">[&#8230;]<\/a><\/p>\n<\/div>","protected":false},"author":1,"featured_media":10747,"comment_status":"open","ping_status":"open","sticky":false,"template":"","format":"standard","meta":{"jetpack_post_was_ever_published":false,"_jetpack_newsletter_access":"","_jetpack_dont_email_post_to_subs":false,"_jetpack_newsletter_tier_id":0,"_jetpack_memberships_contains_paywalled_content":false,"_jetpack_memberships_contains_paid_content":false,"footnotes":""},"categories":[10],"tags":[],"class_list":["post-6164","post","type-post","status-publish","format-standard","has-post-thumbnail","hentry","category-made_in_spain"],"jetpack_featured_media_url":"https:\/\/alpoma.net\/tecob\/wp-content\/uploads\/2012\/02\/6796397753_6deb66c320_o.jpg","jetpack_shortlink":"https:\/\/wp.me\/p93Dc1-1Bq","jetpack-related-posts":[{"id":1215,"url":"https:\/\/alpoma.net\/tecob\/?p=1215","url_meta":{"origin":6164,"position":0},"title":"Texto con sorpresa: La Tierra se seca","author":"alpoma","date":"16 septiembre 2009","format":false,"excerpt":"Pido al lector, si ello fuera posible, que repase con calma y cuidado las siguientes letras. En ellas hay encerrada una sorpresa, que se muestra al final del mismo. Precisamente por ello ruego que no se fije la vista en el pie del art\u00edculo, sino que se vaya saboreando poco\u2026","rel":"","context":"En \u00abGeo\u00bb","block_context":{"text":"Geo","link":"https:\/\/alpoma.net\/tecob\/?cat=5"},"img":{"alt_text":"","src":"","width":0,"height":0},"classes":[]},{"id":5208,"url":"https:\/\/alpoma.net\/tecob\/?p=5208","url_meta":{"origin":6164,"position":1},"title":"El molesto ruido del Big Bang","author":"alpoma","date":"15 agosto 2011","format":false,"excerpt":"Las hojas del calendario pertenenciente al a\u00f1o 1964 iban cayendo poco a poco. Cinco a\u00f1os antes se hab\u00eda levantado en los laboratorios de la Bell Telephone de Holmdel, Nueva Jersey, una extra\u00f1a antena articulada de aluminio con forma de cuerno de unos seis metros de apertura en su boca. Originalmente\u2026","rel":"","context":"En \u00abObsolescencia\u00bb","block_context":{"text":"Obsolescencia","link":"https:\/\/alpoma.net\/tecob\/?cat=3"},"img":{"alt_text":"","src":"https:\/\/i0.wp.com\/alpoma.net\/tecob\/wp-content\/uploads\/2011\/08\/6047359816_fbaaf87611_o.jpg?resize=350%2C200&ssl=1","width":350,"height":200,"srcset":"https:\/\/i0.wp.com\/alpoma.net\/tecob\/wp-content\/uploads\/2011\/08\/6047359816_fbaaf87611_o.jpg?resize=350%2C200&ssl=1 1x, https:\/\/i0.wp.com\/alpoma.net\/tecob\/wp-content\/uploads\/2011\/08\/6047359816_fbaaf87611_o.jpg?resize=525%2C300&ssl=1 1.5x"},"classes":[]},{"id":2219,"url":"https:\/\/alpoma.net\/tecob\/?p=2219","url_meta":{"origin":6164,"position":2},"title":"Cardano en el taller","author":"alpoma","date":"24 febrero 2010","format":false,"excerpt":"Desconozco si lograr\u00e9 entretener a alg\u00fan lector con este experimento, s\u00f3lo he de consignar aqu\u00ed que me he divertido ideando esta ficci\u00f3n, destinada para la Cuarta Edici\u00f3n del Carnaval de F\u00edsica. Por supuesto, el objetivo bajo todo este largo escrito es mostrar lo que siempre he deseado en TecOb, a\u2026","rel":"","context":"En \u00abPersonal\u00bb","block_context":{"text":"Personal","link":"https:\/\/alpoma.net\/tecob\/?cat=2"},"img":{"alt_text":"","src":"","width":0,"height":0},"classes":[]},{"id":3567,"url":"https:\/\/alpoma.net\/tecob\/?p=3567","url_meta":{"origin":6164,"position":3},"title":"Los hermanos Delhuyar y el descubrimiento del Wolframio","author":"alpoma","date":"6 octubre 2010","format":false,"excerpt":"Este post corresponte a una versi\u00f3n abreviada del art\u00edculo que publiqu\u00e9 en la revista Historia de Iberia Vieja en su edici\u00f3n de octubre de 2010, n\u00famero 64. Seria prolijo enumerar todos los trabajos de [Fausto] Elhuyar, y el celoso e ilustrado empe\u00f1o con que se dedic\u00f3 al cumplimiento de sus\u2026","rel":"","context":"En \u00abMade in Spain\u00bb","block_context":{"text":"Made in Spain","link":"https:\/\/alpoma.net\/tecob\/?cat=10"},"img":{"alt_text":"","src":"","width":0,"height":0},"classes":[]},{"id":5081,"url":"https:\/\/alpoma.net\/tecob\/?p=5081","url_meta":{"origin":6164,"position":4},"title":"Hotel Ryugyong reloaded","author":"alpoma","date":"14 julio 2011","format":false,"excerpt":"Como si esto fuera Matrix, poco m\u00e1s o menos. Es conocida la situaci\u00f3n de la poblaci\u00f3n de Corea del Norte y no creo que sea necesario comentar nada sobre las terribles condiciones en las que viven pero claro, el 15 de abril de 2012 la dictadura norcoreana celebrar\u00e1 por todo\u2026","rel":"","context":"En \u00abObsolescencia\u00bb","block_context":{"text":"Obsolescencia","link":"https:\/\/alpoma.net\/tecob\/?cat=3"},"img":{"alt_text":"","src":"https:\/\/i0.wp.com\/alpoma.net\/tecob\/wp-content\/uploads\/2011\/07\/5937359969_8b7bdd3cab_o.jpg?resize=350%2C200&ssl=1","width":350,"height":200,"srcset":"https:\/\/i0.wp.com\/alpoma.net\/tecob\/wp-content\/uploads\/2011\/07\/5937359969_8b7bdd3cab_o.jpg?resize=350%2C200&ssl=1 1x, https:\/\/i0.wp.com\/alpoma.net\/tecob\/wp-content\/uploads\/2011\/07\/5937359969_8b7bdd3cab_o.jpg?resize=525%2C300&ssl=1 1.5x"},"classes":[]},{"id":3715,"url":"https:\/\/alpoma.net\/tecob\/?p=3715","url_meta":{"origin":6164,"position":5},"title":"San Mart\u00edn de Fr\u00f3mista, de \u00abpalomar\u00bb a joya universal del rom\u00e1nico","author":"alpoma","date":"16 noviembre 2010","format":false,"excerpt":"Supongo que todav\u00eda ser\u00e1 una pr\u00e1ctica com\u00fan en algunos colegios, aunque puede que con otros medios, pero recuerdo con especial cari\u00f1o cierta tarde, siendo un ni\u00f1o, en la que en clase de historia recort\u00e1bamos con cuidado por los puntos marcados en una cartulina de colores, las formas de lo que,\u2026","rel":"","context":"En \u00abMade in Spain\u00bb","block_context":{"text":"Made in Spain","link":"https:\/\/alpoma.net\/tecob\/?cat=10"},"img":{"alt_text":"","src":"https:\/\/i0.wp.com\/alpoma.net\/tecob\/wp-content\/uploads\/2010\/11\/5179338487_296446fa3a_o.jpg?resize=350%2C200&ssl=1","width":350,"height":200,"srcset":"https:\/\/i0.wp.com\/alpoma.net\/tecob\/wp-content\/uploads\/2010\/11\/5179338487_296446fa3a_o.jpg?resize=350%2C200&ssl=1 1x, https:\/\/i0.wp.com\/alpoma.net\/tecob\/wp-content\/uploads\/2010\/11\/5179338487_296446fa3a_o.jpg?resize=525%2C300&ssl=1 1.5x"},"classes":[]}],"jetpack_sharing_enabled":true,"_links":{"self":[{"href":"https:\/\/alpoma.net\/tecob\/index.php?rest_route=\/wp\/v2\/posts\/6164","targetHints":{"allow":["GET"]}}],"collection":[{"href":"https:\/\/alpoma.net\/tecob\/index.php?rest_route=\/wp\/v2\/posts"}],"about":[{"href":"https:\/\/alpoma.net\/tecob\/index.php?rest_route=\/wp\/v2\/types\/post"}],"author":[{"embeddable":true,"href":"https:\/\/alpoma.net\/tecob\/index.php?rest_route=\/wp\/v2\/users\/1"}],"replies":[{"embeddable":true,"href":"https:\/\/alpoma.net\/tecob\/index.php?rest_route=%2Fwp%2Fv2%2Fcomments&post=6164"}],"version-history":[{"count":0,"href":"https:\/\/alpoma.net\/tecob\/index.php?rest_route=\/wp\/v2\/posts\/6164\/revisions"}],"wp:featuredmedia":[{"embeddable":true,"href":"https:\/\/alpoma.net\/tecob\/index.php?rest_route=\/wp\/v2\/media\/10747"}],"wp:attachment":[{"href":"https:\/\/alpoma.net\/tecob\/index.php?rest_route=%2Fwp%2Fv2%2Fmedia&parent=6164"}],"wp:term":[{"taxonomy":"category","embeddable":true,"href":"https:\/\/alpoma.net\/tecob\/index.php?rest_route=%2Fwp%2Fv2%2Fcategories&post=6164"},{"taxonomy":"post_tag","embeddable":true,"href":"https:\/\/alpoma.net\/tecob\/index.php?rest_route=%2Fwp%2Fv2%2Ftags&post=6164"}],"curies":[{"name":"wp","href":"https:\/\/api.w.org\/{rel}","templated":true}]}}