{"id":6120,"date":"2012-01-28T01:07:46","date_gmt":"2012-01-27T23:07:46","guid":{"rendered":"http:\/\/www.alpoma.net\/tecob\/?p=6120"},"modified":"2012-01-28T01:07:46","modified_gmt":"2012-01-27T23:07:46","slug":"la-osadia-mortal-de-salomon-august-andree","status":"publish","type":"post","link":"https:\/\/alpoma.net\/tecob\/?p=6120","title":{"rendered":"La osad\u00eda mortal de Salomon August Andr\u00e9e"},"content":{"rendered":"<p><strong>Lo que empieza mal suele terminar peor, y lo que empieza muy mal acaba por matarte<\/strong>. El final de esta historia era completamente predecible, pero su protagonista ten\u00eda en su cabeza la combinaci\u00f3n perfecta de locura, obstinaci\u00f3n, falta de sentido com\u00fan, nacionalismo rancio y mala leche, como para preferir morir a reconocer estar equivocado. Ah, y no olvidemos a los patrocinadores, esos que, incluso sabiendo que todo era muy mala idea, decidieron seguir el dictado de su cartera por encima de cualquier cosa.<\/p>\n<p><a href=\"http:\/\/www.flickr.com\/photos\/alpoma\/6772859273\/\" title=\"andree_1 by alpoma, on Flickr\"><img loading=\"lazy\" decoding=\"async\" src=\"http:\/\/farm8.staticflickr.com\/7008\/6772859273_3f6942a6d9_o.jpg\" width=\"620\" height=\"750\" alt=\"andree_1\" class=\"otros\"\/><\/a><br \/>\n<em>Imagen idealizada de la segunda expedici\u00f3n de Andr\u00e9e. Pueden verse las velas y sistemas de cables a tierra con los que el aeronauta pretend\u00eda gobernar el globo, una tecnolog\u00eda que se demostr\u00f3 completamente in\u00fatil. Fuente: Nuevo Mundo, 4 de agosto de 1897. Biblioteca Nacional de Espa\u00f1a.<\/em><\/p>\n<p><strong><!--more--><\/strong><\/p>\n<p>El protagonista de esta aventura atend\u00eda al nombre de <strong><a href=\"http:\/\/es.wikipedia.org\/wiki\/Expedici%C3%B3n_%C3%A1rtica_de_Andr%C3%A9e\">Salomon August Andr\u00e9e<\/a><\/strong>, aunque es m\u00e1s conocido como S. A. Andr\u00e9e. No puede negarse que fue todo un hijo de su tiempo, la gloriosa \u00e9poca de los <strong>aventureros polares<\/strong> a medio camino entre el siglo XIX y el prometedor XX. No se imaginaban los terribles tiempos que estaban por llegar y, para un sueco orgulloso como Andr\u00e9e, todo era posible. Su confianza ciega en la ciencia y la tecnolog\u00eda, mal entendidas, y su<strong> arrogancia <\/strong>como aventurero \u00abnacional\u00bb, le llevaron a una tumba de hielo. Todo un pa\u00eds le anim\u00f3 en su locura y termin\u00f3 convertido en h\u00e9roe p\u00f3stumo, pero en realidad puede decirse que no fue m\u00e1s que un <strong>ingenioso fanfarr\u00f3n<\/strong>.<\/p>\n<p><a href=\"http:\/\/www.flickr.com\/photos\/alpoma\/6772882745\/\" title=\"andree_2 by alpoma, on Flickr\"><img loading=\"lazy\" decoding=\"async\" src=\"http:\/\/farm8.staticflickr.com\/7011\/6772882745_0be9d575c4_o.jpg\" width=\"620\" height=\"352\" alt=\"andree_2\" class=\"otros\"\/><\/a><br \/>\n<em>Andr\u00e9e inspecciona su globo antes de partir en su segunda expedici\u00f3n. Fuente: Nuevo Mundo, 4 de agosto de 1897. Biblioteca Nacional de Espa\u00f1a.<\/em><\/p>\n<p>Lo necesario para el desastre estaba all\u00ed, en el preciso momento y en el lugar ideal. Por una parte se viv\u00eda una fiebre sin igual por los <strong>globos aerost\u00e1ticos<\/strong>, se dec\u00eda que no hab\u00eda proeza que no pudiera realizarse con un buen globo, sobre todo si era franc\u00e9s, la gran potencia en esa materia por entonces. Otro de los factores era el <strong>nacionalismo radical<\/strong>, los Suecos andaban bastante molestos porque todos sus vecinos ten\u00edan h\u00e9roes polares, mientras ellos apenas contaban con alg\u00fan aventurero genial y poco m\u00e1s. Necesitaban un reto nacional, algo especial que les hiciera sentir superiores. En ese momento surgi\u00f3 Andr\u00e9e y su idea de<strong> sobrevolar el polo norte con un globo<\/strong>. \u00a1Estoy hablando de la d\u00e9cada de 1890! T\u00e9ngase en cuenta que todav\u00eda quedaban muchos a\u00f1os para que un ser humano se acercara al polo, pero eso no atemoriz\u00f3 al ingeniero sueco, \u00e9l propuso llegar antes que nadie all\u00e1 arriba volando. Lo malo es que <strong>todo un pa\u00eds le sigui\u00f3 el juego<\/strong>.<\/p>\n<p><a href=\"http:\/\/www.flickr.com\/photos\/alpoma\/6772893983\/\" title=\"andree_3 by alpoma, on Flickr\"><img loading=\"lazy\" decoding=\"async\" src=\"http:\/\/farm8.staticflickr.com\/7154\/6772893983_dd749ff523_o.jpg\" width=\"620\" height=\"345\" alt=\"andree_3\" class=\"otros\"\/><\/a><br \/>\n<em>Transporte a tierra de la caja contenedora del globo. Fuente: Nuevo Mundo, 4 de agosto de 1897. Biblioteca Nacional de Espa\u00f1a.<\/em><\/p>\n<p>Hay que reconocer que Andr\u00e9e era todo un <strong>genio del comercio<\/strong>, era capaz de vender la idea m\u00e1s extra\u00f1a y salir airoso. Es m\u00e1s, cualquier an\u00e1lisis de su vida le hubiera descalificado de forma autom\u00e1tica para emprender una aventura como aquella que propon\u00eda. Se pas\u00f3 por alto su tendencia a estrellarse por doquier, llevaba bastante tiempo volando con globos, de forma autodidacta, pero nunca hab\u00eda logrado grandes cosas, si acaso darse alg\u00fan que otro golpe o haberse librado milagrosamente de morir ahogado o congelado en alg\u00fan lago n\u00f3rdico. Pero todo aquello no le import\u00f3 a nadie, la lengua de Andr\u00e9e deb\u00eda ser de lo m\u00e1s convincente, pues logr\u00f3 inflamar el esp\u00edritu nacional sueco como pocas veces antes se hab\u00eda visto. <\/p>\n<p><a href=\"http:\/\/www.flickr.com\/photos\/alpoma\/6772924707\/\" title=\"andree_4 by alpoma, on Flickr\"><img loading=\"lazy\" decoding=\"async\" src=\"http:\/\/farm8.staticflickr.com\/7026\/6772924707_3124320159_o.jpg\" width=\"620\" height=\"303\" alt=\"andree_4\"\/><\/a><br \/>\n<em>Andr\u00e9e, Ekholm y Strindberg, lo miembros de la primera expedici\u00f3n. Fuente: La Ilustraci\u00f3n Art\u00edstica, 27 de julio de 1896. Biblioteca Nacional de Espa\u00f1a.<\/em><\/p>\n<p>El primer intento de Andr\u00e9e pudo llevarlo a cabo en <strong>1896<\/strong>, despu\u00e9s de recibir un gran mont\u00f3n de dinero de las autoridades suecas y de <strong>numerosos patrocinadores<\/strong>, como un peri\u00f3dico y diversas empresas que ve\u00edan en el aventurero toda una mina de oro. Fue despedido con j\u00fabilo por las gentes, rumbo a la historia. La jugada sali\u00f3 muy mal y eso tuvo que hacerle meditar sobre su error, pero por desgracia no sucedi\u00f3 as\u00ed. Le acompa\u00f1aban en la expedici\u00f3n un famoso meteor\u00f3logo,<strong> Nils Gustaf Ekholm<\/strong>, y un cient\u00edfico novato, Nils Strindberg, que era todo un genio de la fotograf\u00eda.<\/p>\n<p><a href=\"http:\/\/www.flickr.com\/photos\/alpoma\/6772938039\/\" title=\"andree_5 by alpoma, on Flickr\"><img decoding=\"async\" src=\"http:\/\/farm8.staticflickr.com\/7015\/6772938039_cf066ffca1_o.jpg\" width=\"620\"  alt=\"andree_5\" class=\"otros\"\/><\/a><br \/>\n<em>La estaci\u00f3n polar de Andr\u00e9e en Spitzbergen en 1897. Fuente: Photochrom Prints Collection de la Library of Congress \/ <a href=\"http:\/\/www.flickr.com\/photos\/trialsanderrors\/2750590073\/\">trialsanderrors en Flickr<\/a>.<\/em><\/p>\n<p>Ekholm empez\u00f3 a comprender que todo aquello era una tonter\u00eda pr\u00e1cticamente desde el momento en que pudo ver el globo, dise\u00f1ado personalmente por Andr\u00e9e sobre un modelo franc\u00e9s reci\u00e9n adquirido al que llam\u00f3 <em>\u00c1guila<\/em>. El monstruo, con<strong> m\u00e1s de 20 metros de di\u00e1metro<\/strong> y dotado de tres cubiertas de seda barnizadas, deb\u00eda reunir en su interior el <strong>hidr\u00f3geno fabricado in situ<\/strong> con el que deb\u00eda volar a lo largo de un mes desde <strong>Spitsbergen<\/strong> hasta el polo norte y, de all\u00ed, hasta Canad\u00e1 o Rusia. El dise\u00f1o no ten\u00eda ni pies ni cabeza, <strong>perd\u00eda hidr\u00f3geno <\/strong>con claridad, la carga pesaba demasiado, las velas y el sistema de cables con los que Andr\u00e9e pensaba guiarlo no funcionaban ni en sue\u00f1os, pero ya era demasiado tarde, el aventurero estaba atrapado en su propia locura y no dejaba que nadie le aconsejara. Adem\u00e1s, los patrocinadores hab\u00edan soltado ya mucho dinero y era imposible volverse atr\u00e1s sin reconocer una humillante derrota. Al final Ekholm tuvo toda la raz\u00f3n, el globo no lleg\u00f3 muy lejos y <strong>acab\u00f3 por estrellarse al poco de partir<\/strong>, empujado por vientos del norte que le llevaban precisamente en sentido contrario del deseado. Por supuesto, el meteor\u00f3logo no quiso saber nada m\u00e1s del asunto, pero Andr\u00e9e continu\u00f3 adelante.<\/p>\n<p><a href=\"http:\/\/www.flickr.com\/photos\/alpoma\/6772968527\/\" title=\"andree_6 by alpoma, on Flickr\"><img loading=\"lazy\" decoding=\"async\" src=\"http:\/\/farm8.staticflickr.com\/7172\/6772968527_e03c1a59f9_o.jpg\" width=\"620\" height=\"784\" alt=\"andree_6\" class=\"otros\"\/><\/a><br \/>\n<em>Partida de la segunda expedici\u00f3n de Andr\u00e9e hacia el polo. Fuente: <a href=\"http:\/\/www.grennamuseum.se\/info.aspx?visa=gallery&#038;search=flygresan%2c+isvandringen\">Grenna Museum<\/a>.<\/em><\/p>\n<p><a href=\"http:\/\/www.flickr.com\/photos\/alpoma\/6772968709\/\" title=\"andree_7 by alpoma, on Flickr\"><img loading=\"lazy\" decoding=\"async\" src=\"http:\/\/farm8.staticflickr.com\/7018\/6772968709_c483cf5cd8_o.jpg\" width=\"620\" height=\"482\" alt=\"andree_7\" class=\"otros\"\/><\/a><br \/>\n<em>El globo de la segunda expedici\u00f3n se aleja. N\u00f3tense los cables de guiado que llegan hasta la superficie, a modo de sistemas de lastre con los que se pretend\u00eda guiar la nave. Fuente: <a href=\"http:\/\/www.grennamuseum.se\/info.aspx?visa=gallery&#038;search=flygresan%2c+isvandringen\">Grenna Museum<\/a>.<\/em><\/p>\n<p>Empe\u00f1ado en tener raz\u00f3n por encima de cualquier otro, y todav\u00eda jaleado por las autoridades suecas y los patrocinadores, <strong>lo volvi\u00f3 a intentar en 1897<\/strong>. Con el globo reparado, una buena c\u00e1mara fotogr\u00e1fica, mucho idealismo, poco cerebro y una tripulaci\u00f3n entusiasmada. Un joven ingeniero, Knut Fr\u00e6nkel, substituy\u00f3 al avezado meteor\u00f3logo. No puedo imaginar la escena, sobre todo porque m\u00e1s bien parec\u00eda algo de risa m\u00e1s que una expedici\u00f3n cient\u00edfica. Palomas mensajeras para enviar cartas en vuelo, trineos mal dise\u00f1ados, pesadas cargas con alimentos muy poco indicados para una aventura como aquella, el caso era que<strong> todo hac\u00eda pensar que se dirig\u00edan a la muerte<\/strong>, \u00a1pero continuaron su aventura como si no sucediera nada! Ni siquiera sus vestimentas eran adecuadas para el ambiente \u00e1rtico. <\/p>\n<p><a href=\"http:\/\/www.flickr.com\/photos\/alpoma\/6772989123\/\" title=\"andree_8 by alpoma, on Flickr\"><img loading=\"lazy\" decoding=\"async\" src=\"http:\/\/farm8.staticflickr.com\/7151\/6772989123_82055a0a7b_o.jpg\" width=\"620\" height=\"430\" alt=\"andree_8\" class=\"otros\"\/><\/a><br \/>\n<em>Una imagen hist\u00f3rica. Vista desde las alturas del hielo \u00e1rtico tomada por Strindberg durante el ef\u00edmero vuelo de la segunda expedici\u00f3n polar de Andr\u00e9e. Esta imagen y las que aparecen a partir de aqu\u00ed en el art\u00edculo pertenecen a los negativos recuperados m\u00e1s de tres d\u00e9cadas m\u00e1s tarde. Fuente: <a href=\"http:\/\/www.grennamuseum.se\/info.aspx?visa=gallery&#038;search=flygresan%2c+isvandringen\">Grenna Museum<\/a>.<\/em><\/p>\n<p>Al poco de partir, el globo estuvo a punto de caer al mar, por lo que <strong>la tripulaci\u00f3n necesit\u00f3 soltar lastre<\/strong>, demasiado para una primera maniobra, el globo se elev\u00f3 con rapidez y, desde entonces <strong>nadie volvi\u00f3 a saber de la expedici\u00f3n de Andr\u00e9e<\/strong>.<\/p>\n<p><a href=\"http:\/\/www.flickr.com\/photos\/alpoma\/6773006501\/\" title=\"andree_9 by alpoma, on Flickr\"><img loading=\"lazy\" decoding=\"async\" src=\"http:\/\/farm8.staticflickr.com\/7029\/6773006501_492d7cc41d_o.jpg\" width=\"620\" height=\"443\" alt=\"andree_9\" class=\"otros\"\/><\/a><br \/>\n<em>El globo ca\u00eddo sobre la banquisa \u00e1rtica.  Fuente: <a href=\"http:\/\/www.grennamuseum.se\/info.aspx?visa=gallery&#038;search=flygresan%2c+isvandringen\">Grenna Museum<\/a>.<\/em><\/p>\n<p>Durante m\u00e1s de tres d\u00e9cadas aquella aventura se convirti\u00f3 en motivo de leyendas de todo tipo, el desierto blanco se hab\u00eda tragado a tres h\u00e9roes, como se les trat\u00f3 desde entonces en Suecia. Finalmente, en el <strong>verano de 1930<\/strong>, dos expediciones de cazadores de focas localizaron los restos de la expedici\u00f3n en una isla perdida entre los hielos boreales.<\/p>\n<p><a href=\"http:\/\/www.flickr.com\/photos\/alpoma\/6773017533\/\" title=\"andree_10 by alpoma, on Flickr\"><img loading=\"lazy\" decoding=\"async\" src=\"http:\/\/farm8.staticflickr.com\/7156\/6773017533_ddf78867da_o.jpg\" width=\"620\" height=\"368\" alt=\"andree_10\" class=\"otros\"\/><\/a><br \/>\n<em>Sobreviviendo en el hielo.  Fuente: <a href=\"http:\/\/www.grennamuseum.se\/info.aspx?visa=gallery&#038;search=flygresan%2c+isvandringen\">Grenna Museum<\/a>. <\/em><\/p>\n<p>La historia que se reconstruy\u00f3 a partir de entonces es terrible. El globo apenas se mantuvo en el aire unas horas, pero fue suficiente como para que los tres hombres se perdieran en el hielo. A partir de ah\u00ed <strong>lograron sobrevivir semanas <\/strong>sorteando peligrosas grietas, luchando contra la deriva de los hielos y, finalmente, construyento un refugio en la isla donde fueron localizados sus cuerpos.<\/p>\n<p><a href=\"http:\/\/www.flickr.com\/photos\/alpoma\/6773033607\/\" title=\"andree_11 by alpoma, on Flickr\"><img loading=\"lazy\" decoding=\"async\" src=\"http:\/\/farm8.staticflickr.com\/7142\/6773033607_a86cc9495e_o.jpg\" width=\"620\" height=\"403\" alt=\"andree_11\" class=\"otros\"\/><\/a><br \/>\n<em>A la caza del oso blanco. Fuente: <a href=\"http:\/\/www.grennamuseum.se\/info.aspx?visa=gallery&#038;search=flygresan%2c+isvandringen\">Grenna Museum<\/a>.<\/em><\/p>\n<p>La agon\u00eda tuvo que ser terrible, la <strong>carne de oso polar<\/strong> constituy\u00f3 su principal alimento hasta que finalmente perecieron, perdidos y al borde de la locura. Los diarios de los miembros del grupo contienen detalles terribles. Andr\u00e9e mantuvo hasta el final su orgullo y el joven fot\u00f3grafo tuvo \u00e1nimo para ir tomado im\u00e1genes de todo el recorrido. Los <strong>carretes fotogr\u00e1ficos<\/strong> fueron localizados junto a sus cad\u00e1veres y constituyen hoy d\u00eda el recuerdo gr\u00e1fico m\u00e1s imponente de lo que una idea loca puede llevar a hacer cuando se ve apoyada por los medios adecuados.<\/p>\n<p><a href=\"http:\/\/www.flickr.com\/photos\/alpoma\/6773041861\/\" title=\"andree_12 by alpoma, on Flickr\"><img loading=\"lazy\" decoding=\"async\" src=\"http:\/\/farm8.staticflickr.com\/7144\/6773041861_35eb2f3b54_o.jpg\" width=\"620\" height=\"440\" alt=\"andree_12\" class=\"otros\"\/><\/a><br \/>\n<em>Superando grietas en la banquisa. Fuente: <a href=\"http:\/\/www.grennamuseum.se\/info.aspx?visa=gallery&#038;search=flygresan%2c+isvandringen\">Grenna Museum<\/a>.<\/em><\/p>\n","protected":false},"excerpt":{"rendered":"<div class=\"mh-excerpt\"><p>Lo que empieza mal suele terminar peor, y lo que empieza muy mal acaba por matarte. El final de esta historia era completamente predecible, pero su protagonista ten\u00eda en su <a class=\"mh-excerpt-more\" href=\"https:\/\/alpoma.net\/tecob\/?p=6120\" title=\"La osad\u00eda mortal de Salomon August Andr\u00e9e\">[&#8230;]<\/a><\/p>\n<\/div>","protected":false},"author":1,"featured_media":10792,"comment_status":"open","ping_status":"open","sticky":false,"template":"","format":"standard","meta":{"jetpack_post_was_ever_published":false,"_jetpack_newsletter_access":"","_jetpack_dont_email_post_to_subs":false,"_jetpack_newsletter_tier_id":0,"_jetpack_memberships_contains_paywalled_content":false,"_jetpack_memberships_contains_paid_content":false,"footnotes":""},"categories":[3],"tags":[],"class_list":["post-6120","post","type-post","status-publish","format-standard","has-post-thumbnail","hentry","category-obsolescencia"],"jetpack_featured_media_url":"https:\/\/alpoma.net\/tecob\/wp-content\/uploads\/2012\/01\/6772859273_3f6942a6d9_o.jpg","jetpack_shortlink":"https:\/\/wp.me\/p93Dc1-1AI","jetpack-related-posts":[{"id":7147,"url":"https:\/\/alpoma.net\/tecob\/?p=7147","url_meta":{"origin":6120,"position":0},"title":"Agust\u00edn de Betancourt y la m\u00e1quina secreta","author":"alpoma","date":"1 septiembre 2012","format":false,"excerpt":"Versi\u00f3n reducida del art\u00edculo que publiqu\u00e9 en la revista Historia de Iberia Vieja en su edici\u00f3n correspondiente al mes de septiembre de 2012. Don Agust\u00edn de Betancourt, deseando hacer un modelo de la m\u00e1quina de vapor, se determin\u00f3 a pasar a Inglaterra, a fin de indagar todos los descubrimientos \u00fatiles\u2026","rel":"","context":"En \u00abMade in Spain\u00bb","block_context":{"text":"Made in Spain","link":"https:\/\/alpoma.net\/tecob\/?cat=10"},"img":{"alt_text":"watt_boulton","src":"https:\/\/i0.wp.com\/farm9.staticflickr.com\/8302\/7904645158_2720b5fb51_n.jpg?resize=350%2C200","width":350,"height":200},"classes":[]},{"id":584,"url":"https:\/\/alpoma.net\/tecob\/?p=584","url_meta":{"origin":6120,"position":1},"title":"Einstein, Szilard y el taller de refrigeradores","author":"alpoma","date":"3 septiembre 2006","format":false,"excerpt":"Albert Einstein, que no necesita presentaci\u00f3n, no s\u00f3lo se dedic\u00f3 a revolucionar la f\u00edsica te\u00f3rica o a pasar un tiempo trabajando en una oficina de patentes. Como no pod\u00eda ser de otro modo, tambi\u00e9n dedic\u00f3 un tiempo a la tecnolog\u00eda pr\u00e1ctica y, claro est\u00e1, logr\u00f3 algunas patentes interesantes. En esta\u2026","rel":"","context":"En \u00abInnovaci\u00f3n\u00bb","block_context":{"text":"Innovaci\u00f3n","link":"https:\/\/alpoma.net\/tecob\/?cat=4"},"img":{"alt_text":"","src":"https:\/\/i0.wp.com\/alpoma.net\/tecob\/wp-content\/uploads\/2006\/09\/refrigerador_einstein.gif?resize=350%2C200&ssl=1","width":350,"height":200},"classes":[]},{"id":2219,"url":"https:\/\/alpoma.net\/tecob\/?p=2219","url_meta":{"origin":6120,"position":2},"title":"Cardano en el taller","author":"alpoma","date":"24 febrero 2010","format":false,"excerpt":"Desconozco si lograr\u00e9 entretener a alg\u00fan lector con este experimento, s\u00f3lo he de consignar aqu\u00ed que me he divertido ideando esta ficci\u00f3n, destinada para la Cuarta Edici\u00f3n del Carnaval de F\u00edsica. Por supuesto, el objetivo bajo todo este largo escrito es mostrar lo que siempre he deseado en TecOb, a\u2026","rel":"","context":"En \u00abPersonal\u00bb","block_context":{"text":"Personal","link":"https:\/\/alpoma.net\/tecob\/?cat=2"},"img":{"alt_text":"","src":"","width":0,"height":0},"classes":[]},{"id":1102,"url":"https:\/\/alpoma.net\/tecob\/?p=1102","url_meta":{"origin":6120,"position":3},"title":"El camino equivocado de Corrigan","author":"alpoma","date":"29 marzo 2009","format":false,"excerpt":"\u00bfPuede un aviador convertirse en h\u00e9roe por accidente? Tal cosa se pregunt\u00f3 Douglas Corrigan despu\u00e9s de lograr su haza\u00f1a pero, aunque \u00e9l afirmaba que todo se trat\u00f3 de un error, no hay duda de que la equivocaci\u00f3n estuvo muy bien preparada. Esta historia tiene de todo, un aventurero audaz, una\u2026","rel":"","context":"En \u00abObsolescencia\u00bb","block_context":{"text":"Obsolescencia","link":"https:\/\/alpoma.net\/tecob\/?cat=3"},"img":{"alt_text":"","src":"https:\/\/i0.wp.com\/alpoma.net\/tecob\/wp-content\/uploads\/2009\/03\/3395583544_ee78d20cd1_o.jpg?resize=350%2C200&ssl=1","width":350,"height":200,"srcset":"https:\/\/i0.wp.com\/alpoma.net\/tecob\/wp-content\/uploads\/2009\/03\/3395583544_ee78d20cd1_o.jpg?resize=350%2C200&ssl=1 1x, https:\/\/i0.wp.com\/alpoma.net\/tecob\/wp-content\/uploads\/2009\/03\/3395583544_ee78d20cd1_o.jpg?resize=525%2C300&ssl=1 1.5x"},"classes":[]},{"id":759,"url":"https:\/\/alpoma.net\/tecob\/?p=759","url_meta":{"origin":6120,"position":4},"title":"Agua en el aire","author":"alpoma","date":"18 agosto 2007","format":false,"excerpt":"Hay muchos lugares en los que se implora a los cielos para que llueva. En otros, la lejan\u00eda de los cursos de agua hace que sea poco apetecible pensar en la agricultura. Finalmente, siempre habr\u00e1 quien desee tener una fuente de agua a su disposici\u00f3n, incluso si la geograf\u00eda del\u2026","rel":"","context":"En \u00abClima\u00bb","block_context":{"text":"Clima","link":"https:\/\/alpoma.net\/tecob\/?cat=8"},"img":{"alt_text":"","src":"","width":0,"height":0},"classes":[]},{"id":9008,"url":"https:\/\/alpoma.net\/tecob\/?p=9008","url_meta":{"origin":6120,"position":5},"title":"Jorge Loring, pionero de la aviaci\u00f3n espa\u00f1ola","author":"alpoma","date":"1 mayo 2014","format":false,"excerpt":"Versi\u00f3n reducida del art\u00edculo que publiqu\u00e9 en la revista Historia de Iberia Vieja, edici\u00f3n de mayo de 2014. Dos l\u00edneas regulares tenemos establecidas actualmente en Espa\u00f1a. Una es la de Sevilla a Larache (\u2026) que funciona con toda regularidad, siendo una de las l\u00edneas de mayor seguridad entre todas las\u2026","rel":"","context":"En \u00abMade in Spain\u00bb","block_context":{"text":"Made in Spain","link":"https:\/\/alpoma.net\/tecob\/?cat=10"},"img":{"alt_text":"","src":"https:\/\/i0.wp.com\/alpoma.net\/tecob\/wp-content\/uploads\/2014\/05\/publi-698x10241.jpg?resize=350%2C200&ssl=1","width":350,"height":200,"srcset":"https:\/\/i0.wp.com\/alpoma.net\/tecob\/wp-content\/uploads\/2014\/05\/publi-698x10241.jpg?resize=350%2C200&ssl=1 1x, https:\/\/i0.wp.com\/alpoma.net\/tecob\/wp-content\/uploads\/2014\/05\/publi-698x10241.jpg?resize=525%2C300&ssl=1 1.5x"},"classes":[]}],"jetpack_sharing_enabled":true,"_links":{"self":[{"href":"https:\/\/alpoma.net\/tecob\/index.php?rest_route=\/wp\/v2\/posts\/6120","targetHints":{"allow":["GET"]}}],"collection":[{"href":"https:\/\/alpoma.net\/tecob\/index.php?rest_route=\/wp\/v2\/posts"}],"about":[{"href":"https:\/\/alpoma.net\/tecob\/index.php?rest_route=\/wp\/v2\/types\/post"}],"author":[{"embeddable":true,"href":"https:\/\/alpoma.net\/tecob\/index.php?rest_route=\/wp\/v2\/users\/1"}],"replies":[{"embeddable":true,"href":"https:\/\/alpoma.net\/tecob\/index.php?rest_route=%2Fwp%2Fv2%2Fcomments&post=6120"}],"version-history":[{"count":0,"href":"https:\/\/alpoma.net\/tecob\/index.php?rest_route=\/wp\/v2\/posts\/6120\/revisions"}],"wp:featuredmedia":[{"embeddable":true,"href":"https:\/\/alpoma.net\/tecob\/index.php?rest_route=\/wp\/v2\/media\/10792"}],"wp:attachment":[{"href":"https:\/\/alpoma.net\/tecob\/index.php?rest_route=%2Fwp%2Fv2%2Fmedia&parent=6120"}],"wp:term":[{"taxonomy":"category","embeddable":true,"href":"https:\/\/alpoma.net\/tecob\/index.php?rest_route=%2Fwp%2Fv2%2Fcategories&post=6120"},{"taxonomy":"post_tag","embeddable":true,"href":"https:\/\/alpoma.net\/tecob\/index.php?rest_route=%2Fwp%2Fv2%2Ftags&post=6120"}],"curies":[{"name":"wp","href":"https:\/\/api.w.org\/{rel}","templated":true}]}}