{"id":6067,"date":"2012-01-23T20:16:07","date_gmt":"2012-01-23T18:16:07","guid":{"rendered":"http:\/\/www.alpoma.net\/tecob\/?p=6067"},"modified":"2012-01-23T20:29:30","modified_gmt":"2012-01-23T18:29:30","slug":"los-colmenares-tradicionales-y-el-oso-pardo","status":"publish","type":"post","link":"https:\/\/alpoma.net\/tecob\/?p=6067","title":{"rendered":"Los colmenares tradicionales y el oso pardo"},"content":{"rendered":"<p>Desde hace ya tanto tiempo que nadie recuerda el momento en que fue levantado, cuenta mi familia con un <strong>vetusto colmenar a las faldas de la imponente Pe\u00f1a Redonda<\/strong>, en la Monta\u00f1a Palentina, pintoresca construcci\u00f3n tradicional a la que corresponde esta fotograf\u00eda que tom\u00e9 en el verano de 2007.<\/p>\n<p><a href=\"http:\/\/www.flickr.com\/photos\/alpoma\/1032898092\/\" title=\"Colmenar by alpoma, on Flickr\"><img decoding=\"async\" src=\"http:\/\/farm2.staticflickr.com\/1113\/1032898092_de6e0edcc1_z.jpg\" width=\"620\" alt=\"Colmenar\" class=\"otros\"\/><\/a><\/p>\n<p>Ese viejo colmenar y su entorno son para m\u00ed lugares muy entra\u00f1ables en los que me siento realmente a gusto cada vez que los visito. Por esa raz\u00f3n, cuando la semana pasada visit\u00e9 <em>Mapas<\/em>, la tienda de cartograf\u00eda que se sit\u00faa en la Calle del Le\u00f3n de Valladolid, no pude resistir comprar un librillo muy especial en cuanto lo descubr\u00ed en el escaparate. Se trata de <em>Los colmenares tradicionales y el oso pardo en el norte de Castilla y Le\u00f3n<\/em>, obra de Ernesto D\u00edaz, <a href=\"http:\/\/www.patrimonionatural.org\/\">editada por la Junta de Castilla y Le\u00f3n<\/a> en 2008. Se repasa aqu\u00ed, dir\u00eda yo que con pasi\u00f3n, la diversa tipolog\u00eda de este tipo de <strong>construcci\u00f3n tradicional<\/strong> en el norte de Espa\u00f1a y, sobre todo, en Castilla y Le\u00f3n, sus funciones, historia y su relaci\u00f3n con el oso pardo. Es una verdadera delicia que, por lo que s\u00e9, no es muy f\u00e1cil de localizar.<\/p>\n<p>Pero, he aqu\u00ed que casualmente he encontrado un documento <em>online<\/em> que repasa con detalle mucho de lo que aparece en ese libro y que tambi\u00e9n est\u00e1 realizado por el mismo autor, junto a Francisco Javier Naves. Quien est\u00e9 interesado en este asunto y no pueda hacerse con el libro, encontrar\u00e1 muy interesante este documento que es realmente jugoso: <\/p>\n<p><em><strong><a href='http:\/\/www.alpoma.net\/tecob\/wp-content\/uploads\/2012\/01\/Colmenares_Tradicionales_do_NO_de_Espanha.pdf'>Colmenares_Tradicionales_do_NO_de_Espanha<\/a><\/strong><\/em>. Ernesto D\u00edaz y Otero y Francisco Javier Naves Cienfuegos. <a href=\"www.altotejo.org\/acafa\/acafa_n3.asp\">A\u00c7AFA On Line, n\u00ba 3<\/a> (2010). Associa\u00e7\u00e3o de Estudos do Alto Tejo. (PDF).<\/p>\n<p><strong>Resumen del documento<\/strong>:<\/p>\n<blockquote><p>En el noroeste de Espa\u00f1a (Galicia, Asturias y Castilla y Le\u00f3n) subsisten construcciones ligadas a la explotaci\u00f3n ap\u00edcola de notable inter\u00e9s etnogr\u00e1fico. Muchas de esas construcciones parecen estar concebidas con la finalidad principal, quiz\u00e1s exclusiva, de mantener las colmenas fuera del alcance de los osos pardos <em>(Ursus arctos)<\/em> y otros animales salvajes.<\/p>\n<p>Los cortines -como se denominan en buena parte de su \u00e1mbito de distribuci\u00f3n- son construcciones por lo general de planta circular, al menos los m\u00e1s antigu\u0308os, con elevados muros elaborados con piedra en seco, puertas de reducido tama\u00f1o y voladizo prominente. Estos apiarios albergan generalmente colmenas verticales elaboradas con troncos huecos de distintos \u00e1rboles. Este tipo de colmenas parece vinculado a los pueblos del norte de Europa establecidos en \u00e1reas boscosas. La distribuci\u00f3n geogr\u00e1fica de este tipo de colmenas y colmenares parece muy vinculada a la m\u00e1rgen norte y oeste del r\u00edo Duero, de un modo similar a la de otras construcciones de la cultura castre\u00f1a (de los castros celtas).<\/p>\n<p>Aunque se mantiene en pie un elevado n\u00famero de colmenares, su situaci\u00f3n es de abandono, por la implantaci\u00f3n de nuevas t\u00e9cnicas ap\u00edcolas, o de elevada degradaci\u00f3n, existiendo escasas iniciativas p\u00fablicas y privadas para su restauraci\u00f3n y puesta en valor, no existiendo figuras legales espec\u00edficas de protecci\u00f3n y no aplic\u00e1ndose en otras ocasiones medidas gen\u00e9ricas para este patrimonio etnogr\u00e1fico no catalogado hasta la fecha.<\/p><\/blockquote>\n","protected":false},"excerpt":{"rendered":"<div class=\"mh-excerpt\"><p>Desde hace ya tanto tiempo que nadie recuerda el momento en que fue levantado, cuenta mi familia con un vetusto colmenar a las faldas de la imponente Pe\u00f1a Redonda, en <a class=\"mh-excerpt-more\" href=\"https:\/\/alpoma.net\/tecob\/?p=6067\" title=\"Los colmenares tradicionales y el oso pardo\">[&#8230;]<\/a><\/p>\n<\/div>","protected":false},"author":1,"featured_media":10969,"comment_status":"open","ping_status":"open","sticky":false,"template":"","format":"standard","meta":{"jetpack_post_was_ever_published":false,"_jetpack_newsletter_access":"","_jetpack_dont_email_post_to_subs":false,"_jetpack_newsletter_tier_id":0,"_jetpack_memberships_contains_paywalled_content":false,"_jetpack_memberships_contains_paid_content":false,"footnotes":""},"categories":[3,2],"tags":[],"class_list":["post-6067","post","type-post","status-publish","format-standard","has-post-thumbnail","hentry","category-obsolescencia","category-personal"],"jetpack_featured_media_url":"https:\/\/alpoma.net\/tecob\/wp-content\/uploads\/2012\/01\/1032898092_de6e0edcc1_z.jpg","jetpack_shortlink":"https:\/\/wp.me\/p93Dc1-1zR","jetpack-related-posts":[{"id":1048,"url":"https:\/\/alpoma.net\/tecob\/?p=1048","url_meta":{"origin":6067,"position":0},"title":"Noherlesoom, el astr\u00f3nomo del pueblo","author":"alpoma","date":"16 diciembre 2008","format":false,"excerpt":"Versi\u00f3n para la web del art\u00edculo que publiqu\u00e9 en el n\u00famero de diciembre de 2008 de Historia de Iberia Vieja. Jam\u00e1s hombre alguno fue tan combatido en su prestigio cient\u00edfico como Le\u00f3n Hermoso. Sus partidarios llegaron hasta concederle la virtud de la adivinaci\u00f3n, sus enemigos hasta negarle el conocimiento de\u2026","rel":"","context":"En \u00abMade in Spain\u00bb","block_context":{"text":"Made in Spain","link":"https:\/\/alpoma.net\/tecob\/?cat=10"},"img":{"alt_text":"","src":"https:\/\/i0.wp.com\/alpoma.net\/tecob\/wp-content\/uploads\/2008\/12\/3111733042_a00814d467_m.jpg?resize=350%2C200&ssl=1","width":350,"height":200},"classes":[]},{"id":6120,"url":"https:\/\/alpoma.net\/tecob\/?p=6120","url_meta":{"origin":6067,"position":1},"title":"La osad\u00eda mortal de Salomon August Andr\u00e9e","author":"alpoma","date":"28 enero 2012","format":false,"excerpt":"Lo que empieza mal suele terminar peor, y lo que empieza muy mal acaba por matarte. El final de esta historia era completamente predecible, pero su protagonista ten\u00eda en su cabeza la combinaci\u00f3n perfecta de locura, obstinaci\u00f3n, falta de sentido com\u00fan, nacionalismo rancio y mala leche, como para preferir morir\u2026","rel":"","context":"En \u00abObsolescencia\u00bb","block_context":{"text":"Obsolescencia","link":"https:\/\/alpoma.net\/tecob\/?cat=3"},"img":{"alt_text":"","src":"https:\/\/i0.wp.com\/alpoma.net\/tecob\/wp-content\/uploads\/2012\/01\/6772859273_3f6942a6d9_o.jpg?resize=350%2C200&ssl=1","width":350,"height":200,"srcset":"https:\/\/i0.wp.com\/alpoma.net\/tecob\/wp-content\/uploads\/2012\/01\/6772859273_3f6942a6d9_o.jpg?resize=350%2C200&ssl=1 1x, https:\/\/i0.wp.com\/alpoma.net\/tecob\/wp-content\/uploads\/2012\/01\/6772859273_3f6942a6d9_o.jpg?resize=525%2C300&ssl=1 1.5x"},"classes":[]},{"id":15296,"url":"https:\/\/alpoma.net\/tecob\/?p=15296","url_meta":{"origin":6067,"position":2},"title":"Hoy, hace 20 a\u00f1os, el cielo se abri\u00f3 con estruendo sobre la Monta\u00f1a Palentina (meteorito de Villalbeto)","author":"alpoma","date":"4 enero 2024","format":false,"excerpt":"Hoy es jueves, 4 de enero de 2024. Hace exactamente dos d\u00e9cadas yo ten\u00eda 28 a\u00f1os, era domingo, 4 de enero de 2004 cuando, a las 16:46 horas UTC de la tarde sucedi\u00f3 lo m\u00e1s asombroso que he contemplado en toda mi vida. Y eso que he visto cosas raras\u2026","rel":"","context":"En \u00abGeo\u00bb","block_context":{"text":"Geo","link":"https:\/\/alpoma.net\/tecob\/?cat=5"},"img":{"alt_text":"","src":"https:\/\/i0.wp.com\/alpoma.net\/tecob\/wp-content\/uploads\/2024\/01\/3082060963_674dd97b05_o.jpg?resize=350%2C200&ssl=1","width":350,"height":200,"srcset":"https:\/\/i0.wp.com\/alpoma.net\/tecob\/wp-content\/uploads\/2024\/01\/3082060963_674dd97b05_o.jpg?resize=350%2C200&ssl=1 1x, https:\/\/i0.wp.com\/alpoma.net\/tecob\/wp-content\/uploads\/2024\/01\/3082060963_674dd97b05_o.jpg?resize=525%2C300&ssl=1 1.5x"},"classes":[]},{"id":1992,"url":"https:\/\/alpoma.net\/tecob\/?p=1992","url_meta":{"origin":6067,"position":3},"title":"Proyecto Decadencia","author":"alpoma","date":"11 enero 2010","format":false,"excerpt":"Hace tiempo que lo he comentado en Twitter y, mucho antes, ocupa un lugar en mi galer\u00eda de Flickr, pero hoy ha sido cuando he completado la puesta de largo de un peque\u00f1o proyecto que comenc\u00e9 en 2005. Con la selecci\u00f3n que he incluido entre los proyectos que estoy subiendo\u2026","rel":"","context":"En \u00abObsolescencia\u00bb","block_context":{"text":"Obsolescencia","link":"https:\/\/alpoma.net\/tecob\/?cat=3"},"img":{"alt_text":"","src":"","width":0,"height":0},"classes":[]},{"id":1042,"url":"https:\/\/alpoma.net\/tecob\/?p=1042","url_meta":{"origin":6067,"position":4},"title":"El incidente de Villalbeto (otra vez&#8230;)","author":"alpoma","date":"4 diciembre 2008","format":false,"excerpt":"Tiene gracia, o m\u00e1s bien delito, porque ayer me envi\u00f3 Adolfo Arranz, a quien no dudo en calificar como maestro de la ilustraci\u00f3n y la infograf\u00eda, varias im\u00e1genes que tom\u00f3 del incidente de Villalbeto, s\u00ed, esa historia que tantas veces he contado por aqu\u00ed con meteoritos de por medio. Resulta\u2026","rel":"","context":"En \u00abGeo\u00bb","block_context":{"text":"Geo","link":"https:\/\/alpoma.net\/tecob\/?cat=5"},"img":{"alt_text":"","src":"https:\/\/i0.wp.com\/alpoma.net\/tecob\/wp-content\/uploads\/2008\/12\/3082060963_674dd97b05_o.jpg?resize=350%2C200&ssl=1","width":350,"height":200,"srcset":"https:\/\/i0.wp.com\/alpoma.net\/tecob\/wp-content\/uploads\/2008\/12\/3082060963_674dd97b05_o.jpg?resize=350%2C200&ssl=1 1x, https:\/\/i0.wp.com\/alpoma.net\/tecob\/wp-content\/uploads\/2008\/12\/3082060963_674dd97b05_o.jpg?resize=525%2C300&ssl=1 1.5x"},"classes":[]},{"id":2014,"url":"https:\/\/alpoma.net\/tecob\/?p=2014","url_meta":{"origin":6067,"position":5},"title":"El Ferrocarril de La Robla","author":"alpoma","date":"15 enero 2010","format":false,"excerpt":"Extractos del art\u00edculo que publiqu\u00e9 en Historia de Iberia Vieja, n\u00famero de enero de 2010. Las fotograf\u00edas pertenecen a la serie que realic\u00e9 sobre FEVE en Guardo a lo largo de 2006 y los gr\u00e1ficos forman parte de mis dise\u00f1os para la citada revista. La excelente idea de nuestro querido\u2026","rel":"","context":"En \u00abMade in Spain\u00bb","block_context":{"text":"Made in Spain","link":"https:\/\/alpoma.net\/tecob\/?cat=10"},"img":{"alt_text":"","src":"https:\/\/i0.wp.com\/alpoma.net\/tecob\/wp-content\/uploads\/2010\/01\/4275961455_9dff0a4bc4_o.jpg?resize=350%2C200&ssl=1","width":350,"height":200,"srcset":"https:\/\/i0.wp.com\/alpoma.net\/tecob\/wp-content\/uploads\/2010\/01\/4275961455_9dff0a4bc4_o.jpg?resize=350%2C200&ssl=1 1x, https:\/\/i0.wp.com\/alpoma.net\/tecob\/wp-content\/uploads\/2010\/01\/4275961455_9dff0a4bc4_o.jpg?resize=525%2C300&ssl=1 1.5x"},"classes":[]}],"jetpack_sharing_enabled":true,"_links":{"self":[{"href":"https:\/\/alpoma.net\/tecob\/index.php?rest_route=\/wp\/v2\/posts\/6067","targetHints":{"allow":["GET"]}}],"collection":[{"href":"https:\/\/alpoma.net\/tecob\/index.php?rest_route=\/wp\/v2\/posts"}],"about":[{"href":"https:\/\/alpoma.net\/tecob\/index.php?rest_route=\/wp\/v2\/types\/post"}],"author":[{"embeddable":true,"href":"https:\/\/alpoma.net\/tecob\/index.php?rest_route=\/wp\/v2\/users\/1"}],"replies":[{"embeddable":true,"href":"https:\/\/alpoma.net\/tecob\/index.php?rest_route=%2Fwp%2Fv2%2Fcomments&post=6067"}],"version-history":[{"count":0,"href":"https:\/\/alpoma.net\/tecob\/index.php?rest_route=\/wp\/v2\/posts\/6067\/revisions"}],"wp:featuredmedia":[{"embeddable":true,"href":"https:\/\/alpoma.net\/tecob\/index.php?rest_route=\/wp\/v2\/media\/10969"}],"wp:attachment":[{"href":"https:\/\/alpoma.net\/tecob\/index.php?rest_route=%2Fwp%2Fv2%2Fmedia&parent=6067"}],"wp:term":[{"taxonomy":"category","embeddable":true,"href":"https:\/\/alpoma.net\/tecob\/index.php?rest_route=%2Fwp%2Fv2%2Fcategories&post=6067"},{"taxonomy":"post_tag","embeddable":true,"href":"https:\/\/alpoma.net\/tecob\/index.php?rest_route=%2Fwp%2Fv2%2Ftags&post=6067"}],"curies":[{"name":"wp","href":"https:\/\/api.w.org\/{rel}","templated":true}]}}