{"id":6039,"date":"2012-01-11T19:31:44","date_gmt":"2012-01-11T17:31:44","guid":{"rendered":"http:\/\/www.alpoma.net\/tecob\/?p=6039"},"modified":"2012-01-11T19:31:44","modified_gmt":"2012-01-11T17:31:44","slug":"cencelladas","status":"publish","type":"post","link":"https:\/\/alpoma.net\/tecob\/?p=6039","title":{"rendered":"Cencelladas"},"content":{"rendered":"<p>Despu\u00e9s de estar bastantes d\u00edas en Guardo, con sol, en jornadas que m\u00e1s parec\u00edan de primavera que de invierno, resulta que <strong>hoy en Valladolid<\/strong> me salud\u00f3 la ma\u00f1ana con lo que <strong>parec\u00eda nieve<\/strong>. Y pens\u00e9 para m\u00ed que ya era hora de ver algo de nieve este invierno. <strong>\u00a1Vaya burrada!<\/strong> En efecto, al cabo de bastante rato me puse a pensar y ca\u00ed en la cuenta de que <strong>no era nieve ni de lejos<\/strong>, ten\u00eda la cabeza en otras cosas y no me daba cuenta de que los s\u00edntomas indicaban que se trataba de un fen\u00f3meno realmente singular,<strong> era una cencellada<\/strong>. Por lo visto, en Valladolid llevan con nieblas bastante tiempo, cosa nada rara, y si a eso le sumamos las temperaturas que ha habido esta madrugada, la cencellada no llegaba por sorpresa. Pero, <strong>\u00bfqu\u00e9 es una cencellada? <\/strong>Seguramente habr\u00e1 mucha gente que no haya visto nunca algo as\u00ed, por lo que tratar\u00e9 de explicar <strong><a href=\"http:\/\/www.cazatormentas.net\/index.php\/meteo-didica-topmenu-39\/52-conceptos-y-procesos-meteorolos\/79-qus-la-cencellada.html\">este hidrometeoro<\/a><\/strong> de forma muy sencilla.<\/p>\n<p><a href=\"http:\/\/www.flickr.com\/photos\/alpoma\/6679616047\/\" title=\"751px-Fotografieren-im-winter, on Flickr\"><img decoding=\"async\" src=\"http:\/\/farm8.staticflickr.com\/7028\/6679616047_91b5cd93a5_z.jpg\" width=\"620\" alt=\"751px-Fotografieren-im-winter\" class=\"otros\"\/><\/a><br \/>\nCencellada, fotograf\u00eda de Sandra Riewe, <em><a href=\"http:\/\/commons.wikimedia.org\/wiki\/File:Fotografieren-im-winter.jpg\">Wikimedia Commons<\/a><\/em>.<\/p>\n<p>Los ingredientes principales que se necesitan para formar una cencellada son <strong>la niebla y bajas temperaturas<\/strong>, siempre inferiores a 0\u00ba. Una cencellada blanca como la de hoy (tambi\u00e9n hay una variante \u00abtransparente\u00bb) aparece cuando min\u00fasculas gotas de agua en subfusi\u00f3n se congelan de forma muy r\u00e1pida y pasan a depositarse sobre diversas superficies. Era curioso ver esta ma\u00f1ana c\u00f3mo esos dep\u00f3sitos eran sobre todo evidentes sobre las ramas de los \u00e1rboles, la hierba, los autom\u00f3viles aparcados y sobre cables del tendido el\u00e9ctrico, todos ellos superficies cercanas al suelo y expuestas al viento envueltas en niebla helada. De lejos parece nieve, pero al acercarnos podremos comprobar c\u00f3mo la textura es mucho m\u00e1s suave, como de algod\u00f3n, y si nos fijamos bien podremos ver c\u00f3mo se forman <strong>agregados<\/strong> al modo de min\u00fasculos arbolillos.<\/p>\n<p><strong>M\u00e1s informaci\u00f3n<\/strong>:<\/p>\n<ul>\n<li><em>El D\u00eda de Valladolid<\/em> &#8211; <a href=\"http:\/\/www.eldiadevalladolid.com\/seccion.cfm\/Galerias\/frio\/valladolid\/FB8C9A1D-FEF9-CFA0-06D4BF00D9010808\">Galer\u00eda de im\u00e1genes de la cencellada de hoy en Valladolid<\/a>.<\/li>\n<li><em>El D\u00eda de Valladolid<\/em> &#8211; <a href=\"http:\/\/www.eldiadevalladolid.com\/noticia.cfm\/Local\/20120111\/cencellada\/ti%C3%B1e\/blanco\/valladolid\/F9D63C99-9BC6-8C67-CABF41BB61752430\">La cencellada ti\u00f1e de blanco Valladolid<\/a>.<\/li>\n<li><em>El Norte de Castilla<\/em> &#8211; <a href=\"http:\/\/www.elnortedecastilla.es\/20120111\/local\/valladolid\/cencellada-viste-blanco-varias-201201111006.html\">La cencellada viste de blanco varias zonas de Valladolid<\/a>.<\/li>\n<\/ul>\n","protected":false},"excerpt":{"rendered":"<div class=\"mh-excerpt\"><p>Despu\u00e9s de estar bastantes d\u00edas en Guardo, con sol, en jornadas que m\u00e1s parec\u00edan de primavera que de invierno, resulta que hoy en Valladolid me salud\u00f3 la ma\u00f1ana con lo <a class=\"mh-excerpt-more\" href=\"https:\/\/alpoma.net\/tecob\/?p=6039\" title=\"Cencelladas\">[&#8230;]<\/a><\/p>\n<\/div>","protected":false},"author":1,"featured_media":10454,"comment_status":"open","ping_status":"open","sticky":false,"template":"","format":"standard","meta":{"jetpack_post_was_ever_published":false,"_jetpack_newsletter_access":"","_jetpack_dont_email_post_to_subs":false,"_jetpack_newsletter_tier_id":0,"_jetpack_memberships_contains_paywalled_content":false,"_jetpack_memberships_contains_paid_content":false,"footnotes":""},"categories":[5],"tags":[],"class_list":["post-6039","post","type-post","status-publish","format-standard","has-post-thumbnail","hentry","category-geo"],"jetpack_featured_media_url":"https:\/\/alpoma.net\/tecob\/wp-content\/uploads\/2012\/01\/6679616047_91b5cd93a5_z.jpg","jetpack_shortlink":"https:\/\/wp.me\/p93Dc1-1zp","jetpack-related-posts":[{"id":1925,"url":"https:\/\/alpoma.net\/tecob\/?p=1925","url_meta":{"origin":6039,"position":0},"title":"Nieve, lluvia e inundaciones (1910)","author":"alpoma","date":"9 enero 2010","format":false,"excerpt":"Ahora que, al otear por la ventana, veo a lo lejos Pe\u00f1a Mayor cubierta por completo de nieve. Cuando, al mismo tiempo, mire donde mire, las calles, los \u00e1rboles y los tejados est\u00e1n te\u00f1idos de blanco y en el exterior la temperatura sigue bajo cero, me ha picado la curiosidad\u2026","rel":"","context":"En \u00abClima\u00bb","block_context":{"text":"Clima","link":"https:\/\/alpoma.net\/tecob\/?cat=8"},"img":{"alt_text":"","src":"","width":0,"height":0},"classes":[]},{"id":1018,"url":"https:\/\/alpoma.net\/tecob\/?p=1018","url_meta":{"origin":6039,"position":1},"title":"Cadenas para nieve autom\u00e1ticas","author":"alpoma","date":"23 octubre 2008","format":false,"excerpt":"Ayer cambi\u00f3 por aqu\u00ed, en medio de Castilla, el tiempo de forma bastante brusca. Lo que fueron unos d\u00edas soleados, tranquilos y hasta calurosos torn\u00f3 en una g\u00e9lida jornada, lluviosa y completamente desapacible. Arriba, en las monta\u00f1as, cayeron las primeras nieves oto\u00f1ales y, claro est\u00e1, aunque todav\u00eda quede un poco\u2026","rel":"","context":"En \u00abInnovaci\u00f3n\u00bb","block_context":{"text":"Innovaci\u00f3n","link":"https:\/\/alpoma.net\/tecob\/?cat=4"},"img":{"alt_text":"","src":"","width":0,"height":0},"classes":[]},{"id":6274,"url":"https:\/\/alpoma.net\/tecob\/?p=6274","url_meta":{"origin":6039,"position":2},"title":"Las murallas de nieve de Yuki-no-Ootani","author":"alpoma","date":"23 febrero 2012","format":false,"excerpt":"No conoc\u00eda la existencia de este lugar hasta que, gracias a la web de la Revista del Aficionado a la Meteorolog\u00eda, he podido descubrirlo. \u00a1Quiero visitarlo! Claro que, si lo pienso un poco, \u00bfno resultar\u00e1 un poco claustrof\u00f3bico? Sea como fuere, es espectacular. Se trata de una carretera de monta\u00f1a\u2026","rel":"","context":"En \u00abGeo\u00bb","block_context":{"text":"Geo","link":"https:\/\/alpoma.net\/tecob\/?cat=5"},"img":{"alt_text":"","src":"https:\/\/i0.wp.com\/alpoma.net\/tecob\/wp-content\/uploads\/2012\/02\/2456379960_03ebb264fb_z.jpg?resize=350%2C200&ssl=1","width":350,"height":200,"srcset":"https:\/\/i0.wp.com\/alpoma.net\/tecob\/wp-content\/uploads\/2012\/02\/2456379960_03ebb264fb_z.jpg?resize=350%2C200&ssl=1 1x, https:\/\/i0.wp.com\/alpoma.net\/tecob\/wp-content\/uploads\/2012\/02\/2456379960_03ebb264fb_z.jpg?resize=525%2C300&ssl=1 1.5x"},"classes":[]},{"id":1043,"url":"https:\/\/alpoma.net\/tecob\/?p=1043","url_meta":{"origin":6039,"position":3},"title":"El ping\u00fcino de metal","author":"alpoma","date":"9 diciembre 2008","format":false,"excerpt":"Me cruc\u00e9 ayer con este sorprendente bicho en meine kleine fabrik y me enamor\u00e9 al instante. No ten\u00eda conocimiento hasta ahora de su existencia y he de decir, sin temor a exagerar, que se trata de uno de los veh\u00edculos sobre ruedas m\u00e1s sorprendentes de toda la historia. Apodado como\u2026","rel":"","context":"En \u00abObsolescencia\u00bb","block_context":{"text":"Obsolescencia","link":"https:\/\/alpoma.net\/tecob\/?cat=3"},"img":{"alt_text":"","src":"https:\/\/i0.wp.com\/alpoma.net\/tecob\/wp-content\/uploads\/2008\/12\/3096063120_0dca310d72_o.jpg?resize=350%2C200&ssl=1","width":350,"height":200,"srcset":"https:\/\/i0.wp.com\/alpoma.net\/tecob\/wp-content\/uploads\/2008\/12\/3096063120_0dca310d72_o.jpg?resize=350%2C200&ssl=1 1x, https:\/\/i0.wp.com\/alpoma.net\/tecob\/wp-content\/uploads\/2008\/12\/3096063120_0dca310d72_o.jpg?resize=525%2C300&ssl=1 1.5x"},"classes":[]},{"id":3884,"url":"https:\/\/alpoma.net\/tecob\/?p=3884","url_meta":{"origin":6039,"position":4},"title":"Secretos de la nieve","author":"alpoma","date":"27 diciembre 2010","format":false,"excerpt":"Llevo toda la tarde maquetando y, de vez en cuando, he desviado la vista hacia la ventana para contemplar lo preciosas que est\u00e1n las monta\u00f1as nevadas. Hasta que el sol decidi\u00f3 esconderse y fastidi\u00f3 la magia. Pero ahora, de noche, he vuelto a recordar la nieve y las fascinantes formas\u2026","rel":"","context":"En \u00abGeo\u00bb","block_context":{"text":"Geo","link":"https:\/\/alpoma.net\/tecob\/?cat=5"},"img":{"alt_text":"nieve","src":"https:\/\/i0.wp.com\/farm6.static.flickr.com\/5049\/5294160111_48797a6564_m.jpg?resize=350%2C200","width":350,"height":200},"classes":[]},{"id":7576,"url":"https:\/\/alpoma.net\/tecob\/?p=7576","url_meta":{"origin":6039,"position":5},"title":"El ingenio de Zubiaurre","author":"alpoma","date":"1 diciembre 2012","format":false,"excerpt":"Versi\u00f3n reducida para web del art\u00edculo que publiqu\u00e9 en la revista Historia de Iberia Vieja, edici\u00f3n del mes de diciembre de 2012. No hace mucho que visit\u00f3 este mismo espacio uno de los ingenieros m\u00e1s excelsos de toda nuestra historia. Se trataba de Agust\u00edn de Betancourt quien, sin m\u00e1s ayuda\u2026","rel":"","context":"En \u00abMade in Spain\u00bb","block_context":{"text":"Made in Spain","link":"https:\/\/alpoma.net\/tecob\/?cat=10"},"img":{"alt_text":"","src":"https:\/\/i0.wp.com\/alpoma.net\/tecob\/wp-content\/uploads\/2012\/12\/7eae6b1a389f11e28e5d22000a1f979a_7.jpg?resize=350%2C200&ssl=1","width":350,"height":200,"srcset":"https:\/\/i0.wp.com\/alpoma.net\/tecob\/wp-content\/uploads\/2012\/12\/7eae6b1a389f11e28e5d22000a1f979a_7.jpg?resize=350%2C200&ssl=1 1x, https:\/\/i0.wp.com\/alpoma.net\/tecob\/wp-content\/uploads\/2012\/12\/7eae6b1a389f11e28e5d22000a1f979a_7.jpg?resize=525%2C300&ssl=1 1.5x"},"classes":[]}],"jetpack_sharing_enabled":true,"_links":{"self":[{"href":"https:\/\/alpoma.net\/tecob\/index.php?rest_route=\/wp\/v2\/posts\/6039","targetHints":{"allow":["GET"]}}],"collection":[{"href":"https:\/\/alpoma.net\/tecob\/index.php?rest_route=\/wp\/v2\/posts"}],"about":[{"href":"https:\/\/alpoma.net\/tecob\/index.php?rest_route=\/wp\/v2\/types\/post"}],"author":[{"embeddable":true,"href":"https:\/\/alpoma.net\/tecob\/index.php?rest_route=\/wp\/v2\/users\/1"}],"replies":[{"embeddable":true,"href":"https:\/\/alpoma.net\/tecob\/index.php?rest_route=%2Fwp%2Fv2%2Fcomments&post=6039"}],"version-history":[{"count":0,"href":"https:\/\/alpoma.net\/tecob\/index.php?rest_route=\/wp\/v2\/posts\/6039\/revisions"}],"wp:featuredmedia":[{"embeddable":true,"href":"https:\/\/alpoma.net\/tecob\/index.php?rest_route=\/wp\/v2\/media\/10454"}],"wp:attachment":[{"href":"https:\/\/alpoma.net\/tecob\/index.php?rest_route=%2Fwp%2Fv2%2Fmedia&parent=6039"}],"wp:term":[{"taxonomy":"category","embeddable":true,"href":"https:\/\/alpoma.net\/tecob\/index.php?rest_route=%2Fwp%2Fv2%2Fcategories&post=6039"},{"taxonomy":"post_tag","embeddable":true,"href":"https:\/\/alpoma.net\/tecob\/index.php?rest_route=%2Fwp%2Fv2%2Ftags&post=6039"}],"curies":[{"name":"wp","href":"https:\/\/api.w.org\/{rel}","templated":true}]}}