{"id":5999,"date":"2012-01-09T20:36:32","date_gmt":"2012-01-09T18:36:32","guid":{"rendered":"http:\/\/www.alpoma.net\/tecob\/?p=5999"},"modified":"2012-01-09T20:36:32","modified_gmt":"2012-01-09T18:36:32","slug":"historia-ilustrada-de-la-gran-guerra","status":"publish","type":"post","link":"https:\/\/alpoma.net\/tecob\/?p=5999","title":{"rendered":"Historia ilustrada de la Gran Guerra"},"content":{"rendered":"<p>Hoy quiero mencionar una de esas joyas que de vez en cuando le animan a uno el d\u00eda. Se trata de una obra no muy conocida actualmente del c\u00e9lebre <strong><a href=\"http:\/\/es.wikipedia.org\/wiki\/Vicente_Blasco_Ib%C3%A1%C3%B1ez\">Vicente Blasco Ib\u00e1\u00f1ez<\/a><\/strong> que, curiosamente, me ha interesado siempre mucho m\u00e1s por sus aventuras personales que por sus novelas.<\/p>\n<p>Aventuras como las que vivi\u00f3 cuando fue <strong>reportero en Europa durante la Gran Guerra<\/strong>, unas vivencias de las que nacieron nueve vol\u00famenes en los que narra con todo detalle, y con un punto de vista ciertamente muy personal, la <strong>Primera Guerra Mundial<\/strong>. Los nueve vol\u00famenes, de los que creo recordar que Blasco es autor de tres al completo y el resto en colaboraci\u00f3n con otros autores, est\u00e1n repletos de<strong> fotograf\u00edas de la \u00e9poca<\/strong> y se pueden descargar libremente desde <em>archive.org<\/em> en diversos formatos: <em><strong><a href=\"http:\/\/www.archive.org\/search.php?query=%22historia%20de%20la%20guerra%20europea%22%20AND%20mediatype%3Atexts\">Historia de la guerra europea de 1914, ilustrada con millares de fotograf\u00edas, dibujos y l\u00e1minas<\/a><\/strong><\/em>.<\/p>\n<p><a href=\"http:\/\/www.flickr.com\/photos\/alpoma\/6668230487\/\" title=\"blasco_ibanez by alpoma, on Flickr\"><img loading=\"lazy\" decoding=\"async\" src=\"http:\/\/farm8.staticflickr.com\/7015\/6668230487_eaeef9b1c9_o.jpg\" width=\"620\" height=\"405\" alt=\"blasco_ibanez\" class=\"otros\"\/><\/a><br \/>\n<small><strong>Blasco Ib\u00e1\u00f1ez en uno de los escenarios de la Gran Guerra<\/strong>. Tomado del primer volumen de la obra citada en el post.<\/small><\/p>\n","protected":false},"excerpt":{"rendered":"<div class=\"mh-excerpt\"><p>Hoy quiero mencionar una de esas joyas que de vez en cuando le animan a uno el d\u00eda. Se trata de una obra no muy conocida actualmente del c\u00e9lebre Vicente <a class=\"mh-excerpt-more\" href=\"https:\/\/alpoma.net\/tecob\/?p=5999\" title=\"Historia ilustrada de la Gran Guerra\">[&#8230;]<\/a><\/p>\n<\/div>","protected":false},"author":1,"featured_media":10752,"comment_status":"open","ping_status":"open","sticky":false,"template":"","format":"standard","meta":{"jetpack_post_was_ever_published":false,"_jetpack_newsletter_access":"","_jetpack_dont_email_post_to_subs":false,"_jetpack_newsletter_tier_id":0,"_jetpack_memberships_contains_paywalled_content":false,"_jetpack_memberships_contains_paid_content":false,"footnotes":""},"categories":[3],"tags":[],"class_list":["post-5999","post","type-post","status-publish","format-standard","has-post-thumbnail","hentry","category-obsolescencia"],"jetpack_featured_media_url":"https:\/\/alpoma.net\/tecob\/wp-content\/uploads\/2012\/01\/6668230487_eaeef9b1c9_o.jpg","jetpack_shortlink":"https:\/\/wp.me\/p93Dc1-1yL","jetpack-related-posts":[{"id":2448,"url":"https:\/\/alpoma.net\/tecob\/?p=2448","url_meta":{"origin":5999,"position":0},"title":"Blasco de Garay, el ingeniero que no invent\u00f3 la propulsi\u00f3n a vapor","author":"alpoma","date":"8 abril 2010","format":false,"excerpt":"Versi\u00f3n reducida del art\u00edculo que publiqu\u00e9 en la edici\u00f3n correspondiente al mes de abril de 2010 de la revista Historia de Iberia Vieja. All\u00e1 por el a\u00f1o 1543, el capit\u00e1n de mar don Blasco de Garay present\u00f3 un proyecto al Emperador Carlos V, por el cual pretend\u00eda mover los buques\u2026","rel":"","context":"En \u00abMade in Spain\u00bb","block_context":{"text":"Made in Spain","link":"https:\/\/alpoma.net\/tecob\/?cat=10"},"img":{"alt_text":"","src":"https:\/\/i0.wp.com\/alpoma.net\/tecob\/wp-content\/uploads\/2010\/04\/4503196788_dcf20a8595_o.jpg?resize=350%2C200&ssl=1","width":350,"height":200,"srcset":"https:\/\/i0.wp.com\/alpoma.net\/tecob\/wp-content\/uploads\/2010\/04\/4503196788_dcf20a8595_o.jpg?resize=350%2C200&ssl=1 1x, https:\/\/i0.wp.com\/alpoma.net\/tecob\/wp-content\/uploads\/2010\/04\/4503196788_dcf20a8595_o.jpg?resize=525%2C300&ssl=1 1.5x"},"classes":[]},{"id":534,"url":"https:\/\/alpoma.net\/tecob\/?p=534","url_meta":{"origin":5999,"position":1},"title":"Inventores del Siglo de Oro","author":"alpoma","date":"13 julio 2006","format":false,"excerpt":"Hace varios meses visitaron TecOb diversos inventores espa\u00f1oles que desarrollaron su labor en torno al que es conocido como Siglo de Oro espa\u00f1ol. Hoy, siguiendo de nuevo la estela de la magna obra del historiador de la tecnolog\u00eda vallisoletano Nicol\u00e1s Garc\u00eda Tapia, rese\u00f1ar\u00e9 brevemente otros genios olvidados de la t\u00e9cnica\u2026","rel":"","context":"En \u00abMade in Spain\u00bb","block_context":{"text":"Made in Spain","link":"https:\/\/alpoma.net\/tecob\/?cat=10"},"img":{"alt_text":"brujula","src":"https:\/\/i0.wp.com\/static.flickr.com\/70\/188953810_4e0ef41b2a_o.jpg?resize=350%2C200","width":350,"height":200},"classes":[]},{"id":637,"url":"https:\/\/alpoma.net\/tecob\/?p=637","url_meta":{"origin":5999,"position":2},"title":"Roland Garros","author":"alpoma","date":"29 noviembre 2006","format":false,"excerpt":"Mmmmmm... \u00bftenis? Pues no, la cosa no va de raquetas, aunque p\u00f3stumamente se utiliz\u00f3 su nombre para denominar al famoso torneo anual de tenis franc\u00e9s, pocos se acuerdan de Roland Garros, intr\u00e9pido pionero de la aviaci\u00f3n que logr\u00f3 realizar una peligrosa traves\u00eda por el Mediterr\u00e1neo incluso a pesar de tener\u2026","rel":"","context":"En \u00abObsolescencia\u00bb","block_context":{"text":"Obsolescencia","link":"https:\/\/alpoma.net\/tecob\/?cat=3"},"img":{"alt_text":"garros_3_350","src":"https:\/\/i0.wp.com\/static.flickr.com\/107\/308999230_b8062731ab_m.jpg?resize=350%2C200","width":350,"height":200},"classes":[]},{"id":3679,"url":"https:\/\/alpoma.net\/tecob\/?p=3679","url_meta":{"origin":5999,"position":3},"title":"Buscando el bid\u00f3n perfecto","author":"alpoma","date":"4 noviembre 2010","format":false,"excerpt":"Planear una guerra es algo complicado, sobre todo si tu intenci\u00f3n es conquistar el mundo por la fuerza. Tendr\u00e1s que desplegar tropas por lugares lejanos y mantener l\u00edneas de suministros fiables si no quieres perder el terreno conquistado. En esas estaban los nazis con su locura a finales de los\u2026","rel":"","context":"En \u00abObsolescencia\u00bb","block_context":{"text":"Obsolescencia","link":"https:\/\/alpoma.net\/tecob\/?cat=3"},"img":{"alt_text":"jerrycan","src":"https:\/\/i0.wp.com\/farm2.static.flickr.com\/1241\/5146178721_60c2a93778_m.jpg?resize=350%2C200","width":350,"height":200},"classes":[]},{"id":7263,"url":"https:\/\/alpoma.net\/tecob\/?p=7263","url_meta":{"origin":5999,"position":4},"title":"Maravillas de la ingenier\u00eda (1909)","author":"alpoma","date":"18 septiembre 2012","format":false,"excerpt":"He aqu\u00ed tres peque\u00f1as joyas que llegan desde el lejano 1909 para mostrarnos todo un mundo de maravillas. Era la \u00e9poca de la confianza plena en la tecnolog\u00eda, cuando parec\u00eda que el futuro se llenar\u00eda de m\u00e1quinas y todo podr\u00eda ser posible. En el fondo no les faltaba raz\u00f3n, el\u2026","rel":"","context":"En \u00abObsolescencia\u00bb","block_context":{"text":"Obsolescencia","link":"https:\/\/alpoma.net\/tecob\/?cat=3"},"img":{"alt_text":"","src":"https:\/\/i0.wp.com\/alpoma.net\/tecob\/wp-content\/uploads\/2012\/09\/dirigible.jpg?resize=350%2C200&ssl=1","width":350,"height":200,"srcset":"https:\/\/i0.wp.com\/alpoma.net\/tecob\/wp-content\/uploads\/2012\/09\/dirigible.jpg?resize=350%2C200&ssl=1 1x, https:\/\/i0.wp.com\/alpoma.net\/tecob\/wp-content\/uploads\/2012\/09\/dirigible.jpg?resize=525%2C300&ssl=1 1.5x"},"classes":[]},{"id":8846,"url":"https:\/\/alpoma.net\/tecob\/?p=8846","url_meta":{"origin":5999,"position":5},"title":"(1916) Un submarino mercante para burlar el bloqueo brit\u00e1nico","author":"alpoma","date":"20 febrero 2014","format":false,"excerpt":"La ya pr\u00e1cticamente centenaria Gran Guerra (siempre me ha gustado m\u00e1s ese t\u00e9rmino que Primera Guerra Mundial), est\u00e1 repleta de terribles historias pero, tambi\u00e9n, de curiosidades. He aqu\u00ed un ejemplo a medio camino entre lo triste y lo sorprendente. Triste por el marco hist\u00f3rico que llev\u00f3 a la creaci\u00f3n de\u2026","rel":"","context":"En \u00abObsolescencia\u00bb","block_context":{"text":"Obsolescencia","link":"https:\/\/alpoma.net\/tecob\/?cat=3"},"img":{"alt_text":"","src":"https:\/\/i0.wp.com\/alpoma.net\/tecob\/wp-content\/uploads\/2014\/02\/carguero_alemania.jpg?resize=350%2C200&ssl=1","width":350,"height":200,"srcset":"https:\/\/i0.wp.com\/alpoma.net\/tecob\/wp-content\/uploads\/2014\/02\/carguero_alemania.jpg?resize=350%2C200&ssl=1 1x, https:\/\/i0.wp.com\/alpoma.net\/tecob\/wp-content\/uploads\/2014\/02\/carguero_alemania.jpg?resize=525%2C300&ssl=1 1.5x"},"classes":[]}],"jetpack_sharing_enabled":true,"_links":{"self":[{"href":"https:\/\/alpoma.net\/tecob\/index.php?rest_route=\/wp\/v2\/posts\/5999","targetHints":{"allow":["GET"]}}],"collection":[{"href":"https:\/\/alpoma.net\/tecob\/index.php?rest_route=\/wp\/v2\/posts"}],"about":[{"href":"https:\/\/alpoma.net\/tecob\/index.php?rest_route=\/wp\/v2\/types\/post"}],"author":[{"embeddable":true,"href":"https:\/\/alpoma.net\/tecob\/index.php?rest_route=\/wp\/v2\/users\/1"}],"replies":[{"embeddable":true,"href":"https:\/\/alpoma.net\/tecob\/index.php?rest_route=%2Fwp%2Fv2%2Fcomments&post=5999"}],"version-history":[{"count":0,"href":"https:\/\/alpoma.net\/tecob\/index.php?rest_route=\/wp\/v2\/posts\/5999\/revisions"}],"wp:featuredmedia":[{"embeddable":true,"href":"https:\/\/alpoma.net\/tecob\/index.php?rest_route=\/wp\/v2\/media\/10752"}],"wp:attachment":[{"href":"https:\/\/alpoma.net\/tecob\/index.php?rest_route=%2Fwp%2Fv2%2Fmedia&parent=5999"}],"wp:term":[{"taxonomy":"category","embeddable":true,"href":"https:\/\/alpoma.net\/tecob\/index.php?rest_route=%2Fwp%2Fv2%2Fcategories&post=5999"},{"taxonomy":"post_tag","embeddable":true,"href":"https:\/\/alpoma.net\/tecob\/index.php?rest_route=%2Fwp%2Fv2%2Ftags&post=5999"}],"curies":[{"name":"wp","href":"https:\/\/api.w.org\/{rel}","templated":true}]}}