{"id":599,"date":"2006-09-23T22:55:28","date_gmt":"2006-09-23T20:55:28","guid":{"rendered":"http:\/\/www.alpoma.net\/tecob\/?p=599"},"modified":"2006-09-25T11:28:15","modified_gmt":"2006-09-25T09:28:15","slug":"el-senor-por-que","status":"publish","type":"post","link":"https:\/\/alpoma.net\/tecob\/?p=599","title":{"rendered":"El se\u00f1or Por qu\u00e9"},"content":{"rendered":"<p>Recuerdo cuando, de peque\u00f1o, aprend\u00ed a hacer <strong>ra\u00edces cuadradas a mano<\/strong>. \u00a1Nada de calculadoras! Eso dec\u00edan los profesores, generalmente con gran raz\u00f3n. As\u00ed que, armado de lapicero, goma y papel, a estrujarse un poco las neuronas para realizar ra\u00edces cuadradas de grandes n\u00fameros, con decimales y todo. Tambi\u00e9n recuerdo que, a\u00f1os despu\u00e9s, en el instituto, me sorprend\u00eda lo intrincado que a veces pod\u00eda llegar a ser la <strong>l\u00f3gica proposicional<\/strong>, que por aquel entonces se ense\u00f1aba en el bachillerato. No hace tantos a\u00f1os de esto \u00faltimo, poco m\u00e1s de una d\u00e9cada, pero todav\u00eda me sorprende el poder de la l\u00f3gica a la hora de establecer una base racional de la matem\u00e1tica y, en realidad, de gran parte de la ciencia. No s\u00e9 si todav\u00eda se empe\u00f1an en la escuela en que los ni\u00f1os hagan ra\u00edces cuadradas y otros c\u00e1lculos -con n\u00fameros grandes, que con los \u00abpeque\u00f1os\u00bb no vale- sin dejar utilizar la calculadora. Igualmente, desconozco si todav\u00eda se ense\u00f1a l\u00f3gica proposicional en filosof\u00eda en eso que haya substitu\u00eddo al bachillerato -reconozco que no tengo ni idea de c\u00f3mo est\u00e1 estructurado ahora el sistema educativo- pero supongo que las cosas no habr\u00e1n cambiado tanto. <\/p>\n<p>Tambi\u00e9n hubo un tiempo en que me entreten\u00eda, y a veces cabreaba, en el intento de resolver integrales o ecuaciones diferenciales. Pero, como el tiempo pasa, si me pusiera hoy mismo a resolver una de aquellas ra\u00edces cuadradas de kilom\u00e9tricos tama\u00f1os, no tendr\u00eda ni idea de por d\u00f3nde tomarla, salvo recurrir a la calculadora. Ser\u00eda cosa de \u00abrefrescar\u00bb la memoria, porque me he acostumbrado tanto a programar la calculadora para que me ayude en los c\u00e1lculos estad\u00edsticos complejos que utilizo a menudo, que seguramente me costara much\u00edsimo volver al l\u00e1piz y al papel. <strong>\u00bfY a qu\u00e9 narices vendr\u00e1 todo esto?<\/strong> Eso se preguntar\u00e1, con raz\u00f3n, el lector de este art\u00edculo. Pues nada, son desvar\u00edos que han surgido a ra\u00edz de leer unas notas biogr\u00e1ficas acerca de uno de los m\u00e1s grandes l\u00f3gicos del siglo XX, el tan mencionado, como incomprendido, <strong><a href=\"http:\/\/thales.cica.es\/rd\/Recursos\/rd97\/Biografias\/08-1-b-godel.html\">Kurt G\u00f6del<\/a><\/strong><sup>1<\/sup>.<\/p>\n<p><a href=\"http:\/\/www.flickr.com\/photos\/alpoma\/250739271\/\" title=\"Photo Sharing\"><img loading=\"lazy\" decoding=\"async\" src=\"http:\/\/static.flickr.com\/91\/250739271_8baeb86803_m.jpg\" width=\"173\" height=\"240\" alt=\"Godel\" class=\"dch\"\/><\/a><strong>\u00a1Tranquilos!<\/strong> No voy a intentar, ni de lejos, explicar los <strong>teoremas de incompletitud <\/strong>, sobre todo porque, aunque comprendo su significado y, sobre todo, su importancia, me pierdo un poco a la hora de seguir los detallados razonamientos l\u00f3gicos originales de G\u00f6del y es que uno es m\u00e1s \u00abil\u00f3gico\u00bb de lo que quisiera ;). Lo que s\u00ed quisiera recordar, fugazmente, es que la famosa demostraci\u00f3n de G\u00f6del acerca de que <strong>existen enunciados relativos a los n\u00fameros naturales que son verdaderos, pero indemostrables<\/strong> -demostraci\u00f3n que que \u00abdinamit\u00f3\u00bb los fundamentos de la matem\u00e1tica anteriores al siglo XX-, ha sido utilizada por doquier en  m\u00faltiples \u00e1mbitos del conocimiento, fuera de la l\u00f3gica matem\u00e1tica, unas veces con \u00e9xito y  utilidad y, lamentablemente, otras con mero inter\u00e9s \u00abde moda\u00bb y sin pies ni cabeza.<\/p>\n<p>Lo que no es tan conocido, y es lo que me ha llamado la atenci\u00f3n, es <strong>el G\u00f6del humano<\/strong>, su forma de ser. Es curioso contemplar c\u00f3mo un hombre que aspiraba a la b\u00fasqueda de lo racional, del fundamento de la matem\u00e1tica, estaba atrapado por graves problemas mentales. Me record\u00f3, salvando grandes distancias, a la odisea matem\u00e1tica de <strong>Cantor <\/strong>y su \u00ablocura\u00bb. De peque\u00f1o, Kurt era un poco \u00abraro\u00bb. Sacaba buenas notas, aunque no parec\u00eda mostrar signos de genialidad y, sobre todo, era considerado por sus maestros como un pesado de campeonado porque <strong>siempre estaba preguntando acerca de todo<\/strong>, con lo que le apodaron<strong> \u00abel se\u00f1or Por qu\u00e9\u00bb<\/strong>. Poco a poco creci\u00f3, enclenque, callado y t\u00edmido, preocupado por su salud y por lo que com\u00eda, posiblemente a causa de unas fiebres que tuvo a los ocho a\u00f1os. <\/p>\n<p>Ya en la <strong>Universidad de Viena<\/strong>, estudi\u00f3 inicialmente f\u00edsica pero, al entrar en contacto con el ambiente matem\u00e1tico m\u00e1s avanzado de la \u00e9poca, decidi\u00f3 inclinarse por los estudios matem\u00e1ticos y muy pronto entr\u00f3 a formar parte de las discusiones matem\u00e1ticas, cient\u00edficas y filos\u00f3ficas que se coc\u00edan dentro del famoso <strong>C\u00edrculo de Viena<\/strong>. A partir de ah\u00ed desarroll\u00f3 su pasi\u00f3n por la l\u00f3gica matem\u00e1tica. As\u00ed, entre charlas -a las que asist\u00eda pero en las que rara vez abr\u00eda la boca- y muchas veces acompa\u00f1ado de mujeres, puesto que <strong>le encantaba la compa\u00f1\u00eda femenina<\/strong>, pasaron los a\u00f1os en medio de un c\u00f3modo anomimato hasta que, de repente, <strong>vol\u00f3 por los aires el edificio de la l\u00f3gica matem\u00e1tica construido durante cientos de a\u00f1os<\/strong>. Inocentemente, casi en silencio, public\u00f3 su <strong>tesis doctoral<\/strong> en 1930, un a\u00f1o despu\u00e9s de haberla presentado en la Universidad de Viena. Esta obra, y la posterior, tratan sobre la completitud y sobre las proposiciones indecidibles y siguen levantando admiraci\u00f3n entre los matem\u00e1ticos. A partir de ese momento, la figura gris y callada, se convirti\u00f3 en el centro de grandes discusiones cient\u00edficas y filos\u00f3ficas. Bueno, la figura no, m\u00e1s bien su obra, porque <strong>G\u00f6del continu\u00f3 siendo alguien introvertido y callado<\/strong>, alejado de todo protagonismo de manera voluntaria. <\/p>\n<p>Tras viajar a los Estados Unidos a principios de los a\u00f1os treinta, ya de regreso a Viena, <strong>comenz\u00f3 a sufrir crisis mentales<\/strong> que le apartaron de la ense\u00f1anza bastante tiempo. Al parecer, no se conoce la diagnosis de tales crisis porque el historial m\u00e9dico de G\u00f6del es confidencial, pero est\u00e1 claro que, entre otras cosas, <strong>padec\u00eda de hipocondr\u00eda<\/strong>. Ten\u00eda una obsesi\u00f3n enfermiza por la salud y la alimentaci\u00f3n, hasta tal punto que lleg\u00f3 realizarse a s\u00ed mismo tomas de temperatura, que registr\u00f3 minuciosamente a diario, durante dos d\u00e9cadas. Su mayor miedo consist\u00eda en equivocarse en lo que com\u00eda y, a causa de ello, sufrir una intoxicaci\u00f3n. Con el tiempo lleg\u00f3 a sospechar que intentaban envenenarlo intencionadamente, con lo que siempre estaba revisando lo que com\u00eda y lleg\u00f3 a la desnutrici\u00f3n, adem\u00e1s de ser un <strong>voraz consumidor de todo tipo de medicamentos <\/strong>autoadministrados para combatir problemas de salud imaginarios.<\/p>\n<p>A pesar de todos estos problemas, que entorpec\u00edan su vida diaria, <strong>su trabajo intelectual no parece que se viera muy afectado<\/strong>, sobre todo porque siempre estaba a su lado <strong>Adele Porket<\/strong>, la animosa bailarina que <strong>se convirti\u00f3 en su mujer<\/strong> y que siempre cuid\u00f3 de su salud con gran esmero, llegando a \u00abcatar\u00bb los alimentos que G\u00f6del inger\u00edr\u00eda m\u00e1s tarde, para quitarle el miedo a ser intoxicado. Se casaron en 1938, poco antes de irse a vivir a los Estados Unidos, huyendo del opresivo ambiente en que los nazis hab\u00edan convertido Europa. As\u00ed, a principios del a\u00f1o 1940, Kurt y Adele lograron permiso para establecerse en Princeton. Viajaron hacia el este, cruzando la Uni\u00f3n Sovi\u00e9tica en el transiberiano, tomaron un barco desde Yokohama rumbo a San Francisco. <strong>Princeton se convirti\u00f3 en su hogar para el resto de sus d\u00edas<\/strong>, un lugar en el que conoci\u00f3 a <strong>Albert Einstein<\/strong>, que se convirti\u00f3 en su amigo y, tambi\u00e9n, en una especie de \u00abtutor\u00bb, pues el genio alem\u00e1n se preocup\u00f3 de cuidar la salud de G\u00f6del. Los dos amigos daban un paseo diario por Princeton. Puede que las conversaciones que tuvieron aquellos d\u00edas hicieran que Kurt se dedicara a partir de entonces a la filosof\u00eda y a la teor\u00eda de la relatividad. <\/p>\n<p><a href=\"http:\/\/www.flickr.com\/photos\/alpoma\/250739270\/\" title=\"Photo Sharing\"><img loading=\"lazy\" decoding=\"async\" src=\"http:\/\/static.flickr.com\/102\/250739270_6f2c38b1ea_o.jpg\" width=\"550\" height=\"391\" alt=\"Einstein_Godel\" class=\"otros\"\/><\/a><br \/>\nEinstein y G\u00f6del paseando por Princeton. Fotograf\u00eda de los a\u00f1os cincuenta.<br \/>\nObra de  Oskar Morgenstern, <em><a href=\"http:\/\/www.admin.ias.edu\/hslib\/archives.htm\">Institute of Advanced Study Archives<\/a><\/em>.<\/p>\n<p>Como suele sucederle a muchos hipocondriacos graves, aunque aparentemente \u00abcuidaba\u00bb su salud con obstinaci\u00f3n, en realidad <strong>su aversi\u00f3n a los m\u00e9dicos hizo que empeorara <\/strong>y que estuviera a punto de morir de una \u00falcera sangrante. Poco a poco se fue haciendo todav\u00eda m\u00e1s introvertido y silencioso. En el 76 se convirti\u00f3 en profesor em\u00e9rito y, a partir de entonces, se dedic\u00f3 a cuidar de su esposa, que hab\u00eda sufrido un ataque al coraz\u00f3n, quedando inv\u00e1lida. En realidad, a pesar de su esmero, estaba m\u00e1s para que le cuidaran a \u00e9l, as\u00ed que durante a\u00f1os estuvo asistido por un amigo, que recogi\u00f3 el testigo de Einstein como \u00abtutor\u00bb. Pero, al fallecer este amigo fiel, se vio <strong>abandonado a merced de su paranoia<\/strong> y, lamentablemente, el propio G\u00f6del <strong>sucumbi\u00f3 a la desnutrici\u00f3n<\/strong> a principios de 1978, pues dej\u00f3 de comer por miedo a sufrir un envenenamiento.<\/p>\n<p>__________<\/p>\n<p><sup>1<\/sup> Estas notas biogr\u00e1ficas han surgido a ra\u00edz de la lectura del art\u00edculo de <strong>John W. Dawson<\/strong> \u00abG\u00f6del y los l\u00edmites de la l\u00f3gica\u00bb, publicado en Investigaci\u00f3n y Ciencia en agosto de 1999. Mi inter\u00e9s por G\u00f6del surgi\u00f3 cuando, hace unos meses, adquir\u00ed el <strong><a href=\"http:\/\/www.matematicalia.net\/index.php?option=com_content&#038;task=view&#038;id=482&#038;Itemid=59\">volumen que re\u00fane sus obras completas<\/a><\/strong>, editado por Alianza. Una aut\u00e9ntica delicia.<\/p>\n","protected":false},"excerpt":{"rendered":"<div class=\"mh-excerpt\"><p>Recuerdo cuando, de peque\u00f1o, aprend\u00ed a hacer ra\u00edces cuadradas a mano. \u00a1Nada de calculadoras! Eso dec\u00edan los profesores, generalmente con gran raz\u00f3n. As\u00ed que, armado de lapicero, goma y papel, <a class=\"mh-excerpt-more\" href=\"https:\/\/alpoma.net\/tecob\/?p=599\" title=\"El se\u00f1or Por qu\u00e9\">[&#8230;]<\/a><\/p>\n<\/div>","protected":false},"author":1,"featured_media":10502,"comment_status":"open","ping_status":"open","sticky":false,"template":"","format":"standard","meta":{"jetpack_post_was_ever_published":false,"_jetpack_newsletter_access":"","_jetpack_dont_email_post_to_subs":false,"_jetpack_newsletter_tier_id":0,"_jetpack_memberships_contains_paywalled_content":false,"_jetpack_memberships_contains_paid_content":false,"footnotes":""},"categories":[1,2],"tags":[],"class_list":["post-599","post","type-post","status-publish","format-standard","has-post-thumbnail","hentry","category-general","category-personal"],"jetpack_featured_media_url":"https:\/\/alpoma.net\/tecob\/wp-content\/uploads\/2006\/09\/250739271_8baeb86803_m.jpg","jetpack_shortlink":"https:\/\/wp.me\/p93Dc1-9F","jetpack-related-posts":[{"id":72,"url":"https:\/\/alpoma.net\/tecob\/?p=72","url_meta":{"origin":599,"position":0},"title":"Muerte al amanecer","author":"alpoma","date":"18 octubre 2005","format":false,"excerpt":"Las matem\u00e1ticas han sido, y son, temidas a la vez que admiradas por muchas personas, no hay m\u00e1s que recordar la famosa sentencia de San Agust\u00edn: El buen cristiano deber\u00e1 guardarse de los matem\u00e1ticos y de todos aquellos que practican la predicci\u00f3n sacr\u00edlega, particularmente cuando proclaman la verdad. Porque existe\u2026","rel":"","context":"En \u00abGeneral\u00bb","block_context":{"text":"General","link":"https:\/\/alpoma.net\/tecob\/?cat=1"},"img":{"alt_text":"","src":"https:\/\/i0.wp.com\/alpoma.net\/tecob\/wp-content\/uploads\/2005\/10\/Galois.jpg?resize=350%2C200&ssl=1","width":350,"height":200,"srcset":"https:\/\/i0.wp.com\/alpoma.net\/tecob\/wp-content\/uploads\/2005\/10\/Galois.jpg?resize=350%2C200&ssl=1 1x, https:\/\/i0.wp.com\/alpoma.net\/tecob\/wp-content\/uploads\/2005\/10\/Galois.jpg?resize=525%2C300&ssl=1 1.5x"},"classes":[]},{"id":1173,"url":"https:\/\/alpoma.net\/tecob\/?p=1173","url_meta":{"origin":599,"position":1},"title":"\u00abViejas\u00bb revistas de divulgaci\u00f3n cient\u00edfica","author":"alpoma","date":"16 julio 2009","format":false,"excerpt":"Acabo de organizar un poco varios estantes y me he vuelto a encontrar con viejas amigas. Actualmente \u00fanicamente compro, cada mes, dos revistas de divulgaci\u00f3n cient\u00edfica. En primer lugar, y desde hace ya m\u00e1s de diez a\u00f1os, no puede faltar Investigaci\u00f3n y Ciencia. Por otro lado, National Geographic, que adquiero\u2026","rel":"","context":"En \u00abObsolescencia\u00bb","block_context":{"text":"Obsolescencia","link":"https:\/\/alpoma.net\/tecob\/?cat=3"},"img":{"alt_text":"","src":"","width":0,"height":0},"classes":[]},{"id":509,"url":"https:\/\/alpoma.net\/tecob\/?p=509","url_meta":{"origin":599,"position":2},"title":"Los Fuertes de Maunsell","author":"alpoma","date":"20 junio 2006","format":false,"excerpt":"Causaba terror, con raz\u00f3n, la posibilidad de una invasi\u00f3n de Gran Breta\u00f1a por parte del ej\u00e9rcito nazi. Pod\u00eda ser por aire o por mar, eso era lo de menos, se trataba de una posibilidad tan real que el gobierno brit\u00e1nico decidi\u00f3 blindar su territorio. Todos conocemos la historia, la aviaci\u00f3n\u2026","rel":"","context":"En \u00abGeo\u00bb","block_context":{"text":"Geo","link":"https:\/\/alpoma.net\/tecob\/?cat=5"},"img":{"alt_text":"","src":"https:\/\/i0.wp.com\/alpoma.net\/tecob\/wp-content\/uploads\/2006\/06\/171487764_03342ed860_o.jpg?resize=350%2C200&ssl=1","width":350,"height":200,"srcset":"https:\/\/i0.wp.com\/alpoma.net\/tecob\/wp-content\/uploads\/2006\/06\/171487764_03342ed860_o.jpg?resize=350%2C200&ssl=1 1x, https:\/\/i0.wp.com\/alpoma.net\/tecob\/wp-content\/uploads\/2006\/06\/171487764_03342ed860_o.jpg?resize=525%2C300&ssl=1 1.5x"},"classes":[]},{"id":5381,"url":"https:\/\/alpoma.net\/tecob\/?p=5381","url_meta":{"origin":599,"position":3},"title":"Rayos \u00abpetrificados\u00bb","author":"alpoma","date":"28 septiembre 2011","format":false,"excerpt":"Si te gusta TecOb, puedes votar por este blog en los Premios Bit\u00e1coras 2011. :-) A diario se generan en el mundo millones de rayos. No es, por tanto, un fen\u00f3meno raro. Ahora bien, los rayos que caen a tierra son relativamente escasos, y los que causan da\u00f1os todav\u00eda lo\u2026","rel":"","context":"En \u00abGeo\u00bb","block_context":{"text":"Geo","link":"https:\/\/alpoma.net\/tecob\/?cat=5"},"img":{"alt_text":"","src":"https:\/\/i0.wp.com\/alpoma.net\/tecob\/wp-content\/uploads\/2011\/09\/6192133295_91570a22d8_z.jpg?resize=350%2C200&ssl=1","width":350,"height":200,"srcset":"https:\/\/i0.wp.com\/alpoma.net\/tecob\/wp-content\/uploads\/2011\/09\/6192133295_91570a22d8_z.jpg?resize=350%2C200&ssl=1 1x, https:\/\/i0.wp.com\/alpoma.net\/tecob\/wp-content\/uploads\/2011\/09\/6192133295_91570a22d8_z.jpg?resize=525%2C300&ssl=1 1.5x"},"classes":[]},{"id":11769,"url":"https:\/\/alpoma.net\/tecob\/?p=11769","url_meta":{"origin":599,"position":4},"title":"Rayas y puntos en el cielo","author":"alpoma","date":"15 noviembre 2015","format":false,"excerpt":"Esta imagen fue tomada hace poco m\u00e1s de un siglo1... No es muy buena, pero es la mejor que he podido encontrar para ilustrar el tema de las se\u00f1ales morse realizadas desde aviones al comienzo de la Gran Guerra. En los Estados Unidos, all\u00e1 por 19122, ya le hab\u00edan estado\u2026","rel":"","context":"En \u00abObsolescencia\u00bb","block_context":{"text":"Obsolescencia","link":"https:\/\/alpoma.net\/tecob\/?cat=3"},"img":{"alt_text":"","src":"https:\/\/i0.wp.com\/alpoma.net\/tecob\/wp-content\/uploads\/2015\/11\/aerotubo_tecob_1914.jpg?resize=350%2C200&ssl=1","width":350,"height":200,"srcset":"https:\/\/i0.wp.com\/alpoma.net\/tecob\/wp-content\/uploads\/2015\/11\/aerotubo_tecob_1914.jpg?resize=350%2C200&ssl=1 1x, https:\/\/i0.wp.com\/alpoma.net\/tecob\/wp-content\/uploads\/2015\/11\/aerotubo_tecob_1914.jpg?resize=525%2C300&ssl=1 1.5x"},"classes":[]},{"id":3612,"url":"https:\/\/alpoma.net\/tecob\/?p=3612","url_meta":{"origin":599,"position":5},"title":"Cambiando v\u00edas [Timelapse]","author":"alpoma","date":"13 octubre 2010","format":false,"excerpt":"Cuando era peque\u00f1o, tendr\u00eda m\u00e1s o menos tres a\u00f1os, construyeron frente a casa una serie de grandes bloques de pisos y recuerdo que mi principal diversi\u00f3n por entonces, a pesar de tener todo tipo de juguetes a mano, era contemplar durante horas c\u00f3mo las m\u00e1quinas iban insertando los pilares que\u2026","rel":"","context":"En \u00abPersonal\u00bb","block_context":{"text":"Personal","link":"https:\/\/alpoma.net\/tecob\/?cat=2"},"img":{"alt_text":"","src":"","width":0,"height":0},"classes":[]}],"jetpack_sharing_enabled":true,"_links":{"self":[{"href":"https:\/\/alpoma.net\/tecob\/index.php?rest_route=\/wp\/v2\/posts\/599","targetHints":{"allow":["GET"]}}],"collection":[{"href":"https:\/\/alpoma.net\/tecob\/index.php?rest_route=\/wp\/v2\/posts"}],"about":[{"href":"https:\/\/alpoma.net\/tecob\/index.php?rest_route=\/wp\/v2\/types\/post"}],"author":[{"embeddable":true,"href":"https:\/\/alpoma.net\/tecob\/index.php?rest_route=\/wp\/v2\/users\/1"}],"replies":[{"embeddable":true,"href":"https:\/\/alpoma.net\/tecob\/index.php?rest_route=%2Fwp%2Fv2%2Fcomments&post=599"}],"version-history":[{"count":0,"href":"https:\/\/alpoma.net\/tecob\/index.php?rest_route=\/wp\/v2\/posts\/599\/revisions"}],"wp:featuredmedia":[{"embeddable":true,"href":"https:\/\/alpoma.net\/tecob\/index.php?rest_route=\/wp\/v2\/media\/10502"}],"wp:attachment":[{"href":"https:\/\/alpoma.net\/tecob\/index.php?rest_route=%2Fwp%2Fv2%2Fmedia&parent=599"}],"wp:term":[{"taxonomy":"category","embeddable":true,"href":"https:\/\/alpoma.net\/tecob\/index.php?rest_route=%2Fwp%2Fv2%2Fcategories&post=599"},{"taxonomy":"post_tag","embeddable":true,"href":"https:\/\/alpoma.net\/tecob\/index.php?rest_route=%2Fwp%2Fv2%2Ftags&post=599"}],"curies":[{"name":"wp","href":"https:\/\/api.w.org\/{rel}","templated":true}]}}