{"id":598,"date":"2006-09-22T19:03:12","date_gmt":"2006-09-22T17:03:12","guid":{"rendered":"http:\/\/www.alpoma.net\/tecob\/?p=598"},"modified":"2006-09-22T19:28:16","modified_gmt":"2006-09-22T17:28:16","slug":"dedos-largos","status":"publish","type":"post","link":"https:\/\/alpoma.net\/tecob\/?p=598","title":{"rendered":"Dedos largos&#8230;"},"content":{"rendered":"<p>Es conocido que una de las m\u00e1ximas aspiraciones de <strong><a href=\"http:\/\/es.wikipedia.org\/wiki\/Robert_Schumann\">Robert Schumann<\/a><\/strong> era la de convertirse en <strong>virtuoso del piano<\/strong>. L\u00e1stima, no lo consigui\u00f3, a pesar de intentarlo con todo su entusiasmo. Talento no le faltaba as\u00ed que, al hoy reconocido compositor rom\u00e1ntico, se le ocurri\u00f3 una idea para \u00abarreglar\u00bb el problemilla que imped\u00eda su encuentro con el estrellato pian\u00edstico. Al parecer, emple\u00f3 un aparato, casi dir\u00edase que de tortura, para fortalecer el cuarto dedo de su mano derecha pero&#8230; Lo que se promet\u00eda una soluci\u00f3n a sus problemas de debilidad muscular en esa mano, se convirti\u00f3 en un problema permanente, pues la m\u00e1quina le da\u00f1\u00f3 de por vida. Existen otras versiones acerca de esta lesi\u00f3n, pero la de la m\u00e1quina de \u00abrefuerzo\u00bb es la m\u00e1s aceptada. \u00a1Qu\u00e9 no hubiera dado Schumann por poder contar con las prodigiosas manos de <strong><a href=\"http:\/\/www.filomusica.com\/filo18\/ginast.html\">Sergei Rachmaninoff<\/a><\/strong>!<\/p>\n<p>Muchos otros debieron recurrir a la tecnolog\u00eda de los largos dedos, porque se dise\u00f1aron toda una serie de aparatos con el fin de reforzar o alargar los dedos de aspirantes a virtuosos. He aqu\u00ed uno de esos terribles objetos alargadores:<\/p>\n<p><a href=\"http:\/\/www.flickr.com\/photos\/alpoma\/249856688\/\" title=\"Photo Sharing\"><img decoding=\"async\" src=\"http:\/\/static.flickr.com\/80\/249856688_d17081915a_o.jpg\" alt=\"alargador\" \/><\/a><\/p>\n<p><strong><a href=\"http:\/\/www.kirchersociety.org\/blog\/?p=986\" class=\"enlaces\">Finger Stretcher for the Aspiring Pianist<\/a><\/strong><\/p>\n","protected":false},"excerpt":{"rendered":"<div class=\"mh-excerpt\"><p>Es conocido que una de las m\u00e1ximas aspiraciones de Robert Schumann era la de convertirse en virtuoso del piano. L\u00e1stima, no lo consigui\u00f3, a pesar de intentarlo con todo su <a class=\"mh-excerpt-more\" href=\"https:\/\/alpoma.net\/tecob\/?p=598\" title=\"Dedos largos&#8230;\">[&#8230;]<\/a><\/p>\n<\/div>","protected":false},"author":1,"featured_media":10837,"comment_status":"open","ping_status":"open","sticky":false,"template":"","format":"standard","meta":{"jetpack_post_was_ever_published":false,"_jetpack_newsletter_access":"","_jetpack_dont_email_post_to_subs":false,"_jetpack_newsletter_tier_id":0,"_jetpack_memberships_contains_paywalled_content":false,"_jetpack_memberships_contains_paid_content":false,"footnotes":""},"categories":[3],"tags":[],"class_list":["post-598","post","type-post","status-publish","format-standard","has-post-thumbnail","hentry","category-obsolescencia"],"jetpack_featured_media_url":"https:\/\/alpoma.net\/tecob\/wp-content\/uploads\/2006\/09\/249856688_d17081915a_o.jpg","jetpack_shortlink":"https:\/\/wp.me\/p93Dc1-9E","jetpack-related-posts":[{"id":8123,"url":"https:\/\/alpoma.net\/tecob\/?p=8123","url_meta":{"origin":598,"position":0},"title":"El fotoelectr\u00f3grafo de Thomas, un \u00abesc\u00e1ner OCR\u00bb para ciegos en 1930","author":"alpoma","date":"18 abril 2013","format":false,"excerpt":"Por el nombre de tiflotecnolog\u00eda se conoce a las t\u00e9cnicas que permiten a los ciegos o a las personas con problemas severos de visi\u00f3n el acercamiento, por ejemplo, a ordenadores, por medio de m\u00e1quinas convenientemente adaptadas. No es algo nuevo porque ya a principios del siglo XX se comercializaban m\u00e1quinas\u2026","rel":"","context":"En \u00abObsolescencia\u00bb","block_context":{"text":"Obsolescencia","link":"https:\/\/alpoma.net\/tecob\/?cat=3"},"img":{"alt_text":"","src":"https:\/\/i0.wp.com\/alpoma.net\/tecob\/wp-content\/uploads\/2013\/04\/thomas_1.jpg?resize=350%2C200&ssl=1","width":350,"height":200,"srcset":"https:\/\/i0.wp.com\/alpoma.net\/tecob\/wp-content\/uploads\/2013\/04\/thomas_1.jpg?resize=350%2C200&ssl=1 1x, https:\/\/i0.wp.com\/alpoma.net\/tecob\/wp-content\/uploads\/2013\/04\/thomas_1.jpg?resize=525%2C300&ssl=1 1.5x"},"classes":[]},{"id":13435,"url":"https:\/\/alpoma.net\/tecob\/?p=13435","url_meta":{"origin":598,"position":1},"title":"Crea tu propia calculadora Curta (s\u00f3lo para los m\u00e1s osados de la impresi\u00f3n 3D)","author":"alpoma","date":"6 julio 2018","format":false,"excerpt":"\u00a1Qu\u00e9 recuerdos me trae esto! Desde hace muchos a\u00f1os, las calculadoras mec\u00e1nicas Curta son uno de mis artilugios favoritos. Por eso, el 24 de febrero de 2005, esos ingenios fueron protagonistas del primer art\u00edculo que publiqu\u00e9 en este blog. Con el tiempo he ido publicando m\u00e1s detalles sobre la incre\u00edble\u2026","rel":"","context":"En \u00abExperimentos\u00bb","block_context":{"text":"Experimentos","link":"https:\/\/alpoma.net\/tecob\/?cat=9"},"img":{"alt_text":"","src":"https:\/\/i0.wp.com\/alpoma.net\/tecob\/wp-content\/uploads\/2018\/07\/calculadora-curta.jpg?resize=350%2C200&ssl=1","width":350,"height":200},"classes":[]},{"id":11939,"url":"https:\/\/alpoma.net\/tecob\/?p=11939","url_meta":{"origin":598,"position":2},"title":"Curta, la calculadora que naci\u00f3 en un campo de concentraci\u00f3n","author":"alpoma","date":"15 marzo 2016","format":false,"excerpt":"Hace varias semanas este blog cumpli\u00f3 11 a\u00f1os. La fecha se me pas\u00f3 en su momento, pero cayendo hoy en la cuenta, he decidido hacer un peque\u00f1o homenaje a la m\u00e1quina con la que naci\u00f3 TecOb. S\u00ed, el 24 de febrero de 2005 publiqu\u00e9 el primer art\u00edculo en este blog,\u2026","rel":"","context":"En \u00abObsolescencia\u00bb","block_context":{"text":"Obsolescencia","link":"https:\/\/alpoma.net\/tecob\/?cat=3"},"img":{"alt_text":"","src":"https:\/\/i0.wp.com\/alpoma.net\/tecob\/wp-content\/uploads\/2016\/03\/curta.jpg?resize=350%2C200&ssl=1","width":350,"height":200},"classes":[]},{"id":7576,"url":"https:\/\/alpoma.net\/tecob\/?p=7576","url_meta":{"origin":598,"position":3},"title":"El ingenio de Zubiaurre","author":"alpoma","date":"1 diciembre 2012","format":false,"excerpt":"Versi\u00f3n reducida para web del art\u00edculo que publiqu\u00e9 en la revista Historia de Iberia Vieja, edici\u00f3n del mes de diciembre de 2012. No hace mucho que visit\u00f3 este mismo espacio uno de los ingenieros m\u00e1s excelsos de toda nuestra historia. Se trataba de Agust\u00edn de Betancourt quien, sin m\u00e1s ayuda\u2026","rel":"","context":"En \u00abMade in Spain\u00bb","block_context":{"text":"Made in Spain","link":"https:\/\/alpoma.net\/tecob\/?cat=10"},"img":{"alt_text":"","src":"https:\/\/i0.wp.com\/alpoma.net\/tecob\/wp-content\/uploads\/2012\/12\/7eae6b1a389f11e28e5d22000a1f979a_7.jpg?resize=350%2C200&ssl=1","width":350,"height":200,"srcset":"https:\/\/i0.wp.com\/alpoma.net\/tecob\/wp-content\/uploads\/2012\/12\/7eae6b1a389f11e28e5d22000a1f979a_7.jpg?resize=350%2C200&ssl=1 1x, https:\/\/i0.wp.com\/alpoma.net\/tecob\/wp-content\/uploads\/2012\/12\/7eae6b1a389f11e28e5d22000a1f979a_7.jpg?resize=525%2C300&ssl=1 1.5x"},"classes":[]},{"id":205,"url":"https:\/\/alpoma.net\/tecob\/?p=205","url_meta":{"origin":598,"position":4},"title":"El ordenador del Doctor Atanasoff","author":"alpoma","date":"23 agosto 2005","format":false,"excerpt":"La historia de la inform\u00e1tica ya nombra sin dudar, como inventor de la primera computadora digital electr\u00f3nica, a Atanasoff. Las computadoras electr\u00f3nicas se diferenciaban de sus predecesoras mec\u00e1nicas por funcionar a base de electricidad, v\u00e1lvulas y circuitos, no por medio de ruedas dentadas. Se sol\u00eda considerar que la primera computadora\u2026","rel":"","context":"En \u00abGeneral\u00bb","block_context":{"text":"General","link":"https:\/\/alpoma.net\/tecob\/?cat=1"},"img":{"alt_text":"","src":"https:\/\/i0.wp.com\/alpoma.net\/tecob\/wp-content\/uploads\/2005\/08\/107352675_8b4fd2d76c.jpg?resize=350%2C200&ssl=1","width":350,"height":200},"classes":[]},{"id":7147,"url":"https:\/\/alpoma.net\/tecob\/?p=7147","url_meta":{"origin":598,"position":5},"title":"Agust\u00edn de Betancourt y la m\u00e1quina secreta","author":"alpoma","date":"1 septiembre 2012","format":false,"excerpt":"Versi\u00f3n reducida del art\u00edculo que publiqu\u00e9 en la revista Historia de Iberia Vieja en su edici\u00f3n correspondiente al mes de septiembre de 2012. Don Agust\u00edn de Betancourt, deseando hacer un modelo de la m\u00e1quina de vapor, se determin\u00f3 a pasar a Inglaterra, a fin de indagar todos los descubrimientos \u00fatiles\u2026","rel":"","context":"En \u00abMade in Spain\u00bb","block_context":{"text":"Made in Spain","link":"https:\/\/alpoma.net\/tecob\/?cat=10"},"img":{"alt_text":"watt_boulton","src":"https:\/\/i0.wp.com\/farm9.staticflickr.com\/8302\/7904645158_2720b5fb51_n.jpg?resize=350%2C200","width":350,"height":200},"classes":[]}],"jetpack_sharing_enabled":true,"_links":{"self":[{"href":"https:\/\/alpoma.net\/tecob\/index.php?rest_route=\/wp\/v2\/posts\/598","targetHints":{"allow":["GET"]}}],"collection":[{"href":"https:\/\/alpoma.net\/tecob\/index.php?rest_route=\/wp\/v2\/posts"}],"about":[{"href":"https:\/\/alpoma.net\/tecob\/index.php?rest_route=\/wp\/v2\/types\/post"}],"author":[{"embeddable":true,"href":"https:\/\/alpoma.net\/tecob\/index.php?rest_route=\/wp\/v2\/users\/1"}],"replies":[{"embeddable":true,"href":"https:\/\/alpoma.net\/tecob\/index.php?rest_route=%2Fwp%2Fv2%2Fcomments&post=598"}],"version-history":[{"count":0,"href":"https:\/\/alpoma.net\/tecob\/index.php?rest_route=\/wp\/v2\/posts\/598\/revisions"}],"wp:featuredmedia":[{"embeddable":true,"href":"https:\/\/alpoma.net\/tecob\/index.php?rest_route=\/wp\/v2\/media\/10837"}],"wp:attachment":[{"href":"https:\/\/alpoma.net\/tecob\/index.php?rest_route=%2Fwp%2Fv2%2Fmedia&parent=598"}],"wp:term":[{"taxonomy":"category","embeddable":true,"href":"https:\/\/alpoma.net\/tecob\/index.php?rest_route=%2Fwp%2Fv2%2Fcategories&post=598"},{"taxonomy":"post_tag","embeddable":true,"href":"https:\/\/alpoma.net\/tecob\/index.php?rest_route=%2Fwp%2Fv2%2Ftags&post=598"}],"curies":[{"name":"wp","href":"https:\/\/api.w.org\/{rel}","templated":true}]}}