{"id":597,"date":"2006-09-21T16:36:45","date_gmt":"2006-09-21T14:36:45","guid":{"rendered":"http:\/\/www.alpoma.net\/tecob\/?p=597"},"modified":"2006-09-21T19:47:54","modified_gmt":"2006-09-21T17:47:54","slug":"mitos-marcianos-ii","status":"publish","type":"post","link":"https:\/\/alpoma.net\/tecob\/?p=597","title":{"rendered":"Mitos marcianos (II)"},"content":{"rendered":"<p>El 7 de Octubre de 2005 publiqu\u00e9 en<em> TecOb<\/em> un art\u00edculo titulado<strong> <a href=\"http:\/\/www.alpoma.net\/tecob\/?p=48\">Mitos marcianos<\/a><\/strong>, en el que repas\u00e9 someramente diversas historias, ya casi m\u00edticas de tanto que se mencionan y, por desgracia, cre\u00eddas por mucha gente. Eran historias sobre <strong>presuntas civilizaciones marcianas<\/strong>, desde los l\u00edos que trajo la confusi\u00f3n con la palabra<em> canali <\/em>a la obstinaci\u00f3n de ver todo tipo de cosas donde no las hay, he ah\u00ed <strong>la \u00abcara\u00bb de Marte<\/strong>.<\/p>\n<p>Hoy,<strong> retomando aquel hilo<\/strong>, no quer\u00eda dejar pasar la oportunidad de traer a <em>TecOb<\/em> <strong><a href=\"http:\/\/www.esa.int\/esaSC\/SEM09F8LURE_index_0.html\" class=\"enlaces\">algunas de las im\u00e1genes<\/a><\/strong> que la <strong>Agencia Espacial Europea<\/strong> ha realizado del \u00e1rea marciana de <strong>Cydonia<\/strong>, donde habita la dichosa \u00abcara\u00bb que, por supuesto, ni est\u00e1 \u00abesculpida\u00bb por sufridos marcianos ni, a resoluci\u00f3n adecuada, parece una cara. <\/p>\n<p>La sonda de la ESA, <strong>Mars Express<\/strong>, ha obtenido esas im\u00e1genes con su c\u00e1mara fotogr\u00e1fica de alta resoluci\u00f3n (<em>High Resolution Stereo Camera<\/em> o HRSC). Las tomas se realizaron despu\u00e9s de varios intentos en que no se lograron las condiciones orbitales y atmosf\u00e9ricas adecuadas. <strong>La resoluci\u00f3n aproximada por pixel es de 13,7 metros<\/strong>. El <strong>25 de julio de 1976<\/strong>, el orbitador de la <strong>Viking I<\/strong> tom\u00f3 tambi\u00e9n im\u00e1genes de esa regi\u00f3n marciana pero, claro est\u00e1, ten\u00edan un grave problema, porque<strong> su resoluci\u00f3n era paup\u00e9rrima<\/strong>. A pesar de ello, la apariencia de \u00abcara\u00bb que se ve\u00eda en una de las grandes formaciones rocosas hizo que estallara una <strong>fiebre marciana<\/strong> que a algunos todav\u00eda les dura. He aqu\u00ed una toma de la regi\u00f3n de Cydonia realizada por aquella sonda estadounidense, en ella puede verse claramente la \u00abcara\u00bb:<\/p>\n<p><a href=\"http:\/\/www.flickr.com\/photos\/alpoma\/249029042\/\" title=\"Photo Sharing\"><img loading=\"lazy\" decoding=\"async\" src=\"http:\/\/static.flickr.com\/84\/249029042_f4e8c5f1b4_o.jpg\" width=\"610\" height=\"450\" alt=\"cara_viking\" class=\"otros\"\/><\/a><\/p>\n<p>Pues s\u00ed, parece una cara, cosas de la mente. Cuando uno mira al cielo nuboso puede contemplar, gracias a la imaginaci\u00f3n, decenas de formas entre las nubes y no por ello grita a los cuatro vientos que los dioses o los extraterrestres est\u00e1n dando forma a las nubes. Pero como suele pasar, el apasionamiento de algunos y el olfato para el negocio de otros hizo que se filmaran decenas de reportajes, se editaran libros, se dieran conferencias&#8230; <strong>\u00a1todo ello basados en unas simples im\u00e1genes de baja resoluci\u00f3n!<\/strong> Lo m\u00e1s sencillo y lo que dictaba el sentido com\u00fan era explicar el asunto como<strong> efecto \u00f3ptico<\/strong> o, por lo menos, dejarse de tanta especulaci\u00f3n hasta contar con im\u00e1genes de mejor calidad. No, nada de eso, los \u00abcreyentes\u00bb tejieron durante casi dos d\u00e9cadas una bonita historia en la que no faltaron marcianos agonizantes ni <strong>gigantescas pir\u00e1mides<\/strong> porque, vaya \u00abcasualidad\u00bb, en las cercan\u00edas de la \u00abcara\u00bb aparecen estructuras monta\u00f1osas que, en la toma del 76, son similares a pir\u00e1mides. De ah\u00ed, a establecer \u00abconexiones\u00bb remotas con <strong>Egipto<\/strong> s\u00f3lo hab\u00eda un paso y varios libros superventas.<\/p>\n<p>Diversas tomas de la misma regi\u00f3n marciana, realizadas por sondas de la NASA a finales de los noventa, ya con una resoluci\u00f3n m\u00e1s aceptable, aguaron la fiesta a muchos de aquellos \u00abmarcian\u00f3logos\u00bb. A pesar de ello, algunos continuaron soltando ideas extra\u00f1as a los cuatro vientos como, por ejemplo, que la NASA hab\u00eda trucado las fotograf\u00edas para que no se pudiera ver lo que realmente all\u00ed hab\u00eda. Claro, cuando te estropean el juego hay que buscar culpables, todo antes que caer del burro y aceptar el error. Ahora, las <strong>impresionantes tomas de la ESA <\/strong>nos traen la visi\u00f3n de un impresionante mosaico de formaciones del m\u00e1ximo inter\u00e9s geomorfol\u00f3gico y, a ver si es de una vez por todas, nos confirma que ni hay \u00abcaras\u00bb ni hay \u00abpir\u00e1mides\u00bb en Cydonia, aunque puestos a imaginar, mirando esas impresionantes formaciones monta\u00f1osas, uno puede ver lo que desee. Cosas de la imaginaci\u00f3n animada por la imponente morfolog\u00eda marciana. He aqu\u00ed algunas de esas nuevas tomas:<\/p>\n<p><a href=\"http:\/\/www.flickr.com\/photos\/alpoma\/249029047\/\" title=\"Photo Sharing\"><img loading=\"lazy\" decoding=\"async\" src=\"http:\/\/static.flickr.com\/83\/249029047_b9074b7836_o.jpg\" width=\"610\" height=\"935\" alt=\"marte_cydonia06\" \/><\/a><br \/>\nPor cierto, recomiendo dar un vistazo a otra impresionante imagen ofrecida por la ESA, en esta caso se trata de <strong>la ISS y el transbordador espacial en tr\u00e1nsito solar<\/strong>, en toma realizada en 17 de septiembre por Thierry Legault:<\/p>\n<p><strong><a href=\" http:\/\/www.esa.int\/esaCP\/SEMRHL8LURE_FeatureWeek_1.html\" class=\"enlaces\">ISS transit in front of Sun<\/a><\/strong><\/p>\n","protected":false},"excerpt":{"rendered":"<div class=\"mh-excerpt\"><p>El 7 de Octubre de 2005 publiqu\u00e9 en TecOb un art\u00edculo titulado Mitos marcianos, en el que repas\u00e9 someramente diversas historias, ya casi m\u00edticas de tanto que se mencionan y, <a class=\"mh-excerpt-more\" href=\"https:\/\/alpoma.net\/tecob\/?p=597\" title=\"Mitos marcianos (II)\">[&#8230;]<\/a><\/p>\n<\/div>","protected":false},"author":1,"featured_media":10550,"comment_status":"open","ping_status":"open","sticky":false,"template":"","format":"standard","meta":{"jetpack_post_was_ever_published":false,"_jetpack_newsletter_access":"","_jetpack_dont_email_post_to_subs":false,"_jetpack_newsletter_tier_id":0,"_jetpack_memberships_contains_paywalled_content":false,"_jetpack_memberships_contains_paid_content":false,"footnotes":""},"categories":[5,3],"tags":[],"class_list":["post-597","post","type-post","status-publish","format-standard","has-post-thumbnail","hentry","category-geo","category-obsolescencia"],"jetpack_featured_media_url":"https:\/\/alpoma.net\/tecob\/wp-content\/uploads\/2006\/09\/249029042_f4e8c5f1b4_o.jpg","jetpack_shortlink":"https:\/\/wp.me\/p93Dc1-9D","jetpack-related-posts":[{"id":130,"url":"https:\/\/alpoma.net\/tecob\/?p=130","url_meta":{"origin":597,"position":0},"title":"Marcianos 1934","author":"alpoma","date":"4 mayo 2005","format":false,"excerpt":"Ahora ya sabemos que, de haber vida en Marte, esta ser\u00eda exclusivamente microbiana. Pas\u00f3 ya la \u00e9poca de la \"marteman\u00eda\" azuzada por H.G. Welles y, m\u00e1s tarde, por Orson Welles. No hay que olvidar tampoco la delirante historia de los \"canales\" marcianos. Aunque pronto se estrenar\u00e1 una nueva versi\u00f3n de\u2026","rel":"","context":"En \u00abObsolescencia\u00bb","block_context":{"text":"Obsolescencia","link":"https:\/\/alpoma.net\/tecob\/?cat=3"},"img":{"alt_text":"","src":"https:\/\/i0.wp.com\/alpoma.net\/tecob\/wp-content\/uploads\/2005\/05\/Mars_23_aug_2003_hubble.jpg?resize=350%2C200&ssl=1","width":350,"height":200,"srcset":"https:\/\/i0.wp.com\/alpoma.net\/tecob\/wp-content\/uploads\/2005\/05\/Mars_23_aug_2003_hubble.jpg?resize=350%2C200&ssl=1 1x, https:\/\/i0.wp.com\/alpoma.net\/tecob\/wp-content\/uploads\/2005\/05\/Mars_23_aug_2003_hubble.jpg?resize=525%2C300&ssl=1 1.5x, https:\/\/i0.wp.com\/alpoma.net\/tecob\/wp-content\/uploads\/2005\/05\/Mars_23_aug_2003_hubble.jpg?resize=700%2C400&ssl=1 2x, https:\/\/i0.wp.com\/alpoma.net\/tecob\/wp-content\/uploads\/2005\/05\/Mars_23_aug_2003_hubble.jpg?resize=1050%2C600&ssl=1 3x, https:\/\/i0.wp.com\/alpoma.net\/tecob\/wp-content\/uploads\/2005\/05\/Mars_23_aug_2003_hubble.jpg?resize=1400%2C800&ssl=1 4x"},"classes":[]},{"id":48,"url":"https:\/\/alpoma.net\/tecob\/?p=48","url_meta":{"origin":597,"position":1},"title":"Mitos marcianos","author":"alpoma","date":"7 octubre 2005","format":false,"excerpt":"Los humanos llevamos siglos observando Marte. Desde tiempo inmemorial, uno de los puntos de luz m\u00e1s admirados y temidos de la b\u00f3veda celeste fue ese planeta. La llegada de los telescopios sirvi\u00f3 para acrecentar nuestro conocimiento sobre el planeta rojo y, de forma curiosa, foment\u00f3 el nacimiento de mitolog\u00edas marcianas\u2026","rel":"","context":"En \u00abGeneral\u00bb","block_context":{"text":"General","link":"https:\/\/alpoma.net\/tecob\/?cat=1"},"img":{"alt_text":"","src":"https:\/\/i0.wp.com\/alpoma.net\/tecob\/wp-content\/uploads\/2005\/10\/17821878_f3606d65a8_m.jpg?resize=350%2C200&ssl=1","width":350,"height":200},"classes":[]},{"id":940,"url":"https:\/\/alpoma.net\/tecob\/?p=940","url_meta":{"origin":597,"position":2},"title":"Ayuda: Serie ignota","author":"alpoma","date":"27 julio 2008","format":false,"excerpt":"Dar vueltas a la cabeza sobre recuerdos de la infancia a veces despierta im\u00e1genes que hac\u00eda mucho no visitan la vida consciente. Fuera rollos, este post est\u00e1 relacionado con el de hace unos d\u00edas, en el que rescat\u00e9 brevemente la televisiva serie Los 7 de Blake. El caso es que,\u2026","rel":"","context":"En \u00abPersonal\u00bb","block_context":{"text":"Personal","link":"https:\/\/alpoma.net\/tecob\/?cat=2"},"img":{"alt_text":"","src":"https:\/\/i0.wp.com\/alpoma.net\/tecob\/wp-content\/uploads\/2008\/07\/2707998726_e87f71ea7d_m.jpg?resize=350%2C200&ssl=1","width":350,"height":200},"classes":[]},{"id":1115,"url":"https:\/\/alpoma.net\/tecob\/?p=1115","url_meta":{"origin":597,"position":3},"title":"\u00a1Edison conquista Marte!","author":"alpoma","date":"15 abril 2009","format":false,"excerpt":"Durante gran parte de su vida, sobre todo en los a\u00f1os que hicieron de puente entre los siglos XIX y XX, Thomas Alva Edison se convirti\u00f3 en todo un h\u00e9roe para los estadounidenses y, claro est\u00e1, fue homenajeado de mil y una maneras. Quien fuera gran vendedor de s\u00ed mismo\u2026","rel":"","context":"En \u00abObsolescencia\u00bb","block_context":{"text":"Obsolescencia","link":"https:\/\/alpoma.net\/tecob\/?cat=3"},"img":{"alt_text":"","src":"https:\/\/i0.wp.com\/alpoma.net\/tecob\/wp-content\/uploads\/2009\/04\/3444432773_4687d83ab8_o.jpg?resize=350%2C200&ssl=1","width":350,"height":200,"srcset":"https:\/\/i0.wp.com\/alpoma.net\/tecob\/wp-content\/uploads\/2009\/04\/3444432773_4687d83ab8_o.jpg?resize=350%2C200&ssl=1 1x, https:\/\/i0.wp.com\/alpoma.net\/tecob\/wp-content\/uploads\/2009\/04\/3444432773_4687d83ab8_o.jpg?resize=525%2C300&ssl=1 1.5x"},"classes":[]},{"id":13547,"url":"https:\/\/alpoma.net\/tecob\/?p=13547","url_meta":{"origin":597,"position":4},"title":"Al habla con el planeta rojo&#8230; en 1924","author":"alpoma","date":"10 agosto 2018","format":false,"excerpt":"En el verano de 1924, hace ahora 94 a\u00f1os, se vivi\u00f3 una aut\u00e9ntica fiebre marciana, aunque no tan fuerte como la vista a\u00f1os antes con el tema de los presuntos canales de Marte y, tambi\u00e9n, con la publicaci\u00f3n de La guerra de los mundos (1898) de H. G. Wells (la\u2026","rel":"","context":"En \u00abObsolescencia\u00bb","block_context":{"text":"Obsolescencia","link":"https:\/\/alpoma.net\/tecob\/?cat=3"},"img":{"alt_text":"","src":"https:\/\/i0.wp.com\/alpoma.net\/tecob\/wp-content\/uploads\/2018\/08\/marte.jpg?resize=350%2C200&ssl=1","width":350,"height":200},"classes":[]},{"id":3406,"url":"https:\/\/alpoma.net\/tecob\/?p=3406","url_meta":{"origin":597,"position":5},"title":"Un mal d\u00eda en la oficina","author":"alpoma","date":"22 agosto 2010","format":false,"excerpt":"Este es un post un tanto experimental. Tengo la intenci\u00f3n de seguir este nuevo camino en TecOb, o al menos intentarlo. Se trata de elaborar un poco m\u00e1s las historias, siguiendo lo habitual en los art\u00edculos largos, pero acompa\u00f1ando el texto con infograf\u00edas realizadas para el propio art\u00edculo. Espero cr\u00edticas\u2026","rel":"","context":"En \u00abObsolescencia\u00bb","block_context":{"text":"Obsolescencia","link":"https:\/\/alpoma.net\/tecob\/?cat=3"},"img":{"alt_text":"Infografia_NY","src":"https:\/\/i0.wp.com\/farm5.static.flickr.com\/4114\/4915890527_975ea1a566_o.jpg?resize=350%2C200","width":350,"height":200,"srcset":"https:\/\/i0.wp.com\/farm5.static.flickr.com\/4114\/4915890527_975ea1a566_o.jpg?resize=350%2C200 1x, https:\/\/i0.wp.com\/farm5.static.flickr.com\/4114\/4915890527_975ea1a566_o.jpg?resize=525%2C300 1.5x"},"classes":[]}],"jetpack_sharing_enabled":true,"_links":{"self":[{"href":"https:\/\/alpoma.net\/tecob\/index.php?rest_route=\/wp\/v2\/posts\/597","targetHints":{"allow":["GET"]}}],"collection":[{"href":"https:\/\/alpoma.net\/tecob\/index.php?rest_route=\/wp\/v2\/posts"}],"about":[{"href":"https:\/\/alpoma.net\/tecob\/index.php?rest_route=\/wp\/v2\/types\/post"}],"author":[{"embeddable":true,"href":"https:\/\/alpoma.net\/tecob\/index.php?rest_route=\/wp\/v2\/users\/1"}],"replies":[{"embeddable":true,"href":"https:\/\/alpoma.net\/tecob\/index.php?rest_route=%2Fwp%2Fv2%2Fcomments&post=597"}],"version-history":[{"count":0,"href":"https:\/\/alpoma.net\/tecob\/index.php?rest_route=\/wp\/v2\/posts\/597\/revisions"}],"wp:featuredmedia":[{"embeddable":true,"href":"https:\/\/alpoma.net\/tecob\/index.php?rest_route=\/wp\/v2\/media\/10550"}],"wp:attachment":[{"href":"https:\/\/alpoma.net\/tecob\/index.php?rest_route=%2Fwp%2Fv2%2Fmedia&parent=597"}],"wp:term":[{"taxonomy":"category","embeddable":true,"href":"https:\/\/alpoma.net\/tecob\/index.php?rest_route=%2Fwp%2Fv2%2Fcategories&post=597"},{"taxonomy":"post_tag","embeddable":true,"href":"https:\/\/alpoma.net\/tecob\/index.php?rest_route=%2Fwp%2Fv2%2Ftags&post=597"}],"curies":[{"name":"wp","href":"https:\/\/api.w.org\/{rel}","templated":true}]}}