{"id":594,"date":"2006-09-17T17:07:54","date_gmt":"2006-09-17T15:07:54","guid":{"rendered":"http:\/\/www.alpoma.net\/tecob\/?p=594"},"modified":"2006-09-17T18:56:55","modified_gmt":"2006-09-17T16:56:55","slug":"la-paradoja-del-circunnavegador","status":"publish","type":"post","link":"https:\/\/alpoma.net\/tecob\/?p=594","title":{"rendered":"La paradoja del circunnavegador"},"content":{"rendered":"<p>El 20 de septiembre de 1519, partieron cinco naves desde Sanl\u00facar de Barrameda con el objetivo de circunnavegar el planeta. Muchos meses despu\u00e9s, en 1522, regres\u00f3 a Espa\u00f1a la expedici\u00f3n de aventureros, eso s\u00ed, dir\u00edase que regresaron de milagro, al mando de <strong>Juan Sebasti\u00e1n Elcano<\/strong>, pues tanto el capit\u00e1n, <strong>Fernando de Magallanes<\/strong>, como la mayor parte de la tripulaci\u00f3n, perecieron en el intento. Una de las sorpresas del regreso se present\u00f3 con un problema de calendario. Los <strong>dieciocho moribundos<\/strong> que lograron retornar a Europa, de los m\u00e1s de doscientos treinta que partieron, comprobaron que algo muy raro hab\u00eda sucedido: o hab\u00edan contado mal, o les hab\u00edan \u00abrobado\u00bb un d\u00eda.<\/p>\n<p><strong>Seg\u00fan el calendario de los supervivientes<\/strong>, el d\u00eda en que regresaron a Espa\u00f1a de su grandioso viaje, debiera haber sido un 7 de septiembre. En realidad, era 8 de septiembre de 1522.<sup>1<\/sup><strong> \u00bfQu\u00e9 hab\u00eda sucedido?<\/strong> Simplemente, hab\u00edan sufrido la conocida como <strong>paradoja del circunnavegador<\/strong>, algo que ya se hab\u00eda sugerido en algunos tratados geogr\u00e1ficos \u00e1rabes pero que, probablemente, no era muy conocido en Europa. Tal y como relat\u00f3 <strong><a href=\"http:\/\/es.wikipedia.org\/wiki\/Antonio_Pigafetta\">Antonio Pigafetta<\/a><\/strong>, el italiano cronista y superviviente de aquel viaje, al tocar tierras pertenecientes a Portugal en <strong>Cabo Verde<\/strong>, tiempo antes de llegar a Espa\u00f1a:<sup>2<\/sup> <\/p>\n<blockquote><p>El mi\u00e9rcoles, d\u00eda nueve de julio, llegamos a una isla llamada de Santiago, donde inmediatamente enviamos una barca a tierra para recoger provisiones. (&#8230;) Encargamos a nuestros hombres que, al encontrarse en tierra, preguntatan que d\u00eda era. (&#8230;) Les contestaron que era jueves y eso les asombr\u00f3 mucho, porque para nosotros era mi\u00e9rcoles y no sab\u00edamos c\u00f3mo hab\u00edamos cometido tal error, puesto que yo, siempre sano, hab\u00eda anotado cada d\u00eda sin interrupci\u00f3n. Pero, como nos dijeron desde entonces, no hubo ning\u00fan error, puesto que nosotros siempre hab\u00edamos navegado hacia el oeste y hab\u00edamos regresado al mismo lugar de salida del sol, con lo que el largo viaje hab\u00eda tra\u00eddo la ventaja de veinticuatro horas&#8230;<\/p><\/blockquote>\n<p>Este relato sorprendi\u00f3 mucho en Espa\u00f1a y en toda Europa, donde los ge\u00f3grafos y cart\u00f3grafos discutieron sobre la naturaleza de tal \u00aberror\u00bb. En realidad, no hab\u00eda problema alguno, se trataba de algo completamente normal. Si miramos un mapamundi, con meridianos trazados cada 15\u00ba, numerando \u00e9stos en direcci\u00f3n este y, como se hace convencionalmente, marcamos el <strong>meridiano de Greenwich <\/strong>(s\u00ed, el que cruza Londres) con un 0, al llegar al meridiano 180\u00ba, tedremos que marcar un 12. Es ah\u00ed, cruzando el mayor oc\u00e9ano de la Tierra, el Pac\u00edfico, donde<strong> la hora se encuentra adelantada doce horas con respecto al meridiano de Greenwich<\/strong>. \u00a1Pero cuidado! Si numeramos hacia el oeste, el resultado ser\u00e1 el mismo, solo que las doce horas no ser\u00e1n de adelanto, sino de retraso. As\u00ed, cuando en el meridiano de Greenwich es mediod\u00eda, en el de 180\u00ba es medianoche. <strong>S\u00f3lo en ese instante existe la misma fecha de calendario para los dos lados del meridiano<\/strong>. En cualquier otro momento del d\u00eda, la fecha del calendario en el lado oeste del meridiano 180\u00ba est\u00e1 un d\u00eda adelantado con respecto al lado Este del mismo meridiano. <\/p>\n<p>Naturalmente, este meridiano 180\u00ba, conocido como <strong><a href=\"http:\/\/es.wikipedia.org\/wiki\/L%C3%ADnea_internacional_de_cambio_de_fecha\">L\u00ednea Internacional de Cambio de Fecha<\/a><\/strong>, es cosa moderna. En la \u00e9poca en que se viajaba en lentos barcos de vela o de vapor, lo normal era cambiar el calendario donde a uno le ven\u00eda mejor. Hoy es algo vital, sobre todo si se piensa en los r\u00e1pidos <strong>vuelos intercontinentales<\/strong> que cruzan el Oc\u00e9ano Pac\u00edfico. As\u00ed, cuando un avi\u00f3n cruza el meridiano 180\u00ba, se realiza una correcci\u00f3n en su calendario. Vamos que, si un avi\u00f3n cruza el meridiano hacia el este, siendo las 5 de la tarde de un domingo, tendr\u00e1 que corregir su calendario, pasando a ser las 5 de la tarde del s\u00e1bado. Al contrario, cuando regrese y vuele hacia el oeste, al cruzar dicho meridiano, tendr\u00e1 que adelantar un d\u00eda entero. As\u00ed que, si cruza la l\u00ednea un lunes a las 5 de la tarde, tendr\u00e1 que colocar su calendario en las 5 de la tarde del martes. La idea de fijar el meridiano 180\u00ba como L\u00ednea Internacional de Cambio de Fecha, se acord\u00f3 en 1884 durante de <strong>Conferencia Internacional sobre Meridianos de Washington<\/strong>. Es curioso resaltar que, dada la escasez de tierras pobladas que cruza ese meridiano, no pod\u00eda haber sido mejor elecci\u00f3n. Eso s\u00ed, para no crear problemas de calendario en algunos lugares, la l\u00ednea de cambio de fecha sigue el meridiano 180\u00ba salvo, por ejemplo, en Alaska, Fiji o Tonga, donde se desv\u00eda para no \u00abpartir\u00bb esos territorios con dos fechas de calendario diferentes.<br \/>\n________<\/p>\n<p><sup>1<\/sup> A veces se afirma, incorrectamente, que la fecha de retorno a Espa\u00f1a fue un 6 de septiembre.<br \/>\n<sup>2<\/sup> Fragmento que he traducido, de forma un tanto <em>r\u00fastica<\/em> y simplificada, de la obra de <em>Pigafetta: <strong><a href=\"http:\/\/www.iuo.it\/webbiblio\/biblioteca%20digitale\/ITA\/ItasecXVI\/Pigafetta.htm\" class=\"enlaces\">Relazione del primo viaggio intorno al mondo<\/a><\/strong><\/em>. He aqu\u00ed ese fragmento completo:<\/p>\n<blockquote><p>Mercore, a nove de iulio, aggiungessemo a una de queste, detta Santo Iacopo e subito mandassemo lo battello in terra per vittuaglia, con questa invenzione de dire a li Portoghesi come ne era rotto lo trinchetto sotto la linea equinoziale, bench\u00e9 fosse sopra lo Capo de Buona Speranza; e quando lo conciavamo il nostro capitano generale con le altre due navi essersi andato in Spagna. Con queste buone parole e con le nostre mercadanzie avessimo due battelli pieni de riso.<\/p>\n<p>Commettessimo a li nostri del battello, quando andarono in terra, domandassero che giorno era: me dissero come era a li Portoghesi giove. Se meravigliassemo molto perch\u00e9 era mercore a noi; e non sapevamo come avessimo errato: per ogni giorno, io, per essere stato sempre sano, aveva scritto senza nissuna intermissione. Ma, come dappoi ne fu detto, non era errore; ma il viaggio fatto sempre per occidente e ritornato a lo stesso luogo, come fa il sole, aveva portato quel vantaggio de ore ventiquattro, come chiaro se vede. Essendo andato lo battello in terra un&#8217;altra volta per riso, furono ritenuti tredici uomini con lo battello, perch\u00e9 uno de quelli, come dappoi sapessimo in Spagna, disse a li Portoghesi come lo nostro capitano era morto e altri, e che noi non andare in Spagna.<\/p><\/blockquote>\n<p><strong>M\u00e1s informaci\u00f3n<\/strong>:<br \/>\n<strong><a href=\"http:\/\/www.phys.uu.nl\/~vgent\/idl\/idl.htm\" class=\"enlaces\">A History of the International Date Line<\/a><\/strong><\/p>\n","protected":false},"excerpt":{"rendered":"<div class=\"mh-excerpt\"><p>El 20 de septiembre de 1519, partieron cinco naves desde Sanl\u00facar de Barrameda con el objetivo de circunnavegar el planeta. Muchos meses despu\u00e9s, en 1522, regres\u00f3 a Espa\u00f1a la expedici\u00f3n <a class=\"mh-excerpt-more\" href=\"https:\/\/alpoma.net\/tecob\/?p=594\" title=\"La paradoja del circunnavegador\">[&#8230;]<\/a><\/p>\n<\/div>","protected":false},"author":1,"featured_media":0,"comment_status":"open","ping_status":"open","sticky":false,"template":"","format":"standard","meta":{"jetpack_post_was_ever_published":false,"_jetpack_newsletter_access":"","_jetpack_dont_email_post_to_subs":false,"_jetpack_newsletter_tier_id":0,"_jetpack_memberships_contains_paywalled_content":false,"_jetpack_memberships_contains_paid_content":false,"footnotes":""},"categories":[5],"tags":[],"class_list":["post-594","post","type-post","status-publish","format-standard","hentry","category-geo"],"jetpack_featured_media_url":"","jetpack_shortlink":"https:\/\/wp.me\/p93Dc1-9A","jetpack-related-posts":[{"id":7368,"url":"https:\/\/alpoma.net\/tecob\/?p=7368","url_meta":{"origin":594,"position":0},"title":"La Operaci\u00f3n Haudegen","author":"alpoma","date":"6 octubre 2012","format":false,"excerpt":"Mediado el mes de diciembre de 1944 la guerra que asolaba el mundo parec\u00eda que estaba a punto de llegar a su fin, o al menos eso se pensaba desde el punto de vista aliado, que aunque tem\u00eda una gran ofensiva final enemiga, estaba confiado en alcanzar Alemania con rapidez\u2026","rel":"","context":"En \u00abObsolescencia\u00bb","block_context":{"text":"Obsolescencia","link":"https:\/\/alpoma.net\/tecob\/?cat=3"},"img":{"alt_text":"","src":"https:\/\/i0.wp.com\/alpoma.net\/tecob\/wp-content\/uploads\/2012\/10\/oprt_1.jpg?resize=350%2C200&ssl=1","width":350,"height":200,"srcset":"https:\/\/i0.wp.com\/alpoma.net\/tecob\/wp-content\/uploads\/2012\/10\/oprt_1.jpg?resize=350%2C200&ssl=1 1x, https:\/\/i0.wp.com\/alpoma.net\/tecob\/wp-content\/uploads\/2012\/10\/oprt_1.jpg?resize=525%2C300&ssl=1 1.5x"},"classes":[]},{"id":5208,"url":"https:\/\/alpoma.net\/tecob\/?p=5208","url_meta":{"origin":594,"position":1},"title":"El molesto ruido del Big Bang","author":"alpoma","date":"15 agosto 2011","format":false,"excerpt":"Las hojas del calendario pertenenciente al a\u00f1o 1964 iban cayendo poco a poco. Cinco a\u00f1os antes se hab\u00eda levantado en los laboratorios de la Bell Telephone de Holmdel, Nueva Jersey, una extra\u00f1a antena articulada de aluminio con forma de cuerno de unos seis metros de apertura en su boca. Originalmente\u2026","rel":"","context":"En \u00abObsolescencia\u00bb","block_context":{"text":"Obsolescencia","link":"https:\/\/alpoma.net\/tecob\/?cat=3"},"img":{"alt_text":"","src":"https:\/\/i0.wp.com\/alpoma.net\/tecob\/wp-content\/uploads\/2011\/08\/6047359816_fbaaf87611_o.jpg?resize=350%2C200&ssl=1","width":350,"height":200,"srcset":"https:\/\/i0.wp.com\/alpoma.net\/tecob\/wp-content\/uploads\/2011\/08\/6047359816_fbaaf87611_o.jpg?resize=350%2C200&ssl=1 1x, https:\/\/i0.wp.com\/alpoma.net\/tecob\/wp-content\/uploads\/2011\/08\/6047359816_fbaaf87611_o.jpg?resize=525%2C300&ssl=1 1.5x"},"classes":[]},{"id":12868,"url":"https:\/\/alpoma.net\/tecob\/?p=12868","url_meta":{"origin":594,"position":2},"title":"La aventura del \u00abP\u00e1jaro amarillo\u00bb y el primer poliz\u00f3n a\u00e9reo","author":"alpoma","date":"16 septiembre 2017","format":false,"excerpt":"En plena \u00e9poca de grandes gestas aeron\u00e1uticas, tres aviadores franceses deciden volar en su \"P\u00e1jaro amarillo\" desde Estados Unidos hasta Francia. Tras muchas aventuras, se convertir\u00e1n en la cuarta tripulaci\u00f3n que logre cruzar el \"charco\" del Atl\u00e1ntico, adem\u00e1s de ser los primeros europeos en hacerlo (y, tambi\u00e9n, fueron los primeros\u2026","rel":"","context":"En \u00abObsolescencia\u00bb","block_context":{"text":"Obsolescencia","link":"https:\/\/alpoma.net\/tecob\/?cat=3"},"img":{"alt_text":"","src":"https:\/\/i0.wp.com\/alpoma.net\/tecob\/wp-content\/uploads\/2017\/09\/arthur-schreiber.png?resize=350%2C200&ssl=1","width":350,"height":200,"srcset":"https:\/\/i0.wp.com\/alpoma.net\/tecob\/wp-content\/uploads\/2017\/09\/arthur-schreiber.png?resize=350%2C200&ssl=1 1x, https:\/\/i0.wp.com\/alpoma.net\/tecob\/wp-content\/uploads\/2017\/09\/arthur-schreiber.png?resize=525%2C300&ssl=1 1.5x"},"classes":[]},{"id":3155,"url":"https:\/\/alpoma.net\/tecob\/?p=3155","url_meta":{"origin":594,"position":3},"title":"\u00a1Polvos para hacer sardinas!","author":"alpoma","date":"20 julio 2010","format":false,"excerpt":"Me he cruzado con esta historia decenas de veces al repasar la prensa de la segunda mitad del siglo XIX. Todav\u00eda no tengo muchos detalles, y puede que nunca llegue al fondo de la historia, pero es bien curiosa. Al parecer, el dichoso anuncio sobre \"Polvos para hacer sardinas\" fue\u2026","rel":"","context":"En \u00abMade in Spain\u00bb","block_context":{"text":"Made in Spain","link":"https:\/\/alpoma.net\/tecob\/?cat=10"},"img":{"alt_text":"","src":"https:\/\/i0.wp.com\/alpoma.net\/tecob\/wp-content\/uploads\/2010\/07\/4812858771_1fb99dc757_o.jpg?resize=350%2C200&ssl=1","width":350,"height":200,"srcset":"https:\/\/i0.wp.com\/alpoma.net\/tecob\/wp-content\/uploads\/2010\/07\/4812858771_1fb99dc757_o.jpg?resize=350%2C200&ssl=1 1x, https:\/\/i0.wp.com\/alpoma.net\/tecob\/wp-content\/uploads\/2010\/07\/4812858771_1fb99dc757_o.jpg?resize=525%2C300&ssl=1 1.5x"},"classes":[]},{"id":1054,"url":"https:\/\/alpoma.net\/tecob\/?p=1054","url_meta":{"origin":594,"position":4},"title":"La Gran Aurora","author":"alpoma","date":"3 enero 2009","format":false,"excerpt":"Primer d\u00eda de septiembre, un jueves cualquiera perdido en el calendario del a\u00f1o 1859, los rayos del sol atraviesan las lentes de un telescopio para proyectarse sobre una delgada placa. Reflejado en la l\u00edmpida superficie no parece gran cosa, el gran horno de fusi\u00f3n que es nuestra estrella se presenta\u2026","rel":"","context":"En \u00abGeo\u00bb","block_context":{"text":"Geo","link":"https:\/\/alpoma.net\/tecob\/?cat=5"},"img":{"alt_text":"","src":"https:\/\/i0.wp.com\/alpoma.net\/tecob\/wp-content\/uploads\/2009\/01\/3163608797_dbeae4d084_m.jpg?resize=350%2C200&ssl=1","width":350,"height":200},"classes":[]},{"id":712,"url":"https:\/\/alpoma.net\/tecob\/?p=712","url_meta":{"origin":594,"position":5},"title":"Cargo","author":"alpoma","date":"23 abril 2007","format":false,"excerpt":"Viajemos al pasado y a un remoto lugar. A\u00f1os cuarenta, en medio de la nada, por todas partes lo \u00fanico que puede verse es agua, el Oc\u00e9ano Pac\u00edfico arropa a las peque\u00f1as islas que lo salpican. Los habitantes de una de esas min\u00fasculas porciones de tierra emergida viven aislados del\u2026","rel":"","context":"En \u00abGeo\u00bb","block_context":{"text":"Geo","link":"https:\/\/alpoma.net\/tecob\/?cat=5"},"img":{"alt_text":"","src":"https:\/\/i0.wp.com\/alpoma.net\/tecob\/wp-content\/uploads\/2007\/04\/470284806_10b77a53ba_o.jpg?resize=350%2C200&ssl=1","width":350,"height":200},"classes":[]}],"jetpack_sharing_enabled":true,"_links":{"self":[{"href":"https:\/\/alpoma.net\/tecob\/index.php?rest_route=\/wp\/v2\/posts\/594","targetHints":{"allow":["GET"]}}],"collection":[{"href":"https:\/\/alpoma.net\/tecob\/index.php?rest_route=\/wp\/v2\/posts"}],"about":[{"href":"https:\/\/alpoma.net\/tecob\/index.php?rest_route=\/wp\/v2\/types\/post"}],"author":[{"embeddable":true,"href":"https:\/\/alpoma.net\/tecob\/index.php?rest_route=\/wp\/v2\/users\/1"}],"replies":[{"embeddable":true,"href":"https:\/\/alpoma.net\/tecob\/index.php?rest_route=%2Fwp%2Fv2%2Fcomments&post=594"}],"version-history":[{"count":0,"href":"https:\/\/alpoma.net\/tecob\/index.php?rest_route=\/wp\/v2\/posts\/594\/revisions"}],"wp:attachment":[{"href":"https:\/\/alpoma.net\/tecob\/index.php?rest_route=%2Fwp%2Fv2%2Fmedia&parent=594"}],"wp:term":[{"taxonomy":"category","embeddable":true,"href":"https:\/\/alpoma.net\/tecob\/index.php?rest_route=%2Fwp%2Fv2%2Fcategories&post=594"},{"taxonomy":"post_tag","embeddable":true,"href":"https:\/\/alpoma.net\/tecob\/index.php?rest_route=%2Fwp%2Fv2%2Ftags&post=594"}],"curies":[{"name":"wp","href":"https:\/\/api.w.org\/{rel}","templated":true}]}}