{"id":593,"date":"2006-09-15T18:50:14","date_gmt":"2006-09-15T16:50:14","guid":{"rendered":"http:\/\/www.alpoma.net\/tecob\/?p=593"},"modified":"2006-09-15T19:17:17","modified_gmt":"2006-09-15T17:17:17","slug":"gracias-a-la-luna","status":"publish","type":"post","link":"https:\/\/alpoma.net\/tecob\/?p=593","title":{"rendered":"Gracias a la Luna&#8230;"},"content":{"rendered":"<p><a href=\"http:\/\/www.flickr.com\/photos\/alpoma\/243960860\/\" title=\"Photo Sharing\"><img loading=\"lazy\" decoding=\"async\" src=\"http:\/\/static.flickr.com\/91\/243960860_83e611ecc3_o.jpg\" width=\"228\" height=\"225\" alt=\"oblicuidad\" class=\"dch\"\/><\/a>Conocido es que la Tierra, mantiene una <strong>inclinaci\u00f3n \u00abconstante\u00bb de 23,5\u00ba<\/strong> respecto del plano orbital. Esta inclinaci\u00f3n del ecuador con respecto a la ecl\u00edptica, llamada <strong><a href=\"http:\/\/en.wikipedia.org\/wiki\/Axial_tilt\">oblicuidad<\/a><\/strong>, hace que las cosas en nuestro planeta sean m\u00e1s divertidas, o pesadas seg\u00fan se mire, que si se tratara de un planeta cuyo ecuador no tuviera ninguna inclinaci\u00f3n orbital. Precisamente, lo de divertido, viene a que existen <strong>estaciones<\/strong> o que, por ejemplo, aparecen los c\u00edrculos polares, con sus caracter\u00edsicas noches y d\u00edas de seis meses aproximadamente, todo ello gracias a la oblicuidad. <\/p>\n<p>El clima tambi\u00e9n depende en gran medida de esto y, aunque se piense lo contrario, no importa mucho el estar m\u00e1s o menos lejos del Sol, lo que importa es el \u00e1ngulo con el que los rayos solares nos llegan. El 3 de enero, lo que se conoce como <strong>perihelio<\/strong>, la Tierra se encuentra en su punto orbital m\u00e1s cercano al Sol, esto es, a \u00abs\u00f3lo\u00bb unos 147 millones de kil\u00f3metros y, sin embargo, en el hemisferio norte pasamos fr\u00edo, pues es invierno, no as\u00ed en el hemisferio sur, donde es verano. S\u00ed, el Sol est\u00e1 m\u00e1s cerca, pero eso no se \u00abnota\u00bb y el fr\u00edo que nos toca padecer tendremos que agradec\u00e9rselo a la oblicuidad, pues en ese punto de la \u00f3rbita, como el \u00e1ngulo de inclinaci\u00f3n terrestre hace que los rayos solares caigan m\u00e1s inclinados en el hemisferio norte, nos \u00abtoca\u00bb menos aportaci\u00f3n energ\u00e9tica de nuestra estrella. En verano nos sucede lo contrario, y eso a pesar de que el 4 de julio, en <strong>afelio<\/strong>, nos encontramos en el punto orbital m\u00e1s alejado del Sol, a unos 152 millones de kil\u00f3metros de distancia<sup>1<\/sup>.<\/p>\n<p>Ya que la oblicuidad es tan importante, puede uno preguntarse <strong>\u00bfqu\u00e9 sucede si cambia su valor?<\/strong> \u00bfQu\u00e9 mantiene \u00abfijo\u00bb ese valor? Bien, gran parte de responsabilidad en esto y, por tanto, en el mantenimiento del r\u00e9gimen estacional, lo tiene nuestra querido sat\u00e9lite natural, la <strong>Luna<\/strong>, que estabiliza en gran parte las variaciones en la oblicuidad terrestre y, por tanto, contribuye a regular nuestro sistema clim\u00e1tico. <\/p>\n<p>Claro que, cuidado, lo de \u00e1ngulo de inclinaci\u00f3n \u00abconstante\u00bb -n\u00f3tese que he puesto comillas- es jugar con trampa porque, en realidad, <strong>este \u00e1ngulo describe un movimiento dibujando un cono en el espacio con un per\u00edodo de 26.000 a\u00f1os<\/strong>. Este movimiento es llamado <strong><a href=\"http:\/\/en.wikipedia.org\/wiki\/Precession_of_the_equinoxes\">precesi\u00f3n de los equinoccios<\/a><\/strong> y es muy f\u00e1cil de imaginar si se piensa en una peonza, pues ser\u00eda algo parecido al <em>bamboleo<\/em> del eje que describe dicho juguete cuando se hace girar. Este lento movimiento de precesi\u00f3n hace que nuestro eje de rotaci\u00f3n, que hoy coincide que apunta \u00abconstantemente\u00bb a la <strong>Estrella Polar<\/strong>, describa un movimiento circular con el paso de los milenios. Vamos que, hace diez mil a\u00f1os, al mirar de noche hacia el norte, el lugar hoy ocupado por la Estrella Polar corresponder\u00eda a otro astro que, por coincidencia, ocupara ese espacio imaginario surgido de trazar hacia el espacio el eje de rotaci\u00f3n terrestre. <\/p>\n<p><strong>\u00bfQu\u00e9 suceder\u00eda si nos carg\u00e1semos la Luna?<\/strong> Vale, puede sonar un poco radical, pero ya ha habido quien ha pensado en \u00abvolar\u00bb la Luna en pedazos para que podamos vivir en una especie de \u00abeterna\u00bb primavera. Lo malo es que, en ese caso, adem\u00e1s de da\u00f1ar los ciclos de mareas, la p\u00e9rdida de \u00abestabilizaci\u00f3n\u00bb en las variaciones de la oblicuidad -por compensaci\u00f3n del efecto de <strong><a href=\"http:\/\/en.wikipedia.org\/wiki\/Orbital_resonance\">resonancia<\/a><\/strong>&#8211; gracias a la presencia del campo gravitatorio lunar, har\u00edan que las variaciones en la inclinaci\u00f3n terrestre se parecieran, por ejemplo, a las que sufre Marte que, al no poseer un sat\u00e9lite del suficiente tama\u00f1o -\u00abcompensador\u00bb de esas variaciones- sufre las consecuencias de las resonancias orbitales, con lo que tiene variaciones en su oblicuidad de hasta 10 grados, algo que en la Tierra ser\u00eda muy grave -se estima que en la Tierra la oblicuidad se encuentra \u00abestabilizada\u00bb entre 22,1\u00b0 y 24,5\u00b0. Algunas teor\u00edas apuntan a que, sin la Luna, la velocidad de rotaci\u00f3n terrestre hubiera sido mayor -al no existir el efecto de frenado por marea gravitatoria lunar-, con el consiguiente aumento en el ensanchamiento ecuatorial y un cierto efecto compensador en las resonancias orbitales con lo que, en el fondo, no se dar\u00edan cambios peligrosos en la oblicuidad. Ahora bien, ese es el modelo \u00absencillo\u00bb. Para complicar el asunto, hace tiempo que se vienen realizando <strong>simulaciones complejas<\/strong> acerca de la mec\u00e1nica orbital de los cuerpos del Sistema Solar. La conclusi\u00f3n de los c\u00e1lculos es muy clara: <strong>sin la Luna, los cambios en la oblicuidad terrestre hubieran sido m\u00e1s ca\u00f3ticos en el tiempo<\/strong>, con lo que la estabilidad clim\u00e1tica terrestre hubiera sido muy complicada y, probablemente, el nacimiento y, sobre todo, el mantenimiento y desarrollo de la vida que tanto depende de esa estabilidad, hubiera tomado caminos muy diferentes a los conocidos<sup>2<\/sup>. <\/p>\n<p>_________<\/p>\n<p><sup>1<\/sup> Esto es as\u00ed debido a que nuestra \u00f3rbita no es circular, sino el\u00edptica -con una <strong><a href=\"http:\/\/es.wikipedia.org\/wiki\/Excentricidad\">excentricidad<\/a><\/strong> de 0,017-, ocupando el Sol uno de los focos de dicha elipse. Ahora bien, esa excentricidad var\u00eda en ciclos de miles de a\u00f1os, con lo que, a largo plazo, tambi\u00e9n influye en el clima terrestre y se considera que se trata de unos de los \u00abingredientes\u00bb implicados en el <strong><a href=\"http:\/\/www.homepage.montana.edu\/~geol445\/hyperglac\/time1\/milankov.htm\">desarrollo de eras glaciares<\/a><\/strong>.<br \/>\n<sup>2<\/sup> Sobre este tipo de simulaciones v\u00e9ase: <strong>La Luna y el origen del hombre<\/strong>, art\u00edculo de<a href=\"http:\/\/www.imcce.fr\/Equipes\/ASD\/insola\/earth\/earth.html\"> Jacques Laskar<\/a> en Investigaci\u00f3n y Ciencia, julio de 1994.<\/p>\n","protected":false},"excerpt":{"rendered":"<div class=\"mh-excerpt\"><p>Conocido es que la Tierra, mantiene una inclinaci\u00f3n \u00abconstante\u00bb de 23,5\u00ba respecto del plano orbital. Esta inclinaci\u00f3n del ecuador con respecto a la ecl\u00edptica, llamada oblicuidad, hace que las cosas <a class=\"mh-excerpt-more\" href=\"https:\/\/alpoma.net\/tecob\/?p=593\" title=\"Gracias a la Luna&#8230;\">[&#8230;]<\/a><\/p>\n<\/div>","protected":false},"author":1,"featured_media":10395,"comment_status":"open","ping_status":"open","sticky":false,"template":"","format":"standard","meta":{"jetpack_post_was_ever_published":false,"_jetpack_newsletter_access":"","_jetpack_dont_email_post_to_subs":false,"_jetpack_newsletter_tier_id":0,"_jetpack_memberships_contains_paywalled_content":false,"_jetpack_memberships_contains_paid_content":false,"footnotes":""},"categories":[5],"tags":[],"class_list":["post-593","post","type-post","status-publish","format-standard","has-post-thumbnail","hentry","category-geo"],"jetpack_featured_media_url":"https:\/\/alpoma.net\/tecob\/wp-content\/uploads\/2006\/09\/243960860_83e611ecc3_o.jpg","jetpack_shortlink":"https:\/\/wp.me\/p93Dc1-9z","jetpack-related-posts":[{"id":774,"url":"https:\/\/alpoma.net\/tecob\/?p=774","url_meta":{"origin":593,"position":0},"title":"Autopista espacial","author":"alpoma","date":"7 septiembre 2007","format":false,"excerpt":"Dentro de no mucho tiempo, encontrar un hueco en \u00f3rbita geoestacionaria para colocar un sat\u00e9lite artificial puede convertirse en algo problem\u00e1tico. Saturaci\u00f3n de artefactos, tal es la causa de que el m\u00e1s preciado de los espacios circunterrestres tenga problemas de \"circulaci\u00f3n\". Eso por no hablar del famoso \"anillo\" de chatarra,\u2026","rel":"","context":"En \u00abGeo\u00bb","block_context":{"text":"Geo","link":"https:\/\/alpoma.net\/tecob\/?cat=5"},"img":{"alt_text":"","src":"","width":0,"height":0},"classes":[]},{"id":13308,"url":"https:\/\/alpoma.net\/tecob\/?p=13308","url_meta":{"origin":593,"position":1},"title":"El audaz monorra\u00edl de Kearney (1908)","author":"alpoma","date":"11 mayo 2018","format":false,"excerpt":"Los sistemas de transporte monorra\u00edl (o monorriel) han llegado bastante lejos pues, aunque no lo parezca, se han desplegado en muchos lugares del mundo con cierto \u00e9xito (y eso a pesar del mal sabor de boca que deja al respecto cierto episodio de Los Simpson). Acabo de cruzarme con algunos\u2026","rel":"","context":"En \u00abObsolescencia\u00bb","block_context":{"text":"Obsolescencia","link":"https:\/\/alpoma.net\/tecob\/?cat=3"},"img":{"alt_text":"","src":"https:\/\/i0.wp.com\/alpoma.net\/tecob\/wp-content\/uploads\/2018\/05\/kearney-monorrail.jpg?resize=350%2C200&ssl=1","width":350,"height":200,"srcset":"https:\/\/i0.wp.com\/alpoma.net\/tecob\/wp-content\/uploads\/2018\/05\/kearney-monorrail.jpg?resize=350%2C200&ssl=1 1x, https:\/\/i0.wp.com\/alpoma.net\/tecob\/wp-content\/uploads\/2018\/05\/kearney-monorrail.jpg?resize=525%2C300&ssl=1 1.5x, https:\/\/i0.wp.com\/alpoma.net\/tecob\/wp-content\/uploads\/2018\/05\/kearney-monorrail.jpg?resize=700%2C400&ssl=1 2x"},"classes":[]},{"id":478,"url":"https:\/\/alpoma.net\/tecob\/?p=478","url_meta":{"origin":593,"position":2},"title":"Los puntos de Lagrange","author":"alpoma","date":"23 mayo 2006","format":false,"excerpt":"Navegando por el espacio, lo mejor que puede encontrar una sufrida nave es pasar un tiempo alejada de peligrosas corrientes gravitatorias \"aparcando\" en un punto lagrangiano. Lugares ideales para instalar estaciones espaciales o como cementerios de flotas c\u00f3smicas, seguramente estas regiones del cosmos den mucho juego en el futuro. Por\u2026","rel":"","context":"En \u00abGeo\u00bb","block_context":{"text":"Geo","link":"https:\/\/alpoma.net\/tecob\/?cat=5"},"img":{"alt_text":"","src":"https:\/\/i0.wp.com\/alpoma.net\/tecob\/wp-content\/uploads\/2006\/05\/151962766_947fc9f07f_o.jpg?resize=350%2C200&ssl=1","width":350,"height":200},"classes":[]},{"id":15465,"url":"https:\/\/alpoma.net\/tecob\/?p=15465","url_meta":{"origin":593,"position":3},"title":"La medici\u00f3n del tiempo en Marte puede ser algo un tanto lioso","author":"alpoma","date":"12 diciembre 2025","format":false,"excerpt":"Medir el tiempo con precisi\u00f3n puede no ser una tarea sencilla si estamos en Marte, por lo que acabo de ver en este art\u00edculo de SciAm: Timekeeping on Mars Is a Tall Order Un texto que, por otra parte, tiene su ra\u00edz en este otro, tambi\u00e9n reciente, publicado en The\u2026","rel":"","context":"En \u00abObsolescencia\u00bb","block_context":{"text":"Obsolescencia","link":"https:\/\/alpoma.net\/tecob\/?cat=3"},"img":{"alt_text":"","src":"https:\/\/i0.wp.com\/alpoma.net\/tecob\/wp-content\/uploads\/2025\/12\/mars-planet-red-surface-seen-from-space-2024-12-05-18-51-23-utc-scaled.jpg?resize=350%2C200&ssl=1","width":350,"height":200,"srcset":"https:\/\/i0.wp.com\/alpoma.net\/tecob\/wp-content\/uploads\/2025\/12\/mars-planet-red-surface-seen-from-space-2024-12-05-18-51-23-utc-scaled.jpg?resize=350%2C200&ssl=1 1x, https:\/\/i0.wp.com\/alpoma.net\/tecob\/wp-content\/uploads\/2025\/12\/mars-planet-red-surface-seen-from-space-2024-12-05-18-51-23-utc-scaled.jpg?resize=525%2C300&ssl=1 1.5x, https:\/\/i0.wp.com\/alpoma.net\/tecob\/wp-content\/uploads\/2025\/12\/mars-planet-red-surface-seen-from-space-2024-12-05-18-51-23-utc-scaled.jpg?resize=700%2C400&ssl=1 2x, https:\/\/i0.wp.com\/alpoma.net\/tecob\/wp-content\/uploads\/2025\/12\/mars-planet-red-surface-seen-from-space-2024-12-05-18-51-23-utc-scaled.jpg?resize=1050%2C600&ssl=1 3x, https:\/\/i0.wp.com\/alpoma.net\/tecob\/wp-content\/uploads\/2025\/12\/mars-planet-red-surface-seen-from-space-2024-12-05-18-51-23-utc-scaled.jpg?resize=1400%2C800&ssl=1 4x"},"classes":[]},{"id":2236,"url":"https:\/\/alpoma.net\/tecob\/?p=2236","url_meta":{"origin":593,"position":4},"title":"Air Scooter \u00bfMotocicleta volante?","author":"alpoma","date":"25 febrero 2010","format":false,"excerpt":"Apresuradamente, y casi se me olvida, he estado buscando en mi archivo de cacharros extra\u00f1os una m\u00e1quina capaz de estar a la altura de esta fecha. \u00bfQu\u00e9 se celebra hoy? Nada, simplemente hace cinco a\u00f1os que comenc\u00e9 la aventura de TecOb y, por lo tanto, se inicia a partir de\u2026","rel":"","context":"En \u00abObsolescencia\u00bb","block_context":{"text":"Obsolescencia","link":"https:\/\/alpoma.net\/tecob\/?cat=3"},"img":{"alt_text":"","src":"https:\/\/i0.wp.com\/alpoma.net\/tecob\/wp-content\/uploads\/2010\/02\/4387806582_46dac21844_o.jpg?resize=350%2C200&ssl=1","width":350,"height":200,"srcset":"https:\/\/i0.wp.com\/alpoma.net\/tecob\/wp-content\/uploads\/2010\/02\/4387806582_46dac21844_o.jpg?resize=350%2C200&ssl=1 1x, https:\/\/i0.wp.com\/alpoma.net\/tecob\/wp-content\/uploads\/2010\/02\/4387806582_46dac21844_o.jpg?resize=525%2C300&ssl=1 1.5x"},"classes":[]},{"id":805,"url":"https:\/\/alpoma.net\/tecob\/?p=805","url_meta":{"origin":593,"position":5},"title":"Un encuentro con Venus","author":"alpoma","date":"26 diciembre 2007","format":false,"excerpt":"Ahora que las aguas andan muy revueltas en el mundo de la astron\u00e1utica, me he acordado de un viejo proyecto con el que se pens\u00f3 enviar una tripulaci\u00f3n de astronautas a un encuentro con el planeta Venus. Se han dise\u00f1ado muchas naves y misiones a lo largo de la corta\u2026","rel":"","context":"En \u00abObsolescencia\u00bb","block_context":{"text":"Obsolescencia","link":"https:\/\/alpoma.net\/tecob\/?cat=3"},"img":{"alt_text":"","src":"https:\/\/i0.wp.com\/alpoma.net\/tecob\/wp-content\/uploads\/2007\/12\/2138890618_3085b3f5fe_o.jpg?resize=350%2C200&ssl=1","width":350,"height":200,"srcset":"https:\/\/i0.wp.com\/alpoma.net\/tecob\/wp-content\/uploads\/2007\/12\/2138890618_3085b3f5fe_o.jpg?resize=350%2C200&ssl=1 1x, https:\/\/i0.wp.com\/alpoma.net\/tecob\/wp-content\/uploads\/2007\/12\/2138890618_3085b3f5fe_o.jpg?resize=525%2C300&ssl=1 1.5x"},"classes":[]}],"jetpack_sharing_enabled":true,"_links":{"self":[{"href":"https:\/\/alpoma.net\/tecob\/index.php?rest_route=\/wp\/v2\/posts\/593","targetHints":{"allow":["GET"]}}],"collection":[{"href":"https:\/\/alpoma.net\/tecob\/index.php?rest_route=\/wp\/v2\/posts"}],"about":[{"href":"https:\/\/alpoma.net\/tecob\/index.php?rest_route=\/wp\/v2\/types\/post"}],"author":[{"embeddable":true,"href":"https:\/\/alpoma.net\/tecob\/index.php?rest_route=\/wp\/v2\/users\/1"}],"replies":[{"embeddable":true,"href":"https:\/\/alpoma.net\/tecob\/index.php?rest_route=%2Fwp%2Fv2%2Fcomments&post=593"}],"version-history":[{"count":0,"href":"https:\/\/alpoma.net\/tecob\/index.php?rest_route=\/wp\/v2\/posts\/593\/revisions"}],"wp:featuredmedia":[{"embeddable":true,"href":"https:\/\/alpoma.net\/tecob\/index.php?rest_route=\/wp\/v2\/media\/10395"}],"wp:attachment":[{"href":"https:\/\/alpoma.net\/tecob\/index.php?rest_route=%2Fwp%2Fv2%2Fmedia&parent=593"}],"wp:term":[{"taxonomy":"category","embeddable":true,"href":"https:\/\/alpoma.net\/tecob\/index.php?rest_route=%2Fwp%2Fv2%2Fcategories&post=593"},{"taxonomy":"post_tag","embeddable":true,"href":"https:\/\/alpoma.net\/tecob\/index.php?rest_route=%2Fwp%2Fv2%2Ftags&post=593"}],"curies":[{"name":"wp","href":"https:\/\/api.w.org\/{rel}","templated":true}]}}