{"id":5905,"date":"2012-01-01T01:01:55","date_gmt":"2011-12-31T23:01:55","guid":{"rendered":"http:\/\/www.alpoma.net\/tecob\/?p=5905"},"modified":"2012-01-01T01:06:04","modified_gmt":"2011-12-31T23:06:04","slug":"arturo-duperier-en-la-orilla-del-mar-radiante","status":"publish","type":"post","link":"https:\/\/alpoma.net\/tecob\/?p=5905","title":{"rendered":"Arturo Duperier en la orilla del mar radiante"},"content":{"rendered":"<p class=\"otros3\">Versi\u00f3n reducida del art\u00edculo que publiqu\u00e9 en la revista <em><strong><a href=\"http:\/\/www.historiadeiberiavieja.com\">Historia de Iberia Vieja<\/a><\/strong><\/em>, n\u00famero 79, enero de 2012.<\/p>\n<blockquote><p>&#8230;se ha celebrado el entierro del catedr\u00e1tico de la Facultad de Ciencias de la Universidad de Madrid don Arturo Duperier, fallecido repentinamente en su domicilio al llegar de la Facultad. El profesor Duperier era una de las autoridades mundiales en radiaciones c\u00f3smicas y fue, con Einstein, el \u00fanico extranjero invitado a inaugurar los cursos de la \u00abPhysical Society\u00bb, de Londres. Precisamente en la capital inglesa, en el \u00abImperial College\u00bb fue donde realiz\u00f3 sus m\u00e1s destacadas investigaciones. Arturo Duperier hab\u00eda nacido el 12 de noviembre de 1896, en el pueblo abulense de Pedro Bernardo, hijo del farmac\u00e9utico del lugar, don Alfredo Duperier y de la maestra, do\u00f1a Eugenia Vallesa. Estudi\u00f3 las primeras letras con su madre, el bachillerato en Avila, y la licenciatura y doctorado de Ciencias en Madrid.<\/p>\n<p><em>La Vanguardia<\/em>, edici\u00f3n del jueves, 12 febrero de 1959.<\/p><\/blockquote>\n<p><strong>Especialista en radiaci\u00f3n c\u00f3smica<\/strong><\/p>\n<p>As\u00ed, con tan sonoro tratamiento, despachaban los peri\u00f3dicos del d\u00eda posterior a su muerte a don <strong><a href=\"http:\/\/es.wikipedia.org\/wiki\/Arturo_Duperier_Vallesa\">Arturo Duperier<\/a><\/strong>, uno de los f\u00edsicos espa\u00f1oles que m\u00e1s alto han llegado a lo largo de nuestra historia y, por desgracia, una figura pr\u00e1cticamente olvidada en la actualidad.<\/p>\n<p><a href=\"http:\/\/www.flickr.com\/photos\/alpoma\/6609159281\/\" title=\"foto_2 by alpoma, on Flickr\"><img decoding=\"async\" src=\"http:\/\/farm8.staticflickr.com\/7156\/6609159281_ee917df530_z.jpg\" width=\"620\" alt=\"foto_2\" class=\"otros\"\/><\/a><br \/>\n<small>Arturo Duperier en su visita a Pedro Bernardo de 1952<sup>*<\/sup>.<\/small><\/p>\n<p>Ahora bien, \u00bfespecialista en radiaci\u00f3n c\u00f3smica? Creo que el mejor homenaje que se le puede hacer a la figura de este gran cient\u00edfico es, antes incluso de repasar someramente su biograf\u00eda, explicar un poco <strong>qu\u00e9 son los <a href=\"http:\/\/es.wikipedia.org\/wiki\/Radiaci%C3%B3n_c%C3%B3smica\">rayos c\u00f3smicos<\/a><\/strong>, parcela del mundo f\u00edsico al que  Arturo Duperier dedic\u00f3 grandes esfuerzos.<\/p>\n<p>Don Arturo contemplaba desde nuestro mundo lo que puede considerarse como la min\u00fascula costa de un gigantesco oc\u00e9ano lleno de radiaci\u00f3n. Su objeto de estudio eran los rayos c\u00f3smicos, que no son otra cosa que<strong> part\u00edculas m\u00e1s peque\u00f1as que los \u00e1tomos procedentes del espacio exterior y dotadas de una gran energ\u00eda en virtud de sus elevadas velocidades<\/strong>, que son en muchas ocasiones cercanas a la de la velocidad de la luz en el vac\u00edo. La humanidad ignoraba que viv\u00eda en las costas de este mar radiante hasta que la f\u00edsica se interes\u00f3 por el origen de ciertos fen\u00f3menos atmosf\u00e9ricos que, al final, resultaron ser causados por estas radiaciones de alta energ\u00eda que proceden del espacio.<\/p>\n<p>Ya desde principios del siglo XX se hab\u00eda demostrado que la ionizaci\u00f3n en la atm\u00f3sfera aumenta con la altitud, lo que indicaba que la energ\u00eda en forma de radiaci\u00f3n que causa esa ionizaci\u00f3n deb\u00eda proceder del espacio exterior. Gran parte de esos rayos c\u00f3smicos son desviados por efecto del campo magn\u00e9tico terrestre, unos rayos cuyo origen no est\u00e1 muy claro. El Sol emite en ocasiones radiaciones que son similares, aunque de menor energ\u00eda, que los rayos c\u00f3smicos <strong>procedentes de los confines del espacio<\/strong>. Sin embargo, los rayos c\u00f3smicos no parecen estar originados en estrellas comunes, sino en fen\u00f3menos celestes violentos como las explosiones de supernovas o en procesos relacionados con agujeros negros. Tras recorrer distancias asombrosas esas radiaciones caen sobre nosotros en forma de cascadas de part\u00edculas subat\u00f3micas creando todo un mar de radiaci\u00f3n en la alta atm\u00f3sfera al interaccionar los rayos c\u00f3smicos con los \u00e1tomos atmosf\u00e9ricos. Del choque surgen <strong>part\u00edculas secundarias<\/strong> que se distribuyen de forma que la mayor\u00eda alcanzan la superficie en los polos gracias al campo magn\u00e9tico de la Tierra, que act\u00faan a modo de \u201cprotecci\u00f3n\u201d contra lluvias de rayos c\u00f3smicos potencialmente peligrosas. Es, precisamente, la variaci\u00f3n en la captaci\u00f3n de rayos c\u00f3smicos en superficie uno de los campos en los que experiment\u00f3 nuestro cient\u00edfico. Se captan m\u00e1s rayos c\u00f3smicos en altura, al tener \u00e9stos que recorrer menos trecho de atm\u00f3sfera y, por tanto, con menor n\u00famero de interacciones con \u00e1tomos atmosf\u00e9ricos. La captaci\u00f3n tambi\u00e9n var\u00eda con la latitud, siendo mayor cuanto m\u00e1s grande es \u00e9sta. Igualmente, los cambios en los ciclos solares tambi\u00e9n influyen a la hora de medir la cantidad de rayos c\u00f3smicos que llegan a la superficie terrestre. <\/p>\n<p><strong>De Pedro Bernardo al espacio profundo<\/strong><\/p>\n<p>El pueblo de <strong>Pedro Bernardo<\/strong>, situado al sur de la <strong>provincia de \u00c1vila<\/strong>, recibi\u00f3 con entusiasmo al sabio en el homenaje que le rindieron sus paisanos en 1952. Por entonces, incluso a pesar de los problemas que hubo de pasar nuestro f\u00edsico despu\u00e9s de la Guerra Civil, era considerado como toda una figura digna de respeto, aunque en su propio pa\u00eds no era precisamente muy bueno el trato que recibi\u00f3 por parte de las autoridades del franquismo. Ahora bien, para las gentes de Pedro Bernardo era un h\u00e9roe, y as\u00ed se lo hicieron saber personalmente, cosa que a buen seguro fue de su agrado.<\/p>\n<p>Como bien indica el recorte con el que he abierto este art\u00edculo, fue en Pedro Bernardo donde Arturo Duperier vio las primeras luces del mundo, hijo del boticario y de la maestra del pueblo, \u00bfpuede acaso haber algo m\u00e1s t\u00f3pico del mundo rural espa\u00f1ol de la \u00e9poca? Nacido el <strong>12 de noviembre de 1896<\/strong>, el camino en la vida de Arturo estuvo a buen seguro marcado por las inquietudes intelectuales de sus padres, que le encaminaron a una vida de estudio. En \u00c1vila curs\u00f3 el Bachillerato y en la Universidad de Madrid consigui\u00f3 las carreras de <strong>Ciencias Qu\u00edmicas y de F\u00edsicas<\/strong> con las m\u00e1ximas calificaciones. Gan\u00f3 por oposici\u00f3n una plaza en el Observatorio Meteorol\u00f3gico, march\u00f3 a Par\u00eds para especializarse en diversas \u00e1reas de la ciencia meteorol\u00f3gica y pas\u00f3 a colaborar con el inolvidable impulsor de la f\u00edsica en Espa\u00f1a, Blas Cabrera, en su c\u00e1tedra.<\/p>\n<p>En 1934 consigui\u00f3 la <strong>C\u00e1tedra de Geof\u00edsica<\/strong>, con lo que pas\u00f3 a dedicar grandes esfuerzos a investigar un campo por entonces reci\u00e9n nacido que le resultaba apasionante, los ya descritos rayos c\u00f3smicos. Hasta entonces casi nadie en Espa\u00f1a se hab\u00eda interesado por esas esquivas radiaciones que bombardean la Tierra procedentes del espacio exterior, pero eso no fue obst\u00e1culo para que en muy poco tiempo se convirtiera en una figura de talla mundial en esa especialidad. <\/p>\n<p>Contrae matrimonio en 1935 y tiene toda la vida por delante, parece que el futuro ser\u00e1 brillante y feliz, pero la gran mancha negra de la Guerra Civil, como en tantas otras ocasiones, se ocup\u00f3 de torcer los renglones de su biograf\u00eda. Tras la destrucci\u00f3n de la Ciudad Universitaria, Arturo decide emigrar, aceptando puestos sucesivos en varias universidades brit\u00e1nicas, donde pas\u00f3 a trabajar como investigador durante m\u00e1s de una d\u00e9cada. Su buen hacer cient\u00edfico, materializado en art\u00edculos publicados en las revistas m\u00e1s conocidas de su especialidad, le llevan a ser citado por muchos otros colegas en sus investigaciones. Es as\u00ed como <strong>la <em>Royal Society of Physics <\/em>le invita a pronunciar una conferencia anual<\/strong> muy especial, siempre destinada a grandes cient\u00edficos brit\u00e1nicos. S\u00f3lo en el caso de Einstein y de Arturo Duperier se hizo una excepci\u00f3n, como extranjeros invitados. <\/p>\n<p>Fue esa la \u00e9poca en la que fue <strong>homenajeado en su pueblo <\/strong>y cuando se hablaba en ambientes acad\u00e9micos espa\u00f1oles de su regreso. Ahora bien, visto lo que sucedi\u00f3 m\u00e1s tarde, probablemente hubiera sido mejor que no volviera a su patria, que hab\u00eda cambiado mucho desde su marcha. El regreso, en 1953, le llev\u00f3 a ocupar una c\u00e1tedra en la Universidad de Madrid, donde continu\u00f3 con sus estudios de los rayos c\u00f3smicos. Por desgracia, no pudo hacer gran cosa en su nuevo cargo, pues un infarto acab\u00f3 con su vida el 10 de febrero de 1959.<\/p>\n<p><strong>Duperier y el franquismo<\/strong><\/p>\n<p>Si comento que el regreso me parece que fue una mala jugada es porque la situaci\u00f3n no tuvo ninguna gracia, es m\u00e1s, si no fuera por lo surrealista del marco en el que sucedi\u00f3, hubiera podido pertenecer a una comedia de escasa calidad. Pero aqu\u00ed no hubo risas, sino llantos. En el a\u00f1o 1939, cuando Arturo se exili\u00f3, el trabajar en la Universidad de Birmingham o, posteriormente, en el Imperial College de Londres, fue para el sabio todo un cambio positivo. Se encontr\u00f3 <strong>en lo m\u00e1s alto de su profesi\u00f3n<\/strong>, tanto por el ambiente en el que vivi\u00f3 como en los medios t\u00e9cnicos con los que pudo contar. As\u00ed, logr\u00f3 apoyos para estudiar la variaci\u00f3n de la intensidad de los rayos c\u00f3smicos que llegan a la superficie terrestre a nivel del mar a lo largo del tiempo y en ese proyecto trabaj\u00f3 en la Universidad de Manchester. Aquel proyecto, dirigido por el que lleg\u00f3 a ser Premio Nobel de F\u00edsica en 1948 Patrick Maynard Stuart Blackett, hizo de Duperier toda una autoridad a nivel mundial. <\/p>\n<p>As\u00ed pues, <strong>\u00bfqu\u00e9 le esperaba en Espa\u00f1a?<\/strong> No mucho, porque a pesar del inter\u00e9s que puso  Joaqu\u00edn Ruiz-Gim\u00e9nez, ministro de Educaci\u00f3n Nacional, en su regreso, no fue mucho el apoyo ni el inter\u00e9s por parte de las autoridades en general ni de muchos colegas en particular. Por decirlo de forma sencilla, se le ofreci\u00f3 un buen puesto, pero poco apoyo material, posiblemente porque no se entend\u00eda por estas tierras muy bien qu\u00e9 era lo que investigaba, pero a la vez se pretend\u00eda tener \u201cen casa\u201d una figura de talla mundial para contar con prestigio. Al final, sucedi\u00f3 algo incre\u00edble, el pobre Arturo Duperier tuvo que conformarse con dar clases y conferencias, todo de forma te\u00f3rica. \u00bfQu\u00e9 le imped\u00eda a un experimentador avezado como \u00e9l seguir con sus investigaciones de campo? Pues, nada m\u00e1s y nada menos que la aduana. <strong>Todos los instrumentos cient\u00edficos, cedidos por instituciones brit\u00e1nicas para que continuara con sus estudios en Espa\u00f1a, no pasaron de la aduana. <\/strong>Burocracia, papeleos y falta de inter\u00e9s, todo ello combinado hizo que durante a\u00f1os esos instrumentos quedaran almacenados, deterior\u00e1ndose sin remedio, mientras Arturo so\u00f1aba con volver a escrutar los cielos en busca de los esquivos rayos c\u00f3smicos sin saber que la muerte acabar\u00eda de forma temprana con ese sue\u00f1o.<\/p>\n<p class=\"otros3\">No quiero terminar con esta breve semblanza sin enviar mi agradecimiento a <strong><a href=\"http:\/\/www.elzo-meridianos.blogspot.com\/\">Jos\u00e9 Manuel Bl\u00e1zquez<\/a><\/strong> por descubrirme la apasionante figura de Arturo Duperier.<\/p>\n<p>_______<br \/>\n<small><sup>*<\/sup> <strong>Fuente<\/strong>: de un tr\u00edptico informativo sobre Duperier editado por el Ayuntamiento de Pedro Bernardo.<\/small><\/p>\n","protected":false},"excerpt":{"rendered":"<div class=\"mh-excerpt\"><p>Versi\u00f3n reducida del art\u00edculo que publiqu\u00e9 en la revista Historia de Iberia Vieja, n\u00famero 79, enero de 2012. &#8230;se ha celebrado el entierro del catedr\u00e1tico de la Facultad de Ciencias <a class=\"mh-excerpt-more\" href=\"https:\/\/alpoma.net\/tecob\/?p=5905\" title=\"Arturo Duperier en la orilla del mar radiante\">[&#8230;]<\/a><\/p>\n<\/div>","protected":false},"author":1,"featured_media":10649,"comment_status":"open","ping_status":"open","sticky":false,"template":"","format":"standard","meta":{"jetpack_post_was_ever_published":false,"_jetpack_newsletter_access":"","_jetpack_dont_email_post_to_subs":false,"_jetpack_newsletter_tier_id":0,"_jetpack_memberships_contains_paywalled_content":false,"_jetpack_memberships_contains_paid_content":false,"footnotes":""},"categories":[10],"tags":[],"class_list":["post-5905","post","type-post","status-publish","format-standard","has-post-thumbnail","hentry","category-made_in_spain"],"jetpack_featured_media_url":"https:\/\/alpoma.net\/tecob\/wp-content\/uploads\/2012\/01\/6609159281_ee917df530_z.jpg","jetpack_shortlink":"https:\/\/wp.me\/p93Dc1-1xf","jetpack-related-posts":[{"id":13626,"url":"https:\/\/alpoma.net\/tecob\/?p=13626","url_meta":{"origin":5905,"position":0},"title":"El ascensor submarino de Arturo G\u00e9nova","author":"alpoma","date":"1 septiembre 2018","format":false,"excerpt":"Versi\u00f3n para TecOb del art\u00edculo que publiqu\u00e9 en la revista Historia de Iberia Vieja, edici\u00f3n de agosto de 2018. Fuera del puerto [de Cartagena] se han efectuado las pruebas oficiales del aparato inventado por el capit\u00e1n de corbeta D. Arturo G\u00e9nova Torruella para salvar tripulaciones de submarinos, obteniendo un completo\u2026","rel":"","context":"En \u00abMade in Spain\u00bb","block_context":{"text":"Made in Spain","link":"https:\/\/alpoma.net\/tecob\/?cat=10"},"img":{"alt_text":"","src":"https:\/\/i0.wp.com\/alpoma.net\/tecob\/wp-content\/uploads\/2018\/09\/genova-3.jpg?resize=350%2C200&ssl=1","width":350,"height":200,"srcset":"https:\/\/i0.wp.com\/alpoma.net\/tecob\/wp-content\/uploads\/2018\/09\/genova-3.jpg?resize=350%2C200&ssl=1 1x, https:\/\/i0.wp.com\/alpoma.net\/tecob\/wp-content\/uploads\/2018\/09\/genova-3.jpg?resize=525%2C300&ssl=1 1.5x, https:\/\/i0.wp.com\/alpoma.net\/tecob\/wp-content\/uploads\/2018\/09\/genova-3.jpg?resize=700%2C400&ssl=1 2x, https:\/\/i0.wp.com\/alpoma.net\/tecob\/wp-content\/uploads\/2018\/09\/genova-3.jpg?resize=1050%2C600&ssl=1 3x"},"classes":[]},{"id":11300,"url":"https:\/\/alpoma.net\/tecob\/?p=11300","url_meta":{"origin":5905,"position":1},"title":"Reentrada atmosf\u00e9rica en modo helic\u00f3ptero","author":"alpoma","date":"26 abril 2015","format":false,"excerpt":"Una anotaci\u00f3n de IEEE Spectrum acerca de las vueltas que le est\u00e1n dando los ingenieros al nuevo cohete estadounidense ULA Vulcan para llevarlo a la vida, me ha tra\u00eddo el recuerdo de una vieja patente espa\u00f1ola realmente curiosa. ULA Vulcan | Fuente | En el mencionado art\u00edculo se hace referencia\u2026","rel":"","context":"En \u00abMade in Spain\u00bb","block_context":{"text":"Made in Spain","link":"https:\/\/alpoma.net\/tecob\/?cat=10"},"img":{"alt_text":"","src":"https:\/\/i0.wp.com\/alpoma.net\/tecob\/wp-content\/uploads\/2015\/04\/vulcan_cohete.jpg?resize=350%2C200&ssl=1","width":350,"height":200,"srcset":"https:\/\/i0.wp.com\/alpoma.net\/tecob\/wp-content\/uploads\/2015\/04\/vulcan_cohete.jpg?resize=350%2C200&ssl=1 1x, https:\/\/i0.wp.com\/alpoma.net\/tecob\/wp-content\/uploads\/2015\/04\/vulcan_cohete.jpg?resize=525%2C300&ssl=1 1.5x"},"classes":[]},{"id":8470,"url":"https:\/\/alpoma.net\/tecob\/?p=8470","url_meta":{"origin":5905,"position":2},"title":"El doctor C\u00e9sar Comas Llaber\u00eda, h\u00e9roe de los rayos X","author":"alpoma","date":"2 septiembre 2013","format":false,"excerpt":"Publiqu\u00e9 originalmente este art\u00edculo en la revista Historia de Iberia Vieja, n\u00famero 99, septiembre de 2013. \u00abVivir para ver\u00bb, dice el viejo refr\u00e1n castellano. Repit\u00e1moslo hoy, en que interesa tanto a la gente la nueva del descubrimiento de una especie de Iuz que no se ve, pero cuya intensidad de\u2026","rel":"","context":"En \u00abMade in Spain\u00bb","block_context":{"text":"Made in Spain","link":"https:\/\/alpoma.net\/tecob\/?cat=10"},"img":{"alt_text":"cesar_comas","src":"https:\/\/i0.wp.com\/www.alpoma.net\/tecob\/wp-content\/uploads\/2013\/09\/cesar_comas-204x300.jpg?resize=350%2C200","width":350,"height":200},"classes":[]},{"id":11383,"url":"https:\/\/alpoma.net\/tecob\/?p=11383","url_meta":{"origin":5905,"position":3},"title":"P\u00edo del R\u00edo Hortega, explorador del tejido nervioso","author":"alpoma","date":"27 mayo 2015","format":false,"excerpt":"Versi\u00f3n reducida del art\u00edculo que publiqu\u00e9 en la revista Historia de Iberia Vieja, n\u00famero 119, mayo de 2015. Don P\u00edo era un hombre de estatura algo inferior a la media, enjuto cual castellano de la meseta, y de escaso peso. Ten\u00eda la cabeza peque\u00f1a, de finos y delicados rasgos; su\u2026","rel":"","context":"En \u00abMade in Spain\u00bb","block_context":{"text":"Made in Spain","link":"https:\/\/alpoma.net\/tecob\/?cat=10"},"img":{"alt_text":"","src":"https:\/\/i0.wp.com\/alpoma.net\/tecob\/wp-content\/uploads\/2015\/05\/Pio_del_Rio_Hortega.jpg?resize=350%2C200&ssl=1","width":350,"height":200,"srcset":"https:\/\/i0.wp.com\/alpoma.net\/tecob\/wp-content\/uploads\/2015\/05\/Pio_del_Rio_Hortega.jpg?resize=350%2C200&ssl=1 1x, https:\/\/i0.wp.com\/alpoma.net\/tecob\/wp-content\/uploads\/2015\/05\/Pio_del_Rio_Hortega.jpg?resize=525%2C300&ssl=1 1.5x, https:\/\/i0.wp.com\/alpoma.net\/tecob\/wp-content\/uploads\/2015\/05\/Pio_del_Rio_Hortega.jpg?resize=700%2C400&ssl=1 2x"},"classes":[]},{"id":1713,"url":"https:\/\/alpoma.net\/tecob\/?p=1713","url_meta":{"origin":5905,"position":4},"title":"Roadtown, la ciudad lineal kilom\u00e9trica","author":"alpoma","date":"3 diciembre 2009","format":false,"excerpt":"Podr\u00eda tratarse, por el t\u00edtulo, del concepto de ciudad lineal pensado por Arturo Soria y que se llev\u00f3 a la pr\u00e1ctica en Madrid, pero no, porque aunque la l\u00ednea tambi\u00e9n se encuentra en el fondo de este dise\u00f1o, su planteamiento y tama\u00f1o son radicalmente diferentes. Todo comenz\u00f3 con alguien arruinado,\u2026","rel":"","context":"En \u00abObsolescencia\u00bb","block_context":{"text":"Obsolescencia","link":"https:\/\/alpoma.net\/tecob\/?cat=3"},"img":{"alt_text":"","src":"https:\/\/i0.wp.com\/alpoma.net\/tecob\/wp-content\/uploads\/2009\/12\/4156272024_f8b757fc14_o.jpg?resize=350%2C200&ssl=1","width":350,"height":200,"srcset":"https:\/\/i0.wp.com\/alpoma.net\/tecob\/wp-content\/uploads\/2009\/12\/4156272024_f8b757fc14_o.jpg?resize=350%2C200&ssl=1 1x, https:\/\/i0.wp.com\/alpoma.net\/tecob\/wp-content\/uploads\/2009\/12\/4156272024_f8b757fc14_o.jpg?resize=525%2C300&ssl=1 1.5x"},"classes":[]},{"id":10202,"url":"https:\/\/alpoma.net\/tecob\/?p=10202","url_meta":{"origin":5905,"position":5},"title":"Un adelanto de lo que ser\u00e1 mi libro \u00abMade in Spain: Cuando invent\u00e1bamos nosotros\u00bb","author":"alpoma","date":"10 noviembre 2014","format":false,"excerpt":"Si no hay contratiempos, antes de que termine este a\u00f1o 2014 ver\u00e1 la luz mi nuevo libro (adem\u00e1s de la ya presentada edici\u00f3n en papel de la novela El viaje de Argos). A lo largo de la \u00faltima d\u00e9cada he publicado en diversos medios, sobre todo en la revista Historia\u2026","rel":"","context":"En \u00abMade in Spain\u00bb","block_context":{"text":"Made in Spain","link":"https:\/\/alpoma.net\/tecob\/?cat=10"},"img":{"alt_text":"","src":"https:\/\/i0.wp.com\/alpoma.net\/tecob\/wp-content\/uploads\/2014\/11\/barreiros-300x2771.png?resize=350%2C200&ssl=1","width":350,"height":200},"classes":[]}],"jetpack_sharing_enabled":true,"_links":{"self":[{"href":"https:\/\/alpoma.net\/tecob\/index.php?rest_route=\/wp\/v2\/posts\/5905","targetHints":{"allow":["GET"]}}],"collection":[{"href":"https:\/\/alpoma.net\/tecob\/index.php?rest_route=\/wp\/v2\/posts"}],"about":[{"href":"https:\/\/alpoma.net\/tecob\/index.php?rest_route=\/wp\/v2\/types\/post"}],"author":[{"embeddable":true,"href":"https:\/\/alpoma.net\/tecob\/index.php?rest_route=\/wp\/v2\/users\/1"}],"replies":[{"embeddable":true,"href":"https:\/\/alpoma.net\/tecob\/index.php?rest_route=%2Fwp%2Fv2%2Fcomments&post=5905"}],"version-history":[{"count":0,"href":"https:\/\/alpoma.net\/tecob\/index.php?rest_route=\/wp\/v2\/posts\/5905\/revisions"}],"wp:featuredmedia":[{"embeddable":true,"href":"https:\/\/alpoma.net\/tecob\/index.php?rest_route=\/wp\/v2\/media\/10649"}],"wp:attachment":[{"href":"https:\/\/alpoma.net\/tecob\/index.php?rest_route=%2Fwp%2Fv2%2Fmedia&parent=5905"}],"wp:term":[{"taxonomy":"category","embeddable":true,"href":"https:\/\/alpoma.net\/tecob\/index.php?rest_route=%2Fwp%2Fv2%2Fcategories&post=5905"},{"taxonomy":"post_tag","embeddable":true,"href":"https:\/\/alpoma.net\/tecob\/index.php?rest_route=%2Fwp%2Fv2%2Ftags&post=5905"}],"curies":[{"name":"wp","href":"https:\/\/api.w.org\/{rel}","templated":true}]}}