{"id":5843,"date":"2011-12-27T23:25:34","date_gmt":"2011-12-27T21:25:34","guid":{"rendered":"http:\/\/www.alpoma.net\/tecob\/?p=5843"},"modified":"2011-12-27T23:25:34","modified_gmt":"2011-12-27T21:25:34","slug":"craniopagus-parasiticus","status":"publish","type":"post","link":"https:\/\/alpoma.net\/tecob\/?p=5843","title":{"rendered":"Craniopagus parasiticus"},"content":{"rendered":"<p><a href=\"http:\/\/www.flickr.com\/photos\/alpoma\/6583226653\/\" title=\"hunterian_twin by alpoma, on Flickr\"><img loading=\"lazy\" decoding=\"async\" src=\"http:\/\/farm8.staticflickr.com\/7148\/6583226653_e180956d24_o.jpg\" width=\"353\" height=\"451\" alt=\"hunterian_twin\" class=\"dch\"\/><\/a>En mi reciente<strong> viaje a Londres<\/strong> ten\u00eda pensado realizar una visita muy especial. Hab\u00eda estado el d\u00eda antes en la <strong><a href=\"http:\/\/www.wellcomecollection.org\/\">Wellcome Collection<\/a><\/strong>, as\u00ed que para cerrar el c\u00edrculo de las excentricidades cient\u00edficas, decid\u00ed visitar el <strong><a href=\"http:\/\/www.rcseng.ac.uk\/museums\">Hunterian Museum<\/a><\/strong>, que se encuentra en el imponente edificio neocl\u00e1sico del <em>The Royal College of Surgeons of England<\/em>. Y hasta all\u00ed llegu\u00e9, a la vera de los Lincoln\u00b4s Inn Fields para encontrarme con un cartelillo de&#8230; \u00a1cerrado! Era domingo, d\u00eda en el que cierran el museo tradicionalmente, cosa de la que me hubiera podido enterar de haberlo consultado antes. Bien, tendr\u00e1 que esperar esa visita para otra ocasi\u00f3n, porque <strong>tengo una cita con cierta pieza (que est\u00e1 catalogada con el n\u00famero 1.535 en la colecci\u00f3n del museo) que deseo ver desde hace bastante tiempo <\/strong>y que aparece en la fotograf\u00eda que acompa\u00f1a este art\u00edculo.<\/p>\n<p>Se trata del <strong>primer caso registrado en la literatura m\u00e9dica<\/strong> de <em><strong><a href=\"http:\/\/en.wikipedia.org\/wiki\/Craniopagus_parasiticus\">craniopagus parasiticus<\/a><\/strong><\/em>, patolog\u00eda de la que <strong>apenas se cuentan en toda la historia un pu\u00f1ado de ejemplos<\/strong>. Lo m\u00e1s singular de este caso no es que se trate del primero descrito de este tipo de malformaci\u00f3n, sino que es el \u00fanico que se conoce en el que <strong>el individuo sobrevivi\u00f3 durante un tiempo prolongado<\/strong> y en el que la cabeza par\u00e1sita mostraba adem\u00e1s ciertos signos de vida \u00abindependiente\u00bb.<\/p>\n<p>Como puede haberse entendido ya al ver la fotograf\u00eda, un caso de <em>craniopagus parasiticus<\/em> consiste en <strong>una malformaci\u00f3n en la que se desarrolla una cabeza gemela par\u00e1sita unida a una cabeza viva aparentemente normal y con cuerpo propio<\/strong>. El caso que se conserva en el Hunterian procede de <strong><a href=\"http:\/\/thehumanmarvels.com\/?p=28\">un ni\u00f1o nacido en 1783<\/a><\/strong> en la aldea bengal\u00ed de Mundul Gait, conocido hist\u00f3ricamente como \u00abel ni\u00f1o de dos cabezas de Bengala\u00bb.<\/p>\n<p><strong>La historia de este ni\u00f1o no empez\u00f3 nada bien y termin\u00f3 peor<\/strong>. Al instante de nacer, los presentes durante el parto quedaron aterrados ante el extra\u00f1o aspecto de la criatura. La comadrona arroj\u00f3 instintivamente al fuego al pobre ni\u00f1o, intentando alejar para siempre al monstruo. Aunque lograron salvar al reci\u00e9n nacido, \u00e9ste sufri\u00f3 diversas quemaduras que arruinaron todav\u00eda m\u00e1s su aterrador aspecto. Ante semejante estampa, cabe pensar qu\u00e9 podr\u00eda hacer una familia sin grandes medios en la India del siglo XIX viendo una situaci\u00f3n as\u00ed. El instinto de la partera no iba por mal camino, pues lo tradicional era eliminar cuanto antes casos como el de Bengala pero, he aqu\u00ed que <strong>a los padres se les ocurri\u00f3 de inmediato sacar provecho econ\u00f3mico del caso<\/strong>. Y, as\u00ed, el peque\u00f1o monstruo fue creciendo como <strong>atracci\u00f3n de feria<\/strong>, siendo mostrado por sus padres en Calcuta ante multitudes asombradas que pagaban por verlo. Su fama lleg\u00f3 a ser tal, que fue requerido para servir de diversi\u00f3n en varios palacios y hogares de dignatarios, aunque personalmente no veo d\u00f3nde podr\u00eda estar lo divertido, m\u00e1s all\u00e1 de la morbosa curiosidad que despertaba. <\/p>\n<p>Las descripciones que nos han llegado del ni\u00f1o de Bengala nos muestran <strong>dos cabezas de semejante tama\u00f1o<\/strong>, con abundante pelo ocultando la uni\u00f3n entre ambas y con un peque\u00f1o ap\u00e9ndice como simulacro de cuello fallido en lo m\u00e1s alto de la cabeza superior. Lo m\u00e1s sorprendente era que aquella cabeza no siempre reaccionaba a los est\u00edmulos de la inferior, que era la que parec\u00eda controlar por completo el resto del cuerpo. Es m\u00e1s, ante est\u00edmulos externos,<strong> la cabeza superior ofrec\u00eda cambios curiosos<\/strong>, intentaba abrir la boca o cambiaba el gesto, sin que la inferior se diera por aludida. Se cree que la cabeza superior deb\u00eda ser ciega, o al menos su visi\u00f3n era muy limitada, pues sus ojos apenas reaccionaban ante la luz, aunque curiosamente cuando el ni\u00f1o dorm\u00eda, los ojos de la cabeza par\u00e1sita se manten\u00edan alerta y abiertos. <strong>A pesar de no estar bien formada, esa cabeza superior era capaz de secretar saliva y l\u00e1grimas y de ofrecer gestos y expresiones faciales diversas<\/strong>.<\/p>\n<p>El ni\u00f1o vivi\u00f3 as\u00ed, como monstruo ambulante, una triste existencia, siempre alejado de todas las miradas salvo cuando hab\u00eda monedas por medio. S\u00f3lo entonces se abr\u00edan las <strong>s\u00e1banas que lo cubr\u00edan casi todo el d\u00eda<\/strong>, para que las gentes exclamaran de terror, de asco o de curiosidad. Pero cierto d\u00eda, cuando ya contaba con <strong>cuatro a\u00f1os de edad<\/strong>, una mordedura de cobra acab\u00f3 con su vida o, al menos, eso es lo que cont\u00f3 la familia. Aunque hubo muchas ofertas para quedarse con el cad\u00e1ver, los padres decidieron dar sepultura a la criatura. Como puede esperarse, <strong>no tardaron en saquear la tumba<\/strong> y llevarse el cad\u00e1ver que, tras muchas vueltas termin\u00f3 convertido en uno de los espec\u00edmenes m\u00e1s sobresalientes de la colecci\u00f3n de asombros m\u00e9dicos del Hunterian de Londres.<\/p>\n<p>____________<br \/>\n<strong>M\u00e1s informaci\u00f3n<\/strong>: <em>A cabinet of medical curiosities<\/em>. Jan Bondeson. W.W. Norton, 1997.<br \/>\n<strong>Fotograf\u00eda<\/strong>:<em> <a href=\"http:\/\/thechirurgeonsapprentice.com\/2011\/10\/21\/from-the-dissection-room-the-two-headed-boy-of-bengal\/\">The Two-Headed Boy of Bengal. The Chirurgeon\u00b4s Apprentice<\/a><\/em>.<\/p>\n","protected":false},"excerpt":{"rendered":"<div class=\"mh-excerpt\"><p>En mi reciente viaje a Londres ten\u00eda pensado realizar una visita muy especial. Hab\u00eda estado el d\u00eda antes en la Wellcome Collection, as\u00ed que para cerrar el c\u00edrculo de las <a class=\"mh-excerpt-more\" href=\"https:\/\/alpoma.net\/tecob\/?p=5843\" title=\"Craniopagus parasiticus\">[&#8230;]<\/a><\/p>\n<\/div>","protected":false},"author":1,"featured_media":10683,"comment_status":"open","ping_status":"open","sticky":false,"template":"","format":"standard","meta":{"jetpack_post_was_ever_published":false,"_jetpack_newsletter_access":"","_jetpack_dont_email_post_to_subs":false,"_jetpack_newsletter_tier_id":0,"_jetpack_memberships_contains_paywalled_content":false,"_jetpack_memberships_contains_paid_content":false,"footnotes":""},"categories":[3],"tags":[],"class_list":["post-5843","post","type-post","status-publish","format-standard","has-post-thumbnail","hentry","category-obsolescencia"],"jetpack_featured_media_url":"https:\/\/alpoma.net\/tecob\/wp-content\/uploads\/2011\/12\/6583226653_e180956d24_o.jpg","jetpack_shortlink":"https:\/\/wp.me\/p93Dc1-1wf","jetpack-related-posts":[{"id":15022,"url":"https:\/\/alpoma.net\/tecob\/?p=15022","url_meta":{"origin":5843,"position":0},"title":"Misterio en el observatorio","author":"alpoma","date":"23 abril 2020","format":false,"excerpt":"Ayer estuve experimentando con hilos de Twitter para referir una historia de forma encadenada. Transcribo aqu\u00ed el contenido para que no se pierda por ah\u00ed. Conoc\u00ed esta intrigante historia gracias a una cr\u00f3nica publicada en la revista madrile\u00f1a \u201cAlrededor del mundo\u201d, edici\u00f3n del 10 de abril de 1922. El monte\u2026","rel":"","context":"En \u00abObsolescencia\u00bb","block_context":{"text":"Obsolescencia","link":"https:\/\/alpoma.net\/tecob\/?cat=3"},"img":{"alt_text":"","src":"https:\/\/i0.wp.com\/alpoma.net\/tecob\/wp-content\/uploads\/2020\/04\/observ.jpg?resize=350%2C200&ssl=1","width":350,"height":200,"srcset":"https:\/\/i0.wp.com\/alpoma.net\/tecob\/wp-content\/uploads\/2020\/04\/observ.jpg?resize=350%2C200&ssl=1 1x, https:\/\/i0.wp.com\/alpoma.net\/tecob\/wp-content\/uploads\/2020\/04\/observ.jpg?resize=525%2C300&ssl=1 1.5x"},"classes":[]},{"id":563,"url":"https:\/\/alpoma.net\/tecob\/?p=563","url_meta":{"origin":5843,"position":1},"title":"El ROM de Aguilar de Campoo","author":"alpoma","date":"10 agosto 2006","format":false,"excerpt":"No se trata del famoso tipo de memoria para ordenadores, ni siquiera tiene que ver con ellos. Esta ma\u00f1ana he pasado un rato muy agradable en el ROM, Museo del Rom\u00e1nico y el Territorio, de Aguilar de Campoo al norte de la provincia de Palencia. El d\u00eda no empezaba muy\u2026","rel":"","context":"En \u00abGeo\u00bb","block_context":{"text":"Geo","link":"https:\/\/alpoma.net\/tecob\/?cat=5"},"img":{"alt_text":"ROM2","src":"https:\/\/i0.wp.com\/static.flickr.com\/62\/211858516_7dacb46762_m.jpg?resize=350%2C200","width":350,"height":200},"classes":[]},{"id":712,"url":"https:\/\/alpoma.net\/tecob\/?p=712","url_meta":{"origin":5843,"position":2},"title":"Cargo","author":"alpoma","date":"23 abril 2007","format":false,"excerpt":"Viajemos al pasado y a un remoto lugar. A\u00f1os cuarenta, en medio de la nada, por todas partes lo \u00fanico que puede verse es agua, el Oc\u00e9ano Pac\u00edfico arropa a las peque\u00f1as islas que lo salpican. Los habitantes de una de esas min\u00fasculas porciones de tierra emergida viven aislados del\u2026","rel":"","context":"En \u00abGeo\u00bb","block_context":{"text":"Geo","link":"https:\/\/alpoma.net\/tecob\/?cat=5"},"img":{"alt_text":"","src":"https:\/\/i0.wp.com\/alpoma.net\/tecob\/wp-content\/uploads\/2007\/04\/470284806_10b77a53ba_o.jpg?resize=350%2C200&ssl=1","width":350,"height":200},"classes":[]},{"id":5328,"url":"https:\/\/alpoma.net\/tecob\/?p=5328","url_meta":{"origin":5843,"position":3},"title":"La Olmeda","author":"alpoma","date":"11 septiembre 2011","format":false,"excerpt":"El 5 de julio de 1968 se encontraba realizando algunas tareas agr\u00edcolas en una finca de su propiedad, cerca del pueblo palentino de Pedrosa de la Vega, pr\u00f3ximo a Salda\u00f1a, un hombre al que no se le escapaba ning\u00fan detalle. Se trataba de Javier Cortes, que desde entonces dedic\u00f3 gran\u2026","rel":"","context":"En \u00abPersonal\u00bb","block_context":{"text":"Personal","link":"https:\/\/alpoma.net\/tecob\/?cat=2"},"img":{"alt_text":"Villa Romana de La Olmeda (Palencia)","src":"https:\/\/i0.wp.com\/farm3.static.flickr.com\/2552\/3772324696_53db4fd717_m.jpg?resize=350%2C200","width":350,"height":200},"classes":[]},{"id":929,"url":"https:\/\/alpoma.net\/tecob\/?p=929","url_meta":{"origin":5843,"position":4},"title":"Einstein en Espa\u00f1a","author":"alpoma","date":"10 julio 2008","format":false,"excerpt":"Versi\u00f3n web del art\u00edculo que publiqu\u00e9 en Historia de Iberia Vieja, edici\u00f3n de Abril 2008. Einstein, el sabio alem\u00e1n universalmente admirado, se halla entre nosotros. Reciba el insigne hombre de ciencia que nos honra con su visita nuestro m\u00e1s cordial y respetuoso homenaje, al que seguramente se asocia Espa\u00f1a entera.\u2026","rel":"","context":"En \u00abMade in Spain\u00bb","block_context":{"text":"Made in Spain","link":"https:\/\/alpoma.net\/tecob\/?cat=10"},"img":{"alt_text":"","src":"","width":0,"height":0},"classes":[]},{"id":5252,"url":"https:\/\/alpoma.net\/tecob\/?p=5252","url_meta":{"origin":5843,"position":5},"title":"Atlas de estrellas","author":"alpoma","date":"24 agosto 2011","format":false,"excerpt":"Los meses de verano suelen ser los favoritos de muchos astr\u00f3nomos aficionados, m\u00e1s que nada porque se cuenta, por lo general, con m\u00e1s tiempo para dedicar a la observaci\u00f3n y, adem\u00e1s, las temperaturas nocturnas invitan a ello. A pesar de que, hoy d\u00eda, existen decenas de buenos programas para ordenador\u2026","rel":"","context":"En \u00abGeo\u00bb","block_context":{"text":"Geo","link":"https:\/\/alpoma.net\/tecob\/?cat=5"},"img":{"alt_text":"","src":"https:\/\/i0.wp.com\/alpoma.net\/tecob\/wp-content\/uploads\/2011\/08\/6076840478_0f27b97580_o.jpg?resize=350%2C200&ssl=1","width":350,"height":200,"srcset":"https:\/\/i0.wp.com\/alpoma.net\/tecob\/wp-content\/uploads\/2011\/08\/6076840478_0f27b97580_o.jpg?resize=350%2C200&ssl=1 1x, https:\/\/i0.wp.com\/alpoma.net\/tecob\/wp-content\/uploads\/2011\/08\/6076840478_0f27b97580_o.jpg?resize=525%2C300&ssl=1 1.5x"},"classes":[]}],"jetpack_sharing_enabled":true,"_links":{"self":[{"href":"https:\/\/alpoma.net\/tecob\/index.php?rest_route=\/wp\/v2\/posts\/5843","targetHints":{"allow":["GET"]}}],"collection":[{"href":"https:\/\/alpoma.net\/tecob\/index.php?rest_route=\/wp\/v2\/posts"}],"about":[{"href":"https:\/\/alpoma.net\/tecob\/index.php?rest_route=\/wp\/v2\/types\/post"}],"author":[{"embeddable":true,"href":"https:\/\/alpoma.net\/tecob\/index.php?rest_route=\/wp\/v2\/users\/1"}],"replies":[{"embeddable":true,"href":"https:\/\/alpoma.net\/tecob\/index.php?rest_route=%2Fwp%2Fv2%2Fcomments&post=5843"}],"version-history":[{"count":0,"href":"https:\/\/alpoma.net\/tecob\/index.php?rest_route=\/wp\/v2\/posts\/5843\/revisions"}],"wp:featuredmedia":[{"embeddable":true,"href":"https:\/\/alpoma.net\/tecob\/index.php?rest_route=\/wp\/v2\/media\/10683"}],"wp:attachment":[{"href":"https:\/\/alpoma.net\/tecob\/index.php?rest_route=%2Fwp%2Fv2%2Fmedia&parent=5843"}],"wp:term":[{"taxonomy":"category","embeddable":true,"href":"https:\/\/alpoma.net\/tecob\/index.php?rest_route=%2Fwp%2Fv2%2Fcategories&post=5843"},{"taxonomy":"post_tag","embeddable":true,"href":"https:\/\/alpoma.net\/tecob\/index.php?rest_route=%2Fwp%2Fv2%2Ftags&post=5843"}],"curies":[{"name":"wp","href":"https:\/\/api.w.org\/{rel}","templated":true}]}}