{"id":5814,"date":"2011-12-18T21:43:43","date_gmt":"2011-12-18T19:43:43","guid":{"rendered":"http:\/\/www.alpoma.net\/tecob\/?p=5814"},"modified":"2011-12-18T21:43:43","modified_gmt":"2011-12-18T19:43:43","slug":"%c2%a1a-tomar-vientos","status":"publish","type":"post","link":"https:\/\/alpoma.net\/tecob\/?p=5814","title":{"rendered":"\u00a1A tomar vientos!"},"content":{"rendered":"<p>Desconozco el origen exacto de tan utilizada frasecilla, aunque me lo puedo imaginar, pero mientras le\u00eda un art\u00edculo sobre las aventuras ant\u00e1rticas de Amundsen y la pesadilla helada de Scott, record\u00e9 <strong>uno de esos lugares de la Tierra que son todo menos acogedores<\/strong>. As\u00ed que, la pr\u00f3xima vez que mandes algo <em>a tomar vientos<\/em>, siempre podr\u00e1s saber d\u00f3nde ha ido a parar. En concreto, a la <strong><a href=\"http:\/\/www.wondermondo.com\/Countries\/An\/Antarctica\/Antarctica\/Commonwealth.htm\">Commonwealth Bay<\/a><\/strong>, una franja costera de la Ant\u00e1rtida con casi cincuenta kil\u00f3metros de longitud, repleta de ping\u00fcinos, descubierta en 1912 por el ge\u00f3logo Douglas Mawson al mando de una <strong><a href=\"http:\/\/es.wikipedia.org\/wiki\/Expedici%C3%B3n_Ant%C3%A1rtica_Australiana\">expedici\u00f3n cient\u00edfica australiana<\/a><\/strong>.<\/p>\n<p><a href=\"http:\/\/www.flickr.com\/photos\/alpoma\/6532953539\/\" title=\"Imagen de la State Library of New South Wales, on Flickr\"><img decoding=\"async\" src=\"http:\/\/farm8.staticflickr.com\/7161\/6532953539_479139b320_z.jpg\" width=\"620\" alt=\"Imagen de la State Library of New South Wales\" class=\"otros\"\/><\/a><br \/>\n<small>Caminando contra el viento. Frank Hurley, 1912, \u00e1rea de Commonwealth Bay. <strong>Fuente<\/strong>: <a href=\"http:\/\/acms.sl.nsw.gov.au\/item\/itemLarge.aspx?itemID=41451\">State Library of New South Wales<\/a>.<\/small><\/p>\n<p>El lugar es tan ventoso que registra, de media anual, vientos de 80 kil\u00f3metros por hora y <strong>no son raras las ocasiones en las que esos vientos superan los 240 kil\u00f3metros por hora<\/strong>. Se trata de vientos catab\u00e1ticos, vamos, que marchan \u00abpendiente abajo\u00bb desde las elevaciones que rodean la bah\u00eda hasta el oc\u00e9ano. Esos vientos crean en ocasiones tormentas impresionantes que m\u00e1s vale contemplar en la lejan\u00eda y que convierten a este lugar en uno de los m\u00e1s desapacibles del planeta. <\/p>\n<p>| Ver localizaci\u00f3n en <strong><a href=\"http:\/\/maps.google.es\/maps\/ms?msid=201753365780599633166.0004b4629625a963b5c23&#038;msa=0&#038;ll=-67.010445,142.647171&#038;spn=0.036204,0.1684\">Google Maps<\/a><\/strong> |<\/p>\n","protected":false},"excerpt":{"rendered":"<div class=\"mh-excerpt\"><p>Desconozco el origen exacto de tan utilizada frasecilla, aunque me lo puedo imaginar, pero mientras le\u00eda un art\u00edculo sobre las aventuras ant\u00e1rticas de Amundsen y la pesadilla helada de Scott, <a class=\"mh-excerpt-more\" href=\"https:\/\/alpoma.net\/tecob\/?p=5814\" title=\"\u00a1A tomar vientos!\">[&#8230;]<\/a><\/p>\n<\/div>","protected":false},"author":1,"featured_media":10653,"comment_status":"open","ping_status":"open","sticky":false,"template":"","format":"standard","meta":{"jetpack_post_was_ever_published":false,"_jetpack_newsletter_access":"","_jetpack_dont_email_post_to_subs":false,"_jetpack_newsletter_tier_id":0,"_jetpack_memberships_contains_paywalled_content":false,"_jetpack_memberships_contains_paid_content":false,"footnotes":""},"categories":[5],"tags":[],"class_list":["post-5814","post","type-post","status-publish","format-standard","has-post-thumbnail","hentry","category-geo"],"jetpack_featured_media_url":"https:\/\/alpoma.net\/tecob\/wp-content\/uploads\/2011\/12\/6532953539_479139b320_z.jpg","jetpack_shortlink":"https:\/\/wp.me\/p93Dc1-1vM","jetpack-related-posts":[{"id":1067,"url":"https:\/\/alpoma.net\/tecob\/?p=1067","url_meta":{"origin":5814,"position":0},"title":"Willard Custer y su channelwing","author":"alpoma","date":"27 enero 2009","format":false,"excerpt":"No sabr\u00eda c\u00f3mo traducir adecuadamente el t\u00e9rmino ingl\u00e9s channelwing, porque decir alas acanaladas o con canales me parec\u00eda demasiado rebuscado, as\u00ed que se queda en versi\u00f3n original. Los canales, o t\u00faneles, conducen aqu\u00ed el aire de una forma muy especial, pero empecemos por el principio. El imaginativo ingeniero estadounidense Willard\u2026","rel":"","context":"En \u00abInnovaci\u00f3n\u00bb","block_context":{"text":"Innovaci\u00f3n","link":"https:\/\/alpoma.net\/tecob\/?cat=4"},"img":{"alt_text":"","src":"https:\/\/i0.wp.com\/alpoma.net\/tecob\/wp-content\/uploads\/2009\/01\/3230162174_708f5ca9b5_o.jpg?resize=350%2C200&ssl=1","width":350,"height":200,"srcset":"https:\/\/i0.wp.com\/alpoma.net\/tecob\/wp-content\/uploads\/2009\/01\/3230162174_708f5ca9b5_o.jpg?resize=350%2C200&ssl=1 1x, https:\/\/i0.wp.com\/alpoma.net\/tecob\/wp-content\/uploads\/2009\/01\/3230162174_708f5ca9b5_o.jpg?resize=525%2C300&ssl=1 1.5x"},"classes":[]},{"id":8141,"url":"https:\/\/alpoma.net\/tecob\/?p=8141","url_meta":{"origin":5814,"position":1},"title":"A vueltas con la corriente del Golfo y los inviernos en Europa","author":"alpoma","date":"21 abril 2013","format":false,"excerpt":"El 21 de abril de 1513, hoy hace 500 a\u00f1os, una flotilla de nav\u00edos espa\u00f1oles comandada por Ponce de Le\u00f3n navegaba por aguas atl\u00e1nticas cercanas a Florida. Tal y como qued\u00f3 registrado en el cuaderno de bitacora de la expedici\u00f3n, suced\u00eda algo extra\u00f1o. El viento era favorable para continuar la\u2026","rel":"","context":"En \u00abClima\u00bb","block_context":{"text":"Clima","link":"https:\/\/alpoma.net\/tecob\/?cat=8"},"img":{"alt_text":"","src":"https:\/\/i0.wp.com\/alpoma.net\/tecob\/wp-content\/uploads\/2013\/04\/Die_Gartenlaube_1885.jpg?resize=350%2C200&ssl=1","width":350,"height":200,"srcset":"https:\/\/i0.wp.com\/alpoma.net\/tecob\/wp-content\/uploads\/2013\/04\/Die_Gartenlaube_1885.jpg?resize=350%2C200&ssl=1 1x, https:\/\/i0.wp.com\/alpoma.net\/tecob\/wp-content\/uploads\/2013\/04\/Die_Gartenlaube_1885.jpg?resize=525%2C300&ssl=1 1.5x"},"classes":[]},{"id":673,"url":"https:\/\/alpoma.net\/tecob\/?p=673","url_meta":{"origin":5814,"position":2},"title":"\u00a1Elvis ha abandonado el edificio!","author":"alpoma","date":"8 febrero 2007","format":false,"excerpt":"Hay frases que, aunque en un principio no parezca que puedan aplicarse m\u00e1s que para la situaci\u00f3n para la que nacieron, terminan convirti\u00e9ndose en lemas que aparecen aqu\u00ed y all\u00e1 sin saberse, muchas veces, d\u00f3nde surgieron por primera vez. Hace unos d\u00edas, rescatando de una vieja cinta de casette el\u2026","rel":"","context":"En \u00abObsolescencia\u00bb","block_context":{"text":"Obsolescencia","link":"https:\/\/alpoma.net\/tecob\/?cat=3"},"img":{"alt_text":"","src":"","width":0,"height":0},"classes":[]},{"id":597,"url":"https:\/\/alpoma.net\/tecob\/?p=597","url_meta":{"origin":5814,"position":3},"title":"Mitos marcianos (II)","author":"alpoma","date":"21 septiembre 2006","format":false,"excerpt":"El 7 de Octubre de 2005 publiqu\u00e9 en TecOb un art\u00edculo titulado Mitos marcianos, en el que repas\u00e9 someramente diversas historias, ya casi m\u00edticas de tanto que se mencionan y, por desgracia, cre\u00eddas por mucha gente. Eran historias sobre presuntas civilizaciones marcianas, desde los l\u00edos que trajo la confusi\u00f3n con\u2026","rel":"","context":"En \u00abGeo\u00bb","block_context":{"text":"Geo","link":"https:\/\/alpoma.net\/tecob\/?cat=5"},"img":{"alt_text":"","src":"https:\/\/i0.wp.com\/alpoma.net\/tecob\/wp-content\/uploads\/2006\/09\/249029042_f4e8c5f1b4_o.jpg?resize=350%2C200&ssl=1","width":350,"height":200,"srcset":"https:\/\/i0.wp.com\/alpoma.net\/tecob\/wp-content\/uploads\/2006\/09\/249029042_f4e8c5f1b4_o.jpg?resize=350%2C200&ssl=1 1x, https:\/\/i0.wp.com\/alpoma.net\/tecob\/wp-content\/uploads\/2006\/09\/249029042_f4e8c5f1b4_o.jpg?resize=525%2C300&ssl=1 1.5x"},"classes":[]},{"id":8967,"url":"https:\/\/alpoma.net\/tecob\/?p=8967","url_meta":{"origin":5814,"position":4},"title":"El autoelectromotor de Coto Guti\u00e9rrez (1928)","author":"alpoma","date":"9 abril 2014","format":false,"excerpt":"He aqu\u00ed un curioso ingenio electromec\u00e1nico del que apenas tengo datos. Me hubiera gustado tener m\u00e1s informaci\u00f3n sobre este inventor, pero de momento s\u00f3lo una vieja patente y un recorte de prensa es lo que ha llegado a mis manos. Veamos, en el Archivo Hist\u00f3rico de la Oficina Espa\u00f1ola de\u2026","rel":"","context":"En \u00abMade in Spain\u00bb","block_context":{"text":"Made in Spain","link":"https:\/\/alpoma.net\/tecob\/?cat=10"},"img":{"alt_text":"","src":"https:\/\/i0.wp.com\/alpoma.net\/tecob\/wp-content\/uploads\/2014\/04\/autoelectromotor.jpg?resize=350%2C200&ssl=1","width":350,"height":200,"srcset":"https:\/\/i0.wp.com\/alpoma.net\/tecob\/wp-content\/uploads\/2014\/04\/autoelectromotor.jpg?resize=350%2C200&ssl=1 1x, https:\/\/i0.wp.com\/alpoma.net\/tecob\/wp-content\/uploads\/2014\/04\/autoelectromotor.jpg?resize=525%2C300&ssl=1 1.5x"},"classes":[]},{"id":6349,"url":"https:\/\/alpoma.net\/tecob\/?p=6349","url_meta":{"origin":5814,"position":5},"title":"El Palacio Real de Madrid y un misterio cartogr\u00e1fico","author":"alpoma","date":"5 marzo 2012","format":false,"excerpt":"AVISO IMPORTANTE: La soluci\u00f3n definitiva a este enigma parece encontrarse en este comentario, que identifica el meridiano de referencia como el de Finisterre. Por ello, la idea inicial de buscar un meridiano de referencia diferente al de Greenwich sigue siendo v\u00e1lida, pero la identificaci\u00f3n con el meridiano de Par\u00eds ha\u2026","rel":"","context":"En \u00abGeo\u00bb","block_context":{"text":"Geo","link":"https:\/\/alpoma.net\/tecob\/?cat=5"},"img":{"alt_text":"palacio_real_coord","src":"https:\/\/i0.wp.com\/farm8.staticflickr.com\/7040\/6956970921_848b4c711a_o.jpg?resize=350%2C200","width":350,"height":200,"srcset":"https:\/\/i0.wp.com\/farm8.staticflickr.com\/7040\/6956970921_848b4c711a_o.jpg?resize=350%2C200 1x, https:\/\/i0.wp.com\/farm8.staticflickr.com\/7040\/6956970921_848b4c711a_o.jpg?resize=525%2C300 1.5x"},"classes":[]}],"jetpack_sharing_enabled":true,"_links":{"self":[{"href":"https:\/\/alpoma.net\/tecob\/index.php?rest_route=\/wp\/v2\/posts\/5814","targetHints":{"allow":["GET"]}}],"collection":[{"href":"https:\/\/alpoma.net\/tecob\/index.php?rest_route=\/wp\/v2\/posts"}],"about":[{"href":"https:\/\/alpoma.net\/tecob\/index.php?rest_route=\/wp\/v2\/types\/post"}],"author":[{"embeddable":true,"href":"https:\/\/alpoma.net\/tecob\/index.php?rest_route=\/wp\/v2\/users\/1"}],"replies":[{"embeddable":true,"href":"https:\/\/alpoma.net\/tecob\/index.php?rest_route=%2Fwp%2Fv2%2Fcomments&post=5814"}],"version-history":[{"count":0,"href":"https:\/\/alpoma.net\/tecob\/index.php?rest_route=\/wp\/v2\/posts\/5814\/revisions"}],"wp:featuredmedia":[{"embeddable":true,"href":"https:\/\/alpoma.net\/tecob\/index.php?rest_route=\/wp\/v2\/media\/10653"}],"wp:attachment":[{"href":"https:\/\/alpoma.net\/tecob\/index.php?rest_route=%2Fwp%2Fv2%2Fmedia&parent=5814"}],"wp:term":[{"taxonomy":"category","embeddable":true,"href":"https:\/\/alpoma.net\/tecob\/index.php?rest_route=%2Fwp%2Fv2%2Fcategories&post=5814"},{"taxonomy":"post_tag","embeddable":true,"href":"https:\/\/alpoma.net\/tecob\/index.php?rest_route=%2Fwp%2Fv2%2Ftags&post=5814"}],"curies":[{"name":"wp","href":"https:\/\/api.w.org\/{rel}","templated":true}]}}