{"id":581,"date":"2006-08-29T19:14:13","date_gmt":"2006-08-29T17:14:13","guid":{"rendered":"http:\/\/www.alpoma.net\/tecob\/?p=581"},"modified":"2006-08-29T19:14:31","modified_gmt":"2006-08-29T17:14:31","slug":"eugenesia-cuando-la-ciencia-sirve-de-excusa","status":"publish","type":"post","link":"https:\/\/alpoma.net\/tecob\/?p=581","title":{"rendered":"Eugenesia, cuando la ciencia sirve de excusa"},"content":{"rendered":"<p><a href=\"http:\/\/www.flickr.com\/photos\/alpoma\/228347746\/\" title=\"Photo Sharing\"><img loading=\"lazy\" decoding=\"async\" src=\"http:\/\/static.flickr.com\/97\/228347746_dfa7d22ea0_m.jpg\" width=\"95\" height=\"240\" alt=\"Hartsoeker\" class=\"dch\"\/><\/a>Desde antiguo, se ten\u00eda la intuici\u00f3n de que los caracteres que dan forma a un ser humano se transmit\u00edan a partir de los progenitores de alguna forma ignota, ya fuera por un mecanismo f\u00edsico desconocido o por influjo divino. Ideas al respecto plagan tratados con varios siglos a sus espaldas, aunque ninguno parece que fuera por buen camino. A este respecto, es sobresaliente la idea de la <em>preformaci\u00f3n<\/em> de <strong>Malpighi<\/strong>, en el siglo XVII, seg\u00fan la cual, el organismo ya existir\u00eda, completamente formado pero con tama\u00f1o diminuto, en uno de los gametos. Ah\u00ed se origin\u00f3 el <strong>combate entre ovistas<\/strong>, que pretend\u00edan la existencia de ese \u00abhom\u00fanculo\u00bb o ser humano preformado en el \u00f3vulo, y los<strong> animalculistas<\/strong>, que a su vez defend\u00edan la presencia del mismo en los espermatozoides. A ra\u00edz de estas err\u00f3neas ideas, muchos artistas y naturalistas dibujaron fascinantes representaciones de hom\u00fanculos en defensa de sus tesis, como la que present\u00f3 en 1695 el microscopista holand\u00e9s <strong>Hartsoeker<\/strong> en el <em>Journal des Savants<\/em>, donde puede verse a un hombrecillo completo, agazapado en la cabeza de un espermatozoide.<\/p>\n<p>Todo esto se acompa\u00f1\u00f3, tambi\u00e9n durante siglos, de las ideas acerca de la <strong>herencia de las aptitudes intelectuales o sociales de las personas<\/strong>. Era creencia com\u00fan, y todav\u00eda sigue si\u00e9ndolo en algunos ambientes, el que tanto la inteligencia como el comportamiento del individuo se heredan y que la acci\u00f3n de la educaci\u00f3n y el ambiente <strong>no pod\u00edan modificar gran cosa lo que la \u00absangre\u00bb determinaba<\/strong>. No hay m\u00e1s que, por ejemplo, leer algunos textos cl\u00e1sicos, como los de <strong>S\u00f3crates<\/strong>, quien afirmaba estar convencido de la necesidad de favorecer la procreaci\u00f3n de los m\u00e1s aptos, desalentando la de los individuos \u00abinferiores\u00bb, proponiendo adem\u00e1s que ser\u00eda necesario criar y educar a los hijos de la elite, dejando descuidados a los dem\u00e1s. <\/p>\n<p>Como la g\u00e9nesis de un nuevo ser humano era todo un misterio, si no tenemos en cuenta a quienes eran partidarios de la simple y llana acci\u00f3n divina o de una \u00abfuerza vital\u00bb incognoscible, tenemos diversos mecanismos ideados para explicarla que podr\u00edan llenar toda una enciclopedia del disparate. Desde <strong>Hip\u00f3crates<\/strong>, con la \u00abpang\u00e9nesis\u00bb, hab\u00eda quien pensaba que durante una relaci\u00f3n sexual, se entremezclaban en el cuerpo de la futura madre diversas \u00abpiezas\u00bb min\u00fasculas, procedentes de los cuerpos de los progenitores, para dar lugar a un nuevo ser humano. Vamos que, simplificando, era un puro y simple \u00ablego\u00bb, en el que un piececito min\u00fasculo, se encontraba con una piernecita y una cabecita y&#8230; vale, ya tenemos un beb\u00e9. Incluso <strong>Darwin<\/strong>, al no poder encontrar un mecanismo f\u00edsico que explicara sus observaciones, no tuvo m\u00e1s remedio que recurrir a una idea similar, la de las \u00abg\u00e9mulas\u00bb. Naturalmente, el sabio brit\u00e1nico no pod\u00eda saber de la existencia del ADN y los genes, con lo que este \u00aberror\u00bb, no empa\u00f1a lo m\u00e1s m\u00ednimo su contribuci\u00f3n a la ciencia. <\/p>\n<p>El convencimiento acerca de la herencia del \u00abcomportamiento\u00bb de los padres, lleg\u00f3 a convertirse en obsesi\u00f3n. Total, que se pensaba en lo que el padre hab\u00eda hecho, en qu\u00e9 trabajaba, en su comportamiento&#8230; \u00a1se dec\u00eda que el empleo del padre determinar\u00eda el del hijo! A fin de cuentas, si en una familia hay muchos fontaneros o muchos abogados, ser\u00eda porque la \u00absangre\u00bb les destinaba a ello. <strong>Con lo sencillo que es darse cuenta que es el ambiente el condicionante de ello<\/strong>, pero nada, se recurr\u00eda a esa llamada de la \u00absangre\u00bb para todo. Con respecto a las mujeres, se ten\u00eda especial cuidado en mantenerlas contentas durante el embarazo, porque se pensaba que si se enfadaban o estaban tristes, el futuro beb\u00e9 ser\u00eda de mayor alguien trist\u00f3n o alguien malhumorado. De ah\u00ed surgen peregrinas ideas y normas, como la aprobada en la Francia napole\u00f3nica en la que se permit\u00eda a las mujeres embarazadas robar en tiendas porque si se contrariaban sus deseos el futuro hijo podr\u00eda nacer malformado. <\/p>\n<p>A pesar de que <strong>August Weissmann<\/strong> demostr\u00f3 que todo esto es una estupidez, cortando la cola a varios ratones y viendo que sus nuevas cr\u00edas nac\u00edan con cola a pesar del trauma paterno, los partidarios de la herencia de caracteres sociales o de comportamiento no desaparecieron. Mediado el siglo XIX, el monje checo <strong>Gregor Mendel<\/strong> realiz\u00f3 sus famosos experimentos con guisantes, con los que naci\u00f3 la gen\u00e9tica moderna. Demostr\u00f3 la transmisi\u00f3n de caracteres f\u00edsicos y descubri\u00f3 las nociones de recesividad y dominancia. Nadie le hizo caso, su trabajo no ser\u00eda reconocido hasta que el siglo XX estaba naciendo. Claro, una cosa es que Mendel demostrara la transmisi\u00f3n de colores y rugosidades en guisantes y otra muy distinta es demostrar que la inteligencia, la afabilidad o el sentido pol\u00edtico se transmitan de igual forma. <strong>Ni que decir tiene que jam\u00e1s se ha demostrado algo as\u00ed, la gen\u00e9tica, como ciencia madura y avanzada actualmente, ha desentra\u00f1ado gran parte de los mecanismos que permiten determinar c\u00f3mo funcionan nuestras c\u00e9lulas y c\u00f3mo se transmite le herencia. \u00a1Pero nunca ha logrado determinar que los genes puedan transmitir comportamientos determinados! <\/strong><\/p>\n<p>Pese a que no hay ni una sola prueba y, sobre todo, se tiene constancia de que es el ambiente, la cultura, la posici\u00f3n econ\u00f3mica y la educaci\u00f3n lo que determina la evoluci\u00f3n social de un individuo, todav\u00eda hay quien intenta hacer creer que tanto la inteligencia como ciertos aspectos del comportamiento complejo, son determinados mayoritariamente por los genes. Son los <strong>t\u00edpicos recursos del racismo<\/strong> que, lejos de acudir a ideas ambientales para excusar su ideolog\u00eda, recurren mayoritariamente a la \u00absangre inferior\u00bb. No se crea nadie que esto es algo del pasado. Las pol\u00e9micas surgida hace una d\u00e9cada con la publicaci\u00f3n del libro <em><strong><a href=\"http:\/\/en.wikipedia.org\/wiki\/The_Bell_Curve\">The Bell Curve<\/a><\/strong><\/em>, por Herrnstein y Murray, en las que se invocan supuestos mecanismos gen\u00e9ticos, pasando de puntillas sobre los ambientales o socioecon\u00f3micos, para explicar una, tambi\u00e9n supuesta, inferioridad en la inteligencia de la poblaci\u00f3n negra de los Estados Unidos frente a los blancos, nos demuestran que, incluso sin pruebas cient\u00edficas, se recurre a la \u00abciencia\u00bb para \u00abdemostrar\u00bb lo que uno desee.<\/p>\n<p>Desvar\u00edos de este tipo llevaron en la primera mitad del siglo XX a<strong> la gran desgracia de la eugenesia<\/strong>, con el resultado de miles de personas esterilizadas y millones de asesinados, todo por la \u00abnoble\u00bb idea en la \u00abmejora\u00bb de la especie humana. La cuesti\u00f3n hunde sus or\u00edgenes en pleno siglo XIX. \u00bfNo se hab\u00eda logrado mejorar el ganado por medio de la selecci\u00f3n y reproducci\u00f3n de los ejemplares m\u00e1s productivos? \u00bfNo hab\u00edan mejorado las cosechas tras grandes esfuerzos en la selecci\u00f3n de las plantas de mejor calidad? Vale, pues importando esas t\u00e9cnicas a la humanidad, se podr\u00eda lograr una sociedad arm\u00f3nica, trabajadora y estable. Tal majader\u00eda tuvo como uno de sus padres fundadores a <strong><a href=\"http:\/\/galton.org\/\">Sir Francis Galton<\/a><\/strong>, polifac\u00e9tico primo de Charles Darwin a quien se recuerda con honores por ser uno de los fundadores de la estad\u00edstica moderna o por haber ideado alguna de las ramas de la criminolog\u00eda, pero tambi\u00e9n como <strong><a href=\"http:\/\/galton.org\/eugenicist.html\">impulsor de la eugenesia<\/a>. <\/strong>( Del franc\u00e9s <em>eug\u00e9n\u00e9sie<\/em>, a partir del griego <em>eu<\/em>-, bien, y &#8211;<em>g\u00e9n\u00e9sie<\/em>, -g\u00e9nesis, algo as\u00ed como \u00abbien nacido\u00bb).<\/p>\n<p>La obra de Galton, <em><a href=\"http:\/\/galton.org\/essays\/1860-1869\/galton-1865-macmillan-hereditary-talent.html\"><strong>Hereditary Talent and Character<\/strong><\/a><\/em>, sirvi\u00f3 durante d\u00e9cadas como excusa a todo tipo de tropel\u00edas eugen\u00e9sicas. La idea original de Galton, de puro sencilla, ten\u00eda que ser \u00abcierta\u00bb. As\u00ed maquinaron las mentes de la bien pensante clase alta brit\u00e1nica, a la que Galton pertenec\u00eda, a saber, si las caracter\u00edsticas conductuales y mentales son transmisibles, al seleccionar a los progenitores se podr\u00e1 mejorar la especie. La eugenesia, como teor\u00eda social predominante en muchos \u00e1mbitos entre el siglo XIX y XX, impregn\u00f3 gran parte del pensamiento occidental. <strong>Se plante\u00f3 una selecci\u00f3n de las personas m\u00e1s sobresalientes para que procrearan entre ellas y as\u00ed lograr una sociedad m\u00e1s justa y libre de \u00abenfermedades\u00bb sociales<\/strong>. Por otra parte, se ide\u00f3 un sistema \u00abactivo\u00bb, por el que los vagos, pobres, locos, violadores, asesinos, ladrones, mujeres de \u00abmala\u00bb vida, d\u00e9biles mentales, enfermos cr\u00f3nicos, como epil\u00e9pticos, deficientes f\u00edsicos y mentales&#8230; simplemente desaparecieran, impidiendo que se reprodujeran, por medio de <strong>esterilizaci\u00f3n<\/strong> o, en los casos m\u00e1s extremos, utilizando el asesinato \u00absocial\u00bb en masa.<\/p>\n<p>Toda esta terrible locura se bas\u00f3 en la \u00abciencia\u00bb, esto es, en las ideas de una serie de exaltados que ni ten\u00edan base alguna ni la intentaron buscar. Ciertamente, las tesis eugen\u00e9sicas se basaban en curiosos estudios que, de cient\u00edfico, no ten\u00edan nada. El deseo era perpetuar y mejorar a las clases acomodadas, eliminando de paso a la \u00abcr\u00e1pula\u00bb social que les rodeaba, as\u00ed que argumentos tampoco es que necesitaran muchos. <strong>\u00bfD\u00f3nde sucedi\u00f3 todo esto?<\/strong> Naturalmente, lo que a la gente le viene a la mente son los nazis, pero cuidado, no deformemos la historia, la eugenesia practicante tuvo gran extensi\u00f3n y \u00e9xito en Estados Unidos, Gran Breta\u00f1a, Suiza, Suecia&#8230; En realidad, pr\u00e1cticamente todo occidente se apunt\u00f3 a esta locura. Ya en 1907 se cre\u00f3 en Londres la <em><strong><a href=\"http:\/\/www.eugenics-watch.com\/briteugen\/\">Eugenics Education Society<\/a><\/strong><\/em>, llegando a ser socio de honor de la misma Sir Winston Churchill. Ese mismo a\u00f1o se promulgaron en los Estados Unidos diversas leyes, que fueron seguidas por otras en el mismo pa\u00eds y en muchos lugares de Europa, en las que <strong>se planteaba la esterilizaci\u00f3n activa<\/strong> para ciertos grupos sociales, as\u00ed como la limitaci\u00f3n de la inmigraci\u00f3n de personas procedentes de algunos lugares \u00abperniciosos\u00bb o que presentaran caracteres \u00abdegradados\u00bb. <\/p>\n<p>Buen ejemplo tomaron los nazis. En <strong><em>Mein Kampf<\/em><\/strong>, Adolf Hitler agradece a los eugenistas norteamericanos el haberle dado grandes ideas. Todos sabemos c\u00f3mo terminaron aquellas \u00abgenialidades\u00bb del loco de Adolf. En Alemania se introdujo la <strong>higiene de la raza<\/strong>, encaminada a mejorar la raza aria y eliminar cualquier \u00abpeligro\u00bb para la misma, esto es, se crearon, a trav\u00e9s de su pol\u00edtica de <em><strong><a href=\"http:\/\/hss.ulb.uni-bonn.de\/diss_online\/phil_fak\/2002\/rickmann_anahid_sandra\/index.htm\">rassenhygiene<\/a><\/strong><\/em>, centros especiales en los que muchos miembros de las SS poco menos que sirvieron de sementales y madres de alquiler para engendrar hijos que eran educados en comunidad. Tambi\u00e9n se alent\u00f3 el crecimiento de las \u00abbuenas\u00bb familias alemanas, mientras en asilos y centros de internamiento para deficientes mentales se ide\u00f3 la c\u00e1mara de gas como soluci\u00f3n \u00abhigi\u00e9nica\u00bb. Los gitanos, homosexuales, comunistas&#8230; llegaron m\u00e1s tarde y, por supuesto, <strong>los jud\u00edos<\/strong>, chivo expiatorio \u00fatil para todo tipo de delirios, como tambi\u00e9n pudieron comprobar en la Rusia de Stalin. La \u00absoluci\u00f3n final\u00bb puso en marcha los hornos crematorios y sobre Europa Central llovieron negras cenizas originadas en esas m\u00e1quinas de exterminio creadas en nombre de la \u00abpureza cient\u00edfica\u00bb de la raza basada en el simple fanatismo.<\/p>\n<p>Al mismo tiempo, en Suecia y otros pa\u00edses de Europa, <strong>se esteriliz\u00f3 sistem\u00e1ticamente a grandes grupos de poblaci\u00f3n<\/strong>, para \u00abimpedir\u00bb que extendieran su \u00abp\u00e9sima\u00bb semilla social. As\u00ed, se esteriliz\u00f3 a personas con epilepsia, deficientes mentales, gentes con escasos recursos econ\u00f3micos, a los que se acusaba de su pobreza porque se les consideraba \u00abvagos\u00bb y por ello no deb\u00edan procrear&#8230; el cat\u00e1logo de atrocidades es demasiado largo, como tambi\u00e9n es largo el olvido voluntario sobre esta oscura etapa de nuestra historia. Curiosamente, no puede decirse que la eugenesia fuera un gran \u00e9xito en Espa\u00f1a. Como dato interesante, decir que el <strong>Primer Curso Eugen\u00e9sico Espa\u00f1ol<\/strong>, celebrado en 1928, se suspendi\u00f3 a ra\u00edz de un mandato de Primo de Rivera, al ser calificado como inmoral y contrario a la instituci\u00f3n familiar<sup>1<\/sup>. <\/p>\n<p>La pol\u00edtica, en cuanto al desastre eugen\u00e9sico, era ecu\u00e1nime. Me refiero con esto a que, aunque ha quedado impresa en la memoria la relaci\u00f3n entre extrema derecha y eugenesia, sobre todo refiri\u00e9ndose a Alemania, la imbecilidad de estas ideas impregn\u00f3 pr\u00e1cticamente todo el espectro pol\u00edtico. A saber, se practic\u00f3 por parte de los dirigentes de la Uni\u00f3n Sovi\u00e9tica, pero tambi\u00e9n por gobiernos \u00abmoderados\u00bb y democr\u00e1ticos en Suecia o Suiza. En <strong><a href=\"http:\/\/www.eugenicsarchive.org\/eugenics\/\">Estados Unidos <\/a><\/strong>fue ampliamente abrazada por la izquierda. Esto nos demuestra que la irracionalidad habitaba en pr\u00e1cticamente toda clase o tendencia pol\u00edtica. As\u00ed pues, bas\u00e1ndose en unas presuntas \u00abpruebas\u00bb cient\u00edficas que jam\u00e1s se presentaron, se dictaron leyes tan denigrantes como la <strong><a href=\"http:\/\/en.wikipedia.org\/wiki\/Immigration_Act_of_1924\">Ley de Inmigraci\u00f3n Johnson-Reed<\/a><\/strong>, en los Estados Unidos, una ley que llev\u00f3 a los campos de concentraci\u00f3n alemanes a cientos de jud\u00edos porque les impidi\u00f3 conseguir papeles para emigrar al Nuevo Mundo al considerarlos \u00abimpuros\u00bb o \u00abcontaminantes\u00bb. Esta ley racista, a la que hab\u00eda precedido la <strong><a href=\"http:\/\/en.wikipedia.org\/wiki\/Harry_H._Laughlin\">Ley Laughlin<\/a> <\/strong>de esterilizaci\u00f3n, modelo que fue copiado por los nazis en Alemania, era tan est\u00fapida, que obligaba a clasificar a los inmigrantes seg\u00fan una clasificaci\u00f3n \u00abracional\u00bb de pureza. A modo de ejemplo, el impulsor de alguna de esas leyes, el propio Harry Laughlin, quien curiosamente sufri\u00f3 epilepsia en su madurez y vivi\u00f3 unos a\u00f1os finales pat\u00e9ticos, hab\u00eda defendido la esterilizaci\u00f3n de los epil\u00e9pticos. <\/p>\n<p>Como \u00abcient\u00edfico\u00bb, Laughlin, que <strong><a href=\"http:\/\/www.people.fas.harvard.edu\/~wellerst\/laughlin\/\">ten\u00eda en sus manos el destino de miles de inmigrantes<\/a><\/strong>, decidi\u00f3 crear una tabla describiendo a los que, seg\u00fan sus ideas, eran d\u00e9biles gen\u00e9ticamente y, por tanto, ser\u00eda necesario deportar o esterilizar para que no \u00abcontaminaran\u00bb a la poblaci\u00f3n americana. Nunca ofreci\u00f3 pruebas de sus razonamientos, simplemente calculaba coeficientes como le daba la gana. Sin embargo, para muchos, sus tablas eran materia de fe. Por ejemplo, su clasificaci\u00f3n de la \u00abinsuficiencia social\u00bb, en la que Laughlin mezclaba todo tipo de males, desde la tuberculosis, que por supuesto era tambi\u00e9n \u00abplaga social\u00bb, o la debilidad mental, presenta un listado de ciudadanos, por pa\u00edses, que eran considerados aptos o no, para vivir en Estados Unidos. La lista titulada: <strong>\u00abInsuficiencia social relativa de los diversos grupos nativos y razas inmigrantes de los Estados Unidos\u00bb<\/strong>, pretende agrupar los diversos tipos de \u00abinsuficiencia social\u00bb entre los que cita la debilidad mental, la locura, el crimen, la epilepsia, la tuberculosis, la ceguera, la sordera, la deformidad y la dependencia. Se supone que el estudio se bas\u00f3 en un an\u00e1lisis de la poblaci\u00f3n de casi quinientas instituciones de vigilancia estatales y federales de los Estados Unidos. En realidad, se sabe que, como en el caso de los jud\u00edos, sus propias f\u00f3rmulas no le cuadraban, manipul\u00f3 los datos como le vino en gana. As\u00ed, los suizos, japoneses, blancos americanos, austro-h\u00fangaros o canadienses, brit\u00e1nicos y alemanes, daban puntuaciones inferiores o cercanos a \u00ab100\u00bb, el valor medio de referencia. Ser\u00edan los \u00abm\u00e1s aptos socialmente\u00bb. Cierran la lista los espa\u00f1oles y los serbios, que se sal\u00edan de la escala, siguiendo a otros grupos \u00abpeligrosos\u00bb, como irlandeses o turcos. En definitiva, pura estupidez ideada por alguien que cre\u00eda ver \u00abmalas semillas\u00bb en cualquiera que no le agradara. L\u00e1stima que esa imbecilidad eugen\u00e9sica costara tanto sufrimiento y tantas vidas, adem\u00e1s de lastrar la verdadera investigaci\u00f3n gen\u00e9tica durante d\u00e9cadas<sup>2<\/sup>. <\/p>\n<p>__________<br \/>\n<sup>1<\/sup> Ver <strong>Gen\u00e9tica General.<\/strong> J. Blanco y M. Bull\u00f3n, pg.16. Editorial Marb\u00e1n, Madrid. 1994.<br \/>\n<sup>2<\/sup> Para ver una copia y traducci\u00f3n de esta demencial clasificaci\u00f3n, v\u00e9ase el libro de James D. Watson y Andrew Berry, <strong>ADN El Secreto de la Vida<\/strong>, editado en 2003 por Taurus. Madrid.<\/p>\n","protected":false},"excerpt":{"rendered":"<div class=\"mh-excerpt\"><p>Desde antiguo, se ten\u00eda la intuici\u00f3n de que los caracteres que dan forma a un ser humano se transmit\u00edan a partir de los progenitores de alguna forma ignota, ya fuera <a class=\"mh-excerpt-more\" href=\"https:\/\/alpoma.net\/tecob\/?p=581\" title=\"Eugenesia, cuando la ciencia sirve de excusa\">[&#8230;]<\/a><\/p>\n<\/div>","protected":false},"author":1,"featured_media":0,"comment_status":"open","ping_status":"open","sticky":false,"template":"","format":"standard","meta":{"jetpack_post_was_ever_published":false,"_jetpack_newsletter_access":"","_jetpack_dont_email_post_to_subs":false,"_jetpack_newsletter_tier_id":0,"_jetpack_memberships_contains_paywalled_content":false,"_jetpack_memberships_contains_paid_content":false,"footnotes":""},"categories":[3],"tags":[],"class_list":["post-581","post","type-post","status-publish","format-standard","hentry","category-obsolescencia"],"jetpack_featured_media_url":"","jetpack_shortlink":"https:\/\/wp.me\/p93Dc1-9n","jetpack-related-posts":[{"id":963,"url":"https:\/\/alpoma.net\/tecob\/?p=963","url_meta":{"origin":581,"position":0},"title":"El ingenuo","author":"alpoma","date":"19 agosto 2008","format":false,"excerpt":"Hoy cumplo 33 a\u00f1os, con lo que, adem\u00e1s de no gustarme nada este tipo de celebraciones, uno mira al pasado para ver si camina hacia delante o marcha como el cangrejo. En mi caso, me parece que no he evolucionado nada en m\u00e1s de una d\u00e9cada, vamos que sigo haciendo\u2026","rel":"","context":"En \u00abInnovaci\u00f3n\u00bb","block_context":{"text":"Innovaci\u00f3n","link":"https:\/\/alpoma.net\/tecob\/?cat=4"},"img":{"alt_text":"","src":"https:\/\/i0.wp.com\/alpoma.net\/tecob\/wp-content\/uploads\/2008\/08\/2777574787_b28ec35c54_o.png?resize=350%2C200&ssl=1","width":350,"height":200},"classes":[]},{"id":1085,"url":"https:\/\/alpoma.net\/tecob\/?p=1085","url_meta":{"origin":581,"position":1},"title":"Ciudad platillo","author":"alpoma","date":"24 febrero 2009","format":false,"excerpt":"Con este peque\u00f1o art\u00edculo se inaugura hoy TecOb A\u00f1o V. S\u00ed, ya ha pasado mucho tiempo desde que el 24 de febrero de 2005 naciera este blog y, aunque cada vez hay menos rato para escribir, espero que todav\u00eda viva mucho. La expresi\u00f3n platillo volante, pr\u00e1cticamente ca\u00edda en el olvido\u2026","rel":"","context":"En \u00abObsolescencia\u00bb","block_context":{"text":"Obsolescencia","link":"https:\/\/alpoma.net\/tecob\/?cat=3"},"img":{"alt_text":"","src":"https:\/\/i0.wp.com\/alpoma.net\/tecob\/wp-content\/uploads\/2009\/02\/3306428401_222478e6da_o.jpg?resize=350%2C200&ssl=1","width":350,"height":200,"srcset":"https:\/\/i0.wp.com\/alpoma.net\/tecob\/wp-content\/uploads\/2009\/02\/3306428401_222478e6da_o.jpg?resize=350%2C200&ssl=1 1x, https:\/\/i0.wp.com\/alpoma.net\/tecob\/wp-content\/uploads\/2009\/02\/3306428401_222478e6da_o.jpg?resize=525%2C300&ssl=1 1.5x"},"classes":[]},{"id":603,"url":"https:\/\/alpoma.net\/tecob\/?p=603","url_meta":{"origin":581,"position":2},"title":"Ideas a la luz de la luna","author":"alpoma","date":"27 septiembre 2006","format":false,"excerpt":"Es curiosa la forma en que surgen algunas ideas geniales, aparentemente en ambientes poco propicios para la creatividad. En estos \u00faltimos a\u00f1os, en que tanto se habla del Proyecto Genoma y derivados, ha cobrado gran relevancia en muchos laboratorios una nueva tecnolog\u00eda que naci\u00f3 de forma inesperada, se trata de\u2026","rel":"","context":"En \u00abInnovaci\u00f3n\u00bb","block_context":{"text":"Innovaci\u00f3n","link":"https:\/\/alpoma.net\/tecob\/?cat=4"},"img":{"alt_text":"kary-mullis","src":"https:\/\/i0.wp.com\/static.flickr.com\/85\/254227555_5d76e37637_m.jpg?resize=350%2C200","width":350,"height":200},"classes":[]},{"id":243,"url":"https:\/\/alpoma.net\/tecob\/?p=243","url_meta":{"origin":581,"position":3},"title":"Trasplante de cerebro","author":"alpoma","date":"20 noviembre 2005","format":false,"excerpt":"Para llegar a ser inmortales y no volver a pensar nunca m\u00e1s en lo que supone disponer de un tiempo finito en este mundo, los m\u00e1s osados pretenden disponer de colecciones completas de cuerpos clonados de s\u00ed mismos, a los que se trasplantar\u00eda su cerebro cuando el cuerpo \u201cen uso\u201d\u2026","rel":"","context":"En \u00abObsolescencia\u00bb","block_context":{"text":"Obsolescencia","link":"https:\/\/alpoma.net\/tecob\/?cat=3"},"img":{"alt_text":"","src":"https:\/\/i0.wp.com\/alpoma.net\/tecob\/wp-content\/uploads\/2005\/11\/tvb4tq34.png?resize=350%2C200&ssl=1","width":350,"height":200},"classes":[]},{"id":589,"url":"https:\/\/alpoma.net\/tecob\/?p=589","url_meta":{"origin":581,"position":4},"title":"Del Homo diluvii testis y un mont\u00f3n de piedras","author":"alpoma","date":"10 septiembre 2006","format":false,"excerpt":"Cuenta el paleobi\u00f3logo J.W. Schopf en su libro La cuna de la vida, algunas historias interesantes acerca de lo que sucede cuando uno ve aquello que desea ver, cuando se antepone la creeencia a la ciencia, a la objetividad. Precisamente, esas historias citadas por el buscador de la vida primigenia,\u2026","rel":"","context":"En \u00abGeo\u00bb","block_context":{"text":"Geo","link":"https:\/\/alpoma.net\/tecob\/?cat=5"},"img":{"alt_text":"homo_diluvii_testis","src":"https:\/\/i0.wp.com\/static.flickr.com\/83\/239440682_886d6b9efe_o.jpg?resize=350%2C200","width":350,"height":200},"classes":[]},{"id":1976,"url":"https:\/\/alpoma.net\/tecob\/?p=1976","url_meta":{"origin":581,"position":5},"title":"Jos\u00e9 Echegaray, el Nobel ignorado","author":"alpoma","date":"11 enero 2010","format":false,"excerpt":"Extractos del art\u00edculo que publiqu\u00e9 en Historia de Iberia Vieja, n\u00famero de diciembre de 2009. Estaba ya en el declinar de su vida, cuando se apetece el reposo y el recuerdo tiene m\u00e1s valor que la esperanza, cuando las Academias acogedoras prolongan artificialmente la vida cient\u00edfica de los sabios agotados\u2026","rel":"","context":"En \u00abMade in Spain\u00bb","block_context":{"text":"Made in Spain","link":"https:\/\/alpoma.net\/tecob\/?cat=10"},"img":{"alt_text":"","src":"","width":0,"height":0},"classes":[]}],"jetpack_sharing_enabled":true,"_links":{"self":[{"href":"https:\/\/alpoma.net\/tecob\/index.php?rest_route=\/wp\/v2\/posts\/581","targetHints":{"allow":["GET"]}}],"collection":[{"href":"https:\/\/alpoma.net\/tecob\/index.php?rest_route=\/wp\/v2\/posts"}],"about":[{"href":"https:\/\/alpoma.net\/tecob\/index.php?rest_route=\/wp\/v2\/types\/post"}],"author":[{"embeddable":true,"href":"https:\/\/alpoma.net\/tecob\/index.php?rest_route=\/wp\/v2\/users\/1"}],"replies":[{"embeddable":true,"href":"https:\/\/alpoma.net\/tecob\/index.php?rest_route=%2Fwp%2Fv2%2Fcomments&post=581"}],"version-history":[{"count":0,"href":"https:\/\/alpoma.net\/tecob\/index.php?rest_route=\/wp\/v2\/posts\/581\/revisions"}],"wp:attachment":[{"href":"https:\/\/alpoma.net\/tecob\/index.php?rest_route=%2Fwp%2Fv2%2Fmedia&parent=581"}],"wp:term":[{"taxonomy":"category","embeddable":true,"href":"https:\/\/alpoma.net\/tecob\/index.php?rest_route=%2Fwp%2Fv2%2Fcategories&post=581"},{"taxonomy":"post_tag","embeddable":true,"href":"https:\/\/alpoma.net\/tecob\/index.php?rest_route=%2Fwp%2Fv2%2Ftags&post=581"}],"curies":[{"name":"wp","href":"https:\/\/api.w.org\/{rel}","templated":true}]}}