{"id":5692,"date":"2011-11-23T22:45:55","date_gmt":"2011-11-23T20:45:55","guid":{"rendered":"http:\/\/www.alpoma.net\/tecob\/?p=5692"},"modified":"2011-11-23T22:45:55","modified_gmt":"2011-11-23T20:45:55","slug":"el-mar-de-plastico","status":"publish","type":"post","link":"https:\/\/alpoma.net\/tecob\/?p=5692","title":{"rendered":"El Mar de pl\u00e1stico"},"content":{"rendered":"<p>La animaci\u00f3n que acompa\u00f1a a esta peque\u00f1a nota es un GIF animado (pesa un poco, asi que puede tardar un poco en cargar) en el que se comparan dos im\u00e1genes tomadas por sat\u00e9lites <strong>Landsat <\/strong>en dos \u00e9pocas muy diferentes. La primera data de 1984, la \u00faltima es de octubre de este mismo a\u00f1o, 2011.<\/p>\n<p><a href=\"http:\/\/www.flickr.com\/photos\/alpoma\/6391016711\/\" title=\"mar-del-plastico-dates-October-1984-2011-v1 by alpoma, on Flickr\"><img decoding=\"async\" src=\"http:\/\/farm7.staticflickr.com\/6095\/6391016711_88d90f5a17_o.gif\" width=\"620\" alt=\"mar-del-plastico-dates-October-1984-2011-v1\" class=\"otros\"\/><\/a><br \/>\nVer <strong><a href=\"http:\/\/www.esa.int\/images\/mar-del-plastico-dates-October-1984-2011-v1.gif\">imagen completa<\/a><\/strong> (GIF HD, 4MB).<\/p>\n<p>Se trata de comprobar desde las alturas c\u00f3mo en <strong>menos de tres d\u00e9cadas <\/strong>lo que era un rinc\u00f3n \u00e1rido del sur de Almer\u00eda, en torno a <strong>El Ejido<\/strong>, se ha convertido en un paisaje continuo y blanquecino formado por cientos de explotaciones agr\u00edcolas basadas en el cultivo de invernadero, de ah\u00ed el nombre de <strong><a href=\"http:\/\/forestman.espacioblog.com\/post\/2007\/05\/06\/el-mar-plasticos-almeria\">Mar de pl\u00e1stico<\/a><\/strong>. Ya en el 84 exist\u00edan gran cantidad de invernaderos, pues la <strong>agricultura intensiva de riego por goteo bajo pl\u00e1stico<\/strong> comenz\u00f3 aqu\u00ed a extenderse ya en los a\u00f1os cincuenta, pero con el paso de las \u00faltimas d\u00e9cadas puede decirse que este territorio, conocido como <strong>Campo de Dal\u00edas<\/strong>, se ha saturado por completo de este tipo de explotaciones, siendo hoy d\u00eda el paisaje de este tipo m\u00e1s importante del planeta.<\/p>\n<p><iframe loading=\"lazy\" width=\"620\" height=\"350\" frameborder=\"0\" scrolling=\"no\" marginheight=\"0\" marginwidth=\"0\" src=\"http:\/\/maps.google.es\/?ie=UTF8&amp;t=h&amp;vpsrc=0&amp;ll=36.758141,-2.752075&amp;spn=0.192542,0.42572&amp;z=11&amp;output=embed\"><\/iframe><br \/><small><a href=\"http:\/\/maps.google.es\/?ie=UTF8&amp;t=h&amp;vpsrc=0&amp;ll=36.758141,-2.752075&amp;spn=0.192542,0.42572&amp;z=11&amp;source=embed\" style=\"color:#0000FF;text-align:left\">Ver mapa m\u00e1s grande<\/a><\/small><\/p>\n<p>| <strong>V\u00eda<\/strong>: <a href=\"http:\/\/www.tiempo.com\/ram\/17938\/el-mar-de-plastico-de-almeria-comparativa-1984-2011\/\">Revista del Aficionado a la Meteorolog\u00eda<\/a> &#8211;> <a href=\"http:\/\/www.esa.int\/esaEO\/SEMD65ZW5VG_index_1.html\">USGS\/ESA &#8211; Observing the Earth<\/a> |<\/p>\n","protected":false},"excerpt":{"rendered":"<div class=\"mh-excerpt\"><p>La animaci\u00f3n que acompa\u00f1a a esta peque\u00f1a nota es un GIF animado (pesa un poco, asi que puede tardar un poco en cargar) en el que se comparan dos im\u00e1genes <a class=\"mh-excerpt-more\" href=\"https:\/\/alpoma.net\/tecob\/?p=5692\" title=\"El Mar de pl\u00e1stico\">[&#8230;]<\/a><\/p>\n<\/div>","protected":false},"author":1,"featured_media":10419,"comment_status":"open","ping_status":"open","sticky":false,"template":"","format":"standard","meta":{"jetpack_post_was_ever_published":false,"_jetpack_newsletter_access":"","_jetpack_dont_email_post_to_subs":false,"_jetpack_newsletter_tier_id":0,"_jetpack_memberships_contains_paywalled_content":false,"_jetpack_memberships_contains_paid_content":false,"footnotes":""},"categories":[5],"tags":[],"class_list":["post-5692","post","type-post","status-publish","format-standard","has-post-thumbnail","hentry","category-geo"],"jetpack_featured_media_url":"https:\/\/alpoma.net\/tecob\/wp-content\/uploads\/2011\/11\/6391016711_88d90f5a17_o.gif","jetpack_shortlink":"https:\/\/wp.me\/p93Dc1-1tO","jetpack-related-posts":[{"id":15343,"url":"https:\/\/alpoma.net\/tecob\/?p=15343","url_meta":{"origin":5692,"position":0},"title":"La vuelta al mundo en un tonel (1909)","author":"alpoma","date":"5 octubre 2024","format":false,"excerpt":"Hay quien lo llamaba barrica1, pero prefiero el t\u00e9rmino tonel. Poco importa el detalle, el caso es que dos tipos de lo m\u00e1s osado decidieron dar la vuelta al mundo con un tonel en 1909 (comenzaron el viaje en la veneciana Plaza de San Marcos). En la edici\u00f3n del 11\u2026","rel":"","context":"En \u00abObsolescencia\u00bb","block_context":{"text":"Obsolescencia","link":"https:\/\/alpoma.net\/tecob\/?cat=3"},"img":{"alt_text":"","src":"https:\/\/i0.wp.com\/alpoma.net\/tecob\/wp-content\/uploads\/2024\/10\/tonel-1912.png?resize=350%2C200&ssl=1","width":350,"height":200,"srcset":"https:\/\/i0.wp.com\/alpoma.net\/tecob\/wp-content\/uploads\/2024\/10\/tonel-1912.png?resize=350%2C200&ssl=1 1x, https:\/\/i0.wp.com\/alpoma.net\/tecob\/wp-content\/uploads\/2024\/10\/tonel-1912.png?resize=525%2C300&ssl=1 1.5x, https:\/\/i0.wp.com\/alpoma.net\/tecob\/wp-content\/uploads\/2024\/10\/tonel-1912.png?resize=700%2C400&ssl=1 2x"},"classes":[]},{"id":1075,"url":"https:\/\/alpoma.net\/tecob\/?p=1075","url_meta":{"origin":5692,"position":1},"title":"La descendencia de Einstein","author":"alpoma","date":"6 febrero 2009","format":false,"excerpt":"Desconozco el motivo, pero cada poco tiempo me env\u00edan correos electr\u00f3nicos solicitando informaci\u00f3n sobre la vida de Einstein. No se interesan por sus teor\u00edas o su labor cient\u00edfica, lo que realmente quieren es algo as\u00ed como un relato de su vida familiar, sus hijos y parientes, sus actividades diarias. No\u2026","rel":"","context":"En \u00abObsolescencia\u00bb","block_context":{"text":"Obsolescencia","link":"https:\/\/alpoma.net\/tecob\/?cat=3"},"img":{"alt_text":"","src":"","width":0,"height":0},"classes":[]},{"id":2880,"url":"https:\/\/alpoma.net\/tecob\/?p=2880","url_meta":{"origin":5692,"position":2},"title":"Dos libros para el verano","author":"alpoma","date":"6 junio 2010","format":false,"excerpt":"Lo que sigue no es m\u00e1s que una sencilla nota personal en forma de recomendaci\u00f3n o, m\u00e1s bien, sugerencia. Cuando se acerca el verano, suelo escribir sobre libros en TecOb. Por lo general se trata de realizar un leve repaso a los libros interesantes con que me haya cruzado a\u2026","rel":"","context":"En \u00abPersonal\u00bb","block_context":{"text":"Personal","link":"https:\/\/alpoma.net\/tecob\/?cat=2"},"img":{"alt_text":"","src":"https:\/\/i0.wp.com\/alpoma.net\/tecob\/wp-content\/uploads\/2010\/06\/4675221572_d5a755a06f_o.jpg?resize=350%2C200&ssl=1","width":350,"height":200,"srcset":"https:\/\/i0.wp.com\/alpoma.net\/tecob\/wp-content\/uploads\/2010\/06\/4675221572_d5a755a06f_o.jpg?resize=350%2C200&ssl=1 1x, https:\/\/i0.wp.com\/alpoma.net\/tecob\/wp-content\/uploads\/2010\/06\/4675221572_d5a755a06f_o.jpg?resize=525%2C300&ssl=1 1.5x"},"classes":[]},{"id":3530,"url":"https:\/\/alpoma.net\/tecob\/?p=3530","url_meta":{"origin":5692,"position":3},"title":"El gran puente de la Luna","author":"alpoma","date":"19 septiembre 2010","format":false,"excerpt":"Recientemente una de las im\u00e1genes tomadas por la sonda Lunar Reconnaissance Orbiter de la superficie de nuestro sat\u00e9lite nos mostraba algo nunca visto hasta ahora, un peque\u00f1o puente de roca. Realmente no tiene nada de misterioso, pues parece que el puente es fruto del hundimiento de parte de una cavidad\u2026","rel":"","context":"En \u00abObsolescencia\u00bb","block_context":{"text":"Obsolescencia","link":"https:\/\/alpoma.net\/tecob\/?cat=3"},"img":{"alt_text":"","src":"https:\/\/i0.wp.com\/alpoma.net\/tecob\/wp-content\/uploads\/2010\/09\/5002012555_b52cd1135c_o.jpg?resize=350%2C200&ssl=1","width":350,"height":200,"srcset":"https:\/\/i0.wp.com\/alpoma.net\/tecob\/wp-content\/uploads\/2010\/09\/5002012555_b52cd1135c_o.jpg?resize=350%2C200&ssl=1 1x, https:\/\/i0.wp.com\/alpoma.net\/tecob\/wp-content\/uploads\/2010\/09\/5002012555_b52cd1135c_o.jpg?resize=525%2C300&ssl=1 1.5x"},"classes":[]},{"id":5208,"url":"https:\/\/alpoma.net\/tecob\/?p=5208","url_meta":{"origin":5692,"position":4},"title":"El molesto ruido del Big Bang","author":"alpoma","date":"15 agosto 2011","format":false,"excerpt":"Las hojas del calendario pertenenciente al a\u00f1o 1964 iban cayendo poco a poco. Cinco a\u00f1os antes se hab\u00eda levantado en los laboratorios de la Bell Telephone de Holmdel, Nueva Jersey, una extra\u00f1a antena articulada de aluminio con forma de cuerno de unos seis metros de apertura en su boca. Originalmente\u2026","rel":"","context":"En \u00abObsolescencia\u00bb","block_context":{"text":"Obsolescencia","link":"https:\/\/alpoma.net\/tecob\/?cat=3"},"img":{"alt_text":"","src":"https:\/\/i0.wp.com\/alpoma.net\/tecob\/wp-content\/uploads\/2011\/08\/6047359816_fbaaf87611_o.jpg?resize=350%2C200&ssl=1","width":350,"height":200,"srcset":"https:\/\/i0.wp.com\/alpoma.net\/tecob\/wp-content\/uploads\/2011\/08\/6047359816_fbaaf87611_o.jpg?resize=350%2C200&ssl=1 1x, https:\/\/i0.wp.com\/alpoma.net\/tecob\/wp-content\/uploads\/2011\/08\/6047359816_fbaaf87611_o.jpg?resize=525%2C300&ssl=1 1.5x"},"classes":[]},{"id":472,"url":"https:\/\/alpoma.net\/tecob\/?p=472","url_meta":{"origin":5692,"position":5},"title":"Fata Morgana","author":"alpoma","date":"18 mayo 2006","format":false,"excerpt":"Retomando poco a poco la actividad, no quer\u00eda olvidarme de algo que ten\u00eda apuntado... Hace unos d\u00edas se difundi\u00f3 una curiosa noticia acerca de un gigantesco espejismo, con aspecto de \"ciudad flotante\", visto en China. Con todas las prevenciones, porque estas cosas siempre hay que tomarlas con cuidado, no se\u2026","rel":"","context":"En \u00abGeo\u00bb","block_context":{"text":"Geo","link":"https:\/\/alpoma.net\/tecob\/?cat=5"},"img":{"alt_text":"","src":"https:\/\/i0.wp.com\/alpoma.net\/tecob\/wp-content\/uploads\/2006\/05\/148709719_98bfd6c0a1_o.jpg?resize=350%2C200&ssl=1","width":350,"height":200},"classes":[]}],"jetpack_sharing_enabled":true,"_links":{"self":[{"href":"https:\/\/alpoma.net\/tecob\/index.php?rest_route=\/wp\/v2\/posts\/5692","targetHints":{"allow":["GET"]}}],"collection":[{"href":"https:\/\/alpoma.net\/tecob\/index.php?rest_route=\/wp\/v2\/posts"}],"about":[{"href":"https:\/\/alpoma.net\/tecob\/index.php?rest_route=\/wp\/v2\/types\/post"}],"author":[{"embeddable":true,"href":"https:\/\/alpoma.net\/tecob\/index.php?rest_route=\/wp\/v2\/users\/1"}],"replies":[{"embeddable":true,"href":"https:\/\/alpoma.net\/tecob\/index.php?rest_route=%2Fwp%2Fv2%2Fcomments&post=5692"}],"version-history":[{"count":0,"href":"https:\/\/alpoma.net\/tecob\/index.php?rest_route=\/wp\/v2\/posts\/5692\/revisions"}],"wp:featuredmedia":[{"embeddable":true,"href":"https:\/\/alpoma.net\/tecob\/index.php?rest_route=\/wp\/v2\/media\/10419"}],"wp:attachment":[{"href":"https:\/\/alpoma.net\/tecob\/index.php?rest_route=%2Fwp%2Fv2%2Fmedia&parent=5692"}],"wp:term":[{"taxonomy":"category","embeddable":true,"href":"https:\/\/alpoma.net\/tecob\/index.php?rest_route=%2Fwp%2Fv2%2Fcategories&post=5692"},{"taxonomy":"post_tag","embeddable":true,"href":"https:\/\/alpoma.net\/tecob\/index.php?rest_route=%2Fwp%2Fv2%2Ftags&post=5692"}],"curies":[{"name":"wp","href":"https:\/\/api.w.org\/{rel}","templated":true}]}}