{"id":563,"date":"2006-08-10T19:49:25","date_gmt":"2006-08-10T17:49:25","guid":{"rendered":"http:\/\/www.alpoma.net\/tecob\/?p=563"},"modified":"2006-08-10T19:53:26","modified_gmt":"2006-08-10T17:53:26","slug":"el-rom-de-aguilar-de-campoo","status":"publish","type":"post","link":"https:\/\/alpoma.net\/tecob\/?p=563","title":{"rendered":"El ROM de Aguilar de Campoo"},"content":{"rendered":"<p><a href=\"http:\/\/www.flickr.com\/photos\/alpoma\/211858516\/\" title=\"Photo Sharing\"><img loading=\"lazy\" decoding=\"async\" src=\"http:\/\/static.flickr.com\/62\/211858516_7dacb46762_m.jpg\" width=\"153\" height=\"240\" alt=\"ROM2\" class=\"dch\"\/><\/a>No se trata del famoso tipo de memoria para ordenadores, ni siquiera tiene que ver con ellos. <strong>Esta ma\u00f1ana<\/strong> he pasado un rato muy agradable en el ROM, <strong><a href=\"http:\/\/www.santamarialareal.org\/museointro.html\">Museo del Rom\u00e1nico y el Territorio<\/a><\/strong>, de <strong><a href=\"http:\/\/www.turwl.com\/aguilar\/\">Aguilar de Campoo<\/a><\/strong> al norte de la provincia de Palencia. El d\u00eda no empezaba muy bien, saliendo de Guardo, hacia el este, me doy cuenta que me he olvidado la c\u00e1mara de fotos. Pues nada, vuelta atr\u00e1s, desandando unos cuantos kil\u00f3metros, tomo la c\u00e1mara y otra vez hacia el este.<\/p>\n<p>Al llegar al <strong><a href=\"http:\/\/www.santamarialareal.org\/guia1.html\">Monasterio de Santa Mar\u00eda la Real<\/a><\/strong>, ya en Aguilar, hab\u00eda que esperar hasta las doce y media para que se formara un grupo lo suficientemente numeroso como para empezar la<strong> visita guiada<\/strong>. Con media hora por delante, he visitado la <strong>Capilla del Abad<\/strong>, que ahora es una coqueta librer\u00eda que recoge todo tipo de libros relacionados con la Edad Media, la artesan\u00eda y arquitectura rom\u00e1nicas y la Monta\u00f1a Palentina. Compr\u00e9 un libro que ten\u00eda en mi lista de pendientes desde hac\u00eda tiempo, <strong><a href=\"http:\/\/www.santamarialareal.org\/cat.html\">Los Protagonistas del A\u00f1o Mil<\/a><\/strong>, editado por el <strong>Centro de Estudios del Rom\u00e1nico<\/strong>. Al poco, apareci\u00f3 el gu\u00eda, un chaval de lo m\u00e1s agradable y comenz\u00f3 la visita. <\/p>\n<p>Lo ideal en estos casos, en los que el museo se refiere a un territorio concreto -aqu\u00ed se trata del \u00e1rea de joyas rom\u00e1nicas del norte palentino, burgal\u00e9s y el sur c\u00e1ntabro- es visitar los lugares que se citen en las gu\u00edas correspondientes, ya sea antes de ir al museo o m\u00e1s tarde. Es as\u00ed como se logra comprender la <strong>configuraci\u00f3n territorial<\/strong>, adem\u00e1s de disfrutar del paisaje y de las maravillas arquitect\u00f3nicas que el lejano medievo nos ha legado.<\/p>\n<p>A la entrada del museo hay una serie de<strong> vitrinas<\/strong> en las que se exponen <strong>peque\u00f1as maquetas<\/strong>, que se pueden adquirir, realizadas por la empresa aguilarense <strong><a href=\"http:\/\/www.euromonumenta.com\/jsp\/home\/home.jsp\">Ornamentos Arquitect\u00f3nicos<\/a><\/strong> y relativas a monumentos de todo tipo, desde el Acueducto de Segovia a las iglesias rom\u00e1nicas de la zona pasando por Notre Dame de Par\u00eds. Son peque\u00f1as reconstrucciones en material cer\u00e1mico, de lo m\u00e1s detallado y detallista, una delicia para la vista, como tambi\u00e9n lo son sus hermanas mayores, las maquetas en madera que hay dentro del museo. <\/p>\n<p>La visita incide en la <strong>vida monacal<\/strong>, la historia del monasterio, desde sus inicios, su esplendor y su decadencia y posterior ruina. En las fotograf\u00edas de d\u00e9cadas pasadas puede verse c\u00f3mo, un gran monasterio casi totalmente perdido, con los techos hundidos y lleno de maleza, puede convertirse con tes\u00f3n, ilusi\u00f3n y, claro est\u00e1, subvenciones, en un museo, fundaci\u00f3n, casa taller e instituto de secundaria. L\u00e1stima que tantos monasterios, ermitas, iglesias o castillos y palacios, testigos imponentes de nuestro pasado hayan desaparecido o se est\u00e9n dejando caer. Santa Mar\u00eda la Real no corri\u00f3 ese mismo destino y, en sus entra\u00f1as, el gu\u00eda cuenta a los visitantes, d\u00eda tras d\u00edas, c\u00f3mo era <strong>la vida en los peque\u00f1os pueblos de monta\u00f1a en la Edad Media<\/strong>. La maqueta de uno de esos pueblos saluda al visitante, con sus casitas y sus min\u00fasculos personajes, una iglesia en proceso de construcci\u00f3n, los herreros, canteros, monjes, se\u00f1ores&#8230;<\/p>\n<p>Ahora bien, dejando de lado el lugar, el claustro reconstruido, las maquetas y dem\u00e1s, <strong>lo m\u00e1s impresionante<\/strong>, desde mi personal punto de vista,<strong> es la proyecci\u00f3n<\/strong> que puede disfrutar quien vaya al museo. Se trata de una peque\u00f1a pel\u00edcula, alejada del documental al uso, en la que a trav\u00e9s de m\u00fasica muy bien escogida, efectos de sonido, proyecciones de todo tipo sobre la b\u00f3veda y las paredes, as\u00ed como la selecci\u00f3n de im\u00e1genes de \u00e9poca, transportan al espectador a un mundo ya lejano. Me caus\u00f3 emoci\u00f3n el efecto conjunto de las luces, proyecciones y sonido, muy bien logrado e impactante. Igualmente interesantes son la <strong>maqueta tridimensional<\/strong> del \u00e1rea de monta\u00f1a en el que se distribuyen los monumentos rom\u00e1nicos y, sobre todo, una <strong>inmensa mesa interactiva<\/strong> en la que, a trav\u00e9s de la selecci\u00f3n de men\u00fas, se puede visitar virtualmente cada pueblo. Claro, <strong>lo mejor<\/strong>, como queda dicho, <strong>es ir luego a esos pueblos<\/strong>. En la fotograf\u00eda, que tom\u00e9 esta ma\u00f1ana, aparece la sala de la maqueta y la mesa interactiva.<\/p>\n<p><a href=\"http:\/\/www.flickr.com\/photos\/alpoma\/211859471\/\" title=\"Photo Sharing\"><img loading=\"lazy\" decoding=\"async\" src=\"http:\/\/static.flickr.com\/71\/211859471_da903e03d7_o.jpg\" width=\"630\" height=\"433\" alt=\"ROM\" class=\"otros\"\/><\/a><\/p>\n<p><strong>M\u00e1s informaci\u00f3n<\/strong>: <a href=\"http:\/\/www.santamarialareal.org\/\" class=\"enlaces\">Fundaci\u00f3n Santa Mar\u00eda la Real &#8211; Centro de Estudios del Rom\u00e1nico<\/a><\/p>\n","protected":false},"excerpt":{"rendered":"<div class=\"mh-excerpt\"><p>No se trata del famoso tipo de memoria para ordenadores, ni siquiera tiene que ver con ellos. Esta ma\u00f1ana he pasado un rato muy agradable en el ROM, Museo del <a class=\"mh-excerpt-more\" href=\"https:\/\/alpoma.net\/tecob\/?p=563\" title=\"El ROM de Aguilar de Campoo\">[&#8230;]<\/a><\/p>\n<\/div>","protected":false},"author":1,"featured_media":10978,"comment_status":"open","ping_status":"open","sticky":false,"template":"","format":"standard","meta":{"jetpack_post_was_ever_published":false,"_jetpack_newsletter_access":"","_jetpack_dont_email_post_to_subs":false,"_jetpack_newsletter_tier_id":0,"_jetpack_memberships_contains_paywalled_content":false,"_jetpack_memberships_contains_paid_content":false,"footnotes":""},"categories":[5,2],"tags":[],"class_list":["post-563","post","type-post","status-publish","format-standard","has-post-thumbnail","hentry","category-geo","category-personal"],"jetpack_featured_media_url":"https:\/\/alpoma.net\/tecob\/wp-content\/uploads\/2006\/08\/211858516_7dacb46762_m.jpg","jetpack_shortlink":"https:\/\/wp.me\/p93Dc1-95","jetpack-related-posts":[{"id":13711,"url":"https:\/\/alpoma.net\/tecob\/?p=13711","url_meta":{"origin":563,"position":0},"title":"El clept\u00f3grafo, detective autom\u00e1tico","author":"alpoma","date":"25 septiembre 2018","format":false,"excerpt":"Precisamente con el t\u00edtulo que he empleado como cabecera de este post, comenzaba una peque\u00f1a nota en la edici\u00f3n del 20 de noviembre de 1909 de la revista Mundo Cient\u00edfico, publicada en Barcelona: ...se trata de un aparato destinado a registrar los robos, produciendo una fotograf\u00eda del culpable inscribiendo, a\u2026","rel":"","context":"En \u00abObsolescencia\u00bb","block_context":{"text":"Obsolescencia","link":"https:\/\/alpoma.net\/tecob\/?cat=3"},"img":{"alt_text":"","src":"https:\/\/i0.wp.com\/alpoma.net\/tecob\/wp-content\/uploads\/2018\/09\/clpr-detalle.jpg?resize=350%2C200&ssl=1","width":350,"height":200},"classes":[]},{"id":1201,"url":"https:\/\/alpoma.net\/tecob\/?p=1201","url_meta":{"origin":563,"position":1},"title":"Analema, el camino del Sol","author":"alpoma","date":"26 agosto 2009","format":false,"excerpt":"Ahora que agosto avanza a toda velocidad hacia su final, cuando en el hemisferio norte la noche llega cada d\u00eda antes, no es mal momento para recordar el camino que \"dibuja\" nuestra estrella madre en el firmamento cada a\u00f1o. Si tomamos una c\u00e1mara fotogr\u00e1fica, un tr\u00edpode y varias toneladas de\u2026","rel":"","context":"En \u00abGeo\u00bb","block_context":{"text":"Geo","link":"https:\/\/alpoma.net\/tecob\/?cat=5"},"img":{"alt_text":"","src":"https:\/\/i0.wp.com\/alpoma.net\/tecob\/wp-content\/uploads\/2009\/08\/3858379127_4f2aa452de_o.jpg?resize=350%2C200&ssl=1","width":350,"height":200,"srcset":"https:\/\/i0.wp.com\/alpoma.net\/tecob\/wp-content\/uploads\/2009\/08\/3858379127_4f2aa452de_o.jpg?resize=350%2C200&ssl=1 1x, https:\/\/i0.wp.com\/alpoma.net\/tecob\/wp-content\/uploads\/2009\/08\/3858379127_4f2aa452de_o.jpg?resize=525%2C300&ssl=1 1.5x"},"classes":[]},{"id":723,"url":"https:\/\/alpoma.net\/tecob\/?p=723","url_meta":{"origin":563,"position":2},"title":"L\u00e1mparas de Arco","author":"alpoma","date":"20 mayo 2007","format":false,"excerpt":"Ahora que las cl\u00e1sicas bombillas de filamento incandescente est\u00e1n a punto de ser declaradas proscritas por su elevado consumo, no vendr\u00eda mal mirar hacia un pasado no muy remoto, antes de que todo el mundo asociara a Edison con la iluminaci\u00f3n el\u00e9ctrica. S\u00ed, antes de la bombilla \"cl\u00e1sica\" tambi\u00e9n se\u2026","rel":"","context":"En \u00abObsolescencia\u00bb","block_context":{"text":"Obsolescencia","link":"https:\/\/alpoma.net\/tecob\/?cat=3"},"img":{"alt_text":"","src":"https:\/\/i0.wp.com\/alpoma.net\/tecob\/wp-content\/uploads\/2007\/05\/504978078_1a04db7cea.jpg?resize=350%2C200&ssl=1","width":350,"height":200},"classes":[]},{"id":978,"url":"https:\/\/alpoma.net\/tecob\/?p=978","url_meta":{"origin":563,"position":3},"title":"L\u00e1mparas de carburo","author":"alpoma","date":"28 agosto 2008","format":false,"excerpt":"Donde menos se espere, y en el momento m\u00e1s insospechado, pueden aparecer tesoros olvidados. En este caso no era m\u00e1s que un mont\u00f3n de chatarra oxidada, pero para m\u00ed era un tesoro. Sucedi\u00f3 hace bastantes a\u00f1os, haciendo obras en casa, golpeando una pared que siempre hab\u00eda estado tapada por un\u2026","rel":"","context":"En \u00abObsolescencia\u00bb","block_context":{"text":"Obsolescencia","link":"https:\/\/alpoma.net\/tecob\/?cat=3"},"img":{"alt_text":"","src":"https:\/\/i0.wp.com\/alpoma.net\/tecob\/wp-content\/uploads\/2008\/08\/2803612879_57b05beea9_m.jpg?resize=350%2C200&ssl=1","width":350,"height":200},"classes":[]},{"id":11405,"url":"https:\/\/alpoma.net\/tecob\/?p=11405","url_meta":{"origin":563,"position":4},"title":"El girob\u00fas","author":"alpoma","date":"25 junio 2015","format":false,"excerpt":"Los dispositivos que fundan su acci\u00f3n en el uso de volantes de inercia para mover veh\u00edculos tienen una historia no muy conocida pero s\u00ed lejana. Las bater\u00edas de inercia, esos parientes lejanos de ciertos sistemas regenerativos de los ferrocarriles o de algunos tipos de KERS montados en coches de F\u00f3rmula\u2026","rel":"","context":"En \u00abObsolescencia\u00bb","block_context":{"text":"Obsolescencia","link":"https:\/\/alpoma.net\/tecob\/?cat=3"},"img":{"alt_text":"","src":"https:\/\/i0.wp.com\/alpoma.net\/tecob\/wp-content\/uploads\/2015\/06\/girobus_suizo.jpg?resize=350%2C200&ssl=1","width":350,"height":200,"srcset":"https:\/\/i0.wp.com\/alpoma.net\/tecob\/wp-content\/uploads\/2015\/06\/girobus_suizo.jpg?resize=350%2C200&ssl=1 1x, https:\/\/i0.wp.com\/alpoma.net\/tecob\/wp-content\/uploads\/2015\/06\/girobus_suizo.jpg?resize=525%2C300&ssl=1 1.5x"},"classes":[]},{"id":13673,"url":"https:\/\/alpoma.net\/tecob\/?p=13673","url_meta":{"origin":563,"position":5},"title":"Hacia el hospital esf\u00e9rico","author":"alpoma","date":"19 septiembre 2018","format":false,"excerpt":"A finales de 2008 publiqu\u00e9 un art\u00edculo titulado \"El hospital esf\u00e9rico\" en el que mencion\u00e9 por primera vez este asunto. Lo que sigue es una ampliaci\u00f3n de aquella historia, con nuevos datos e im\u00e1genes... George Wall public\u00f3 en julio de 1920, en la revista Electrical Experimenter, un art\u00edculo acerca de\u2026","rel":"","context":"En \u00abObsolescencia\u00bb","block_context":{"text":"Obsolescencia","link":"https:\/\/alpoma.net\/tecob\/?cat=3"},"img":{"alt_text":"","src":"https:\/\/i0.wp.com\/alpoma.net\/tecob\/wp-content\/uploads\/2018\/09\/sphr-hosp.jpg?resize=350%2C200&ssl=1","width":350,"height":200,"srcset":"https:\/\/i0.wp.com\/alpoma.net\/tecob\/wp-content\/uploads\/2018\/09\/sphr-hosp.jpg?resize=350%2C200&ssl=1 1x, https:\/\/i0.wp.com\/alpoma.net\/tecob\/wp-content\/uploads\/2018\/09\/sphr-hosp.jpg?resize=525%2C300&ssl=1 1.5x"},"classes":[]}],"jetpack_sharing_enabled":true,"_links":{"self":[{"href":"https:\/\/alpoma.net\/tecob\/index.php?rest_route=\/wp\/v2\/posts\/563","targetHints":{"allow":["GET"]}}],"collection":[{"href":"https:\/\/alpoma.net\/tecob\/index.php?rest_route=\/wp\/v2\/posts"}],"about":[{"href":"https:\/\/alpoma.net\/tecob\/index.php?rest_route=\/wp\/v2\/types\/post"}],"author":[{"embeddable":true,"href":"https:\/\/alpoma.net\/tecob\/index.php?rest_route=\/wp\/v2\/users\/1"}],"replies":[{"embeddable":true,"href":"https:\/\/alpoma.net\/tecob\/index.php?rest_route=%2Fwp%2Fv2%2Fcomments&post=563"}],"version-history":[{"count":0,"href":"https:\/\/alpoma.net\/tecob\/index.php?rest_route=\/wp\/v2\/posts\/563\/revisions"}],"wp:featuredmedia":[{"embeddable":true,"href":"https:\/\/alpoma.net\/tecob\/index.php?rest_route=\/wp\/v2\/media\/10978"}],"wp:attachment":[{"href":"https:\/\/alpoma.net\/tecob\/index.php?rest_route=%2Fwp%2Fv2%2Fmedia&parent=563"}],"wp:term":[{"taxonomy":"category","embeddable":true,"href":"https:\/\/alpoma.net\/tecob\/index.php?rest_route=%2Fwp%2Fv2%2Fcategories&post=563"},{"taxonomy":"post_tag","embeddable":true,"href":"https:\/\/alpoma.net\/tecob\/index.php?rest_route=%2Fwp%2Fv2%2Ftags&post=563"}],"curies":[{"name":"wp","href":"https:\/\/api.w.org\/{rel}","templated":true}]}}